{"id":1205,"date":"2018-02-17T02:55:47","date_gmt":"2018-02-17T02:55:47","guid":{"rendered":"http:\/\/volcanes.net\/?p=1205"},"modified":"2018-02-17T02:55:47","modified_gmt":"2018-02-17T02:55:47","slug":"seduym-y-uaem-firman-convenio-para-mejorar-el-desarrollo-territorial","status":"publish","type":"post","link":"https:\/\/volcanes.net\/?p=1205","title":{"rendered":"SEDUyM y UAEM firman convenio para mejorar el desarrollo territorial"},"content":{"rendered":"<div style=\"margin-top: 0px; margin-bottom: 0px;\" class=\"sharethis-inline-share-buttons\" ><\/div><p>La Secretar\u00eda de Desarrollo Urbano y Metropolitano y la Universidad Aut\u00f3noma del Estado de M\u00e9xico (UAEM), firmaron un convenio de colaboraci\u00f3n, el cual busca aprovechar el conocimiento y la investigaci\u00f3n generada por esta instituci\u00f3n educativa, para mejorar la gesti\u00f3n del desarrollo territorial y los asentamientos humanos en la entidad.<\/p>\n<p>Enrique Jacob, titular de la Secretar\u00eda de Desarrollo Urbano y Metropolitano, y Alfredo Barrera, rector de la UAEM, firmaron este convenio de colaboraci\u00f3n para sumarse a los 24 instrumentos legales suscritos por la m\u00e1xima casa de estudios mexiquense, en materia de desarrollo urbano.<\/p>\n<p>En el marco de la inauguraci\u00f3n del Segundo Foro \u201cSistemas de Informaci\u00f3n Geogr\u00e1fica Aplicados al Desarrollo Metropolitano: Resiliencia Metropolitana y Manejo de Indicadores con el Uso de Geotecnolog\u00edas\u201d, dijo que en una d\u00e9cada, el Estado de M\u00e9xico tendr\u00e1 20 millones de habitantes, y que en la actualidad, ocho de cada 10 mexiquenses residen en zonas urbanas.<\/p>\n<p>Con la firma de este convenio se contar\u00e1 con un acuerdo estrat\u00e9gico que permitir\u00e1 un di\u00e1logo con los universitarios para mejorar el abordaje en la materia y se establecer\u00e1n mecanismos para el estudio del espacio geogr\u00e1fico, adem\u00e1s la UAEM aportar\u00e1 informaci\u00f3n, t\u00e9cnicas, inventiva e investigaci\u00f3n aplicada en la soluci\u00f3n de los retos que enfrenta la entidad en materia de urbanizaci\u00f3n y metropolizaci\u00f3n.<\/p>\n","protected":false},"excerpt":{"rendered":"<p>La Secretar\u00eda de Desarrollo Urbano y Metropolitano y la Universidad Aut\u00f3noma del Estado de M\u00e9xico<\/p>\n","protected":false},"author":1,"featured_media":1206,"comment_status":"open","ping_status":"open","sticky":false,"template":"","format":"standard","meta":{"footnotes":""},"categories":[1],"tags":[25,24],"class_list":["post-1205","post","type-post","status-publish","format-standard","has-post-thumbnail","hentry","category-municipales","tag-uaem","tag-uaemex"],"yoast_head":"<!-- This site is optimized with the Yoast SEO plugin v25.3 - https:\/\/yoast.com\/wordpress\/plugins\/seo\/ -->\n<title>SEDUyM y UAEM firman convenio para mejorar el desarrollo territorial - Volcanes<\/title>\n<meta name=\"robots\" content=\"index, follow, max-snippet:-1, max-image-preview:large, max-video-preview:-1\" \/>\n<link rel=\"canonical\" href=\"https:\/\/volcanes.net\/?p=1205\" \/>\n<meta property=\"og:locale\" content=\"es_MX\" \/>\n<meta property=\"og:type\" content=\"article\" \/>\n<meta property=\"og:title\" content=\"SEDUyM y UAEM firman convenio para mejorar el desarrollo territorial - Volcanes\" \/>\n<meta property=\"og:description\" content=\"La Secretar\u00eda de Desarrollo Urbano y Metropolitano y la Universidad Aut\u00f3noma del Estado de M\u00e9xico\" \/>\n<meta property=\"og:url\" content=\"https:\/\/volcanes.net\/?p=1205\" \/>\n<meta property=\"og:site_name\" content=\"Volcanes\" \/>\n<meta property=\"article:publisher\" content=\"https:\/\/www.facebook.com\/volcanes.net\/\" \/>\n<meta property=\"article:published_time\" content=\"2018-02-17T02:55:47+00:00\" \/>\n<meta property=\"og:image\" content=\"https:\/\/volcanes.net\/wp-content\/uploads\/2018\/02\/Seduym-UAEM-2-1-680x454.jpeg\" \/>\n\t<meta property=\"og:image:width\" content=\"680\" \/>\n\t<meta property=\"og:image:height\" content=\"454\" \/>\n\t<meta property=\"og:image:type\" content=\"image\/jpeg\" \/>\n<meta name=\"author\" content=\"admin\" \/>\n<meta name=\"twitter:card\" content=\"summary_large_image\" \/>\n<meta name=\"twitter:label1\" content=\"Escrito por\" \/>\n\t<meta name=\"twitter:data1\" content=\"admin\" \/>\n\t<meta name=\"twitter:label2\" content=\"Tiempo de lectura\" \/>\n\t<meta name=\"twitter:data2\" content=\"1 minuto\" \/>\n<script type=\"application\/ld+json\" class=\"yoast-schema-graph\">{\"@context\":\"https:\/\/schema.org\",\"@graph\":[{\"@type\":\"Article\",\"@id\":\"https:\/\/volcanes.net\/?p=1205#article\",\"isPartOf\":{\"@id\":\"https:\/\/volcanes.net\/?p=1205\"},\"author\":{\"name\":\"admin\",\"@id\":\"https:\/\/volcanes.net\/#\/schema\/person\/4bf0f383940966a4abd53f5048c0e6b9\"},\"headline\":\"SEDUyM y UAEM firman convenio para mejorar el desarrollo territorial\",\"datePublished\":\"2018-02-17T02:55:47+00:00\",\"mainEntityOfPage\":{\"@id\":\"https:\/\/volcanes.net\/?p=1205\"},\"wordCount\":244,\"commentCount\":0,\"publisher\":{\"@id\":\"https:\/\/volcanes.net\/#organization\"},\"image\":{\"@id\":\"https:\/\/volcanes.net\/?p=1205#primaryimage\"},\"thumbnailUrl\":\"https:\/\/volcanes.net\/wp-content\/uploads\/2018\/02\/Seduym-UAEM-2-1-680x454.jpeg\",\"keywords\":[\"UAEM\",\"UAEMEX\"],\"articleSection\":[\"Municipales\"],\"inLanguage\":\"es\",\"potentialAction\":[{\"@type\":\"CommentAction\",\"name\":\"Comment\",\"target\":[\"https:\/\/volcanes.net\/?p=1205#respond\"]}]},{\"@type\":\"WebPage\",\"@id\":\"https:\/\/volcanes.net\/?p=1205\",\"url\":\"https:\/\/volcanes.net\/?p=1205\",\"name\":\"SEDUyM y UAEM firman convenio para mejorar el desarrollo territorial - Volcanes\",\"isPartOf\":{\"@id\":\"https:\/\/volcanes.net\/#website\"},\"primaryImageOfPage\":{\"@id\":\"https:\/\/volcanes.net\/?p=1205#primaryimage\"},\"image\":{\"@id\":\"https:\/\/volcanes.net\/?p=1205#primaryimage\"},\"thumbnailUrl\":\"https:\/\/volcanes.net\/wp-content\/uploads\/2018\/02\/Seduym-UAEM-2-1-680x454.jpeg\",\"datePublished\":\"2018-02-17T02:55:47+00:00\",\"breadcrumb\":{\"@id\":\"https:\/\/volcanes.net\/?p=1205#breadcrumb\"},\"inLanguage\":\"es\",\"potentialAction\":[{\"@type\":\"ReadAction\",\"target\":[\"https:\/\/volcanes.net\/?p=1205\"]}]},{\"@type\":\"ImageObject\",\"inLanguage\":\"es\",\"@id\":\"https:\/\/volcanes.net\/?p=1205#primaryimage\",\"url\":\"https:\/\/volcanes.net\/wp-content\/uploads\/2018\/02\/Seduym-UAEM-2-1-680x454.jpeg\",\"contentUrl\":\"https:\/\/volcanes.net\/wp-content\/uploads\/2018\/02\/Seduym-UAEM-2-1-680x454.jpeg\",\"width\":680,\"height\":454},{\"@type\":\"BreadcrumbList\",\"@id\":\"https:\/\/volcanes.net\/?p=1205#breadcrumb\",\"itemListElement\":[{\"@type\":\"ListItem\",\"position\":1,\"name\":\"Portada\",\"item\":\"https:\/\/volcanes.net\/\"},{\"@type\":\"ListItem\",\"position\":2,\"name\":\"SEDUyM y UAEM firman convenio para mejorar el desarrollo territorial\"}]},{\"@type\":\"WebSite\",\"@id\":\"https:\/\/volcanes.net\/#website\",\"url\":\"https:\/\/volcanes.net\/\",\"name\":\"Volcanes.Net\",\"description\":\"Periodismo Profesional\",\"publisher\":{\"@id\":\"https:\/\/volcanes.net\/#organization\"},\"potentialAction\":[{\"@type\":\"SearchAction\",\"target\":{\"@type\":\"EntryPoint\",\"urlTemplate\":\"https:\/\/volcanes.net\/?s={search_term_string}\"},\"query-input\":{\"@type\":\"PropertyValueSpecification\",\"valueRequired\":true,\"valueName\":\"search_term_string\"}}],\"inLanguage\":\"es\"},{\"@type\":\"Organization\",\"@id\":\"https:\/\/volcanes.net\/#organization\",\"name\":\"Grupo Volcanes\",\"url\":\"https:\/\/volcanes.net\/\",\"logo\":{\"@type\":\"ImageObject\",\"inLanguage\":\"es\",\"@id\":\"https:\/\/volcanes.net\/#\/schema\/logo\/image\/\",\"url\":\"http:\/\/volcanes.net\/wp-content\/uploads\/2017\/12\/Avatar2.jpg\",\"contentUrl\":\"http:\/\/volcanes.net\/wp-content\/uploads\/2017\/12\/Avatar2.jpg\",\"width\":378,\"height\":378,\"caption\":\"Grupo Volcanes\"},\"image\":{\"@id\":\"https:\/\/volcanes.net\/#\/schema\/logo\/image\/\"},\"sameAs\":[\"https:\/\/www.facebook.com\/volcanes.net\/\"]},{\"@type\":\"Person\",\"@id\":\"https:\/\/volcanes.net\/#\/schema\/person\/4bf0f383940966a4abd53f5048c0e6b9\",\"name\":\"admin\",\"image\":{\"@type\":\"ImageObject\",\"inLanguage\":\"es\",\"@id\":\"https:\/\/volcanes.net\/#\/schema\/person\/image\/\",\"url\":\"https:\/\/secure.gravatar.com\/avatar\/ca004e6cba8462b8cb7abc86e382930c?s=96&d=mm&r=g\",\"contentUrl\":\"https:\/\/secure.gravatar.com\/avatar\/ca004e6cba8462b8cb7abc86e382930c?s=96&d=mm&r=g\",\"caption\":\"admin\"}}]}<\/script>\n<!-- \/ Yoast SEO plugin. -->","yoast_head_json":{"title":"SEDUyM y UAEM firman convenio para mejorar el desarrollo territorial - Volcanes","robots":{"index":"index","follow":"follow","max-snippet":"max-snippet:-1","max-image-preview":"max-image-preview:large","max-video-preview":"max-video-preview:-1"},"canonical":"https:\/\/volcanes.net\/?p=1205","og_locale":"es_MX","og_type":"article","og_title":"SEDUyM y UAEM firman convenio para mejorar el desarrollo territorial - Volcanes","og_description":"La Secretar\u00eda de Desarrollo Urbano y Metropolitano y la Universidad Aut\u00f3noma del Estado de M\u00e9xico","og_url":"https:\/\/volcanes.net\/?p=1205","og_site_name":"Volcanes","article_publisher":"https:\/\/www.facebook.com\/volcanes.net\/","article_published_time":"2018-02-17T02:55:47+00:00","og_image":[{"width":680,"height":454,"url":"https:\/\/volcanes.net\/wp-content\/uploads\/2018\/02\/Seduym-UAEM-2-1-680x454.jpeg","type":"image\/jpeg"}],"author":"admin","twitter_card":"summary_large_image","twitter_misc":{"Escrito por":"admin","Tiempo de lectura":"1 minuto"},"schema":{"@context":"https:\/\/schema.org","@graph":[{"@type":"Article","@id":"https:\/\/volcanes.net\/?p=1205#article","isPartOf":{"@id":"https:\/\/volcanes.net\/?p=1205"},"author":{"name":"admin","@id":"https:\/\/volcanes.net\/#\/schema\/person\/4bf0f383940966a4abd53f5048c0e6b9"},"headline":"SEDUyM y UAEM firman convenio para mejorar el desarrollo territorial","datePublished":"2018-02-17T02:55:47+00:00","mainEntityOfPage":{"@id":"https:\/\/volcanes.net\/?p=1205"},"wordCount":244,"commentCount":0,"publisher":{"@id":"https:\/\/volcanes.net\/#organization"},"image":{"@id":"https:\/\/volcanes.net\/?p=1205#primaryimage"},"thumbnailUrl":"https:\/\/volcanes.net\/wp-content\/uploads\/2018\/02\/Seduym-UAEM-2-1-680x454.jpeg","keywords":["UAEM","UAEMEX"],"articleSection":["Municipales"],"inLanguage":"es","potentialAction":[{"@type":"CommentAction","name":"Comment","target":["https:\/\/volcanes.net\/?p=1205#respond"]}]},{"@type":"WebPage","@id":"https:\/\/volcanes.net\/?p=1205","url":"https:\/\/volcanes.net\/?p=1205","name":"SEDUyM y UAEM firman convenio para mejorar el desarrollo territorial - Volcanes","isPartOf":{"@id":"https:\/\/volcanes.net\/#website"},"primaryImageOfPage":{"@id":"https:\/\/volcanes.net\/?p=1205#primaryimage"},"image":{"@id":"https:\/\/volcanes.net\/?p=1205#primaryimage"},"thumbnailUrl":"https:\/\/volcanes.net\/wp-content\/uploads\/2018\/02\/Seduym-UAEM-2-1-680x454.jpeg","datePublished":"2018-02-17T02:55:47+00:00","breadcrumb":{"@id":"https:\/\/volcanes.net\/?p=1205#breadcrumb"},"inLanguage":"es","potentialAction":[{"@type":"ReadAction","target":["https:\/\/volcanes.net\/?p=1205"]}]},{"@type":"ImageObject","inLanguage":"es","@id":"https:\/\/volcanes.net\/?p=1205#primaryimage","url":"https:\/\/volcanes.net\/wp-content\/uploads\/2018\/02\/Seduym-UAEM-2-1-680x454.jpeg","contentUrl":"https:\/\/volcanes.net\/wp-content\/uploads\/2018\/02\/Seduym-UAEM-2-1-680x454.jpeg","width":680,"height":454},{"@type":"BreadcrumbList","@id":"https:\/\/volcanes.net\/?p=1205#breadcrumb","itemListElement":[{"@type":"ListItem","position":1,"name":"Portada","item":"https:\/\/volcanes.net\/"},{"@type":"ListItem","position":2,"name":"SEDUyM y UAEM firman convenio para mejorar el desarrollo territorial"}]},{"@type":"WebSite","@id":"https:\/\/volcanes.net\/#website","url":"https:\/\/volcanes.net\/","name":"Volcanes.Net","description":"Periodismo Profesional","publisher":{"@id":"https:\/\/volcanes.net\/#organization"},"potentialAction":[{"@type":"SearchAction","target":{"@type":"EntryPoint","urlTemplate":"https:\/\/volcanes.net\/?s={search_term_string}"},"query-input":{"@type":"PropertyValueSpecification","valueRequired":true,"valueName":"search_term_string"}}],"inLanguage":"es"},{"@type":"Organization","@id":"https:\/\/volcanes.net\/#organization","name":"Grupo Volcanes","url":"https:\/\/volcanes.net\/","logo":{"@type":"ImageObject","inLanguage":"es","@id":"https:\/\/volcanes.net\/#\/schema\/logo\/image\/","url":"http:\/\/volcanes.net\/wp-content\/uploads\/2017\/12\/Avatar2.jpg","contentUrl":"http:\/\/volcanes.net\/wp-content\/uploads\/2017\/12\/Avatar2.jpg","width":378,"height":378,"caption":"Grupo Volcanes"},"image":{"@id":"https:\/\/volcanes.net\/#\/schema\/logo\/image\/"},"sameAs":["https:\/\/www.facebook.com\/volcanes.net\/"]},{"@type":"Person","@id":"https:\/\/volcanes.net\/#\/schema\/person\/4bf0f383940966a4abd53f5048c0e6b9","name":"admin","image":{"@type":"ImageObject","inLanguage":"es","@id":"https:\/\/volcanes.net\/#\/schema\/person\/image\/","url":"https:\/\/secure.gravatar.com\/avatar\/ca004e6cba8462b8cb7abc86e382930c?s=96&d=mm&r=g","contentUrl":"https:\/\/secure.gravatar.com\/avatar\/ca004e6cba8462b8cb7abc86e382930c?s=96&d=mm&r=g","caption":"admin"}}]}},"_links":{"self":[{"href":"https:\/\/volcanes.net\/index.php?rest_route=\/wp\/v2\/posts\/1205"}],"collection":[{"href":"https:\/\/volcanes.net\/index.php?rest_route=\/wp\/v2\/posts"}],"about":[{"href":"https:\/\/volcanes.net\/index.php?rest_route=\/wp\/v2\/types\/post"}],"author":[{"embeddable":true,"href":"https:\/\/volcanes.net\/index.php?rest_route=\/wp\/v2\/users\/1"}],"replies":[{"embeddable":true,"href":"https:\/\/volcanes.net\/index.php?rest_route=%2Fwp%2Fv2%2Fcomments&post=1205"}],"version-history":[{"count":1,"href":"https:\/\/volcanes.net\/index.php?rest_route=\/wp\/v2\/posts\/1205\/revisions"}],"predecessor-version":[{"id":1207,"href":"https:\/\/volcanes.net\/index.php?rest_route=\/wp\/v2\/posts\/1205\/revisions\/1207"}],"wp:featuredmedia":[{"embeddable":true,"href":"https:\/\/volcanes.net\/index.php?rest_route=\/wp\/v2\/media\/1206"}],"wp:attachment":[{"href":"https:\/\/volcanes.net\/index.php?rest_route=%2Fwp%2Fv2%2Fmedia&parent=1205"}],"wp:term":[{"taxonomy":"category","embeddable":true,"href":"https:\/\/volcanes.net\/index.php?rest_route=%2Fwp%2Fv2%2Fcategories&post=1205"},{"taxonomy":"post_tag","embeddable":true,"href":"https:\/\/volcanes.net\/index.php?rest_route=%2Fwp%2Fv2%2Ftags&post=1205"}],"curies":[{"name":"wp","href":"https:\/\/api.w.org\/{rel}","templated":true}]}}