{"id":121,"date":"2017-08-22T13:58:53","date_gmt":"2017-08-22T13:58:53","guid":{"rendered":"http:\/\/volcanes.net\/?p=121"},"modified":"2017-08-22T13:58:53","modified_gmt":"2017-08-22T13:58:53","slug":"gestiona-maricela-serrano-rehabilitacion-de-auditorio-ejidal-en-ayotla","status":"publish","type":"post","link":"https:\/\/volcanes.net\/?p=121","title":{"rendered":"Gestiona Maricela Serrano rehabilitaci\u00f3n de auditorio ejidal en Ayotla"},"content":{"rendered":"<div style=\"margin-top: 0px; margin-bottom: 0px;\" class=\"sharethis-inline-share-buttons\" ><\/div><p><strong><em>La diputada federal pidi\u00f3 a comunidad reconocer y afianzar los avances logrados por un proyecto con verdadero sentido humano<\/em><\/strong><\/p>\n<p>Al dar el banderazo de arranque de la rehabilitaci\u00f3n del auditorio ejidal de Ayotla, en Ixtapaluca,\u00a0 Maricela Serrano Hern\u00e1ndez, diputada federal y gestora de los recursos para realizarla, insisti\u00f3 en hacer a un lado actitudes individualistas para as\u00ed poder continuar afianzando el proyecto de progreso que inici\u00f3 en Ixtapaluca desde el 2013.<\/p>\n<p>Acompa\u00f1ada por el alcalde Carlos Enr\u00edquez Santos, invit\u00f3 a reflexionar sobre que detr\u00e1s de estas obras est\u00e1 la comuni\u00f3n de los intereses de quienes anhelan construir un mejor bienestar para las comunidades, y \u201caunque el camino a\u00fan es largo, \u00e9ste se acortar\u00e1 si juntos empujamos la carreta del progreso\u201d.<\/p>\n<p>La obra ser\u00e1 inaugurada antes de que concluya este a\u00f1o, y de acuerdo con la Direcci\u00f3n de Obras P\u00fablicas, contempla la re nivelaci\u00f3n del piso, loseta, colocaci\u00f3n de plafones, pintura, estrado, colocaci\u00f3n de aire acondicionado, iluminaci\u00f3n, rehabilitaci\u00f3n de sanitarios, \u00e1rea de cocina y segundo sal\u00f3n, piso exterior de concreto estampado, entre otras adecuaciones.<\/p>\n<p>La legisladora mencion\u00f3 que este proyecto con sentido humano que inici\u00f3 hace cuatro a\u00f1os ha dado muestras de que aplica los recursos en obras dignas y de impacto colectivo que sean duraderas, no pensando en lo inmediatista; por ello pidi\u00f3 afianzar el proyecto.<\/p>\n<p>Ejemplific\u00f3 que en Ayotla se ha realizado el parque infantil La Tortuga, el entubamiento del canal de aguas negras que durante a\u00f1os afect\u00f3 a las\u00a0 familias y donde ahora hay un parque lineal en el que los ni\u00f1os y ni\u00f1as pueden divertirse, as\u00ed como la construcci\u00f3n de una alberca para el impulso deportivo.<\/p>\n<p>En este sentido pidi\u00f3 a la gente no dejarse enga\u00f1ar por quienes ofrecen promesas de tiempos electorales, pues en la soluci\u00f3n de las problem\u00e1ticas sociales todos deben estar involucrados.<\/p>\n<p>Por su parte, el comisariado ejidal de Ayotla, Jos\u00e9 Armando Espinosa Ortiz, destac\u00f3 la buena voluntad y disposici\u00f3n para llevar a cabo la obra, despu\u00e9s de que durante a\u00f1os hab\u00edan sido ignorados para que esta comunidad recibiera alg\u00fan apoyo.<\/p>\n","protected":false},"excerpt":{"rendered":"<p>La diputada federal pidi\u00f3 a comunidad reconocer y afianzar los avances logrados por un proyecto<\/p>\n","protected":false},"author":1,"featured_media":122,"comment_status":"open","ping_status":"open","sticky":false,"template":"","format":"standard","meta":{"footnotes":""},"categories":[1],"tags":[6],"class_list":["post-121","post","type-post","status-publish","format-standard","has-post-thumbnail","hentry","category-municipales","tag-ixtapaluca"],"yoast_head":"<!-- This site is optimized with the Yoast SEO plugin v25.3 - https:\/\/yoast.com\/wordpress\/plugins\/seo\/ -->\n<title>Gestiona Maricela Serrano rehabilitaci\u00f3n de auditorio ejidal en Ayotla - Volcanes<\/title>\n<meta name=\"robots\" content=\"index, follow, max-snippet:-1, max-image-preview:large, max-video-preview:-1\" \/>\n<link rel=\"canonical\" href=\"https:\/\/volcanes.net\/?p=121\" \/>\n<meta property=\"og:locale\" content=\"es_MX\" \/>\n<meta property=\"og:type\" content=\"article\" \/>\n<meta property=\"og:title\" content=\"Gestiona Maricela Serrano rehabilitaci\u00f3n de auditorio ejidal en Ayotla - Volcanes\" \/>\n<meta property=\"og:description\" content=\"La diputada federal pidi\u00f3 a comunidad reconocer y afianzar los avances logrados por un proyecto\" \/>\n<meta property=\"og:url\" content=\"https:\/\/volcanes.net\/?p=121\" \/>\n<meta property=\"og:site_name\" content=\"Volcanes\" \/>\n<meta property=\"article:publisher\" content=\"https:\/\/www.facebook.com\/volcanes.net\/\" \/>\n<meta property=\"article:published_time\" content=\"2017-08-22T13:58:53+00:00\" \/>\n<meta property=\"og:image\" content=\"https:\/\/volcanes.net\/wp-content\/uploads\/2017\/08\/FOTO-1.jpg\" \/>\n\t<meta property=\"og:image:width\" content=\"448\" \/>\n\t<meta property=\"og:image:height\" content=\"299\" \/>\n\t<meta property=\"og:image:type\" content=\"image\/jpeg\" \/>\n<meta name=\"author\" content=\"admin\" \/>\n<meta name=\"twitter:card\" content=\"summary_large_image\" \/>\n<meta name=\"twitter:label1\" content=\"Escrito por\" \/>\n\t<meta name=\"twitter:data1\" content=\"admin\" \/>\n\t<meta name=\"twitter:label2\" content=\"Tiempo de lectura\" \/>\n\t<meta name=\"twitter:data2\" content=\"2 minutos\" \/>\n<script type=\"application\/ld+json\" class=\"yoast-schema-graph\">{\"@context\":\"https:\/\/schema.org\",\"@graph\":[{\"@type\":\"Article\",\"@id\":\"https:\/\/volcanes.net\/?p=121#article\",\"isPartOf\":{\"@id\":\"https:\/\/volcanes.net\/?p=121\"},\"author\":{\"name\":\"admin\",\"@id\":\"https:\/\/volcanes.net\/#\/schema\/person\/4bf0f383940966a4abd53f5048c0e6b9\"},\"headline\":\"Gestiona Maricela Serrano rehabilitaci\u00f3n de auditorio ejidal en Ayotla\",\"datePublished\":\"2017-08-22T13:58:53+00:00\",\"mainEntityOfPage\":{\"@id\":\"https:\/\/volcanes.net\/?p=121\"},\"wordCount\":375,\"commentCount\":0,\"publisher\":{\"@id\":\"https:\/\/volcanes.net\/#organization\"},\"image\":{\"@id\":\"https:\/\/volcanes.net\/?p=121#primaryimage\"},\"thumbnailUrl\":\"https:\/\/volcanes.net\/wp-content\/uploads\/2017\/08\/FOTO-1.jpg\",\"keywords\":[\"Ixtapaluca\"],\"articleSection\":[\"Municipales\"],\"inLanguage\":\"es\",\"potentialAction\":[{\"@type\":\"CommentAction\",\"name\":\"Comment\",\"target\":[\"https:\/\/volcanes.net\/?p=121#respond\"]}]},{\"@type\":\"WebPage\",\"@id\":\"https:\/\/volcanes.net\/?p=121\",\"url\":\"https:\/\/volcanes.net\/?p=121\",\"name\":\"Gestiona Maricela Serrano rehabilitaci\u00f3n de auditorio ejidal en Ayotla - Volcanes\",\"isPartOf\":{\"@id\":\"https:\/\/volcanes.net\/#website\"},\"primaryImageOfPage\":{\"@id\":\"https:\/\/volcanes.net\/?p=121#primaryimage\"},\"image\":{\"@id\":\"https:\/\/volcanes.net\/?p=121#primaryimage\"},\"thumbnailUrl\":\"https:\/\/volcanes.net\/wp-content\/uploads\/2017\/08\/FOTO-1.jpg\",\"datePublished\":\"2017-08-22T13:58:53+00:00\",\"breadcrumb\":{\"@id\":\"https:\/\/volcanes.net\/?p=121#breadcrumb\"},\"inLanguage\":\"es\",\"potentialAction\":[{\"@type\":\"ReadAction\",\"target\":[\"https:\/\/volcanes.net\/?p=121\"]}]},{\"@type\":\"ImageObject\",\"inLanguage\":\"es\",\"@id\":\"https:\/\/volcanes.net\/?p=121#primaryimage\",\"url\":\"https:\/\/volcanes.net\/wp-content\/uploads\/2017\/08\/FOTO-1.jpg\",\"contentUrl\":\"https:\/\/volcanes.net\/wp-content\/uploads\/2017\/08\/FOTO-1.jpg\",\"width\":448,\"height\":299,\"caption\":\"????????????????????????????????????\"},{\"@type\":\"BreadcrumbList\",\"@id\":\"https:\/\/volcanes.net\/?p=121#breadcrumb\",\"itemListElement\":[{\"@type\":\"ListItem\",\"position\":1,\"name\":\"Portada\",\"item\":\"https:\/\/volcanes.net\/\"},{\"@type\":\"ListItem\",\"position\":2,\"name\":\"Gestiona Maricela Serrano rehabilitaci\u00f3n de auditorio ejidal en Ayotla\"}]},{\"@type\":\"WebSite\",\"@id\":\"https:\/\/volcanes.net\/#website\",\"url\":\"https:\/\/volcanes.net\/\",\"name\":\"Volcanes.Net\",\"description\":\"Periodismo Profesional\",\"publisher\":{\"@id\":\"https:\/\/volcanes.net\/#organization\"},\"potentialAction\":[{\"@type\":\"SearchAction\",\"target\":{\"@type\":\"EntryPoint\",\"urlTemplate\":\"https:\/\/volcanes.net\/?s={search_term_string}\"},\"query-input\":{\"@type\":\"PropertyValueSpecification\",\"valueRequired\":true,\"valueName\":\"search_term_string\"}}],\"inLanguage\":\"es\"},{\"@type\":\"Organization\",\"@id\":\"https:\/\/volcanes.net\/#organization\",\"name\":\"Grupo Volcanes\",\"url\":\"https:\/\/volcanes.net\/\",\"logo\":{\"@type\":\"ImageObject\",\"inLanguage\":\"es\",\"@id\":\"https:\/\/volcanes.net\/#\/schema\/logo\/image\/\",\"url\":\"http:\/\/volcanes.net\/wp-content\/uploads\/2017\/12\/Avatar2.jpg\",\"contentUrl\":\"http:\/\/volcanes.net\/wp-content\/uploads\/2017\/12\/Avatar2.jpg\",\"width\":378,\"height\":378,\"caption\":\"Grupo Volcanes\"},\"image\":{\"@id\":\"https:\/\/volcanes.net\/#\/schema\/logo\/image\/\"},\"sameAs\":[\"https:\/\/www.facebook.com\/volcanes.net\/\"]},{\"@type\":\"Person\",\"@id\":\"https:\/\/volcanes.net\/#\/schema\/person\/4bf0f383940966a4abd53f5048c0e6b9\",\"name\":\"admin\",\"image\":{\"@type\":\"ImageObject\",\"inLanguage\":\"es\",\"@id\":\"https:\/\/volcanes.net\/#\/schema\/person\/image\/\",\"url\":\"https:\/\/secure.gravatar.com\/avatar\/ca004e6cba8462b8cb7abc86e382930c?s=96&d=mm&r=g\",\"contentUrl\":\"https:\/\/secure.gravatar.com\/avatar\/ca004e6cba8462b8cb7abc86e382930c?s=96&d=mm&r=g\",\"caption\":\"admin\"}}]}<\/script>\n<!-- \/ Yoast SEO plugin. -->","yoast_head_json":{"title":"Gestiona Maricela Serrano rehabilitaci\u00f3n de auditorio ejidal en Ayotla - Volcanes","robots":{"index":"index","follow":"follow","max-snippet":"max-snippet:-1","max-image-preview":"max-image-preview:large","max-video-preview":"max-video-preview:-1"},"canonical":"https:\/\/volcanes.net\/?p=121","og_locale":"es_MX","og_type":"article","og_title":"Gestiona Maricela Serrano rehabilitaci\u00f3n de auditorio ejidal en Ayotla - Volcanes","og_description":"La diputada federal pidi\u00f3 a comunidad reconocer y afianzar los avances logrados por un proyecto","og_url":"https:\/\/volcanes.net\/?p=121","og_site_name":"Volcanes","article_publisher":"https:\/\/www.facebook.com\/volcanes.net\/","article_published_time":"2017-08-22T13:58:53+00:00","og_image":[{"width":448,"height":299,"url":"https:\/\/volcanes.net\/wp-content\/uploads\/2017\/08\/FOTO-1.jpg","type":"image\/jpeg"}],"author":"admin","twitter_card":"summary_large_image","twitter_misc":{"Escrito por":"admin","Tiempo de lectura":"2 minutos"},"schema":{"@context":"https:\/\/schema.org","@graph":[{"@type":"Article","@id":"https:\/\/volcanes.net\/?p=121#article","isPartOf":{"@id":"https:\/\/volcanes.net\/?p=121"},"author":{"name":"admin","@id":"https:\/\/volcanes.net\/#\/schema\/person\/4bf0f383940966a4abd53f5048c0e6b9"},"headline":"Gestiona Maricela Serrano rehabilitaci\u00f3n de auditorio ejidal en Ayotla","datePublished":"2017-08-22T13:58:53+00:00","mainEntityOfPage":{"@id":"https:\/\/volcanes.net\/?p=121"},"wordCount":375,"commentCount":0,"publisher":{"@id":"https:\/\/volcanes.net\/#organization"},"image":{"@id":"https:\/\/volcanes.net\/?p=121#primaryimage"},"thumbnailUrl":"https:\/\/volcanes.net\/wp-content\/uploads\/2017\/08\/FOTO-1.jpg","keywords":["Ixtapaluca"],"articleSection":["Municipales"],"inLanguage":"es","potentialAction":[{"@type":"CommentAction","name":"Comment","target":["https:\/\/volcanes.net\/?p=121#respond"]}]},{"@type":"WebPage","@id":"https:\/\/volcanes.net\/?p=121","url":"https:\/\/volcanes.net\/?p=121","name":"Gestiona Maricela Serrano rehabilitaci\u00f3n de auditorio ejidal en Ayotla - Volcanes","isPartOf":{"@id":"https:\/\/volcanes.net\/#website"},"primaryImageOfPage":{"@id":"https:\/\/volcanes.net\/?p=121#primaryimage"},"image":{"@id":"https:\/\/volcanes.net\/?p=121#primaryimage"},"thumbnailUrl":"https:\/\/volcanes.net\/wp-content\/uploads\/2017\/08\/FOTO-1.jpg","datePublished":"2017-08-22T13:58:53+00:00","breadcrumb":{"@id":"https:\/\/volcanes.net\/?p=121#breadcrumb"},"inLanguage":"es","potentialAction":[{"@type":"ReadAction","target":["https:\/\/volcanes.net\/?p=121"]}]},{"@type":"ImageObject","inLanguage":"es","@id":"https:\/\/volcanes.net\/?p=121#primaryimage","url":"https:\/\/volcanes.net\/wp-content\/uploads\/2017\/08\/FOTO-1.jpg","contentUrl":"https:\/\/volcanes.net\/wp-content\/uploads\/2017\/08\/FOTO-1.jpg","width":448,"height":299,"caption":"????????????????????????????????????"},{"@type":"BreadcrumbList","@id":"https:\/\/volcanes.net\/?p=121#breadcrumb","itemListElement":[{"@type":"ListItem","position":1,"name":"Portada","item":"https:\/\/volcanes.net\/"},{"@type":"ListItem","position":2,"name":"Gestiona Maricela Serrano rehabilitaci\u00f3n de auditorio ejidal en Ayotla"}]},{"@type":"WebSite","@id":"https:\/\/volcanes.net\/#website","url":"https:\/\/volcanes.net\/","name":"Volcanes.Net","description":"Periodismo Profesional","publisher":{"@id":"https:\/\/volcanes.net\/#organization"},"potentialAction":[{"@type":"SearchAction","target":{"@type":"EntryPoint","urlTemplate":"https:\/\/volcanes.net\/?s={search_term_string}"},"query-input":{"@type":"PropertyValueSpecification","valueRequired":true,"valueName":"search_term_string"}}],"inLanguage":"es"},{"@type":"Organization","@id":"https:\/\/volcanes.net\/#organization","name":"Grupo Volcanes","url":"https:\/\/volcanes.net\/","logo":{"@type":"ImageObject","inLanguage":"es","@id":"https:\/\/volcanes.net\/#\/schema\/logo\/image\/","url":"http:\/\/volcanes.net\/wp-content\/uploads\/2017\/12\/Avatar2.jpg","contentUrl":"http:\/\/volcanes.net\/wp-content\/uploads\/2017\/12\/Avatar2.jpg","width":378,"height":378,"caption":"Grupo Volcanes"},"image":{"@id":"https:\/\/volcanes.net\/#\/schema\/logo\/image\/"},"sameAs":["https:\/\/www.facebook.com\/volcanes.net\/"]},{"@type":"Person","@id":"https:\/\/volcanes.net\/#\/schema\/person\/4bf0f383940966a4abd53f5048c0e6b9","name":"admin","image":{"@type":"ImageObject","inLanguage":"es","@id":"https:\/\/volcanes.net\/#\/schema\/person\/image\/","url":"https:\/\/secure.gravatar.com\/avatar\/ca004e6cba8462b8cb7abc86e382930c?s=96&d=mm&r=g","contentUrl":"https:\/\/secure.gravatar.com\/avatar\/ca004e6cba8462b8cb7abc86e382930c?s=96&d=mm&r=g","caption":"admin"}}]}},"_links":{"self":[{"href":"https:\/\/volcanes.net\/index.php?rest_route=\/wp\/v2\/posts\/121"}],"collection":[{"href":"https:\/\/volcanes.net\/index.php?rest_route=\/wp\/v2\/posts"}],"about":[{"href":"https:\/\/volcanes.net\/index.php?rest_route=\/wp\/v2\/types\/post"}],"author":[{"embeddable":true,"href":"https:\/\/volcanes.net\/index.php?rest_route=\/wp\/v2\/users\/1"}],"replies":[{"embeddable":true,"href":"https:\/\/volcanes.net\/index.php?rest_route=%2Fwp%2Fv2%2Fcomments&post=121"}],"version-history":[{"count":1,"href":"https:\/\/volcanes.net\/index.php?rest_route=\/wp\/v2\/posts\/121\/revisions"}],"predecessor-version":[{"id":124,"href":"https:\/\/volcanes.net\/index.php?rest_route=\/wp\/v2\/posts\/121\/revisions\/124"}],"wp:featuredmedia":[{"embeddable":true,"href":"https:\/\/volcanes.net\/index.php?rest_route=\/wp\/v2\/media\/122"}],"wp:attachment":[{"href":"https:\/\/volcanes.net\/index.php?rest_route=%2Fwp%2Fv2%2Fmedia&parent=121"}],"wp:term":[{"taxonomy":"category","embeddable":true,"href":"https:\/\/volcanes.net\/index.php?rest_route=%2Fwp%2Fv2%2Fcategories&post=121"},{"taxonomy":"post_tag","embeddable":true,"href":"https:\/\/volcanes.net\/index.php?rest_route=%2Fwp%2Fv2%2Ftags&post=121"}],"curies":[{"name":"wp","href":"https:\/\/api.w.org\/{rel}","templated":true}]}}