{"id":1211,"date":"2018-02-17T03:25:56","date_gmt":"2018-02-17T03:25:56","guid":{"rendered":"http:\/\/volcanes.net\/?p=1211"},"modified":"2018-02-17T03:25:56","modified_gmt":"2018-02-17T03:25:56","slug":"elige-pri-a-cesar-camacho-y-alejandra-del-moral-como-formula-al-senado-por-el-edomex","status":"publish","type":"post","link":"https:\/\/volcanes.net\/?p=1211","title":{"rendered":"Elige PRI a Cesar Camacho y Alejandra del Moral como formula al senado por el Edomex"},"content":{"rendered":"<div style=\"margin-top: 0px; margin-bottom: 0px;\" class=\"sharethis-inline-share-buttons\" ><\/div><ul>\n<li style=\"font-weight: 400;\"><em>En este estado late el coraz\u00f3n de la patria. Somos un estado con vocaci\u00f3n ganadora: CCQ.<\/em><\/li>\n<li style=\"font-weight: 400;\"><em>Al PRI lo mueve la vocaci\u00f3n por las causas sociales, por un pa\u00eds justo y competitivo: ADMV.<\/em><\/li>\n<\/ul>\n<p style=\"font-weight: 400;\">\n<p style=\"font-weight: 400;\"><strong>Toluca, Estado de M\u00e9xico<\/strong>.- C\u00e9sar Camacho Quiroz y Alejandra Del Moral Vela fueron elegidos por unanimidad como integrantes de la f\u00f3rmula del PRI al Senado de la Rep\u00fablica, al celebrarse este d\u00eda la Convenci\u00f3n Estatal de Delegadas y Delegados en el Estado de M\u00e9xico para la postulaci\u00f3n de candidaturas.<\/p>\n<p style=\"font-weight: 400;\">\n<p style=\"font-weight: 400;\">En su intervenci\u00f3n, Camacho Quiroz asegur\u00f3 que es en el Estado de M\u00e9xico donde late el coraz\u00f3n de la patria. \u201cSomos un estado con vocaci\u00f3n ganadora. En equipo, en familia nadie nos gana. Tenemos la mejor organizaci\u00f3n y la mejor propuesta para cumplir nuestro compromiso de alcanzar una verdadera justicia social\u201d.<\/p>\n<p style=\"font-weight: 400;\">\n<p style=\"font-weight: 400;\">Su compa\u00f1era de f\u00f3rmula, Alejandra Del Moral, dijo que la confianza se paga con resultados que den bienestar a la gente. \u201cAl PRI lo mueve la pasi\u00f3n por las causas ciudadanas, por un M\u00e9xico justo y competitivo. Vamos a trabajar para que cada persona y cada familia pueda escribir su propia historia de \u00e9xito\u201d, comprometi\u00f3.<\/p>\n<p style=\"font-weight: 400;\">\n<p style=\"font-weight: 400;\">Con nuestra propuesta al Senado, coincidieron, el priismo mexiquense se suma con toda convicci\u00f3n a un proyecto moderno que mira al futuro de M\u00e9xico con la candidatura de Jos\u00e9 Antonio Meade.<\/p>\n<p style=\"font-weight: 400;\">\n<p style=\"font-weight: 400;\">En un encuentro de delegados e integrantes de los diversos sectores y organizaciones del Partido, la Comisi\u00f3n Estatal de Procesos Internos celebr\u00f3 la Convenci\u00f3n que confirm\u00f3 la candidatura de los aspirantes \u00fanicos registrados, al tiempo que su presidente, Arturo Ugalde Meneses, rindi\u00f3 el informe relativo al desarrollo del proceso.<\/p>\n<p style=\"font-weight: 400;\">\n<p style=\"font-weight: 400;\">En la clausura de los trabajos de la Convenci\u00f3n, Jorge Rojo Garc\u00eda de Alba, Delegado General del CEN del PRI en el estado, se\u00f1al\u00f3 que el PRI ha celebrado una contienda interna civilizada, con respeto a las normas internas establecidas, lo que permite salir fortalecidos en busca del voto de los mexiquenses, de la misma forma que se har\u00e1 con quienes sean los candidatos a diputados federales, diputados locales y presidentes municipales.<\/p>\n","protected":false},"excerpt":{"rendered":"<p>En este estado late el coraz\u00f3n de la patria. Somos un estado con vocaci\u00f3n ganadora:<\/p>\n","protected":false},"author":1,"featured_media":1212,"comment_status":"open","ping_status":"open","sticky":false,"template":"","format":"standard","meta":{"footnotes":""},"categories":[3],"tags":[7,89,80,57,9,73,77,63,15,4,91,6,85,90,75,21,76,14,10,71,16,22,81,92,41,43,46],"class_list":["post-1211","post","type-post","status-publish","format-standard","has-post-thumbnail","hentry","category-estatales","tag-amecameca","tag-atizapan","tag-atlautla","tag-ayapango","tag-chalco","tag-chimalhuacan","tag-coacalco","tag-ecatepec","tag-ecatzingo","tag-gobierno-del-estado-de-mexico","tag-huixquilucan","tag-ixtapaluca","tag-izcalli","tag-la-paz","tag-naucalpan","tag-nezahualcoyotl","tag-nicolas-romero","tag-ozumba","tag-pri","tag-tecamac","tag-tepetlixpa","tag-texcoco","tag-tlalmanalco","tag-tlalnepantla","tag-toluca","tag-tultitlan","tag-volcanes"],"yoast_head":"<!-- This site is optimized with the Yoast SEO plugin v25.3 - https:\/\/yoast.com\/wordpress\/plugins\/seo\/ -->\n<title>Elige PRI a Cesar Camacho y Alejandra del Moral como formula al senado por el Edomex - Volcanes<\/title>\n<meta name=\"robots\" content=\"index, follow, max-snippet:-1, max-image-preview:large, max-video-preview:-1\" \/>\n<link rel=\"canonical\" href=\"https:\/\/volcanes.net\/?p=1211\" \/>\n<meta property=\"og:locale\" content=\"es_MX\" \/>\n<meta property=\"og:type\" content=\"article\" \/>\n<meta property=\"og:title\" content=\"Elige PRI a Cesar Camacho y Alejandra del Moral como formula al senado por el Edomex - Volcanes\" \/>\n<meta property=\"og:description\" content=\"En este estado late el coraz\u00f3n de la patria. Somos un estado con vocaci\u00f3n ganadora:\" \/>\n<meta property=\"og:url\" content=\"https:\/\/volcanes.net\/?p=1211\" \/>\n<meta property=\"og:site_name\" content=\"Volcanes\" \/>\n<meta property=\"article:publisher\" content=\"https:\/\/www.facebook.com\/volcanes.net\/\" \/>\n<meta property=\"article:published_time\" content=\"2018-02-17T03:25:56+00:00\" \/>\n<meta property=\"og:image\" content=\"https:\/\/volcanes.net\/wp-content\/uploads\/2018\/02\/20180216204113_IMG_0626.jpg\" \/>\n\t<meta property=\"og:image:width\" content=\"448\" \/>\n\t<meta property=\"og:image:height\" content=\"299\" \/>\n\t<meta property=\"og:image:type\" content=\"image\/jpeg\" \/>\n<meta name=\"author\" content=\"admin\" \/>\n<meta name=\"twitter:card\" content=\"summary_large_image\" \/>\n<meta name=\"twitter:label1\" content=\"Escrito por\" \/>\n\t<meta name=\"twitter:data1\" content=\"admin\" \/>\n\t<meta name=\"twitter:label2\" content=\"Tiempo de lectura\" \/>\n\t<meta name=\"twitter:data2\" content=\"2 minutos\" \/>\n<script type=\"application\/ld+json\" class=\"yoast-schema-graph\">{\"@context\":\"https:\/\/schema.org\",\"@graph\":[{\"@type\":\"Article\",\"@id\":\"https:\/\/volcanes.net\/?p=1211#article\",\"isPartOf\":{\"@id\":\"https:\/\/volcanes.net\/?p=1211\"},\"author\":{\"name\":\"admin\",\"@id\":\"https:\/\/volcanes.net\/#\/schema\/person\/4bf0f383940966a4abd53f5048c0e6b9\"},\"headline\":\"Elige PRI a Cesar Camacho y Alejandra del Moral como formula al senado por el Edomex\",\"datePublished\":\"2018-02-17T03:25:56+00:00\",\"mainEntityOfPage\":{\"@id\":\"https:\/\/volcanes.net\/?p=1211\"},\"wordCount\":385,\"commentCount\":0,\"publisher\":{\"@id\":\"https:\/\/volcanes.net\/#organization\"},\"image\":{\"@id\":\"https:\/\/volcanes.net\/?p=1211#primaryimage\"},\"thumbnailUrl\":\"https:\/\/volcanes.net\/wp-content\/uploads\/2018\/02\/20180216204113_IMG_0626.jpg\",\"keywords\":[\"Amecameca\",\"Atizap\u00e1n\",\"Atlautla\",\"Ayapango\",\"Chalco\",\"Chimalhuac\u00e1n\",\"Coacalco\",\"Ecatepec\",\"Ecatzingo\",\"Gobierno del Estado de M\u00e9xico\",\"Huixquilucan\",\"Ixtapaluca\",\"Izcalli\",\"La Paz\",\"Naucalpan\",\"Nezahualc\u00f3yotl\",\"Nicol\u00e1s Romero\",\"Ozumba\",\"PRI\",\"Tec\u00e1mac\",\"Tepetlixpa\",\"Texcoco\",\"Tlalmanalco\",\"Tlalnepantla\",\"Toluca\",\"Tultitl\u00e1n\",\"Volcanes\"],\"articleSection\":[\"Estatales\"],\"inLanguage\":\"es\",\"potentialAction\":[{\"@type\":\"CommentAction\",\"name\":\"Comment\",\"target\":[\"https:\/\/volcanes.net\/?p=1211#respond\"]}]},{\"@type\":\"WebPage\",\"@id\":\"https:\/\/volcanes.net\/?p=1211\",\"url\":\"https:\/\/volcanes.net\/?p=1211\",\"name\":\"Elige PRI a Cesar Camacho y Alejandra del Moral como formula al senado por el Edomex - Volcanes\",\"isPartOf\":{\"@id\":\"https:\/\/volcanes.net\/#website\"},\"primaryImageOfPage\":{\"@id\":\"https:\/\/volcanes.net\/?p=1211#primaryimage\"},\"image\":{\"@id\":\"https:\/\/volcanes.net\/?p=1211#primaryimage\"},\"thumbnailUrl\":\"https:\/\/volcanes.net\/wp-content\/uploads\/2018\/02\/20180216204113_IMG_0626.jpg\",\"datePublished\":\"2018-02-17T03:25:56+00:00\",\"breadcrumb\":{\"@id\":\"https:\/\/volcanes.net\/?p=1211#breadcrumb\"},\"inLanguage\":\"es\",\"potentialAction\":[{\"@type\":\"ReadAction\",\"target\":[\"https:\/\/volcanes.net\/?p=1211\"]}]},{\"@type\":\"ImageObject\",\"inLanguage\":\"es\",\"@id\":\"https:\/\/volcanes.net\/?p=1211#primaryimage\",\"url\":\"https:\/\/volcanes.net\/wp-content\/uploads\/2018\/02\/20180216204113_IMG_0626.jpg\",\"contentUrl\":\"https:\/\/volcanes.net\/wp-content\/uploads\/2018\/02\/20180216204113_IMG_0626.jpg\",\"width\":448,\"height\":299},{\"@type\":\"BreadcrumbList\",\"@id\":\"https:\/\/volcanes.net\/?p=1211#breadcrumb\",\"itemListElement\":[{\"@type\":\"ListItem\",\"position\":1,\"name\":\"Portada\",\"item\":\"https:\/\/volcanes.net\/\"},{\"@type\":\"ListItem\",\"position\":2,\"name\":\"Elige PRI a Cesar Camacho y Alejandra del Moral como formula al senado por el Edomex\"}]},{\"@type\":\"WebSite\",\"@id\":\"https:\/\/volcanes.net\/#website\",\"url\":\"https:\/\/volcanes.net\/\",\"name\":\"Volcanes.Net\",\"description\":\"Periodismo Profesional\",\"publisher\":{\"@id\":\"https:\/\/volcanes.net\/#organization\"},\"potentialAction\":[{\"@type\":\"SearchAction\",\"target\":{\"@type\":\"EntryPoint\",\"urlTemplate\":\"https:\/\/volcanes.net\/?s={search_term_string}\"},\"query-input\":{\"@type\":\"PropertyValueSpecification\",\"valueRequired\":true,\"valueName\":\"search_term_string\"}}],\"inLanguage\":\"es\"},{\"@type\":\"Organization\",\"@id\":\"https:\/\/volcanes.net\/#organization\",\"name\":\"Grupo Volcanes\",\"url\":\"https:\/\/volcanes.net\/\",\"logo\":{\"@type\":\"ImageObject\",\"inLanguage\":\"es\",\"@id\":\"https:\/\/volcanes.net\/#\/schema\/logo\/image\/\",\"url\":\"http:\/\/volcanes.net\/wp-content\/uploads\/2017\/12\/Avatar2.jpg\",\"contentUrl\":\"http:\/\/volcanes.net\/wp-content\/uploads\/2017\/12\/Avatar2.jpg\",\"width\":378,\"height\":378,\"caption\":\"Grupo Volcanes\"},\"image\":{\"@id\":\"https:\/\/volcanes.net\/#\/schema\/logo\/image\/\"},\"sameAs\":[\"https:\/\/www.facebook.com\/volcanes.net\/\"]},{\"@type\":\"Person\",\"@id\":\"https:\/\/volcanes.net\/#\/schema\/person\/4bf0f383940966a4abd53f5048c0e6b9\",\"name\":\"admin\",\"image\":{\"@type\":\"ImageObject\",\"inLanguage\":\"es\",\"@id\":\"https:\/\/volcanes.net\/#\/schema\/person\/image\/\",\"url\":\"https:\/\/secure.gravatar.com\/avatar\/ca004e6cba8462b8cb7abc86e382930c?s=96&d=mm&r=g\",\"contentUrl\":\"https:\/\/secure.gravatar.com\/avatar\/ca004e6cba8462b8cb7abc86e382930c?s=96&d=mm&r=g\",\"caption\":\"admin\"}}]}<\/script>\n<!-- \/ Yoast SEO plugin. -->","yoast_head_json":{"title":"Elige PRI a Cesar Camacho y Alejandra del Moral como formula al senado por el Edomex - Volcanes","robots":{"index":"index","follow":"follow","max-snippet":"max-snippet:-1","max-image-preview":"max-image-preview:large","max-video-preview":"max-video-preview:-1"},"canonical":"https:\/\/volcanes.net\/?p=1211","og_locale":"es_MX","og_type":"article","og_title":"Elige PRI a Cesar Camacho y Alejandra del Moral como formula al senado por el Edomex - Volcanes","og_description":"En este estado late el coraz\u00f3n de la patria. Somos un estado con vocaci\u00f3n ganadora:","og_url":"https:\/\/volcanes.net\/?p=1211","og_site_name":"Volcanes","article_publisher":"https:\/\/www.facebook.com\/volcanes.net\/","article_published_time":"2018-02-17T03:25:56+00:00","og_image":[{"width":448,"height":299,"url":"https:\/\/volcanes.net\/wp-content\/uploads\/2018\/02\/20180216204113_IMG_0626.jpg","type":"image\/jpeg"}],"author":"admin","twitter_card":"summary_large_image","twitter_misc":{"Escrito por":"admin","Tiempo de lectura":"2 minutos"},"schema":{"@context":"https:\/\/schema.org","@graph":[{"@type":"Article","@id":"https:\/\/volcanes.net\/?p=1211#article","isPartOf":{"@id":"https:\/\/volcanes.net\/?p=1211"},"author":{"name":"admin","@id":"https:\/\/volcanes.net\/#\/schema\/person\/4bf0f383940966a4abd53f5048c0e6b9"},"headline":"Elige PRI a Cesar Camacho y Alejandra del Moral como formula al senado por el Edomex","datePublished":"2018-02-17T03:25:56+00:00","mainEntityOfPage":{"@id":"https:\/\/volcanes.net\/?p=1211"},"wordCount":385,"commentCount":0,"publisher":{"@id":"https:\/\/volcanes.net\/#organization"},"image":{"@id":"https:\/\/volcanes.net\/?p=1211#primaryimage"},"thumbnailUrl":"https:\/\/volcanes.net\/wp-content\/uploads\/2018\/02\/20180216204113_IMG_0626.jpg","keywords":["Amecameca","Atizap\u00e1n","Atlautla","Ayapango","Chalco","Chimalhuac\u00e1n","Coacalco","Ecatepec","Ecatzingo","Gobierno del Estado de M\u00e9xico","Huixquilucan","Ixtapaluca","Izcalli","La Paz","Naucalpan","Nezahualc\u00f3yotl","Nicol\u00e1s Romero","Ozumba","PRI","Tec\u00e1mac","Tepetlixpa","Texcoco","Tlalmanalco","Tlalnepantla","Toluca","Tultitl\u00e1n","Volcanes"],"articleSection":["Estatales"],"inLanguage":"es","potentialAction":[{"@type":"CommentAction","name":"Comment","target":["https:\/\/volcanes.net\/?p=1211#respond"]}]},{"@type":"WebPage","@id":"https:\/\/volcanes.net\/?p=1211","url":"https:\/\/volcanes.net\/?p=1211","name":"Elige PRI a Cesar Camacho y Alejandra del Moral como formula al senado por el Edomex - Volcanes","isPartOf":{"@id":"https:\/\/volcanes.net\/#website"},"primaryImageOfPage":{"@id":"https:\/\/volcanes.net\/?p=1211#primaryimage"},"image":{"@id":"https:\/\/volcanes.net\/?p=1211#primaryimage"},"thumbnailUrl":"https:\/\/volcanes.net\/wp-content\/uploads\/2018\/02\/20180216204113_IMG_0626.jpg","datePublished":"2018-02-17T03:25:56+00:00","breadcrumb":{"@id":"https:\/\/volcanes.net\/?p=1211#breadcrumb"},"inLanguage":"es","potentialAction":[{"@type":"ReadAction","target":["https:\/\/volcanes.net\/?p=1211"]}]},{"@type":"ImageObject","inLanguage":"es","@id":"https:\/\/volcanes.net\/?p=1211#primaryimage","url":"https:\/\/volcanes.net\/wp-content\/uploads\/2018\/02\/20180216204113_IMG_0626.jpg","contentUrl":"https:\/\/volcanes.net\/wp-content\/uploads\/2018\/02\/20180216204113_IMG_0626.jpg","width":448,"height":299},{"@type":"BreadcrumbList","@id":"https:\/\/volcanes.net\/?p=1211#breadcrumb","itemListElement":[{"@type":"ListItem","position":1,"name":"Portada","item":"https:\/\/volcanes.net\/"},{"@type":"ListItem","position":2,"name":"Elige PRI a Cesar Camacho y Alejandra del Moral como formula al senado por el Edomex"}]},{"@type":"WebSite","@id":"https:\/\/volcanes.net\/#website","url":"https:\/\/volcanes.net\/","name":"Volcanes.Net","description":"Periodismo Profesional","publisher":{"@id":"https:\/\/volcanes.net\/#organization"},"potentialAction":[{"@type":"SearchAction","target":{"@type":"EntryPoint","urlTemplate":"https:\/\/volcanes.net\/?s={search_term_string}"},"query-input":{"@type":"PropertyValueSpecification","valueRequired":true,"valueName":"search_term_string"}}],"inLanguage":"es"},{"@type":"Organization","@id":"https:\/\/volcanes.net\/#organization","name":"Grupo Volcanes","url":"https:\/\/volcanes.net\/","logo":{"@type":"ImageObject","inLanguage":"es","@id":"https:\/\/volcanes.net\/#\/schema\/logo\/image\/","url":"http:\/\/volcanes.net\/wp-content\/uploads\/2017\/12\/Avatar2.jpg","contentUrl":"http:\/\/volcanes.net\/wp-content\/uploads\/2017\/12\/Avatar2.jpg","width":378,"height":378,"caption":"Grupo Volcanes"},"image":{"@id":"https:\/\/volcanes.net\/#\/schema\/logo\/image\/"},"sameAs":["https:\/\/www.facebook.com\/volcanes.net\/"]},{"@type":"Person","@id":"https:\/\/volcanes.net\/#\/schema\/person\/4bf0f383940966a4abd53f5048c0e6b9","name":"admin","image":{"@type":"ImageObject","inLanguage":"es","@id":"https:\/\/volcanes.net\/#\/schema\/person\/image\/","url":"https:\/\/secure.gravatar.com\/avatar\/ca004e6cba8462b8cb7abc86e382930c?s=96&d=mm&r=g","contentUrl":"https:\/\/secure.gravatar.com\/avatar\/ca004e6cba8462b8cb7abc86e382930c?s=96&d=mm&r=g","caption":"admin"}}]}},"_links":{"self":[{"href":"https:\/\/volcanes.net\/index.php?rest_route=\/wp\/v2\/posts\/1211"}],"collection":[{"href":"https:\/\/volcanes.net\/index.php?rest_route=\/wp\/v2\/posts"}],"about":[{"href":"https:\/\/volcanes.net\/index.php?rest_route=\/wp\/v2\/types\/post"}],"author":[{"embeddable":true,"href":"https:\/\/volcanes.net\/index.php?rest_route=\/wp\/v2\/users\/1"}],"replies":[{"embeddable":true,"href":"https:\/\/volcanes.net\/index.php?rest_route=%2Fwp%2Fv2%2Fcomments&post=1211"}],"version-history":[{"count":1,"href":"https:\/\/volcanes.net\/index.php?rest_route=\/wp\/v2\/posts\/1211\/revisions"}],"predecessor-version":[{"id":1213,"href":"https:\/\/volcanes.net\/index.php?rest_route=\/wp\/v2\/posts\/1211\/revisions\/1213"}],"wp:featuredmedia":[{"embeddable":true,"href":"https:\/\/volcanes.net\/index.php?rest_route=\/wp\/v2\/media\/1212"}],"wp:attachment":[{"href":"https:\/\/volcanes.net\/index.php?rest_route=%2Fwp%2Fv2%2Fmedia&parent=1211"}],"wp:term":[{"taxonomy":"category","embeddable":true,"href":"https:\/\/volcanes.net\/index.php?rest_route=%2Fwp%2Fv2%2Fcategories&post=1211"},{"taxonomy":"post_tag","embeddable":true,"href":"https:\/\/volcanes.net\/index.php?rest_route=%2Fwp%2Fv2%2Ftags&post=1211"}],"curies":[{"name":"wp","href":"https:\/\/api.w.org\/{rel}","templated":true}]}}