{"id":1214,"date":"2018-02-17T03:32:24","date_gmt":"2018-02-17T03:32:24","guid":{"rendered":"http:\/\/volcanes.net\/?p=1214"},"modified":"2018-02-17T03:32:24","modified_gmt":"2018-02-17T03:32:24","slug":"recomiendan-convertir-la-clausula-de-derechos-humanos-entre-la-ue-y-mexico-en-instrumento-de-supervision-y-cooperacion","status":"publish","type":"post","link":"https:\/\/volcanes.net\/?p=1214","title":{"rendered":"Recomiendan convertir la Cl\u00e1usula de Derechos Humanos entre la UE y M\u00e9xico en instrumento de supervisi\u00f3n y cooperaci\u00f3n"},"content":{"rendered":"<div style=\"margin-top: 0px; margin-bottom: 0px;\" class=\"sharethis-inline-share-buttons\" ><\/div><p>\u00b7\u00a0\u00a0\u00a0\u00a0\u00a0\u00a0\u00a0<span lang=\"ES-TRAD\" style=\"font-size: 16px;\">Llaman a crear Consejo asesor de expertos internacionales en derechos humanos y en la lucha contra la impunidad.<\/span><\/p>\n<div dir=\"ltr\">\n<p class=\"m_6954001958840699292m_-43063067828392363gmail-m_-8653518320960960206gmail-SUMARIOS\"><span lang=\"ES-TRAD\">\u00a0<\/span><\/p>\n<p class=\"m_6954001958840699292m_-43063067828392363gmail-m_-8653518320960960206gmail-CUERPO\"><span lang=\"ES-TRAD\">Luego del avance de M\u00e9xico con la aprobaci\u00f3n de la Ley General para Prevenir, Investigar y Sancionar la Tortura y otros tratos o penas crueles, inhumanos o degradantes, se tiene que trabajar hacia la transformaci\u00f3n de las instituciones y en la erradicaci\u00f3n de todas estas formas de violencia que marcan de por vida a las personas, se\u00f1al\u00f3 la senadora de la Ang\u00e9lica de la Pe\u00f1a G\u00f3mez.<\/span><\/p>\n<p class=\"m_6954001958840699292m_-43063067828392363gmail-m_-8653518320960960206gmail-CUERPO\"><span lang=\"ES-TRAD\">\u00a0<\/span><\/p>\n<p class=\"m_6954001958840699292m_-43063067828392363gmail-m_-8653518320960960206gmail-CUERPO\"><span lang=\"ES-TRAD\">Durante la presentaci\u00f3n el Informe \u201cLa Cl\u00e1usula de Derechos Humanos en la Modernizaci\u00f3n del Acuerdo Global entre la UE y M\u00e9xico\u201d, la legisladora del PRD consider\u00f3 graves los se\u00f1alamientos que se hacen en el documento, donde se enumeran las empresas trasnacionales asentadas en el pa\u00eds,\u00a0\u00a0por incurrir en diversas faltas relacionadas con derechos humanos.<\/span><\/p>\n<p class=\"m_6954001958840699292m_-43063067828392363gmail-m_-8653518320960960206gmail-CUERPO\"><span lang=\"ES-TRAD\">\u00a0<\/span><\/p>\n<p class=\"m_6954001958840699292m_-43063067828392363gmail-m_-8653518320960960206gmail-CUERPO\"><span lang=\"ES-TRAD\">Dijo que el obstruccionismo pol\u00edtico del gobierno, evita reconocer la magnitud y naturaleza del problema, as\u00ed como el fracaso a establecer responsabilidades a los actos cometidos por actores federales y estatales; as\u00ed como del crimen organizado.<\/span><\/p>\n<p class=\"m_6954001958840699292m_-43063067828392363gmail-m_-8653518320960960206gmail-CUERPO\"><span lang=\"ES-TRAD\">\u00a0<\/span><\/p>\n<p class=\"m_6954001958840699292m_-43063067828392363gmail-m_-8653518320960960206gmail-CUERPO\"><span lang=\"ES-TRAD\">Estamos frente a un hecho m\u00e1s de impunidad que afecta derechos humanos de los pueblos y comunidades y que trastoca derechos ambientales obligatorios de todas las entidades gubernamentales, privadas, nacionales o extranjeras fundamentadas en la Constituci\u00f3n y leyes en materia, se\u00f1al\u00f3 la presidenta de la Comisi\u00f3n de Derechos Humanos.<\/span><\/p>\n<p class=\"m_6954001958840699292m_-43063067828392363gmail-m_-8653518320960960206gmail-CUERPO\"><span lang=\"ES-TRAD\">\u00a0<\/span><\/p>\n<p class=\"m_6954001958840699292m_-43063067828392363gmail-m_-8653518320960960206gmail-CUERPO\"><span lang=\"ES-TRAD\">El eurodiputado Josep Mar\u00eda Terricabras, miembro del Parlamento Europeo, subray\u00f3 que en 2017 se tuvo un record de 25 mil 339 asesinatos en el pa\u00eds, la cifra m\u00e1s alta de cualquier registro, donde 98 por ciento de los casos no ha sido resuelto, de acuerdo con informaci\u00f3n del Alto Comisionado de la ONU, lo que demuestra la alta impunidad existente y que la cl\u00e1usula democr\u00e1tica establecida en el Acuerdo Global de 1997, puesto en marcha hasta el a\u00f1o 2000 no ha funcionado.<\/span><\/p>\n<p class=\"m_6954001958840699292m_-43063067828392363gmail-m_-8653518320960960206gmail-CUERPO\"><span lang=\"ES-TRAD\">\u00a0<\/span><\/p>\n<p class=\"m_6954001958840699292m_-43063067828392363gmail-m_-8653518320960960206gmail-CUERPO\"><span lang=\"ES-TRAD\">Entre las propuestas que present\u00f3, precis\u00f3 que se debe crear un Consejo asesor de expertos internacionales en derechos humanos y de la lucha contra la impunidad, que oriente al gobierno de M\u00e9xico sobre las estrategias a emprender para acabar con la impunidad y evaluar de manera rigurosa la situaci\u00f3n de los derechos humanos en el pa\u00eds.<\/span><\/p>\n<p class=\"m_6954001958840699292m_-43063067828392363gmail-m_-8653518320960960206gmail-CUERPO\"><span lang=\"ES-TRAD\">\u00a0<\/span><\/p>\n<p class=\"m_6954001958840699292m_-43063067828392363gmail-m_-8653518320960960206gmail-CUERPO\"><span lang=\"ES-TRAD\">Hacer un reconocimiento a la labor leg\u00edtima de las personas defensoras de la tierra y del medio ambiente, pues son el colectivo m\u00e1s afectado por los efectos del acuerdo comercial; incorporar el derecho a la consulta libre y a la tierra; as\u00ed como la aprobaci\u00f3n del Tratado vinculante sobre empresas transnacionales y derechos humanos y que sea ratificado por la Uni\u00f3n Europea y M\u00e9xico.<\/span><\/p>\n<p class=\"m_6954001958840699292m_-43063067828392363gmail-m_-8653518320960960206gmail-CUERPO\"><span lang=\"ES-TRAD\">\u00a0<\/span><\/p>\n<p class=\"m_6954001958840699292m_-43063067828392363gmail-m_-8653518320960960206gmail-CUERPO\"><span lang=\"ES-TRAD\">Plante\u00f3 formar un mecanismo que permita realizar informes peri\u00f3dicos sobre el impacto del Acuerdo en materia de derechos humanos, as\u00ed como vincular el tratado comercial modernizado a alg\u00fan organismo mixto \u2013sociedad civil y gobiernos de la UE y de M\u00e9xico\u2013, cuyas decisiones tuvieran car\u00e1cter vinculante.<\/span><\/p>\n<p class=\"m_6954001958840699292m_-43063067828392363gmail-m_-8653518320960960206gmail-CUERPO\"><span lang=\"ES-TRAD\">\u00a0<\/span><\/p>\n<p class=\"m_6954001958840699292m_-43063067828392363gmail-m_-8653518320960960206gmail-CUERPO\"><span lang=\"ES-TRAD\">La directora de Incidencia Nacional e Internacional de la Comisi\u00f3n Mexicana de Defensa y Promoci\u00f3n de los Derechos Humanos, Olga Guzm\u00e1n Vergara, se\u00f1al\u00f3 que se busca convertir a la cl\u00e1usula en un instrumento verdadero de supervisi\u00f3n y cooperaci\u00f3n.<\/span><\/p>\n<p class=\"m_6954001958840699292m_-43063067828392363gmail-m_-8653518320960960206gmail-CUERPO\"><span lang=\"ES-TRAD\">\u00a0<\/span><\/p>\n<p class=\"m_6954001958840699292m_-43063067828392363gmail-m_-8653518320960960206gmail-CUERPO\"><span lang=\"ES-TRAD\">Record\u00f3\u00a0\u00a0que las instituciones de procuraci\u00f3n e impartici\u00f3n de justicia han demostrado que no son capaces de investigar y sancionar cr\u00edmenes y violaciones graves a derechos humanos, la mayor\u00eda cometidos o permitidos por sus propios funcionarios.<\/span><\/p>\n<p class=\"m_6954001958840699292m_-43063067828392363gmail-m_-8653518320960960206gmail-CUERPO\"><span lang=\"ES-TRAD\">\u00a0<\/span><\/p>\n<p class=\"m_6954001958840699292m_-43063067828392363gmail-m_-8653518320960960206gmail-CUERPO\"><span lang=\"ES-TRAD\">En el Di\u00e1logo pol\u00edtico de la Uni\u00f3n Europea y M\u00e9xico, recomend\u00f3 establecer un mecanismo de cooperaci\u00f3n internacional de car\u00e1cter t\u00e9cnico, financiero y pol\u00edtico contra la impunidad en el pa\u00eds, con el respaldo de la UE.<\/span><\/p>\n<p class=\"m_6954001958840699292m_-43063067828392363gmail-m_-8653518320960960206gmail-CUERPO\"><span lang=\"ES-TRAD\">\u00a0<\/span><\/p>\n<p class=\"m_6954001958840699292m_-43063067828392363gmail-m_-8653518320960960206gmail-CUERPO\"><span lang=\"ES-TRAD\">A\u00f1adi\u00f3 que la cl\u00e1usula no debe seguir representando un principio orientador obsoleto de un acuerdo de concertaci\u00f3n pol\u00edtica y comercial entre dos socios estrat\u00e9gicos, sino que se traduzca en mecanismos concretos, exigibles y participativos que ayuden a uno de sus principales aliados a terminar con la impunidad y brindar paz y seguridad, justicia, memoria a sus connacionales.<\/span><\/p>\n<p class=\"m_6954001958840699292m_-43063067828392363gmail-m_-8653518320960960206gmail-CUERPO\"><span lang=\"ES-TRAD\">\u00a0<\/span><\/p>\n<p class=\"m_6954001958840699292m_-43063067828392363gmail-m_-8653518320960960206gmail-CUERPO\"><span lang=\"ES-TRAD\">Eugenia L\u00f3pez, integrante del Proyecto sobre Organizaci\u00f3n, Desarrollo, Educaci\u00f3n e Investigaci\u00f3n,\u00a0\u00a0indic\u00f3 que el Acuerdo Global avanza en la protecci\u00f3n de los derechos de los inversionistas sin ser acompa\u00f1ado de los garant\u00edas de derechos humanos de la poblaci\u00f3n.\u00a0<\/span><\/p>\n<p class=\"m_6954001958840699292m_-43063067828392363gmail-m_-8653518320960960206gmail-CUERPO\"><span lang=\"ES-TRAD\">\u00a0<\/span><\/p>\n<p class=\"m_6954001958840699292m_-43063067828392363gmail-m_-8653518320960960206gmail-CUERPO\"><span lang=\"ES-TRAD\">Las cl\u00e1usulas de inversi\u00f3n, dijo, no cuentan con las obligaciones o salvaguardas de derechos humanos para inversionistas extranjeros en M\u00e9xico ni para los mexicanos en la UE, y agreg\u00f3 que se limitan las posibilidades de hacer pol\u00edticas de competencia libre o de derechos humanos para el beneficio de la poblaci\u00f3n.<\/span><\/p>\n<p class=\"m_6954001958840699292m_-43063067828392363gmail-m_-8653518320960960206gmail-CUERPO\"><span lang=\"ES-TRAD\">\u00a0<\/span><\/p>\n<p class=\"m_6954001958840699292m_-43063067828392363gmail-m_-8653518320960960206gmail-CUERPO\"><span lang=\"ES-TRAD\">Asimismo, apunt\u00f3 que el mecanismo de resoluci\u00f3n de controversias permitir\u00e1 que inversionistas extranjeros pongan en riesgo la posibilidad de legislar a favor del bienestar com\u00fan en M\u00e9xico y la UE.\u00a0<\/span><\/p>\n<p class=\"m_6954001958840699292m_-43063067828392363gmail-m_-8653518320960960206gmail-CUERPO\"><span lang=\"ES-TRAD\">\u00a0<\/span><\/p>\n<p class=\"m_6954001958840699292m_-43063067828392363gmail-m_-8653518320960960206gmail-CUERPO\"><span lang=\"ES-TRAD\">Aunado a esto, precis\u00f3 que se pone a M\u00e9xico como blanco de una ola de demandas por inversionistas de Europa; y resalt\u00f3 que\u00a0\u00a0el Acuerdo debe contemplar el reconocimiento p\u00fablico a trav\u00e9s de medidas de promoci\u00f3n y protecci\u00f3n de la labor leg\u00edtima de las personas defensoras de derechos humanos o informantes, en especial en quienes trabajan temas de tierra, territorio, medio ambiente, megaproyectos y abusos corporativos.<\/span><\/p>\n<p class=\"m_6954001958840699292m_-43063067828392363gmail-m_-8653518320960960206gmail-CUERPO\"><span lang=\"ES-TRAD\">\u00a0<\/span><\/p>\n<\/div>\n","protected":false},"excerpt":{"rendered":"<p>\u00b7\u00a0\u00a0\u00a0\u00a0\u00a0\u00a0\u00a0Llaman a crear Consejo asesor de expertos internacionales en derechos humanos y en la lucha<\/p>\n","protected":false},"author":1,"featured_media":1215,"comment_status":"open","ping_status":"open","sticky":false,"template":"","format":"standard","meta":{"footnotes":""},"categories":[1],"tags":[72],"class_list":["post-1214","post","type-post","status-publish","format-standard","has-post-thumbnail","hentry","category-municipales","tag-senado-de-la-republica"],"yoast_head":"<!-- This site is optimized with the Yoast SEO plugin v25.3 - https:\/\/yoast.com\/wordpress\/plugins\/seo\/ -->\n<title>Recomiendan convertir la Cl\u00e1usula de Derechos Humanos entre la UE y M\u00e9xico en instrumento de supervisi\u00f3n y cooperaci\u00f3n - Volcanes<\/title>\n<meta name=\"robots\" content=\"index, follow, max-snippet:-1, max-image-preview:large, max-video-preview:-1\" \/>\n<link rel=\"canonical\" href=\"https:\/\/volcanes.net\/?p=1214\" \/>\n<meta property=\"og:locale\" content=\"es_MX\" \/>\n<meta property=\"og:type\" content=\"article\" \/>\n<meta property=\"og:title\" content=\"Recomiendan convertir la Cl\u00e1usula de Derechos Humanos entre la UE y M\u00e9xico en instrumento de supervisi\u00f3n y cooperaci\u00f3n - Volcanes\" \/>\n<meta property=\"og:description\" content=\"\u00b7\u00a0\u00a0\u00a0\u00a0\u00a0\u00a0\u00a0Llaman a crear Consejo asesor de expertos internacionales en derechos humanos y en la lucha\" \/>\n<meta property=\"og:url\" content=\"https:\/\/volcanes.net\/?p=1214\" \/>\n<meta property=\"og:site_name\" content=\"Volcanes\" \/>\n<meta property=\"article:publisher\" content=\"https:\/\/www.facebook.com\/volcanes.net\/\" \/>\n<meta property=\"article:published_time\" content=\"2018-02-17T03:32:24+00:00\" \/>\n<meta property=\"og:image\" content=\"https:\/\/volcanes.net\/wp-content\/uploads\/2018\/02\/160218-Derechos-Hunanos-3.jpg\" \/>\n\t<meta property=\"og:image:width\" content=\"448\" \/>\n\t<meta property=\"og:image:height\" content=\"257\" \/>\n\t<meta property=\"og:image:type\" content=\"image\/jpeg\" \/>\n<meta name=\"author\" content=\"admin\" \/>\n<meta name=\"twitter:card\" content=\"summary_large_image\" \/>\n<meta name=\"twitter:label1\" content=\"Escrito por\" \/>\n\t<meta name=\"twitter:data1\" content=\"admin\" \/>\n\t<meta name=\"twitter:label2\" content=\"Tiempo de lectura\" \/>\n\t<meta name=\"twitter:data2\" content=\"4 minutos\" \/>\n<script type=\"application\/ld+json\" class=\"yoast-schema-graph\">{\"@context\":\"https:\/\/schema.org\",\"@graph\":[{\"@type\":\"Article\",\"@id\":\"https:\/\/volcanes.net\/?p=1214#article\",\"isPartOf\":{\"@id\":\"https:\/\/volcanes.net\/?p=1214\"},\"author\":{\"name\":\"admin\",\"@id\":\"https:\/\/volcanes.net\/#\/schema\/person\/4bf0f383940966a4abd53f5048c0e6b9\"},\"headline\":\"Recomiendan convertir la Cl\u00e1usula de Derechos Humanos entre la UE y M\u00e9xico en instrumento de supervisi\u00f3n y cooperaci\u00f3n\",\"datePublished\":\"2018-02-17T03:32:24+00:00\",\"mainEntityOfPage\":{\"@id\":\"https:\/\/volcanes.net\/?p=1214\"},\"wordCount\":921,\"commentCount\":0,\"publisher\":{\"@id\":\"https:\/\/volcanes.net\/#organization\"},\"image\":{\"@id\":\"https:\/\/volcanes.net\/?p=1214#primaryimage\"},\"thumbnailUrl\":\"https:\/\/volcanes.net\/wp-content\/uploads\/2018\/02\/160218-Derechos-Hunanos-3.jpg\",\"keywords\":[\"Senado de la Rep\u00fablica\"],\"articleSection\":[\"Municipales\"],\"inLanguage\":\"es\",\"potentialAction\":[{\"@type\":\"CommentAction\",\"name\":\"Comment\",\"target\":[\"https:\/\/volcanes.net\/?p=1214#respond\"]}]},{\"@type\":\"WebPage\",\"@id\":\"https:\/\/volcanes.net\/?p=1214\",\"url\":\"https:\/\/volcanes.net\/?p=1214\",\"name\":\"Recomiendan convertir la Cl\u00e1usula de Derechos Humanos entre la UE y M\u00e9xico en instrumento de supervisi\u00f3n y cooperaci\u00f3n - Volcanes\",\"isPartOf\":{\"@id\":\"https:\/\/volcanes.net\/#website\"},\"primaryImageOfPage\":{\"@id\":\"https:\/\/volcanes.net\/?p=1214#primaryimage\"},\"image\":{\"@id\":\"https:\/\/volcanes.net\/?p=1214#primaryimage\"},\"thumbnailUrl\":\"https:\/\/volcanes.net\/wp-content\/uploads\/2018\/02\/160218-Derechos-Hunanos-3.jpg\",\"datePublished\":\"2018-02-17T03:32:24+00:00\",\"breadcrumb\":{\"@id\":\"https:\/\/volcanes.net\/?p=1214#breadcrumb\"},\"inLanguage\":\"es\",\"potentialAction\":[{\"@type\":\"ReadAction\",\"target\":[\"https:\/\/volcanes.net\/?p=1214\"]}]},{\"@type\":\"ImageObject\",\"inLanguage\":\"es\",\"@id\":\"https:\/\/volcanes.net\/?p=1214#primaryimage\",\"url\":\"https:\/\/volcanes.net\/wp-content\/uploads\/2018\/02\/160218-Derechos-Hunanos-3.jpg\",\"contentUrl\":\"https:\/\/volcanes.net\/wp-content\/uploads\/2018\/02\/160218-Derechos-Hunanos-3.jpg\",\"width\":448,\"height\":257},{\"@type\":\"BreadcrumbList\",\"@id\":\"https:\/\/volcanes.net\/?p=1214#breadcrumb\",\"itemListElement\":[{\"@type\":\"ListItem\",\"position\":1,\"name\":\"Portada\",\"item\":\"https:\/\/volcanes.net\/\"},{\"@type\":\"ListItem\",\"position\":2,\"name\":\"Recomiendan convertir la Cl\u00e1usula de Derechos Humanos entre la UE y M\u00e9xico en instrumento de supervisi\u00f3n y cooperaci\u00f3n\"}]},{\"@type\":\"WebSite\",\"@id\":\"https:\/\/volcanes.net\/#website\",\"url\":\"https:\/\/volcanes.net\/\",\"name\":\"Volcanes.Net\",\"description\":\"Periodismo Profesional\",\"publisher\":{\"@id\":\"https:\/\/volcanes.net\/#organization\"},\"potentialAction\":[{\"@type\":\"SearchAction\",\"target\":{\"@type\":\"EntryPoint\",\"urlTemplate\":\"https:\/\/volcanes.net\/?s={search_term_string}\"},\"query-input\":{\"@type\":\"PropertyValueSpecification\",\"valueRequired\":true,\"valueName\":\"search_term_string\"}}],\"inLanguage\":\"es\"},{\"@type\":\"Organization\",\"@id\":\"https:\/\/volcanes.net\/#organization\",\"name\":\"Grupo Volcanes\",\"url\":\"https:\/\/volcanes.net\/\",\"logo\":{\"@type\":\"ImageObject\",\"inLanguage\":\"es\",\"@id\":\"https:\/\/volcanes.net\/#\/schema\/logo\/image\/\",\"url\":\"http:\/\/volcanes.net\/wp-content\/uploads\/2017\/12\/Avatar2.jpg\",\"contentUrl\":\"http:\/\/volcanes.net\/wp-content\/uploads\/2017\/12\/Avatar2.jpg\",\"width\":378,\"height\":378,\"caption\":\"Grupo Volcanes\"},\"image\":{\"@id\":\"https:\/\/volcanes.net\/#\/schema\/logo\/image\/\"},\"sameAs\":[\"https:\/\/www.facebook.com\/volcanes.net\/\"]},{\"@type\":\"Person\",\"@id\":\"https:\/\/volcanes.net\/#\/schema\/person\/4bf0f383940966a4abd53f5048c0e6b9\",\"name\":\"admin\",\"image\":{\"@type\":\"ImageObject\",\"inLanguage\":\"es\",\"@id\":\"https:\/\/volcanes.net\/#\/schema\/person\/image\/\",\"url\":\"https:\/\/secure.gravatar.com\/avatar\/ca004e6cba8462b8cb7abc86e382930c?s=96&d=mm&r=g\",\"contentUrl\":\"https:\/\/secure.gravatar.com\/avatar\/ca004e6cba8462b8cb7abc86e382930c?s=96&d=mm&r=g\",\"caption\":\"admin\"}}]}<\/script>\n<!-- \/ Yoast SEO plugin. -->","yoast_head_json":{"title":"Recomiendan convertir la Cl\u00e1usula de Derechos Humanos entre la UE y M\u00e9xico en instrumento de supervisi\u00f3n y cooperaci\u00f3n - Volcanes","robots":{"index":"index","follow":"follow","max-snippet":"max-snippet:-1","max-image-preview":"max-image-preview:large","max-video-preview":"max-video-preview:-1"},"canonical":"https:\/\/volcanes.net\/?p=1214","og_locale":"es_MX","og_type":"article","og_title":"Recomiendan convertir la Cl\u00e1usula de Derechos Humanos entre la UE y M\u00e9xico en instrumento de supervisi\u00f3n y cooperaci\u00f3n - Volcanes","og_description":"\u00b7\u00a0\u00a0\u00a0\u00a0\u00a0\u00a0\u00a0Llaman a crear Consejo asesor de expertos internacionales en derechos humanos y en la lucha","og_url":"https:\/\/volcanes.net\/?p=1214","og_site_name":"Volcanes","article_publisher":"https:\/\/www.facebook.com\/volcanes.net\/","article_published_time":"2018-02-17T03:32:24+00:00","og_image":[{"width":448,"height":257,"url":"https:\/\/volcanes.net\/wp-content\/uploads\/2018\/02\/160218-Derechos-Hunanos-3.jpg","type":"image\/jpeg"}],"author":"admin","twitter_card":"summary_large_image","twitter_misc":{"Escrito por":"admin","Tiempo de lectura":"4 minutos"},"schema":{"@context":"https:\/\/schema.org","@graph":[{"@type":"Article","@id":"https:\/\/volcanes.net\/?p=1214#article","isPartOf":{"@id":"https:\/\/volcanes.net\/?p=1214"},"author":{"name":"admin","@id":"https:\/\/volcanes.net\/#\/schema\/person\/4bf0f383940966a4abd53f5048c0e6b9"},"headline":"Recomiendan convertir la Cl\u00e1usula de Derechos Humanos entre la UE y M\u00e9xico en instrumento de supervisi\u00f3n y cooperaci\u00f3n","datePublished":"2018-02-17T03:32:24+00:00","mainEntityOfPage":{"@id":"https:\/\/volcanes.net\/?p=1214"},"wordCount":921,"commentCount":0,"publisher":{"@id":"https:\/\/volcanes.net\/#organization"},"image":{"@id":"https:\/\/volcanes.net\/?p=1214#primaryimage"},"thumbnailUrl":"https:\/\/volcanes.net\/wp-content\/uploads\/2018\/02\/160218-Derechos-Hunanos-3.jpg","keywords":["Senado de la Rep\u00fablica"],"articleSection":["Municipales"],"inLanguage":"es","potentialAction":[{"@type":"CommentAction","name":"Comment","target":["https:\/\/volcanes.net\/?p=1214#respond"]}]},{"@type":"WebPage","@id":"https:\/\/volcanes.net\/?p=1214","url":"https:\/\/volcanes.net\/?p=1214","name":"Recomiendan convertir la Cl\u00e1usula de Derechos Humanos entre la UE y M\u00e9xico en instrumento de supervisi\u00f3n y cooperaci\u00f3n - Volcanes","isPartOf":{"@id":"https:\/\/volcanes.net\/#website"},"primaryImageOfPage":{"@id":"https:\/\/volcanes.net\/?p=1214#primaryimage"},"image":{"@id":"https:\/\/volcanes.net\/?p=1214#primaryimage"},"thumbnailUrl":"https:\/\/volcanes.net\/wp-content\/uploads\/2018\/02\/160218-Derechos-Hunanos-3.jpg","datePublished":"2018-02-17T03:32:24+00:00","breadcrumb":{"@id":"https:\/\/volcanes.net\/?p=1214#breadcrumb"},"inLanguage":"es","potentialAction":[{"@type":"ReadAction","target":["https:\/\/volcanes.net\/?p=1214"]}]},{"@type":"ImageObject","inLanguage":"es","@id":"https:\/\/volcanes.net\/?p=1214#primaryimage","url":"https:\/\/volcanes.net\/wp-content\/uploads\/2018\/02\/160218-Derechos-Hunanos-3.jpg","contentUrl":"https:\/\/volcanes.net\/wp-content\/uploads\/2018\/02\/160218-Derechos-Hunanos-3.jpg","width":448,"height":257},{"@type":"BreadcrumbList","@id":"https:\/\/volcanes.net\/?p=1214#breadcrumb","itemListElement":[{"@type":"ListItem","position":1,"name":"Portada","item":"https:\/\/volcanes.net\/"},{"@type":"ListItem","position":2,"name":"Recomiendan convertir la Cl\u00e1usula de Derechos Humanos entre la UE y M\u00e9xico en instrumento de supervisi\u00f3n y cooperaci\u00f3n"}]},{"@type":"WebSite","@id":"https:\/\/volcanes.net\/#website","url":"https:\/\/volcanes.net\/","name":"Volcanes.Net","description":"Periodismo Profesional","publisher":{"@id":"https:\/\/volcanes.net\/#organization"},"potentialAction":[{"@type":"SearchAction","target":{"@type":"EntryPoint","urlTemplate":"https:\/\/volcanes.net\/?s={search_term_string}"},"query-input":{"@type":"PropertyValueSpecification","valueRequired":true,"valueName":"search_term_string"}}],"inLanguage":"es"},{"@type":"Organization","@id":"https:\/\/volcanes.net\/#organization","name":"Grupo Volcanes","url":"https:\/\/volcanes.net\/","logo":{"@type":"ImageObject","inLanguage":"es","@id":"https:\/\/volcanes.net\/#\/schema\/logo\/image\/","url":"http:\/\/volcanes.net\/wp-content\/uploads\/2017\/12\/Avatar2.jpg","contentUrl":"http:\/\/volcanes.net\/wp-content\/uploads\/2017\/12\/Avatar2.jpg","width":378,"height":378,"caption":"Grupo Volcanes"},"image":{"@id":"https:\/\/volcanes.net\/#\/schema\/logo\/image\/"},"sameAs":["https:\/\/www.facebook.com\/volcanes.net\/"]},{"@type":"Person","@id":"https:\/\/volcanes.net\/#\/schema\/person\/4bf0f383940966a4abd53f5048c0e6b9","name":"admin","image":{"@type":"ImageObject","inLanguage":"es","@id":"https:\/\/volcanes.net\/#\/schema\/person\/image\/","url":"https:\/\/secure.gravatar.com\/avatar\/ca004e6cba8462b8cb7abc86e382930c?s=96&d=mm&r=g","contentUrl":"https:\/\/secure.gravatar.com\/avatar\/ca004e6cba8462b8cb7abc86e382930c?s=96&d=mm&r=g","caption":"admin"}}]}},"_links":{"self":[{"href":"https:\/\/volcanes.net\/index.php?rest_route=\/wp\/v2\/posts\/1214"}],"collection":[{"href":"https:\/\/volcanes.net\/index.php?rest_route=\/wp\/v2\/posts"}],"about":[{"href":"https:\/\/volcanes.net\/index.php?rest_route=\/wp\/v2\/types\/post"}],"author":[{"embeddable":true,"href":"https:\/\/volcanes.net\/index.php?rest_route=\/wp\/v2\/users\/1"}],"replies":[{"embeddable":true,"href":"https:\/\/volcanes.net\/index.php?rest_route=%2Fwp%2Fv2%2Fcomments&post=1214"}],"version-history":[{"count":1,"href":"https:\/\/volcanes.net\/index.php?rest_route=\/wp\/v2\/posts\/1214\/revisions"}],"predecessor-version":[{"id":1216,"href":"https:\/\/volcanes.net\/index.php?rest_route=\/wp\/v2\/posts\/1214\/revisions\/1216"}],"wp:featuredmedia":[{"embeddable":true,"href":"https:\/\/volcanes.net\/index.php?rest_route=\/wp\/v2\/media\/1215"}],"wp:attachment":[{"href":"https:\/\/volcanes.net\/index.php?rest_route=%2Fwp%2Fv2%2Fmedia&parent=1214"}],"wp:term":[{"taxonomy":"category","embeddable":true,"href":"https:\/\/volcanes.net\/index.php?rest_route=%2Fwp%2Fv2%2Fcategories&post=1214"},{"taxonomy":"post_tag","embeddable":true,"href":"https:\/\/volcanes.net\/index.php?rest_route=%2Fwp%2Fv2%2Ftags&post=1214"}],"curies":[{"name":"wp","href":"https:\/\/api.w.org\/{rel}","templated":true}]}}