{"id":12152,"date":"2021-11-04T18:13:42","date_gmt":"2021-11-05T00:13:42","guid":{"rendered":"http:\/\/volcanes.net\/?p=12152"},"modified":"2021-11-04T18:13:42","modified_gmt":"2021-11-05T00:13:42","slug":"inician-obra-de-acceso-al-modulo-de-proteccion-civil-de-ecatzingo-2","status":"publish","type":"post","link":"https:\/\/volcanes.net\/?p=12152","title":{"rendered":"Inician obra de Acceso al M\u00f3dulo de Protecci\u00f3n Civil de Ecatzingo"},"content":{"rendered":"<div style=\"margin-top: 0px; margin-bottom: 0px;\" class=\"sharethis-inline-share-buttons\" ><\/div><p style=\"box-sizing: inherit; margin: 0px 0px 15px; font-family: 'Noticia Text', sans-serif; color: #757575;\">Ecatzingo, Estado de M\u00e9xico.- Ecatzingo es uno de los municipios con un alto riesgo volc\u00e1nico, raz\u00f3n por la que se inici\u00f3 la Obra de Acceso al M\u00f3dulo de Protecci\u00f3n Civil. \u00abTener instalaciones que brinden mejores servicios a los ciudadanos es parte de nuestra responsabilidad\u00bb, se\u00f1al\u00f3 la presidenta municipal Roc\u00edo Solis Robles.<\/p>\n<p style=\"box-sizing: inherit; margin: 0px 0px 15px; font-family: 'Noticia Text', sans-serif; color: #757575;\">Cabe mencionar que Protecci\u00f3n Civil de Ecatzingo es un frente para apoyar a la ciudadan\u00eda en traslados a la Ciudad de M\u00e9xico de personas en estado cr\u00edtico.<\/p>\n<p style=\"box-sizing: inherit; margin: 0px 0px 15px; font-family: 'Noticia Text', sans-serif; color: #757575;\">Igualmente, esta Instituci\u00f3n constantemente est\u00e1 combatiendo incendios forestales en la zona, raz\u00f3n por la que se deben tener mejores instalaciones.<\/p>\n","protected":false},"excerpt":{"rendered":"<p>Ecatzingo, Estado de M\u00e9xico.- Ecatzingo es uno de los municipios con un alto riesgo volc\u00e1nico,<\/p>\n","protected":false},"author":1,"featured_media":12153,"comment_status":"open","ping_status":"open","sticky":false,"template":"","format":"standard","meta":{"footnotes":""},"categories":[1],"tags":[15],"class_list":["post-12152","post","type-post","status-publish","format-standard","has-post-thumbnail","hentry","category-municipales","tag-ecatzingo"],"yoast_head":"<!-- This site is optimized with the Yoast SEO plugin v25.3 - https:\/\/yoast.com\/wordpress\/plugins\/seo\/ -->\n<title>Inician obra de Acceso al M\u00f3dulo de Protecci\u00f3n Civil de Ecatzingo - Volcanes<\/title>\n<meta name=\"robots\" content=\"index, follow, max-snippet:-1, max-image-preview:large, max-video-preview:-1\" \/>\n<link rel=\"canonical\" href=\"https:\/\/volcanes.net\/?p=12152\" \/>\n<meta property=\"og:locale\" content=\"es_MX\" \/>\n<meta property=\"og:type\" content=\"article\" \/>\n<meta property=\"og:title\" content=\"Inician obra de Acceso al M\u00f3dulo de Protecci\u00f3n Civil de Ecatzingo - Volcanes\" \/>\n<meta property=\"og:description\" content=\"Ecatzingo, Estado de M\u00e9xico.- Ecatzingo es uno de los municipios con un alto riesgo volc\u00e1nico,\" \/>\n<meta property=\"og:url\" content=\"https:\/\/volcanes.net\/?p=12152\" \/>\n<meta property=\"og:site_name\" content=\"Volcanes\" \/>\n<meta property=\"article:publisher\" content=\"https:\/\/www.facebook.com\/volcanes.net\/\" \/>\n<meta property=\"article:published_time\" content=\"2021-11-05T00:13:42+00:00\" \/>\n<meta property=\"og:image\" content=\"https:\/\/volcanes.net\/wp-content\/uploads\/2021\/11\/Screenshot_20211104-180532_Facebook.jpg\" \/>\n\t<meta property=\"og:image:width\" content=\"965\" \/>\n\t<meta property=\"og:image:height\" content=\"545\" \/>\n\t<meta property=\"og:image:type\" content=\"image\/jpeg\" \/>\n<meta name=\"author\" content=\"admin\" \/>\n<meta name=\"twitter:card\" content=\"summary_large_image\" \/>\n<meta name=\"twitter:label1\" content=\"Escrito por\" \/>\n\t<meta name=\"twitter:data1\" content=\"admin\" \/>\n\t<meta name=\"twitter:label2\" content=\"Tiempo de lectura\" \/>\n\t<meta name=\"twitter:data2\" content=\"1 minuto\" \/>\n<script type=\"application\/ld+json\" class=\"yoast-schema-graph\">{\"@context\":\"https:\/\/schema.org\",\"@graph\":[{\"@type\":\"Article\",\"@id\":\"https:\/\/volcanes.net\/?p=12152#article\",\"isPartOf\":{\"@id\":\"https:\/\/volcanes.net\/?p=12152\"},\"author\":{\"name\":\"admin\",\"@id\":\"https:\/\/volcanes.net\/#\/schema\/person\/4bf0f383940966a4abd53f5048c0e6b9\"},\"headline\":\"Inician obra de Acceso al M\u00f3dulo de Protecci\u00f3n Civil de Ecatzingo\",\"datePublished\":\"2021-11-05T00:13:42+00:00\",\"mainEntityOfPage\":{\"@id\":\"https:\/\/volcanes.net\/?p=12152\"},\"wordCount\":125,\"commentCount\":0,\"publisher\":{\"@id\":\"https:\/\/volcanes.net\/#organization\"},\"image\":{\"@id\":\"https:\/\/volcanes.net\/?p=12152#primaryimage\"},\"thumbnailUrl\":\"https:\/\/volcanes.net\/wp-content\/uploads\/2021\/11\/Screenshot_20211104-180532_Facebook.jpg\",\"keywords\":[\"Ecatzingo\"],\"articleSection\":[\"Municipales\"],\"inLanguage\":\"es\",\"potentialAction\":[{\"@type\":\"CommentAction\",\"name\":\"Comment\",\"target\":[\"https:\/\/volcanes.net\/?p=12152#respond\"]}]},{\"@type\":\"WebPage\",\"@id\":\"https:\/\/volcanes.net\/?p=12152\",\"url\":\"https:\/\/volcanes.net\/?p=12152\",\"name\":\"Inician obra de Acceso al M\u00f3dulo de Protecci\u00f3n Civil de Ecatzingo - Volcanes\",\"isPartOf\":{\"@id\":\"https:\/\/volcanes.net\/#website\"},\"primaryImageOfPage\":{\"@id\":\"https:\/\/volcanes.net\/?p=12152#primaryimage\"},\"image\":{\"@id\":\"https:\/\/volcanes.net\/?p=12152#primaryimage\"},\"thumbnailUrl\":\"https:\/\/volcanes.net\/wp-content\/uploads\/2021\/11\/Screenshot_20211104-180532_Facebook.jpg\",\"datePublished\":\"2021-11-05T00:13:42+00:00\",\"breadcrumb\":{\"@id\":\"https:\/\/volcanes.net\/?p=12152#breadcrumb\"},\"inLanguage\":\"es\",\"potentialAction\":[{\"@type\":\"ReadAction\",\"target\":[\"https:\/\/volcanes.net\/?p=12152\"]}]},{\"@type\":\"ImageObject\",\"inLanguage\":\"es\",\"@id\":\"https:\/\/volcanes.net\/?p=12152#primaryimage\",\"url\":\"https:\/\/volcanes.net\/wp-content\/uploads\/2021\/11\/Screenshot_20211104-180532_Facebook.jpg\",\"contentUrl\":\"https:\/\/volcanes.net\/wp-content\/uploads\/2021\/11\/Screenshot_20211104-180532_Facebook.jpg\",\"width\":965,\"height\":545},{\"@type\":\"BreadcrumbList\",\"@id\":\"https:\/\/volcanes.net\/?p=12152#breadcrumb\",\"itemListElement\":[{\"@type\":\"ListItem\",\"position\":1,\"name\":\"Portada\",\"item\":\"https:\/\/volcanes.net\/\"},{\"@type\":\"ListItem\",\"position\":2,\"name\":\"Inician obra de Acceso al M\u00f3dulo de Protecci\u00f3n Civil de Ecatzingo\"}]},{\"@type\":\"WebSite\",\"@id\":\"https:\/\/volcanes.net\/#website\",\"url\":\"https:\/\/volcanes.net\/\",\"name\":\"Volcanes.Net\",\"description\":\"Periodismo Profesional\",\"publisher\":{\"@id\":\"https:\/\/volcanes.net\/#organization\"},\"potentialAction\":[{\"@type\":\"SearchAction\",\"target\":{\"@type\":\"EntryPoint\",\"urlTemplate\":\"https:\/\/volcanes.net\/?s={search_term_string}\"},\"query-input\":{\"@type\":\"PropertyValueSpecification\",\"valueRequired\":true,\"valueName\":\"search_term_string\"}}],\"inLanguage\":\"es\"},{\"@type\":\"Organization\",\"@id\":\"https:\/\/volcanes.net\/#organization\",\"name\":\"Grupo Volcanes\",\"url\":\"https:\/\/volcanes.net\/\",\"logo\":{\"@type\":\"ImageObject\",\"inLanguage\":\"es\",\"@id\":\"https:\/\/volcanes.net\/#\/schema\/logo\/image\/\",\"url\":\"http:\/\/volcanes.net\/wp-content\/uploads\/2017\/12\/Avatar2.jpg\",\"contentUrl\":\"http:\/\/volcanes.net\/wp-content\/uploads\/2017\/12\/Avatar2.jpg\",\"width\":378,\"height\":378,\"caption\":\"Grupo Volcanes\"},\"image\":{\"@id\":\"https:\/\/volcanes.net\/#\/schema\/logo\/image\/\"},\"sameAs\":[\"https:\/\/www.facebook.com\/volcanes.net\/\"]},{\"@type\":\"Person\",\"@id\":\"https:\/\/volcanes.net\/#\/schema\/person\/4bf0f383940966a4abd53f5048c0e6b9\",\"name\":\"admin\",\"image\":{\"@type\":\"ImageObject\",\"inLanguage\":\"es\",\"@id\":\"https:\/\/volcanes.net\/#\/schema\/person\/image\/\",\"url\":\"https:\/\/secure.gravatar.com\/avatar\/ca004e6cba8462b8cb7abc86e382930c?s=96&d=mm&r=g\",\"contentUrl\":\"https:\/\/secure.gravatar.com\/avatar\/ca004e6cba8462b8cb7abc86e382930c?s=96&d=mm&r=g\",\"caption\":\"admin\"}}]}<\/script>\n<!-- \/ Yoast SEO plugin. -->","yoast_head_json":{"title":"Inician obra de Acceso al M\u00f3dulo de Protecci\u00f3n Civil de Ecatzingo - Volcanes","robots":{"index":"index","follow":"follow","max-snippet":"max-snippet:-1","max-image-preview":"max-image-preview:large","max-video-preview":"max-video-preview:-1"},"canonical":"https:\/\/volcanes.net\/?p=12152","og_locale":"es_MX","og_type":"article","og_title":"Inician obra de Acceso al M\u00f3dulo de Protecci\u00f3n Civil de Ecatzingo - Volcanes","og_description":"Ecatzingo, Estado de M\u00e9xico.- Ecatzingo es uno de los municipios con un alto riesgo volc\u00e1nico,","og_url":"https:\/\/volcanes.net\/?p=12152","og_site_name":"Volcanes","article_publisher":"https:\/\/www.facebook.com\/volcanes.net\/","article_published_time":"2021-11-05T00:13:42+00:00","og_image":[{"width":965,"height":545,"url":"https:\/\/volcanes.net\/wp-content\/uploads\/2021\/11\/Screenshot_20211104-180532_Facebook.jpg","type":"image\/jpeg"}],"author":"admin","twitter_card":"summary_large_image","twitter_misc":{"Escrito por":"admin","Tiempo de lectura":"1 minuto"},"schema":{"@context":"https:\/\/schema.org","@graph":[{"@type":"Article","@id":"https:\/\/volcanes.net\/?p=12152#article","isPartOf":{"@id":"https:\/\/volcanes.net\/?p=12152"},"author":{"name":"admin","@id":"https:\/\/volcanes.net\/#\/schema\/person\/4bf0f383940966a4abd53f5048c0e6b9"},"headline":"Inician obra de Acceso al M\u00f3dulo de Protecci\u00f3n Civil de Ecatzingo","datePublished":"2021-11-05T00:13:42+00:00","mainEntityOfPage":{"@id":"https:\/\/volcanes.net\/?p=12152"},"wordCount":125,"commentCount":0,"publisher":{"@id":"https:\/\/volcanes.net\/#organization"},"image":{"@id":"https:\/\/volcanes.net\/?p=12152#primaryimage"},"thumbnailUrl":"https:\/\/volcanes.net\/wp-content\/uploads\/2021\/11\/Screenshot_20211104-180532_Facebook.jpg","keywords":["Ecatzingo"],"articleSection":["Municipales"],"inLanguage":"es","potentialAction":[{"@type":"CommentAction","name":"Comment","target":["https:\/\/volcanes.net\/?p=12152#respond"]}]},{"@type":"WebPage","@id":"https:\/\/volcanes.net\/?p=12152","url":"https:\/\/volcanes.net\/?p=12152","name":"Inician obra de Acceso al M\u00f3dulo de Protecci\u00f3n Civil de Ecatzingo - Volcanes","isPartOf":{"@id":"https:\/\/volcanes.net\/#website"},"primaryImageOfPage":{"@id":"https:\/\/volcanes.net\/?p=12152#primaryimage"},"image":{"@id":"https:\/\/volcanes.net\/?p=12152#primaryimage"},"thumbnailUrl":"https:\/\/volcanes.net\/wp-content\/uploads\/2021\/11\/Screenshot_20211104-180532_Facebook.jpg","datePublished":"2021-11-05T00:13:42+00:00","breadcrumb":{"@id":"https:\/\/volcanes.net\/?p=12152#breadcrumb"},"inLanguage":"es","potentialAction":[{"@type":"ReadAction","target":["https:\/\/volcanes.net\/?p=12152"]}]},{"@type":"ImageObject","inLanguage":"es","@id":"https:\/\/volcanes.net\/?p=12152#primaryimage","url":"https:\/\/volcanes.net\/wp-content\/uploads\/2021\/11\/Screenshot_20211104-180532_Facebook.jpg","contentUrl":"https:\/\/volcanes.net\/wp-content\/uploads\/2021\/11\/Screenshot_20211104-180532_Facebook.jpg","width":965,"height":545},{"@type":"BreadcrumbList","@id":"https:\/\/volcanes.net\/?p=12152#breadcrumb","itemListElement":[{"@type":"ListItem","position":1,"name":"Portada","item":"https:\/\/volcanes.net\/"},{"@type":"ListItem","position":2,"name":"Inician obra de Acceso al M\u00f3dulo de Protecci\u00f3n Civil de Ecatzingo"}]},{"@type":"WebSite","@id":"https:\/\/volcanes.net\/#website","url":"https:\/\/volcanes.net\/","name":"Volcanes.Net","description":"Periodismo Profesional","publisher":{"@id":"https:\/\/volcanes.net\/#organization"},"potentialAction":[{"@type":"SearchAction","target":{"@type":"EntryPoint","urlTemplate":"https:\/\/volcanes.net\/?s={search_term_string}"},"query-input":{"@type":"PropertyValueSpecification","valueRequired":true,"valueName":"search_term_string"}}],"inLanguage":"es"},{"@type":"Organization","@id":"https:\/\/volcanes.net\/#organization","name":"Grupo Volcanes","url":"https:\/\/volcanes.net\/","logo":{"@type":"ImageObject","inLanguage":"es","@id":"https:\/\/volcanes.net\/#\/schema\/logo\/image\/","url":"http:\/\/volcanes.net\/wp-content\/uploads\/2017\/12\/Avatar2.jpg","contentUrl":"http:\/\/volcanes.net\/wp-content\/uploads\/2017\/12\/Avatar2.jpg","width":378,"height":378,"caption":"Grupo Volcanes"},"image":{"@id":"https:\/\/volcanes.net\/#\/schema\/logo\/image\/"},"sameAs":["https:\/\/www.facebook.com\/volcanes.net\/"]},{"@type":"Person","@id":"https:\/\/volcanes.net\/#\/schema\/person\/4bf0f383940966a4abd53f5048c0e6b9","name":"admin","image":{"@type":"ImageObject","inLanguage":"es","@id":"https:\/\/volcanes.net\/#\/schema\/person\/image\/","url":"https:\/\/secure.gravatar.com\/avatar\/ca004e6cba8462b8cb7abc86e382930c?s=96&d=mm&r=g","contentUrl":"https:\/\/secure.gravatar.com\/avatar\/ca004e6cba8462b8cb7abc86e382930c?s=96&d=mm&r=g","caption":"admin"}}]}},"_links":{"self":[{"href":"https:\/\/volcanes.net\/index.php?rest_route=\/wp\/v2\/posts\/12152"}],"collection":[{"href":"https:\/\/volcanes.net\/index.php?rest_route=\/wp\/v2\/posts"}],"about":[{"href":"https:\/\/volcanes.net\/index.php?rest_route=\/wp\/v2\/types\/post"}],"author":[{"embeddable":true,"href":"https:\/\/volcanes.net\/index.php?rest_route=\/wp\/v2\/users\/1"}],"replies":[{"embeddable":true,"href":"https:\/\/volcanes.net\/index.php?rest_route=%2Fwp%2Fv2%2Fcomments&post=12152"}],"version-history":[{"count":1,"href":"https:\/\/volcanes.net\/index.php?rest_route=\/wp\/v2\/posts\/12152\/revisions"}],"predecessor-version":[{"id":12154,"href":"https:\/\/volcanes.net\/index.php?rest_route=\/wp\/v2\/posts\/12152\/revisions\/12154"}],"wp:featuredmedia":[{"embeddable":true,"href":"https:\/\/volcanes.net\/index.php?rest_route=\/wp\/v2\/media\/12153"}],"wp:attachment":[{"href":"https:\/\/volcanes.net\/index.php?rest_route=%2Fwp%2Fv2%2Fmedia&parent=12152"}],"wp:term":[{"taxonomy":"category","embeddable":true,"href":"https:\/\/volcanes.net\/index.php?rest_route=%2Fwp%2Fv2%2Fcategories&post=12152"},{"taxonomy":"post_tag","embeddable":true,"href":"https:\/\/volcanes.net\/index.php?rest_route=%2Fwp%2Fv2%2Ftags&post=12152"}],"curies":[{"name":"wp","href":"https:\/\/api.w.org\/{rel}","templated":true}]}}