{"id":12155,"date":"2021-11-04T21:53:26","date_gmt":"2021-11-05T03:53:26","guid":{"rendered":"http:\/\/volcanes.net\/?p=12155"},"modified":"2021-11-04T21:53:26","modified_gmt":"2021-11-05T03:53:26","slug":"morena-propone-legalizar-el-aborto-en-el-edomex","status":"publish","type":"post","link":"https:\/\/volcanes.net\/?p=12155","title":{"rendered":"Morena propone legalizar el aborto en el Edom\u00e9x"},"content":{"rendered":"<div style=\"margin-top: 0px; margin-bottom: 0px;\" class=\"sharethis-inline-share-buttons\" ><\/div><p>Toluca, Estado de M\u00e9xico.- Movimiento Ciudadano plantea reformar la Constituci\u00f3n para garantizar a mujeres y personas gestantes una salud sexual, acceso a m\u00e9todos anticonceptivos y sobre todo, a la interrupci\u00f3n legal del embarazo.<\/p>\n<p>El grupo parlamentario de Morena en el Congreso local present\u00f3 una iniciativa de reforma integral a la legislaci\u00f3n para legalizar la interrupci\u00f3n del embarazo en las primeras 12 semanas de gestaci\u00f3n; establecer la obligaci\u00f3n del Estado de prestar este servicio de forma gratuita, segura, informada y sin discriminaci\u00f3n; otorgar educaci\u00f3n sexual a mujeres, hombres, ni\u00f1as, ni\u00f1os y adolescentes, y facilitar el acceso a m\u00e9todos anticonceptivos eficaces.<\/p>\n<p>De acuerdo con la diputada Anais Miriam Burgos Hern\u00e1ndez, la iniciativa es vanguardista y distinta al resto de las entidades que s\u00f3lo se enfocan en lo penal, pues incluye reformas en materia administrativa y de salud, y es resultado de un proceso de Parlamento Abierto, en el que se ha escuchado a mujeres, colectivas feministas, como la Red de Mujeres y Organizaciones Feministas del Estado de M\u00e9xico, Mar\u00edas Acompa\u00f1antes, Marie Stopes, Posdata yo si te creo, Red Violeta y Sumando Igualdad, Colectiva Rosas Negras, entre otras, as\u00ed como especialistas, por lo que incluye sus propuestas y demandas.<\/p>\n<p>La legisladora destac\u00f3 el impulso a esta iniciativa de las diputadas Mar\u00eda del Rosario Elizalde V\u00e1zquez y Yesica Yaneth Rojas Hern\u00e1ndez, as\u00ed como de los diputados Daniel Andr\u00e9s Sibaja Gonz\u00e1lez y Marco Antonio Cruz Cruz, as\u00ed como de exlegisladoras como Mar\u00eda de Jes\u00fas Galicia Ramos y Nancy N\u00e1poles Pacheco, por lo que llam\u00f3 a la Legislatura a asumir un compromiso colectivo para eliminar las barreras pol\u00edticas que han aislado y discriminando a todas las mujeres.<\/p>\n<p>De igual forma, precis\u00f3 que el grupo legislativo de Morena insiste en presentar esta iniciativa ante el desaf\u00edo y planteamientos de mujeres de todas las edades y de todas las clases sociales que viven en el Estado de M\u00e9xico y que abortan de manera clandestina o recurren a los servicios de salud de la Ciudad de M\u00e9xico, donde se estima que m\u00e1s de 63 mil mujeres han interrumpido su embarazo.<\/p>\n<p>La propuesta que considera reformas a los c\u00f3digos Penal, Administrativo y Civil, as\u00ed como a la Ley de Acceso de las Mujeres a una Vida Libre de Violencia, todos del Estado de M\u00e9xico, fue remitida a las Comisiones de Gobernaci\u00f3n y Puntos Constitucionales, de Salud, Asistencia y Bienestar Social y para la Igualdad de G\u00e9nero.<br \/>\nPropone MC elevar a rango constitucional el acceso al aborto legal<\/p>\n<p>La diputada Juana Bonilla Jaime propuso, en nombre del grupo parlamentario de Movimiento Ciudadano en el Congreso local, establecer en la Constituci\u00f3n Pol\u00edtica estatal que el Estado promover\u00e1 y proteger\u00e1 los derechos sexuales y reproductivos de las mujeres, hombres y personas gestantes, velando por el libre ejercicio de los mismos y que la ley garantizar\u00e1 el acceso efectivo a los m\u00e9todos anticonceptivos, y la interrupci\u00f3n legal del embarazo, en condiciones de gratuidad y calidad.<\/p>\n<p>La legisladora explic\u00f3 que la iniciativa de reforma al art\u00edculo 5 de la Constituci\u00f3n busca que las y los mexiquenses tomen decisiones libres y responsables, sin violencia ni discriminaci\u00f3n, respecto a su cuerpo y a la salud sexual y reproductiva.<\/p>\n<p>La iniciativa fue remitida a las comisiones de Gobernaci\u00f3n y Puntos Constitucionales y de Salud, Asistencia y Bienestar Social, y para la Igualdad de G\u00e9nero.<\/p>\n","protected":false},"excerpt":{"rendered":"<p>Toluca, Estado de M\u00e9xico.- Movimiento Ciudadano plantea reformar la Constituci\u00f3n para garantizar a mujeres y<\/p>\n","protected":false},"author":1,"featured_media":12156,"comment_status":"open","ping_status":"open","sticky":false,"template":"","format":"standard","meta":{"footnotes":""},"categories":[3],"tags":[305,309,41],"class_list":["post-12155","post","type-post","status-publish","format-standard","has-post-thumbnail","hentry","category-estatales","tag-anais-burgos","tag-lxi-legislatura-del-estado-de-mexico","tag-toluca"],"yoast_head":"<!-- This site is optimized with the Yoast SEO plugin v25.3 - https:\/\/yoast.com\/wordpress\/plugins\/seo\/ -->\n<title>Morena propone legalizar el aborto en el Edom\u00e9x - Volcanes<\/title>\n<meta name=\"robots\" content=\"index, follow, max-snippet:-1, max-image-preview:large, max-video-preview:-1\" \/>\n<link rel=\"canonical\" href=\"https:\/\/volcanes.net\/?p=12155\" \/>\n<meta property=\"og:locale\" content=\"es_MX\" \/>\n<meta property=\"og:type\" content=\"article\" \/>\n<meta property=\"og:title\" content=\"Morena propone legalizar el aborto en el Edom\u00e9x - Volcanes\" \/>\n<meta property=\"og:description\" content=\"Toluca, Estado de M\u00e9xico.- Movimiento Ciudadano plantea reformar la Constituci\u00f3n para garantizar a mujeres y\" \/>\n<meta property=\"og:url\" content=\"https:\/\/volcanes.net\/?p=12155\" \/>\n<meta property=\"og:site_name\" content=\"Volcanes\" \/>\n<meta property=\"article:publisher\" content=\"https:\/\/www.facebook.com\/volcanes.net\/\" \/>\n<meta property=\"article:published_time\" content=\"2021-11-05T03:53:26+00:00\" \/>\n<meta property=\"og:image\" content=\"https:\/\/volcanes.net\/wp-content\/uploads\/2021\/11\/IMG-20211104-WA0028.jpg\" \/>\n\t<meta property=\"og:image:width\" content=\"1600\" \/>\n\t<meta property=\"og:image:height\" content=\"1066\" \/>\n\t<meta property=\"og:image:type\" content=\"image\/jpeg\" \/>\n<meta name=\"author\" content=\"admin\" \/>\n<meta name=\"twitter:card\" content=\"summary_large_image\" \/>\n<meta name=\"twitter:label1\" content=\"Escrito por\" \/>\n\t<meta name=\"twitter:data1\" content=\"admin\" \/>\n\t<meta name=\"twitter:label2\" content=\"Tiempo de lectura\" \/>\n\t<meta name=\"twitter:data2\" content=\"3 minutos\" \/>\n<script type=\"application\/ld+json\" class=\"yoast-schema-graph\">{\"@context\":\"https:\/\/schema.org\",\"@graph\":[{\"@type\":\"Article\",\"@id\":\"https:\/\/volcanes.net\/?p=12155#article\",\"isPartOf\":{\"@id\":\"https:\/\/volcanes.net\/?p=12155\"},\"author\":{\"name\":\"admin\",\"@id\":\"https:\/\/volcanes.net\/#\/schema\/person\/4bf0f383940966a4abd53f5048c0e6b9\"},\"headline\":\"Morena propone legalizar el aborto en el Edom\u00e9x\",\"datePublished\":\"2021-11-05T03:53:26+00:00\",\"mainEntityOfPage\":{\"@id\":\"https:\/\/volcanes.net\/?p=12155\"},\"wordCount\":597,\"commentCount\":0,\"publisher\":{\"@id\":\"https:\/\/volcanes.net\/#organization\"},\"image\":{\"@id\":\"https:\/\/volcanes.net\/?p=12155#primaryimage\"},\"thumbnailUrl\":\"https:\/\/volcanes.net\/wp-content\/uploads\/2021\/11\/IMG-20211104-WA0028.jpg\",\"keywords\":[\"Ana\u00eds Burgos\",\"LXI Legislatura del Estado de M\u00e9xico\",\"Toluca\"],\"articleSection\":[\"Estatales\"],\"inLanguage\":\"es\",\"potentialAction\":[{\"@type\":\"CommentAction\",\"name\":\"Comment\",\"target\":[\"https:\/\/volcanes.net\/?p=12155#respond\"]}]},{\"@type\":\"WebPage\",\"@id\":\"https:\/\/volcanes.net\/?p=12155\",\"url\":\"https:\/\/volcanes.net\/?p=12155\",\"name\":\"Morena propone legalizar el aborto en el Edom\u00e9x - Volcanes\",\"isPartOf\":{\"@id\":\"https:\/\/volcanes.net\/#website\"},\"primaryImageOfPage\":{\"@id\":\"https:\/\/volcanes.net\/?p=12155#primaryimage\"},\"image\":{\"@id\":\"https:\/\/volcanes.net\/?p=12155#primaryimage\"},\"thumbnailUrl\":\"https:\/\/volcanes.net\/wp-content\/uploads\/2021\/11\/IMG-20211104-WA0028.jpg\",\"datePublished\":\"2021-11-05T03:53:26+00:00\",\"breadcrumb\":{\"@id\":\"https:\/\/volcanes.net\/?p=12155#breadcrumb\"},\"inLanguage\":\"es\",\"potentialAction\":[{\"@type\":\"ReadAction\",\"target\":[\"https:\/\/volcanes.net\/?p=12155\"]}]},{\"@type\":\"ImageObject\",\"inLanguage\":\"es\",\"@id\":\"https:\/\/volcanes.net\/?p=12155#primaryimage\",\"url\":\"https:\/\/volcanes.net\/wp-content\/uploads\/2021\/11\/IMG-20211104-WA0028.jpg\",\"contentUrl\":\"https:\/\/volcanes.net\/wp-content\/uploads\/2021\/11\/IMG-20211104-WA0028.jpg\",\"width\":1600,\"height\":1066},{\"@type\":\"BreadcrumbList\",\"@id\":\"https:\/\/volcanes.net\/?p=12155#breadcrumb\",\"itemListElement\":[{\"@type\":\"ListItem\",\"position\":1,\"name\":\"Portada\",\"item\":\"https:\/\/volcanes.net\/\"},{\"@type\":\"ListItem\",\"position\":2,\"name\":\"Morena propone legalizar el aborto en el Edom\u00e9x\"}]},{\"@type\":\"WebSite\",\"@id\":\"https:\/\/volcanes.net\/#website\",\"url\":\"https:\/\/volcanes.net\/\",\"name\":\"Volcanes.Net\",\"description\":\"Periodismo Profesional\",\"publisher\":{\"@id\":\"https:\/\/volcanes.net\/#organization\"},\"potentialAction\":[{\"@type\":\"SearchAction\",\"target\":{\"@type\":\"EntryPoint\",\"urlTemplate\":\"https:\/\/volcanes.net\/?s={search_term_string}\"},\"query-input\":{\"@type\":\"PropertyValueSpecification\",\"valueRequired\":true,\"valueName\":\"search_term_string\"}}],\"inLanguage\":\"es\"},{\"@type\":\"Organization\",\"@id\":\"https:\/\/volcanes.net\/#organization\",\"name\":\"Grupo Volcanes\",\"url\":\"https:\/\/volcanes.net\/\",\"logo\":{\"@type\":\"ImageObject\",\"inLanguage\":\"es\",\"@id\":\"https:\/\/volcanes.net\/#\/schema\/logo\/image\/\",\"url\":\"http:\/\/volcanes.net\/wp-content\/uploads\/2017\/12\/Avatar2.jpg\",\"contentUrl\":\"http:\/\/volcanes.net\/wp-content\/uploads\/2017\/12\/Avatar2.jpg\",\"width\":378,\"height\":378,\"caption\":\"Grupo Volcanes\"},\"image\":{\"@id\":\"https:\/\/volcanes.net\/#\/schema\/logo\/image\/\"},\"sameAs\":[\"https:\/\/www.facebook.com\/volcanes.net\/\"]},{\"@type\":\"Person\",\"@id\":\"https:\/\/volcanes.net\/#\/schema\/person\/4bf0f383940966a4abd53f5048c0e6b9\",\"name\":\"admin\",\"image\":{\"@type\":\"ImageObject\",\"inLanguage\":\"es\",\"@id\":\"https:\/\/volcanes.net\/#\/schema\/person\/image\/\",\"url\":\"https:\/\/secure.gravatar.com\/avatar\/ca004e6cba8462b8cb7abc86e382930c?s=96&d=mm&r=g\",\"contentUrl\":\"https:\/\/secure.gravatar.com\/avatar\/ca004e6cba8462b8cb7abc86e382930c?s=96&d=mm&r=g\",\"caption\":\"admin\"}}]}<\/script>\n<!-- \/ Yoast SEO plugin. -->","yoast_head_json":{"title":"Morena propone legalizar el aborto en el Edom\u00e9x - Volcanes","robots":{"index":"index","follow":"follow","max-snippet":"max-snippet:-1","max-image-preview":"max-image-preview:large","max-video-preview":"max-video-preview:-1"},"canonical":"https:\/\/volcanes.net\/?p=12155","og_locale":"es_MX","og_type":"article","og_title":"Morena propone legalizar el aborto en el Edom\u00e9x - Volcanes","og_description":"Toluca, Estado de M\u00e9xico.- Movimiento Ciudadano plantea reformar la Constituci\u00f3n para garantizar a mujeres y","og_url":"https:\/\/volcanes.net\/?p=12155","og_site_name":"Volcanes","article_publisher":"https:\/\/www.facebook.com\/volcanes.net\/","article_published_time":"2021-11-05T03:53:26+00:00","og_image":[{"width":1600,"height":1066,"url":"https:\/\/volcanes.net\/wp-content\/uploads\/2021\/11\/IMG-20211104-WA0028.jpg","type":"image\/jpeg"}],"author":"admin","twitter_card":"summary_large_image","twitter_misc":{"Escrito por":"admin","Tiempo de lectura":"3 minutos"},"schema":{"@context":"https:\/\/schema.org","@graph":[{"@type":"Article","@id":"https:\/\/volcanes.net\/?p=12155#article","isPartOf":{"@id":"https:\/\/volcanes.net\/?p=12155"},"author":{"name":"admin","@id":"https:\/\/volcanes.net\/#\/schema\/person\/4bf0f383940966a4abd53f5048c0e6b9"},"headline":"Morena propone legalizar el aborto en el Edom\u00e9x","datePublished":"2021-11-05T03:53:26+00:00","mainEntityOfPage":{"@id":"https:\/\/volcanes.net\/?p=12155"},"wordCount":597,"commentCount":0,"publisher":{"@id":"https:\/\/volcanes.net\/#organization"},"image":{"@id":"https:\/\/volcanes.net\/?p=12155#primaryimage"},"thumbnailUrl":"https:\/\/volcanes.net\/wp-content\/uploads\/2021\/11\/IMG-20211104-WA0028.jpg","keywords":["Ana\u00eds Burgos","LXI Legislatura del Estado de M\u00e9xico","Toluca"],"articleSection":["Estatales"],"inLanguage":"es","potentialAction":[{"@type":"CommentAction","name":"Comment","target":["https:\/\/volcanes.net\/?p=12155#respond"]}]},{"@type":"WebPage","@id":"https:\/\/volcanes.net\/?p=12155","url":"https:\/\/volcanes.net\/?p=12155","name":"Morena propone legalizar el aborto en el Edom\u00e9x - Volcanes","isPartOf":{"@id":"https:\/\/volcanes.net\/#website"},"primaryImageOfPage":{"@id":"https:\/\/volcanes.net\/?p=12155#primaryimage"},"image":{"@id":"https:\/\/volcanes.net\/?p=12155#primaryimage"},"thumbnailUrl":"https:\/\/volcanes.net\/wp-content\/uploads\/2021\/11\/IMG-20211104-WA0028.jpg","datePublished":"2021-11-05T03:53:26+00:00","breadcrumb":{"@id":"https:\/\/volcanes.net\/?p=12155#breadcrumb"},"inLanguage":"es","potentialAction":[{"@type":"ReadAction","target":["https:\/\/volcanes.net\/?p=12155"]}]},{"@type":"ImageObject","inLanguage":"es","@id":"https:\/\/volcanes.net\/?p=12155#primaryimage","url":"https:\/\/volcanes.net\/wp-content\/uploads\/2021\/11\/IMG-20211104-WA0028.jpg","contentUrl":"https:\/\/volcanes.net\/wp-content\/uploads\/2021\/11\/IMG-20211104-WA0028.jpg","width":1600,"height":1066},{"@type":"BreadcrumbList","@id":"https:\/\/volcanes.net\/?p=12155#breadcrumb","itemListElement":[{"@type":"ListItem","position":1,"name":"Portada","item":"https:\/\/volcanes.net\/"},{"@type":"ListItem","position":2,"name":"Morena propone legalizar el aborto en el Edom\u00e9x"}]},{"@type":"WebSite","@id":"https:\/\/volcanes.net\/#website","url":"https:\/\/volcanes.net\/","name":"Volcanes.Net","description":"Periodismo Profesional","publisher":{"@id":"https:\/\/volcanes.net\/#organization"},"potentialAction":[{"@type":"SearchAction","target":{"@type":"EntryPoint","urlTemplate":"https:\/\/volcanes.net\/?s={search_term_string}"},"query-input":{"@type":"PropertyValueSpecification","valueRequired":true,"valueName":"search_term_string"}}],"inLanguage":"es"},{"@type":"Organization","@id":"https:\/\/volcanes.net\/#organization","name":"Grupo Volcanes","url":"https:\/\/volcanes.net\/","logo":{"@type":"ImageObject","inLanguage":"es","@id":"https:\/\/volcanes.net\/#\/schema\/logo\/image\/","url":"http:\/\/volcanes.net\/wp-content\/uploads\/2017\/12\/Avatar2.jpg","contentUrl":"http:\/\/volcanes.net\/wp-content\/uploads\/2017\/12\/Avatar2.jpg","width":378,"height":378,"caption":"Grupo Volcanes"},"image":{"@id":"https:\/\/volcanes.net\/#\/schema\/logo\/image\/"},"sameAs":["https:\/\/www.facebook.com\/volcanes.net\/"]},{"@type":"Person","@id":"https:\/\/volcanes.net\/#\/schema\/person\/4bf0f383940966a4abd53f5048c0e6b9","name":"admin","image":{"@type":"ImageObject","inLanguage":"es","@id":"https:\/\/volcanes.net\/#\/schema\/person\/image\/","url":"https:\/\/secure.gravatar.com\/avatar\/ca004e6cba8462b8cb7abc86e382930c?s=96&d=mm&r=g","contentUrl":"https:\/\/secure.gravatar.com\/avatar\/ca004e6cba8462b8cb7abc86e382930c?s=96&d=mm&r=g","caption":"admin"}}]}},"_links":{"self":[{"href":"https:\/\/volcanes.net\/index.php?rest_route=\/wp\/v2\/posts\/12155"}],"collection":[{"href":"https:\/\/volcanes.net\/index.php?rest_route=\/wp\/v2\/posts"}],"about":[{"href":"https:\/\/volcanes.net\/index.php?rest_route=\/wp\/v2\/types\/post"}],"author":[{"embeddable":true,"href":"https:\/\/volcanes.net\/index.php?rest_route=\/wp\/v2\/users\/1"}],"replies":[{"embeddable":true,"href":"https:\/\/volcanes.net\/index.php?rest_route=%2Fwp%2Fv2%2Fcomments&post=12155"}],"version-history":[{"count":1,"href":"https:\/\/volcanes.net\/index.php?rest_route=\/wp\/v2\/posts\/12155\/revisions"}],"predecessor-version":[{"id":12157,"href":"https:\/\/volcanes.net\/index.php?rest_route=\/wp\/v2\/posts\/12155\/revisions\/12157"}],"wp:featuredmedia":[{"embeddable":true,"href":"https:\/\/volcanes.net\/index.php?rest_route=\/wp\/v2\/media\/12156"}],"wp:attachment":[{"href":"https:\/\/volcanes.net\/index.php?rest_route=%2Fwp%2Fv2%2Fmedia&parent=12155"}],"wp:term":[{"taxonomy":"category","embeddable":true,"href":"https:\/\/volcanes.net\/index.php?rest_route=%2Fwp%2Fv2%2Fcategories&post=12155"},{"taxonomy":"post_tag","embeddable":true,"href":"https:\/\/volcanes.net\/index.php?rest_route=%2Fwp%2Fv2%2Ftags&post=12155"}],"curies":[{"name":"wp","href":"https:\/\/api.w.org\/{rel}","templated":true}]}}