{"id":12158,"date":"2021-11-05T13:57:06","date_gmt":"2021-11-05T19:57:06","guid":{"rendered":"http:\/\/volcanes.net\/?p=12158"},"modified":"2021-11-05T13:57:06","modified_gmt":"2021-11-05T19:57:06","slug":"inician-obra-de-iluminacion-en-calle-revolucion-en-san-mateo-tepopula","status":"publish","type":"post","link":"https:\/\/volcanes.net\/?p=12158","title":{"rendered":"Inician obra de iluminaci\u00f3n en Calle Revoluci\u00f3n en San Mateo Tepopula"},"content":{"rendered":"<div style=\"margin-top: 0px; margin-bottom: 0px;\" class=\"sharethis-inline-share-buttons\" ><\/div><p>Tenango del Aire, Estado de M\u00e9xico.- El presidente municipal Roberto \u00c1vila Ventura anunci\u00f3 el inicio de obra para la iluminaci\u00f3n iluminaci\u00f3n calle Revoluci\u00f3n en San Mateo Tepopula.<\/p>\n<p>Anunci\u00f3 que se instalar\u00e1n postes de 7 metros de altura con base en concreto as\u00ed como tambi\u00e9n la tuber\u00eda ser\u00e1 subterr\u00e1nea con l\u00e1mparas Led de \u00faltima generaci\u00f3n de 75 watts, esto con el objetivo de bajar el consumo de energ\u00eda.<\/p>\n<p>&#8220;La iluminaci\u00f3n representa un cambio de vida a nuestro municipio&#8221;, se\u00f1al\u00f3 el alcalde.<\/p>\n<p>\u00c1vila Ventura ha dejado en claro que la iluminaci\u00f3n es un tema necesario y una vez teniendo las calles iluminadas se podr\u00e1 caminar m\u00e1s tranquilo y con felicidad.<\/p>\n<p id=\"docs-internal-guid-c1860df8-7fff-41e0-06e7-481094d44ca4\" dir=\"ltr\" style=\"line-height: 1.3800000000000001; margin-top: 0.0pt; margin-bottom: 0.0pt;\"><span style=\"font-size: 12pt; font-family: georgia, palatino, serif; color: #000000; background-color: transparent; font-variant-numeric: normal; font-variant-east-asian: normal; vertical-align: baseline; white-space: pre-wrap;\">Cabe destacar que actualmente se contempla un gran proyecto de iluminaci\u00f3n en el municipio de Tenango del Aire, enfatiz\u00f3 la construcci\u00f3n de los superpostes en parques, as\u00ed como la construcci\u00f3n de los andadores que se encuentran perfectamente iluminados.<\/span><\/p>\n<p dir=\"ltr\">En el municipio de Tenango del Aire se ha estado trabajando para lograr el t\u00edtulo: &#8220;Pueblo con Encanto&#8221;, raz\u00f3n por la que se est\u00e1 cambiando la imagen urbana de cada una de las \u00e1reas.<\/p>\n","protected":false},"excerpt":{"rendered":"<p>Tenango del Aire, Estado de M\u00e9xico.- El presidente municipal Roberto \u00c1vila Ventura anunci\u00f3 el inicio<\/p>\n","protected":false},"author":1,"featured_media":12159,"comment_status":"open","ping_status":"open","sticky":false,"template":"","format":"standard","meta":{"footnotes":""},"categories":[1],"tags":[17],"class_list":["post-12158","post","type-post","status-publish","format-standard","has-post-thumbnail","hentry","category-municipales","tag-tenango-del-aire"],"yoast_head":"<!-- This site is optimized with the Yoast SEO plugin v25.3 - https:\/\/yoast.com\/wordpress\/plugins\/seo\/ -->\n<title>Inician obra de iluminaci\u00f3n en Calle Revoluci\u00f3n en San Mateo Tepopula - Volcanes<\/title>\n<meta name=\"robots\" content=\"index, follow, max-snippet:-1, max-image-preview:large, max-video-preview:-1\" \/>\n<link rel=\"canonical\" href=\"https:\/\/volcanes.net\/?p=12158\" \/>\n<meta property=\"og:locale\" content=\"es_MX\" \/>\n<meta property=\"og:type\" content=\"article\" \/>\n<meta property=\"og:title\" content=\"Inician obra de iluminaci\u00f3n en Calle Revoluci\u00f3n en San Mateo Tepopula - Volcanes\" \/>\n<meta property=\"og:description\" content=\"Tenango del Aire, Estado de M\u00e9xico.- El presidente municipal Roberto \u00c1vila Ventura anunci\u00f3 el inicio\" \/>\n<meta property=\"og:url\" content=\"https:\/\/volcanes.net\/?p=12158\" \/>\n<meta property=\"og:site_name\" content=\"Volcanes\" \/>\n<meta property=\"article:publisher\" content=\"https:\/\/www.facebook.com\/volcanes.net\/\" \/>\n<meta property=\"article:published_time\" content=\"2021-11-05T19:57:06+00:00\" \/>\n<meta property=\"og:image\" content=\"https:\/\/volcanes.net\/wp-content\/uploads\/2021\/11\/IMG-20211105-WA0021.jpg\" \/>\n\t<meta property=\"og:image:width\" content=\"1600\" \/>\n\t<meta property=\"og:image:height\" content=\"720\" \/>\n\t<meta property=\"og:image:type\" content=\"image\/jpeg\" \/>\n<meta name=\"author\" content=\"admin\" \/>\n<meta name=\"twitter:card\" content=\"summary_large_image\" \/>\n<meta name=\"twitter:label1\" content=\"Escrito por\" \/>\n\t<meta name=\"twitter:data1\" content=\"admin\" \/>\n\t<meta name=\"twitter:label2\" content=\"Tiempo de lectura\" \/>\n\t<meta name=\"twitter:data2\" content=\"1 minuto\" \/>\n<script type=\"application\/ld+json\" class=\"yoast-schema-graph\">{\"@context\":\"https:\/\/schema.org\",\"@graph\":[{\"@type\":\"Article\",\"@id\":\"https:\/\/volcanes.net\/?p=12158#article\",\"isPartOf\":{\"@id\":\"https:\/\/volcanes.net\/?p=12158\"},\"author\":{\"name\":\"admin\",\"@id\":\"https:\/\/volcanes.net\/#\/schema\/person\/4bf0f383940966a4abd53f5048c0e6b9\"},\"headline\":\"Inician obra de iluminaci\u00f3n en Calle Revoluci\u00f3n en San Mateo Tepopula\",\"datePublished\":\"2021-11-05T19:57:06+00:00\",\"mainEntityOfPage\":{\"@id\":\"https:\/\/volcanes.net\/?p=12158\"},\"wordCount\":212,\"commentCount\":0,\"publisher\":{\"@id\":\"https:\/\/volcanes.net\/#organization\"},\"image\":{\"@id\":\"https:\/\/volcanes.net\/?p=12158#primaryimage\"},\"thumbnailUrl\":\"https:\/\/volcanes.net\/wp-content\/uploads\/2021\/11\/IMG-20211105-WA0021.jpg\",\"keywords\":[\"Tenango del Aire\"],\"articleSection\":[\"Municipales\"],\"inLanguage\":\"es\",\"potentialAction\":[{\"@type\":\"CommentAction\",\"name\":\"Comment\",\"target\":[\"https:\/\/volcanes.net\/?p=12158#respond\"]}]},{\"@type\":\"WebPage\",\"@id\":\"https:\/\/volcanes.net\/?p=12158\",\"url\":\"https:\/\/volcanes.net\/?p=12158\",\"name\":\"Inician obra de iluminaci\u00f3n en Calle Revoluci\u00f3n en San Mateo Tepopula - Volcanes\",\"isPartOf\":{\"@id\":\"https:\/\/volcanes.net\/#website\"},\"primaryImageOfPage\":{\"@id\":\"https:\/\/volcanes.net\/?p=12158#primaryimage\"},\"image\":{\"@id\":\"https:\/\/volcanes.net\/?p=12158#primaryimage\"},\"thumbnailUrl\":\"https:\/\/volcanes.net\/wp-content\/uploads\/2021\/11\/IMG-20211105-WA0021.jpg\",\"datePublished\":\"2021-11-05T19:57:06+00:00\",\"breadcrumb\":{\"@id\":\"https:\/\/volcanes.net\/?p=12158#breadcrumb\"},\"inLanguage\":\"es\",\"potentialAction\":[{\"@type\":\"ReadAction\",\"target\":[\"https:\/\/volcanes.net\/?p=12158\"]}]},{\"@type\":\"ImageObject\",\"inLanguage\":\"es\",\"@id\":\"https:\/\/volcanes.net\/?p=12158#primaryimage\",\"url\":\"https:\/\/volcanes.net\/wp-content\/uploads\/2021\/11\/IMG-20211105-WA0021.jpg\",\"contentUrl\":\"https:\/\/volcanes.net\/wp-content\/uploads\/2021\/11\/IMG-20211105-WA0021.jpg\",\"width\":1600,\"height\":720},{\"@type\":\"BreadcrumbList\",\"@id\":\"https:\/\/volcanes.net\/?p=12158#breadcrumb\",\"itemListElement\":[{\"@type\":\"ListItem\",\"position\":1,\"name\":\"Portada\",\"item\":\"https:\/\/volcanes.net\/\"},{\"@type\":\"ListItem\",\"position\":2,\"name\":\"Inician obra de iluminaci\u00f3n en Calle Revoluci\u00f3n en San Mateo Tepopula\"}]},{\"@type\":\"WebSite\",\"@id\":\"https:\/\/volcanes.net\/#website\",\"url\":\"https:\/\/volcanes.net\/\",\"name\":\"Volcanes.Net\",\"description\":\"Periodismo Profesional\",\"publisher\":{\"@id\":\"https:\/\/volcanes.net\/#organization\"},\"potentialAction\":[{\"@type\":\"SearchAction\",\"target\":{\"@type\":\"EntryPoint\",\"urlTemplate\":\"https:\/\/volcanes.net\/?s={search_term_string}\"},\"query-input\":{\"@type\":\"PropertyValueSpecification\",\"valueRequired\":true,\"valueName\":\"search_term_string\"}}],\"inLanguage\":\"es\"},{\"@type\":\"Organization\",\"@id\":\"https:\/\/volcanes.net\/#organization\",\"name\":\"Grupo Volcanes\",\"url\":\"https:\/\/volcanes.net\/\",\"logo\":{\"@type\":\"ImageObject\",\"inLanguage\":\"es\",\"@id\":\"https:\/\/volcanes.net\/#\/schema\/logo\/image\/\",\"url\":\"http:\/\/volcanes.net\/wp-content\/uploads\/2017\/12\/Avatar2.jpg\",\"contentUrl\":\"http:\/\/volcanes.net\/wp-content\/uploads\/2017\/12\/Avatar2.jpg\",\"width\":378,\"height\":378,\"caption\":\"Grupo Volcanes\"},\"image\":{\"@id\":\"https:\/\/volcanes.net\/#\/schema\/logo\/image\/\"},\"sameAs\":[\"https:\/\/www.facebook.com\/volcanes.net\/\"]},{\"@type\":\"Person\",\"@id\":\"https:\/\/volcanes.net\/#\/schema\/person\/4bf0f383940966a4abd53f5048c0e6b9\",\"name\":\"admin\",\"image\":{\"@type\":\"ImageObject\",\"inLanguage\":\"es\",\"@id\":\"https:\/\/volcanes.net\/#\/schema\/person\/image\/\",\"url\":\"https:\/\/secure.gravatar.com\/avatar\/ca004e6cba8462b8cb7abc86e382930c?s=96&d=mm&r=g\",\"contentUrl\":\"https:\/\/secure.gravatar.com\/avatar\/ca004e6cba8462b8cb7abc86e382930c?s=96&d=mm&r=g\",\"caption\":\"admin\"}}]}<\/script>\n<!-- \/ Yoast SEO plugin. -->","yoast_head_json":{"title":"Inician obra de iluminaci\u00f3n en Calle Revoluci\u00f3n en San Mateo Tepopula - Volcanes","robots":{"index":"index","follow":"follow","max-snippet":"max-snippet:-1","max-image-preview":"max-image-preview:large","max-video-preview":"max-video-preview:-1"},"canonical":"https:\/\/volcanes.net\/?p=12158","og_locale":"es_MX","og_type":"article","og_title":"Inician obra de iluminaci\u00f3n en Calle Revoluci\u00f3n en San Mateo Tepopula - Volcanes","og_description":"Tenango del Aire, Estado de M\u00e9xico.- El presidente municipal Roberto \u00c1vila Ventura anunci\u00f3 el inicio","og_url":"https:\/\/volcanes.net\/?p=12158","og_site_name":"Volcanes","article_publisher":"https:\/\/www.facebook.com\/volcanes.net\/","article_published_time":"2021-11-05T19:57:06+00:00","og_image":[{"width":1600,"height":720,"url":"https:\/\/volcanes.net\/wp-content\/uploads\/2021\/11\/IMG-20211105-WA0021.jpg","type":"image\/jpeg"}],"author":"admin","twitter_card":"summary_large_image","twitter_misc":{"Escrito por":"admin","Tiempo de lectura":"1 minuto"},"schema":{"@context":"https:\/\/schema.org","@graph":[{"@type":"Article","@id":"https:\/\/volcanes.net\/?p=12158#article","isPartOf":{"@id":"https:\/\/volcanes.net\/?p=12158"},"author":{"name":"admin","@id":"https:\/\/volcanes.net\/#\/schema\/person\/4bf0f383940966a4abd53f5048c0e6b9"},"headline":"Inician obra de iluminaci\u00f3n en Calle Revoluci\u00f3n en San Mateo Tepopula","datePublished":"2021-11-05T19:57:06+00:00","mainEntityOfPage":{"@id":"https:\/\/volcanes.net\/?p=12158"},"wordCount":212,"commentCount":0,"publisher":{"@id":"https:\/\/volcanes.net\/#organization"},"image":{"@id":"https:\/\/volcanes.net\/?p=12158#primaryimage"},"thumbnailUrl":"https:\/\/volcanes.net\/wp-content\/uploads\/2021\/11\/IMG-20211105-WA0021.jpg","keywords":["Tenango del Aire"],"articleSection":["Municipales"],"inLanguage":"es","potentialAction":[{"@type":"CommentAction","name":"Comment","target":["https:\/\/volcanes.net\/?p=12158#respond"]}]},{"@type":"WebPage","@id":"https:\/\/volcanes.net\/?p=12158","url":"https:\/\/volcanes.net\/?p=12158","name":"Inician obra de iluminaci\u00f3n en Calle Revoluci\u00f3n en San Mateo Tepopula - Volcanes","isPartOf":{"@id":"https:\/\/volcanes.net\/#website"},"primaryImageOfPage":{"@id":"https:\/\/volcanes.net\/?p=12158#primaryimage"},"image":{"@id":"https:\/\/volcanes.net\/?p=12158#primaryimage"},"thumbnailUrl":"https:\/\/volcanes.net\/wp-content\/uploads\/2021\/11\/IMG-20211105-WA0021.jpg","datePublished":"2021-11-05T19:57:06+00:00","breadcrumb":{"@id":"https:\/\/volcanes.net\/?p=12158#breadcrumb"},"inLanguage":"es","potentialAction":[{"@type":"ReadAction","target":["https:\/\/volcanes.net\/?p=12158"]}]},{"@type":"ImageObject","inLanguage":"es","@id":"https:\/\/volcanes.net\/?p=12158#primaryimage","url":"https:\/\/volcanes.net\/wp-content\/uploads\/2021\/11\/IMG-20211105-WA0021.jpg","contentUrl":"https:\/\/volcanes.net\/wp-content\/uploads\/2021\/11\/IMG-20211105-WA0021.jpg","width":1600,"height":720},{"@type":"BreadcrumbList","@id":"https:\/\/volcanes.net\/?p=12158#breadcrumb","itemListElement":[{"@type":"ListItem","position":1,"name":"Portada","item":"https:\/\/volcanes.net\/"},{"@type":"ListItem","position":2,"name":"Inician obra de iluminaci\u00f3n en Calle Revoluci\u00f3n en San Mateo Tepopula"}]},{"@type":"WebSite","@id":"https:\/\/volcanes.net\/#website","url":"https:\/\/volcanes.net\/","name":"Volcanes.Net","description":"Periodismo Profesional","publisher":{"@id":"https:\/\/volcanes.net\/#organization"},"potentialAction":[{"@type":"SearchAction","target":{"@type":"EntryPoint","urlTemplate":"https:\/\/volcanes.net\/?s={search_term_string}"},"query-input":{"@type":"PropertyValueSpecification","valueRequired":true,"valueName":"search_term_string"}}],"inLanguage":"es"},{"@type":"Organization","@id":"https:\/\/volcanes.net\/#organization","name":"Grupo Volcanes","url":"https:\/\/volcanes.net\/","logo":{"@type":"ImageObject","inLanguage":"es","@id":"https:\/\/volcanes.net\/#\/schema\/logo\/image\/","url":"http:\/\/volcanes.net\/wp-content\/uploads\/2017\/12\/Avatar2.jpg","contentUrl":"http:\/\/volcanes.net\/wp-content\/uploads\/2017\/12\/Avatar2.jpg","width":378,"height":378,"caption":"Grupo Volcanes"},"image":{"@id":"https:\/\/volcanes.net\/#\/schema\/logo\/image\/"},"sameAs":["https:\/\/www.facebook.com\/volcanes.net\/"]},{"@type":"Person","@id":"https:\/\/volcanes.net\/#\/schema\/person\/4bf0f383940966a4abd53f5048c0e6b9","name":"admin","image":{"@type":"ImageObject","inLanguage":"es","@id":"https:\/\/volcanes.net\/#\/schema\/person\/image\/","url":"https:\/\/secure.gravatar.com\/avatar\/ca004e6cba8462b8cb7abc86e382930c?s=96&d=mm&r=g","contentUrl":"https:\/\/secure.gravatar.com\/avatar\/ca004e6cba8462b8cb7abc86e382930c?s=96&d=mm&r=g","caption":"admin"}}]}},"_links":{"self":[{"href":"https:\/\/volcanes.net\/index.php?rest_route=\/wp\/v2\/posts\/12158"}],"collection":[{"href":"https:\/\/volcanes.net\/index.php?rest_route=\/wp\/v2\/posts"}],"about":[{"href":"https:\/\/volcanes.net\/index.php?rest_route=\/wp\/v2\/types\/post"}],"author":[{"embeddable":true,"href":"https:\/\/volcanes.net\/index.php?rest_route=\/wp\/v2\/users\/1"}],"replies":[{"embeddable":true,"href":"https:\/\/volcanes.net\/index.php?rest_route=%2Fwp%2Fv2%2Fcomments&post=12158"}],"version-history":[{"count":1,"href":"https:\/\/volcanes.net\/index.php?rest_route=\/wp\/v2\/posts\/12158\/revisions"}],"predecessor-version":[{"id":12160,"href":"https:\/\/volcanes.net\/index.php?rest_route=\/wp\/v2\/posts\/12158\/revisions\/12160"}],"wp:featuredmedia":[{"embeddable":true,"href":"https:\/\/volcanes.net\/index.php?rest_route=\/wp\/v2\/media\/12159"}],"wp:attachment":[{"href":"https:\/\/volcanes.net\/index.php?rest_route=%2Fwp%2Fv2%2Fmedia&parent=12158"}],"wp:term":[{"taxonomy":"category","embeddable":true,"href":"https:\/\/volcanes.net\/index.php?rest_route=%2Fwp%2Fv2%2Fcategories&post=12158"},{"taxonomy":"post_tag","embeddable":true,"href":"https:\/\/volcanes.net\/index.php?rest_route=%2Fwp%2Fv2%2Ftags&post=12158"}],"curies":[{"name":"wp","href":"https:\/\/api.w.org\/{rel}","templated":true}]}}