{"id":12162,"date":"2021-11-10T07:25:43","date_gmt":"2021-11-10T13:25:43","guid":{"rendered":"https:\/\/volcanes.net\/?p=12162"},"modified":"2021-11-10T07:25:43","modified_gmt":"2021-11-10T13:25:43","slug":"se-incendia-bodega-de-carton-en-nezahualcoyotl","status":"publish","type":"post","link":"https:\/\/volcanes.net\/?p=12162","title":{"rendered":"Se incendia bodega de cart\u00f3n en #Nezahualc\u00f3yotl"},"content":{"rendered":"<div style=\"margin-top: 0px; margin-bottom: 0px;\" class=\"sharethis-inline-share-buttons\" ><\/div><p>Edomex.- Una bodega que almacenaba cart\u00f3n, se incendi\u00f3 esta noche de martes en la colonia Ju\u00e1rez Pantitl\u00e1n, en el municipio de Nezahualc\u00f3yotl en el Estado de M\u00e9xico.<\/p>\n<p>A las 21:30 horas de este martes 9 de noviembre el inmueble ubicado sobre la calle Ignacio Allende a la altura del n\u00famero 66, casi esquina con Guadalupe Victoria, en la colonia Ju\u00e1rez Pantitl\u00e1n, a un costado del mercado Canal de San Juan se vio envuelto en las llamas.<\/p>\n<p>El fuego fue controlado por bomberos de Nezahualc\u00f3yotl y con apoyo de tragafuegos de la CDMX, en las labores se report\u00f3 un elemento de estas corporaciones result\u00f3 intoxicado.<\/p>\n<p>Hasta el momento, las autoridades municipales desconocen qu\u00e9 origin\u00f3 el fuego.<\/p>\n","protected":false},"excerpt":{"rendered":"<p>Edomex.- Una bodega que almacenaba cart\u00f3n, se incendi\u00f3 esta noche de martes en la colonia<\/p>\n","protected":false},"author":1,"featured_media":12163,"comment_status":"open","ping_status":"open","sticky":false,"template":"","format":"standard","meta":{"footnotes":""},"categories":[3],"tags":[21],"class_list":["post-12162","post","type-post","status-publish","format-standard","has-post-thumbnail","hentry","category-estatales","tag-nezahualcoyotl"],"yoast_head":"<!-- This site is optimized with the Yoast SEO plugin v25.3 - https:\/\/yoast.com\/wordpress\/plugins\/seo\/ -->\n<title>Se incendia bodega de cart\u00f3n en #Nezahualc\u00f3yotl - Volcanes<\/title>\n<meta name=\"robots\" content=\"index, follow, max-snippet:-1, max-image-preview:large, max-video-preview:-1\" \/>\n<link rel=\"canonical\" href=\"https:\/\/volcanes.net\/?p=12162\" \/>\n<meta property=\"og:locale\" content=\"es_MX\" \/>\n<meta property=\"og:type\" content=\"article\" \/>\n<meta property=\"og:title\" content=\"Se incendia bodega de cart\u00f3n en #Nezahualc\u00f3yotl - Volcanes\" \/>\n<meta property=\"og:description\" content=\"Edomex.- Una bodega que almacenaba cart\u00f3n, se incendi\u00f3 esta noche de martes en la colonia\" \/>\n<meta property=\"og:url\" content=\"https:\/\/volcanes.net\/?p=12162\" \/>\n<meta property=\"og:site_name\" content=\"Volcanes\" \/>\n<meta property=\"article:publisher\" content=\"https:\/\/www.facebook.com\/volcanes.net\/\" \/>\n<meta property=\"article:published_time\" content=\"2021-11-10T13:25:43+00:00\" \/>\n<meta property=\"og:image\" content=\"https:\/\/volcanes.net\/wp-content\/uploads\/2021\/11\/IMG-20211110-WA0005.jpg\" \/>\n\t<meta property=\"og:image:width\" content=\"720\" \/>\n\t<meta property=\"og:image:height\" content=\"720\" \/>\n\t<meta property=\"og:image:type\" content=\"image\/jpeg\" \/>\n<meta name=\"author\" content=\"admin\" \/>\n<meta name=\"twitter:card\" content=\"summary_large_image\" \/>\n<meta name=\"twitter:label1\" content=\"Escrito por\" \/>\n\t<meta name=\"twitter:data1\" content=\"admin\" \/>\n\t<meta name=\"twitter:label2\" content=\"Tiempo de lectura\" \/>\n\t<meta name=\"twitter:data2\" content=\"1 minuto\" \/>\n<script type=\"application\/ld+json\" class=\"yoast-schema-graph\">{\"@context\":\"https:\/\/schema.org\",\"@graph\":[{\"@type\":\"Article\",\"@id\":\"https:\/\/volcanes.net\/?p=12162#article\",\"isPartOf\":{\"@id\":\"https:\/\/volcanes.net\/?p=12162\"},\"author\":{\"name\":\"admin\",\"@id\":\"https:\/\/volcanes.net\/#\/schema\/person\/4bf0f383940966a4abd53f5048c0e6b9\"},\"headline\":\"Se incendia bodega de cart\u00f3n en #Nezahualc\u00f3yotl\",\"datePublished\":\"2021-11-10T13:25:43+00:00\",\"mainEntityOfPage\":{\"@id\":\"https:\/\/volcanes.net\/?p=12162\"},\"wordCount\":131,\"commentCount\":0,\"publisher\":{\"@id\":\"https:\/\/volcanes.net\/#organization\"},\"image\":{\"@id\":\"https:\/\/volcanes.net\/?p=12162#primaryimage\"},\"thumbnailUrl\":\"https:\/\/volcanes.net\/wp-content\/uploads\/2021\/11\/IMG-20211110-WA0005.jpg\",\"keywords\":[\"Nezahualc\u00f3yotl\"],\"articleSection\":[\"Estatales\"],\"inLanguage\":\"es\",\"potentialAction\":[{\"@type\":\"CommentAction\",\"name\":\"Comment\",\"target\":[\"https:\/\/volcanes.net\/?p=12162#respond\"]}]},{\"@type\":\"WebPage\",\"@id\":\"https:\/\/volcanes.net\/?p=12162\",\"url\":\"https:\/\/volcanes.net\/?p=12162\",\"name\":\"Se incendia bodega de cart\u00f3n en #Nezahualc\u00f3yotl - Volcanes\",\"isPartOf\":{\"@id\":\"https:\/\/volcanes.net\/#website\"},\"primaryImageOfPage\":{\"@id\":\"https:\/\/volcanes.net\/?p=12162#primaryimage\"},\"image\":{\"@id\":\"https:\/\/volcanes.net\/?p=12162#primaryimage\"},\"thumbnailUrl\":\"https:\/\/volcanes.net\/wp-content\/uploads\/2021\/11\/IMG-20211110-WA0005.jpg\",\"datePublished\":\"2021-11-10T13:25:43+00:00\",\"breadcrumb\":{\"@id\":\"https:\/\/volcanes.net\/?p=12162#breadcrumb\"},\"inLanguage\":\"es\",\"potentialAction\":[{\"@type\":\"ReadAction\",\"target\":[\"https:\/\/volcanes.net\/?p=12162\"]}]},{\"@type\":\"ImageObject\",\"inLanguage\":\"es\",\"@id\":\"https:\/\/volcanes.net\/?p=12162#primaryimage\",\"url\":\"https:\/\/volcanes.net\/wp-content\/uploads\/2021\/11\/IMG-20211110-WA0005.jpg\",\"contentUrl\":\"https:\/\/volcanes.net\/wp-content\/uploads\/2021\/11\/IMG-20211110-WA0005.jpg\",\"width\":720,\"height\":720},{\"@type\":\"BreadcrumbList\",\"@id\":\"https:\/\/volcanes.net\/?p=12162#breadcrumb\",\"itemListElement\":[{\"@type\":\"ListItem\",\"position\":1,\"name\":\"Portada\",\"item\":\"https:\/\/volcanes.net\/\"},{\"@type\":\"ListItem\",\"position\":2,\"name\":\"Se incendia bodega de cart\u00f3n en #Nezahualc\u00f3yotl\"}]},{\"@type\":\"WebSite\",\"@id\":\"https:\/\/volcanes.net\/#website\",\"url\":\"https:\/\/volcanes.net\/\",\"name\":\"Volcanes.Net\",\"description\":\"Periodismo Profesional\",\"publisher\":{\"@id\":\"https:\/\/volcanes.net\/#organization\"},\"potentialAction\":[{\"@type\":\"SearchAction\",\"target\":{\"@type\":\"EntryPoint\",\"urlTemplate\":\"https:\/\/volcanes.net\/?s={search_term_string}\"},\"query-input\":{\"@type\":\"PropertyValueSpecification\",\"valueRequired\":true,\"valueName\":\"search_term_string\"}}],\"inLanguage\":\"es\"},{\"@type\":\"Organization\",\"@id\":\"https:\/\/volcanes.net\/#organization\",\"name\":\"Grupo Volcanes\",\"url\":\"https:\/\/volcanes.net\/\",\"logo\":{\"@type\":\"ImageObject\",\"inLanguage\":\"es\",\"@id\":\"https:\/\/volcanes.net\/#\/schema\/logo\/image\/\",\"url\":\"http:\/\/volcanes.net\/wp-content\/uploads\/2017\/12\/Avatar2.jpg\",\"contentUrl\":\"http:\/\/volcanes.net\/wp-content\/uploads\/2017\/12\/Avatar2.jpg\",\"width\":378,\"height\":378,\"caption\":\"Grupo Volcanes\"},\"image\":{\"@id\":\"https:\/\/volcanes.net\/#\/schema\/logo\/image\/\"},\"sameAs\":[\"https:\/\/www.facebook.com\/volcanes.net\/\"]},{\"@type\":\"Person\",\"@id\":\"https:\/\/volcanes.net\/#\/schema\/person\/4bf0f383940966a4abd53f5048c0e6b9\",\"name\":\"admin\",\"image\":{\"@type\":\"ImageObject\",\"inLanguage\":\"es\",\"@id\":\"https:\/\/volcanes.net\/#\/schema\/person\/image\/\",\"url\":\"https:\/\/secure.gravatar.com\/avatar\/ca004e6cba8462b8cb7abc86e382930c?s=96&d=mm&r=g\",\"contentUrl\":\"https:\/\/secure.gravatar.com\/avatar\/ca004e6cba8462b8cb7abc86e382930c?s=96&d=mm&r=g\",\"caption\":\"admin\"}}]}<\/script>\n<!-- \/ Yoast SEO plugin. -->","yoast_head_json":{"title":"Se incendia bodega de cart\u00f3n en #Nezahualc\u00f3yotl - Volcanes","robots":{"index":"index","follow":"follow","max-snippet":"max-snippet:-1","max-image-preview":"max-image-preview:large","max-video-preview":"max-video-preview:-1"},"canonical":"https:\/\/volcanes.net\/?p=12162","og_locale":"es_MX","og_type":"article","og_title":"Se incendia bodega de cart\u00f3n en #Nezahualc\u00f3yotl - Volcanes","og_description":"Edomex.- Una bodega que almacenaba cart\u00f3n, se incendi\u00f3 esta noche de martes en la colonia","og_url":"https:\/\/volcanes.net\/?p=12162","og_site_name":"Volcanes","article_publisher":"https:\/\/www.facebook.com\/volcanes.net\/","article_published_time":"2021-11-10T13:25:43+00:00","og_image":[{"width":720,"height":720,"url":"https:\/\/volcanes.net\/wp-content\/uploads\/2021\/11\/IMG-20211110-WA0005.jpg","type":"image\/jpeg"}],"author":"admin","twitter_card":"summary_large_image","twitter_misc":{"Escrito por":"admin","Tiempo de lectura":"1 minuto"},"schema":{"@context":"https:\/\/schema.org","@graph":[{"@type":"Article","@id":"https:\/\/volcanes.net\/?p=12162#article","isPartOf":{"@id":"https:\/\/volcanes.net\/?p=12162"},"author":{"name":"admin","@id":"https:\/\/volcanes.net\/#\/schema\/person\/4bf0f383940966a4abd53f5048c0e6b9"},"headline":"Se incendia bodega de cart\u00f3n en #Nezahualc\u00f3yotl","datePublished":"2021-11-10T13:25:43+00:00","mainEntityOfPage":{"@id":"https:\/\/volcanes.net\/?p=12162"},"wordCount":131,"commentCount":0,"publisher":{"@id":"https:\/\/volcanes.net\/#organization"},"image":{"@id":"https:\/\/volcanes.net\/?p=12162#primaryimage"},"thumbnailUrl":"https:\/\/volcanes.net\/wp-content\/uploads\/2021\/11\/IMG-20211110-WA0005.jpg","keywords":["Nezahualc\u00f3yotl"],"articleSection":["Estatales"],"inLanguage":"es","potentialAction":[{"@type":"CommentAction","name":"Comment","target":["https:\/\/volcanes.net\/?p=12162#respond"]}]},{"@type":"WebPage","@id":"https:\/\/volcanes.net\/?p=12162","url":"https:\/\/volcanes.net\/?p=12162","name":"Se incendia bodega de cart\u00f3n en #Nezahualc\u00f3yotl - Volcanes","isPartOf":{"@id":"https:\/\/volcanes.net\/#website"},"primaryImageOfPage":{"@id":"https:\/\/volcanes.net\/?p=12162#primaryimage"},"image":{"@id":"https:\/\/volcanes.net\/?p=12162#primaryimage"},"thumbnailUrl":"https:\/\/volcanes.net\/wp-content\/uploads\/2021\/11\/IMG-20211110-WA0005.jpg","datePublished":"2021-11-10T13:25:43+00:00","breadcrumb":{"@id":"https:\/\/volcanes.net\/?p=12162#breadcrumb"},"inLanguage":"es","potentialAction":[{"@type":"ReadAction","target":["https:\/\/volcanes.net\/?p=12162"]}]},{"@type":"ImageObject","inLanguage":"es","@id":"https:\/\/volcanes.net\/?p=12162#primaryimage","url":"https:\/\/volcanes.net\/wp-content\/uploads\/2021\/11\/IMG-20211110-WA0005.jpg","contentUrl":"https:\/\/volcanes.net\/wp-content\/uploads\/2021\/11\/IMG-20211110-WA0005.jpg","width":720,"height":720},{"@type":"BreadcrumbList","@id":"https:\/\/volcanes.net\/?p=12162#breadcrumb","itemListElement":[{"@type":"ListItem","position":1,"name":"Portada","item":"https:\/\/volcanes.net\/"},{"@type":"ListItem","position":2,"name":"Se incendia bodega de cart\u00f3n en #Nezahualc\u00f3yotl"}]},{"@type":"WebSite","@id":"https:\/\/volcanes.net\/#website","url":"https:\/\/volcanes.net\/","name":"Volcanes.Net","description":"Periodismo Profesional","publisher":{"@id":"https:\/\/volcanes.net\/#organization"},"potentialAction":[{"@type":"SearchAction","target":{"@type":"EntryPoint","urlTemplate":"https:\/\/volcanes.net\/?s={search_term_string}"},"query-input":{"@type":"PropertyValueSpecification","valueRequired":true,"valueName":"search_term_string"}}],"inLanguage":"es"},{"@type":"Organization","@id":"https:\/\/volcanes.net\/#organization","name":"Grupo Volcanes","url":"https:\/\/volcanes.net\/","logo":{"@type":"ImageObject","inLanguage":"es","@id":"https:\/\/volcanes.net\/#\/schema\/logo\/image\/","url":"http:\/\/volcanes.net\/wp-content\/uploads\/2017\/12\/Avatar2.jpg","contentUrl":"http:\/\/volcanes.net\/wp-content\/uploads\/2017\/12\/Avatar2.jpg","width":378,"height":378,"caption":"Grupo Volcanes"},"image":{"@id":"https:\/\/volcanes.net\/#\/schema\/logo\/image\/"},"sameAs":["https:\/\/www.facebook.com\/volcanes.net\/"]},{"@type":"Person","@id":"https:\/\/volcanes.net\/#\/schema\/person\/4bf0f383940966a4abd53f5048c0e6b9","name":"admin","image":{"@type":"ImageObject","inLanguage":"es","@id":"https:\/\/volcanes.net\/#\/schema\/person\/image\/","url":"https:\/\/secure.gravatar.com\/avatar\/ca004e6cba8462b8cb7abc86e382930c?s=96&d=mm&r=g","contentUrl":"https:\/\/secure.gravatar.com\/avatar\/ca004e6cba8462b8cb7abc86e382930c?s=96&d=mm&r=g","caption":"admin"}}]}},"_links":{"self":[{"href":"https:\/\/volcanes.net\/index.php?rest_route=\/wp\/v2\/posts\/12162"}],"collection":[{"href":"https:\/\/volcanes.net\/index.php?rest_route=\/wp\/v2\/posts"}],"about":[{"href":"https:\/\/volcanes.net\/index.php?rest_route=\/wp\/v2\/types\/post"}],"author":[{"embeddable":true,"href":"https:\/\/volcanes.net\/index.php?rest_route=\/wp\/v2\/users\/1"}],"replies":[{"embeddable":true,"href":"https:\/\/volcanes.net\/index.php?rest_route=%2Fwp%2Fv2%2Fcomments&post=12162"}],"version-history":[{"count":2,"href":"https:\/\/volcanes.net\/index.php?rest_route=\/wp\/v2\/posts\/12162\/revisions"}],"predecessor-version":[{"id":12557,"href":"https:\/\/volcanes.net\/index.php?rest_route=\/wp\/v2\/posts\/12162\/revisions\/12557"}],"wp:featuredmedia":[{"embeddable":true,"href":"https:\/\/volcanes.net\/index.php?rest_route=\/wp\/v2\/media\/12163"}],"wp:attachment":[{"href":"https:\/\/volcanes.net\/index.php?rest_route=%2Fwp%2Fv2%2Fmedia&parent=12162"}],"wp:term":[{"taxonomy":"category","embeddable":true,"href":"https:\/\/volcanes.net\/index.php?rest_route=%2Fwp%2Fv2%2Fcategories&post=12162"},{"taxonomy":"post_tag","embeddable":true,"href":"https:\/\/volcanes.net\/index.php?rest_route=%2Fwp%2Fv2%2Ftags&post=12162"}],"curies":[{"name":"wp","href":"https:\/\/api.w.org\/{rel}","templated":true}]}}