{"id":1217,"date":"2018-02-17T12:55:52","date_gmt":"2018-02-17T12:55:52","guid":{"rendered":"http:\/\/volcanes.net\/?p=1217"},"modified":"2018-02-17T12:55:52","modified_gmt":"2018-02-17T12:55:52","slug":"se-accidenta-helicoptero-donde-viajaban-secretario-de-gobernacion-y-gobernador-de-oaxaca-en-pinotepa-nacional","status":"publish","type":"post","link":"https:\/\/volcanes.net\/?p=1217","title":{"rendered":"Se accidenta helic\u00f3ptero donde viajaban Secretario de Gobernaci\u00f3n y Gobernador de Oaxaca en Pinotepa Nacional"},"content":{"rendered":"<div style=\"margin-top: 0px; margin-bottom: 0px;\" class=\"sharethis-inline-share-buttons\" ><\/div><p>El Secretario de Gobernaci\u00f3n Alfonso Navarrete Prida y el Gobernador de Oaxaca, Alejandro Murat tuvieron un accidente en el helic\u00f3ptero donde arribaban a Pinotepa Nacional, al estar aterrizando a unos 30 metros de altura la aeronave se volte\u00f3 repentinamente y cay\u00f3 a tierra.<\/p>\n<p>Afortunadamente el Secretario de Gobernaci\u00f3n y el Gobernador de Oaxaca resultaron ilesos, pero lamentablemente personal en tierra perdieron la vida.<\/p>\n<p>\u201cIntentando aterrizar el helic\u00f3ptero del Ejercito donde ven\u00edamos, perdi\u00f3 el control el piloto, el helic\u00f3ptero desplom\u00f3, volc\u00f3, hay personas fallecidas\u201d, indic\u00f3.<\/p>\n<p>Abund\u00f3: \u201cTu servidor est\u00e1 bien, el gobernador est\u00e1 bien, el general de la zona est\u00e1 bien; desafortunadamente entiendo que hay gente que ha perdido la vida, ya llegaron equipos m\u00e9dicos, y equipos de rescate\u201d, relat\u00f3 Navarrete Prida a Televisa.<\/p>\n<p>En el helic\u00f3ptero, dijo, viajaba personal militar, del gobierno de Oaxaca y de Protecci\u00f3n Civil, as\u00ed como de la Secretar\u00eda de Gobernaci\u00f3n.<\/p>\n<p><b>Gobernaci\u00f3n confirma saldo blanco tras sismo<\/b><br \/>\nEl secretario de Gobernaci\u00f3n, Alfonso Navarrete Prida, inform\u00f3 que hay saldo blanco tras el sismo de magnitud 7.2 que ocurri\u00f3 en Pinotepa Nacional, Oaxaca.<\/p>\n<p>\u201cPracticamente saldo blanco, aqu\u00ed en Pinotepa hay fallas en el servicio el\u00e9ctrico, viviendas que han resultados con da\u00f1os en fachadas; en t\u00e9rminos generales en el pa\u00eds 998 mil personas han tenido fallas en el servicio el\u00e9ctrico, la Comisi\u00f3n Nacional del Agua nos ha reportado que no hay fallas en la red hidra\u00falica\u201d, coment\u00f3.<\/p>\n<p>En entrevista televisiva, el funcionario federal dijo que en Pinotepa Nacional hay tramos carreteros con afectaciones, por lo que se est\u00e1n revisando los puentes pero \u201cafortunadamente para un sismo de magnitud 7.2 el saldo con motivo del sismo es blanco\u201d.<\/p>\n<div class=\"jetpack-video-wrapper\"><span class=\"embed-youtube\"><\/span><\/div>\n","protected":false},"excerpt":{"rendered":"<p>El Secretario de Gobernaci\u00f3n Alfonso Navarrete Prida y el Gobernador de Oaxaca, Alejandro Murat tuvieron<\/p>\n","protected":false},"author":1,"featured_media":1218,"comment_status":"open","ping_status":"open","sticky":false,"template":"","format":"standard","meta":{"footnotes":""},"categories":[1],"tags":[7,89,80,57,9,73,77,63,15,91,6,85,90,75,21,76,14,71,16,22,81,92,41,43,46],"class_list":["post-1217","post","type-post","status-publish","format-standard","has-post-thumbnail","hentry","category-municipales","tag-amecameca","tag-atizapan","tag-atlautla","tag-ayapango","tag-chalco","tag-chimalhuacan","tag-coacalco","tag-ecatepec","tag-ecatzingo","tag-huixquilucan","tag-ixtapaluca","tag-izcalli","tag-la-paz","tag-naucalpan","tag-nezahualcoyotl","tag-nicolas-romero","tag-ozumba","tag-tecamac","tag-tepetlixpa","tag-texcoco","tag-tlalmanalco","tag-tlalnepantla","tag-toluca","tag-tultitlan","tag-volcanes"],"yoast_head":"<!-- This site is optimized with the Yoast SEO plugin v25.3 - https:\/\/yoast.com\/wordpress\/plugins\/seo\/ -->\n<title>Se accidenta helic\u00f3ptero donde viajaban Secretario de Gobernaci\u00f3n y Gobernador de Oaxaca en Pinotepa Nacional - Volcanes<\/title>\n<meta name=\"robots\" content=\"index, follow, max-snippet:-1, max-image-preview:large, max-video-preview:-1\" \/>\n<link rel=\"canonical\" href=\"https:\/\/volcanes.net\/?p=1217\" \/>\n<meta property=\"og:locale\" content=\"es_MX\" \/>\n<meta property=\"og:type\" content=\"article\" \/>\n<meta property=\"og:title\" content=\"Se accidenta helic\u00f3ptero donde viajaban Secretario de Gobernaci\u00f3n y Gobernador de Oaxaca en Pinotepa Nacional - Volcanes\" \/>\n<meta property=\"og:description\" content=\"El Secretario de Gobernaci\u00f3n Alfonso Navarrete Prida y el Gobernador de Oaxaca, Alejandro Murat tuvieron\" \/>\n<meta property=\"og:url\" content=\"https:\/\/volcanes.net\/?p=1217\" \/>\n<meta property=\"og:site_name\" content=\"Volcanes\" \/>\n<meta property=\"article:publisher\" content=\"https:\/\/www.facebook.com\/volcanes.net\/\" \/>\n<meta property=\"article:published_time\" content=\"2018-02-17T12:55:52+00:00\" \/>\n<meta property=\"og:image\" content=\"https:\/\/volcanes.net\/wp-content\/uploads\/2018\/02\/navarrete-prida-alejandro-murat1.jpg\" \/>\n\t<meta property=\"og:image:width\" content=\"400\" \/>\n\t<meta property=\"og:image:height\" content=\"200\" \/>\n\t<meta property=\"og:image:type\" content=\"image\/jpeg\" \/>\n<meta name=\"author\" content=\"admin\" \/>\n<meta name=\"twitter:card\" content=\"summary_large_image\" \/>\n<meta name=\"twitter:label1\" content=\"Escrito por\" \/>\n\t<meta name=\"twitter:data1\" content=\"admin\" \/>\n\t<meta name=\"twitter:label2\" content=\"Tiempo de lectura\" \/>\n\t<meta name=\"twitter:data2\" content=\"1 minuto\" \/>\n<script type=\"application\/ld+json\" class=\"yoast-schema-graph\">{\"@context\":\"https:\/\/schema.org\",\"@graph\":[{\"@type\":\"Article\",\"@id\":\"https:\/\/volcanes.net\/?p=1217#article\",\"isPartOf\":{\"@id\":\"https:\/\/volcanes.net\/?p=1217\"},\"author\":{\"name\":\"admin\",\"@id\":\"https:\/\/volcanes.net\/#\/schema\/person\/4bf0f383940966a4abd53f5048c0e6b9\"},\"headline\":\"Se accidenta helic\u00f3ptero donde viajaban Secretario de Gobernaci\u00f3n y Gobernador de Oaxaca en Pinotepa Nacional\",\"datePublished\":\"2018-02-17T12:55:52+00:00\",\"mainEntityOfPage\":{\"@id\":\"https:\/\/volcanes.net\/?p=1217\"},\"wordCount\":302,\"commentCount\":0,\"publisher\":{\"@id\":\"https:\/\/volcanes.net\/#organization\"},\"image\":{\"@id\":\"https:\/\/volcanes.net\/?p=1217#primaryimage\"},\"thumbnailUrl\":\"https:\/\/volcanes.net\/wp-content\/uploads\/2018\/02\/navarrete-prida-alejandro-murat1.jpg\",\"keywords\":[\"Amecameca\",\"Atizap\u00e1n\",\"Atlautla\",\"Ayapango\",\"Chalco\",\"Chimalhuac\u00e1n\",\"Coacalco\",\"Ecatepec\",\"Ecatzingo\",\"Huixquilucan\",\"Ixtapaluca\",\"Izcalli\",\"La Paz\",\"Naucalpan\",\"Nezahualc\u00f3yotl\",\"Nicol\u00e1s Romero\",\"Ozumba\",\"Tec\u00e1mac\",\"Tepetlixpa\",\"Texcoco\",\"Tlalmanalco\",\"Tlalnepantla\",\"Toluca\",\"Tultitl\u00e1n\",\"Volcanes\"],\"articleSection\":[\"Municipales\"],\"inLanguage\":\"es\",\"potentialAction\":[{\"@type\":\"CommentAction\",\"name\":\"Comment\",\"target\":[\"https:\/\/volcanes.net\/?p=1217#respond\"]}]},{\"@type\":\"WebPage\",\"@id\":\"https:\/\/volcanes.net\/?p=1217\",\"url\":\"https:\/\/volcanes.net\/?p=1217\",\"name\":\"Se accidenta helic\u00f3ptero donde viajaban Secretario de Gobernaci\u00f3n y Gobernador de Oaxaca en Pinotepa Nacional - Volcanes\",\"isPartOf\":{\"@id\":\"https:\/\/volcanes.net\/#website\"},\"primaryImageOfPage\":{\"@id\":\"https:\/\/volcanes.net\/?p=1217#primaryimage\"},\"image\":{\"@id\":\"https:\/\/volcanes.net\/?p=1217#primaryimage\"},\"thumbnailUrl\":\"https:\/\/volcanes.net\/wp-content\/uploads\/2018\/02\/navarrete-prida-alejandro-murat1.jpg\",\"datePublished\":\"2018-02-17T12:55:52+00:00\",\"breadcrumb\":{\"@id\":\"https:\/\/volcanes.net\/?p=1217#breadcrumb\"},\"inLanguage\":\"es\",\"potentialAction\":[{\"@type\":\"ReadAction\",\"target\":[\"https:\/\/volcanes.net\/?p=1217\"]}]},{\"@type\":\"ImageObject\",\"inLanguage\":\"es\",\"@id\":\"https:\/\/volcanes.net\/?p=1217#primaryimage\",\"url\":\"https:\/\/volcanes.net\/wp-content\/uploads\/2018\/02\/navarrete-prida-alejandro-murat1.jpg\",\"contentUrl\":\"https:\/\/volcanes.net\/wp-content\/uploads\/2018\/02\/navarrete-prida-alejandro-murat1.jpg\",\"width\":400,\"height\":200},{\"@type\":\"BreadcrumbList\",\"@id\":\"https:\/\/volcanes.net\/?p=1217#breadcrumb\",\"itemListElement\":[{\"@type\":\"ListItem\",\"position\":1,\"name\":\"Portada\",\"item\":\"https:\/\/volcanes.net\/\"},{\"@type\":\"ListItem\",\"position\":2,\"name\":\"Se accidenta helic\u00f3ptero donde viajaban Secretario de Gobernaci\u00f3n y Gobernador de Oaxaca en Pinotepa Nacional\"}]},{\"@type\":\"WebSite\",\"@id\":\"https:\/\/volcanes.net\/#website\",\"url\":\"https:\/\/volcanes.net\/\",\"name\":\"Volcanes.Net\",\"description\":\"Periodismo Profesional\",\"publisher\":{\"@id\":\"https:\/\/volcanes.net\/#organization\"},\"potentialAction\":[{\"@type\":\"SearchAction\",\"target\":{\"@type\":\"EntryPoint\",\"urlTemplate\":\"https:\/\/volcanes.net\/?s={search_term_string}\"},\"query-input\":{\"@type\":\"PropertyValueSpecification\",\"valueRequired\":true,\"valueName\":\"search_term_string\"}}],\"inLanguage\":\"es\"},{\"@type\":\"Organization\",\"@id\":\"https:\/\/volcanes.net\/#organization\",\"name\":\"Grupo Volcanes\",\"url\":\"https:\/\/volcanes.net\/\",\"logo\":{\"@type\":\"ImageObject\",\"inLanguage\":\"es\",\"@id\":\"https:\/\/volcanes.net\/#\/schema\/logo\/image\/\",\"url\":\"http:\/\/volcanes.net\/wp-content\/uploads\/2017\/12\/Avatar2.jpg\",\"contentUrl\":\"http:\/\/volcanes.net\/wp-content\/uploads\/2017\/12\/Avatar2.jpg\",\"width\":378,\"height\":378,\"caption\":\"Grupo Volcanes\"},\"image\":{\"@id\":\"https:\/\/volcanes.net\/#\/schema\/logo\/image\/\"},\"sameAs\":[\"https:\/\/www.facebook.com\/volcanes.net\/\"]},{\"@type\":\"Person\",\"@id\":\"https:\/\/volcanes.net\/#\/schema\/person\/4bf0f383940966a4abd53f5048c0e6b9\",\"name\":\"admin\",\"image\":{\"@type\":\"ImageObject\",\"inLanguage\":\"es\",\"@id\":\"https:\/\/volcanes.net\/#\/schema\/person\/image\/\",\"url\":\"https:\/\/secure.gravatar.com\/avatar\/ca004e6cba8462b8cb7abc86e382930c?s=96&d=mm&r=g\",\"contentUrl\":\"https:\/\/secure.gravatar.com\/avatar\/ca004e6cba8462b8cb7abc86e382930c?s=96&d=mm&r=g\",\"caption\":\"admin\"}}]}<\/script>\n<!-- \/ Yoast SEO plugin. -->","yoast_head_json":{"title":"Se accidenta helic\u00f3ptero donde viajaban Secretario de Gobernaci\u00f3n y Gobernador de Oaxaca en Pinotepa Nacional - Volcanes","robots":{"index":"index","follow":"follow","max-snippet":"max-snippet:-1","max-image-preview":"max-image-preview:large","max-video-preview":"max-video-preview:-1"},"canonical":"https:\/\/volcanes.net\/?p=1217","og_locale":"es_MX","og_type":"article","og_title":"Se accidenta helic\u00f3ptero donde viajaban Secretario de Gobernaci\u00f3n y Gobernador de Oaxaca en Pinotepa Nacional - Volcanes","og_description":"El Secretario de Gobernaci\u00f3n Alfonso Navarrete Prida y el Gobernador de Oaxaca, Alejandro Murat tuvieron","og_url":"https:\/\/volcanes.net\/?p=1217","og_site_name":"Volcanes","article_publisher":"https:\/\/www.facebook.com\/volcanes.net\/","article_published_time":"2018-02-17T12:55:52+00:00","og_image":[{"width":400,"height":200,"url":"https:\/\/volcanes.net\/wp-content\/uploads\/2018\/02\/navarrete-prida-alejandro-murat1.jpg","type":"image\/jpeg"}],"author":"admin","twitter_card":"summary_large_image","twitter_misc":{"Escrito por":"admin","Tiempo de lectura":"1 minuto"},"schema":{"@context":"https:\/\/schema.org","@graph":[{"@type":"Article","@id":"https:\/\/volcanes.net\/?p=1217#article","isPartOf":{"@id":"https:\/\/volcanes.net\/?p=1217"},"author":{"name":"admin","@id":"https:\/\/volcanes.net\/#\/schema\/person\/4bf0f383940966a4abd53f5048c0e6b9"},"headline":"Se accidenta helic\u00f3ptero donde viajaban Secretario de Gobernaci\u00f3n y Gobernador de Oaxaca en Pinotepa Nacional","datePublished":"2018-02-17T12:55:52+00:00","mainEntityOfPage":{"@id":"https:\/\/volcanes.net\/?p=1217"},"wordCount":302,"commentCount":0,"publisher":{"@id":"https:\/\/volcanes.net\/#organization"},"image":{"@id":"https:\/\/volcanes.net\/?p=1217#primaryimage"},"thumbnailUrl":"https:\/\/volcanes.net\/wp-content\/uploads\/2018\/02\/navarrete-prida-alejandro-murat1.jpg","keywords":["Amecameca","Atizap\u00e1n","Atlautla","Ayapango","Chalco","Chimalhuac\u00e1n","Coacalco","Ecatepec","Ecatzingo","Huixquilucan","Ixtapaluca","Izcalli","La Paz","Naucalpan","Nezahualc\u00f3yotl","Nicol\u00e1s Romero","Ozumba","Tec\u00e1mac","Tepetlixpa","Texcoco","Tlalmanalco","Tlalnepantla","Toluca","Tultitl\u00e1n","Volcanes"],"articleSection":["Municipales"],"inLanguage":"es","potentialAction":[{"@type":"CommentAction","name":"Comment","target":["https:\/\/volcanes.net\/?p=1217#respond"]}]},{"@type":"WebPage","@id":"https:\/\/volcanes.net\/?p=1217","url":"https:\/\/volcanes.net\/?p=1217","name":"Se accidenta helic\u00f3ptero donde viajaban Secretario de Gobernaci\u00f3n y Gobernador de Oaxaca en Pinotepa Nacional - Volcanes","isPartOf":{"@id":"https:\/\/volcanes.net\/#website"},"primaryImageOfPage":{"@id":"https:\/\/volcanes.net\/?p=1217#primaryimage"},"image":{"@id":"https:\/\/volcanes.net\/?p=1217#primaryimage"},"thumbnailUrl":"https:\/\/volcanes.net\/wp-content\/uploads\/2018\/02\/navarrete-prida-alejandro-murat1.jpg","datePublished":"2018-02-17T12:55:52+00:00","breadcrumb":{"@id":"https:\/\/volcanes.net\/?p=1217#breadcrumb"},"inLanguage":"es","potentialAction":[{"@type":"ReadAction","target":["https:\/\/volcanes.net\/?p=1217"]}]},{"@type":"ImageObject","inLanguage":"es","@id":"https:\/\/volcanes.net\/?p=1217#primaryimage","url":"https:\/\/volcanes.net\/wp-content\/uploads\/2018\/02\/navarrete-prida-alejandro-murat1.jpg","contentUrl":"https:\/\/volcanes.net\/wp-content\/uploads\/2018\/02\/navarrete-prida-alejandro-murat1.jpg","width":400,"height":200},{"@type":"BreadcrumbList","@id":"https:\/\/volcanes.net\/?p=1217#breadcrumb","itemListElement":[{"@type":"ListItem","position":1,"name":"Portada","item":"https:\/\/volcanes.net\/"},{"@type":"ListItem","position":2,"name":"Se accidenta helic\u00f3ptero donde viajaban Secretario de Gobernaci\u00f3n y Gobernador de Oaxaca en Pinotepa Nacional"}]},{"@type":"WebSite","@id":"https:\/\/volcanes.net\/#website","url":"https:\/\/volcanes.net\/","name":"Volcanes.Net","description":"Periodismo Profesional","publisher":{"@id":"https:\/\/volcanes.net\/#organization"},"potentialAction":[{"@type":"SearchAction","target":{"@type":"EntryPoint","urlTemplate":"https:\/\/volcanes.net\/?s={search_term_string}"},"query-input":{"@type":"PropertyValueSpecification","valueRequired":true,"valueName":"search_term_string"}}],"inLanguage":"es"},{"@type":"Organization","@id":"https:\/\/volcanes.net\/#organization","name":"Grupo Volcanes","url":"https:\/\/volcanes.net\/","logo":{"@type":"ImageObject","inLanguage":"es","@id":"https:\/\/volcanes.net\/#\/schema\/logo\/image\/","url":"http:\/\/volcanes.net\/wp-content\/uploads\/2017\/12\/Avatar2.jpg","contentUrl":"http:\/\/volcanes.net\/wp-content\/uploads\/2017\/12\/Avatar2.jpg","width":378,"height":378,"caption":"Grupo Volcanes"},"image":{"@id":"https:\/\/volcanes.net\/#\/schema\/logo\/image\/"},"sameAs":["https:\/\/www.facebook.com\/volcanes.net\/"]},{"@type":"Person","@id":"https:\/\/volcanes.net\/#\/schema\/person\/4bf0f383940966a4abd53f5048c0e6b9","name":"admin","image":{"@type":"ImageObject","inLanguage":"es","@id":"https:\/\/volcanes.net\/#\/schema\/person\/image\/","url":"https:\/\/secure.gravatar.com\/avatar\/ca004e6cba8462b8cb7abc86e382930c?s=96&d=mm&r=g","contentUrl":"https:\/\/secure.gravatar.com\/avatar\/ca004e6cba8462b8cb7abc86e382930c?s=96&d=mm&r=g","caption":"admin"}}]}},"_links":{"self":[{"href":"https:\/\/volcanes.net\/index.php?rest_route=\/wp\/v2\/posts\/1217"}],"collection":[{"href":"https:\/\/volcanes.net\/index.php?rest_route=\/wp\/v2\/posts"}],"about":[{"href":"https:\/\/volcanes.net\/index.php?rest_route=\/wp\/v2\/types\/post"}],"author":[{"embeddable":true,"href":"https:\/\/volcanes.net\/index.php?rest_route=\/wp\/v2\/users\/1"}],"replies":[{"embeddable":true,"href":"https:\/\/volcanes.net\/index.php?rest_route=%2Fwp%2Fv2%2Fcomments&post=1217"}],"version-history":[{"count":1,"href":"https:\/\/volcanes.net\/index.php?rest_route=\/wp\/v2\/posts\/1217\/revisions"}],"predecessor-version":[{"id":1219,"href":"https:\/\/volcanes.net\/index.php?rest_route=\/wp\/v2\/posts\/1217\/revisions\/1219"}],"wp:featuredmedia":[{"embeddable":true,"href":"https:\/\/volcanes.net\/index.php?rest_route=\/wp\/v2\/media\/1218"}],"wp:attachment":[{"href":"https:\/\/volcanes.net\/index.php?rest_route=%2Fwp%2Fv2%2Fmedia&parent=1217"}],"wp:term":[{"taxonomy":"category","embeddable":true,"href":"https:\/\/volcanes.net\/index.php?rest_route=%2Fwp%2Fv2%2Fcategories&post=1217"},{"taxonomy":"post_tag","embeddable":true,"href":"https:\/\/volcanes.net\/index.php?rest_route=%2Fwp%2Fv2%2Ftags&post=1217"}],"curies":[{"name":"wp","href":"https:\/\/api.w.org\/{rel}","templated":true}]}}