{"id":12175,"date":"2021-11-19T18:37:01","date_gmt":"2021-11-20T00:37:01","guid":{"rendered":"http:\/\/volcanes.net\/?p=12175"},"modified":"2021-11-19T18:37:01","modified_gmt":"2021-11-20T00:37:01","slug":"celebran-la-ultima-sesion-del-consejo-municipal-de-seguridad-publica-en-amecameca","status":"publish","type":"post","link":"https:\/\/volcanes.net\/?p=12175","title":{"rendered":"Celebran la \u00faltima sesi\u00f3n del Consejo municipal de seguridad p\u00fablica en Amecameca"},"content":{"rendered":"<div style=\"margin-top: 0px; margin-bottom: 0px;\" class=\"sharethis-inline-share-buttons\" ><\/div><p>Amecameca, Estado de M\u00e9xico.- Este viernes se realiz\u00f3 la \u00faltima sesi\u00f3n del Consejo Municipal de Seguridad P\u00fablica que corresponde a la actual administraci\u00f3n municipal, durante su intervenci\u00f3n el contador p\u00fablico, Miguel \u00c1ngel Salom\u00f3n Cort\u00e9s, Presidente Municipal de Amecameca agradeci\u00f3 a las diferentes instancias de seguridad por el gran trabajo realizado.<\/p>\n<p>Enfatiz\u00f3 el esfuerzo y coordinaci\u00f3n que las diferentes instancias mantuvieron para lograr los objetivos as\u00ed como los acuerdos generados en las 19 sesiones de consejo a lo largo de 3 a\u00f1os.<\/p>\n<p>El presidente municipal inform\u00f3 que se cumplieron los objetivos marcados al inicio de la administraci\u00f3n, destacando como uno de los m\u00e1s importante, la certificaci\u00f3n del personal de Seguridad P\u00fablica Municipal con el Certificado \u00danico Policial (CUP).<\/p>\n<p>El presidente municipal, indic\u00f3 que el municipio de Amecameca fue el \u00fanico municipio de la zona que logr\u00f3 que el 100% de los elementos fueran certificados.<\/p>\n<p>Agreg\u00f3 que otro de los logros en materia de seguridad p\u00fablica fue que la totalidad de los elementos cuenta con portaci\u00f3n de arma de fuego vigente.<\/p>\n<p>&nbsp;<\/p>\n<p>&nbsp;<\/p>\n","protected":false},"excerpt":{"rendered":"<p>Amecameca, Estado de M\u00e9xico.- Este viernes se realiz\u00f3 la \u00faltima sesi\u00f3n del Consejo Municipal de<\/p>\n","protected":false},"author":1,"featured_media":12176,"comment_status":"open","ping_status":"open","sticky":false,"template":"","format":"standard","meta":{"footnotes":""},"categories":[1],"tags":[7],"class_list":["post-12175","post","type-post","status-publish","format-standard","has-post-thumbnail","hentry","category-municipales","tag-amecameca"],"yoast_head":"<!-- This site is optimized with the Yoast SEO plugin v25.3 - https:\/\/yoast.com\/wordpress\/plugins\/seo\/ -->\n<title>Celebran la \u00faltima sesi\u00f3n del Consejo municipal de seguridad p\u00fablica en Amecameca - Volcanes<\/title>\n<meta name=\"robots\" content=\"index, follow, max-snippet:-1, max-image-preview:large, max-video-preview:-1\" \/>\n<link rel=\"canonical\" href=\"https:\/\/volcanes.net\/?p=12175\" \/>\n<meta property=\"og:locale\" content=\"es_MX\" \/>\n<meta property=\"og:type\" content=\"article\" \/>\n<meta property=\"og:title\" content=\"Celebran la \u00faltima sesi\u00f3n del Consejo municipal de seguridad p\u00fablica en Amecameca - Volcanes\" \/>\n<meta property=\"og:description\" content=\"Amecameca, Estado de M\u00e9xico.- Este viernes se realiz\u00f3 la \u00faltima sesi\u00f3n del Consejo Municipal de\" \/>\n<meta property=\"og:url\" content=\"https:\/\/volcanes.net\/?p=12175\" \/>\n<meta property=\"og:site_name\" content=\"Volcanes\" \/>\n<meta property=\"article:publisher\" content=\"https:\/\/www.facebook.com\/volcanes.net\/\" \/>\n<meta property=\"article:published_time\" content=\"2021-11-20T00:37:01+00:00\" \/>\n<meta property=\"og:image\" content=\"https:\/\/volcanes.net\/wp-content\/uploads\/2021\/11\/IMG-20211119-WA0006.jpg\" \/>\n\t<meta property=\"og:image:width\" content=\"1600\" \/>\n\t<meta property=\"og:image:height\" content=\"1200\" \/>\n\t<meta property=\"og:image:type\" content=\"image\/jpeg\" \/>\n<meta name=\"author\" content=\"admin\" \/>\n<meta name=\"twitter:card\" content=\"summary_large_image\" \/>\n<meta name=\"twitter:label1\" content=\"Escrito por\" \/>\n\t<meta name=\"twitter:data1\" content=\"admin\" \/>\n\t<meta name=\"twitter:label2\" content=\"Tiempo de lectura\" \/>\n\t<meta name=\"twitter:data2\" content=\"1 minuto\" \/>\n<script type=\"application\/ld+json\" class=\"yoast-schema-graph\">{\"@context\":\"https:\/\/schema.org\",\"@graph\":[{\"@type\":\"Article\",\"@id\":\"https:\/\/volcanes.net\/?p=12175#article\",\"isPartOf\":{\"@id\":\"https:\/\/volcanes.net\/?p=12175\"},\"author\":{\"name\":\"admin\",\"@id\":\"https:\/\/volcanes.net\/#\/schema\/person\/4bf0f383940966a4abd53f5048c0e6b9\"},\"headline\":\"Celebran la \u00faltima sesi\u00f3n del Consejo municipal de seguridad p\u00fablica en Amecameca\",\"datePublished\":\"2021-11-20T00:37:01+00:00\",\"mainEntityOfPage\":{\"@id\":\"https:\/\/volcanes.net\/?p=12175\"},\"wordCount\":199,\"commentCount\":0,\"publisher\":{\"@id\":\"https:\/\/volcanes.net\/#organization\"},\"image\":{\"@id\":\"https:\/\/volcanes.net\/?p=12175#primaryimage\"},\"thumbnailUrl\":\"https:\/\/volcanes.net\/wp-content\/uploads\/2021\/11\/IMG-20211119-WA0006.jpg\",\"keywords\":[\"Amecameca\"],\"articleSection\":[\"Municipales\"],\"inLanguage\":\"es\",\"potentialAction\":[{\"@type\":\"CommentAction\",\"name\":\"Comment\",\"target\":[\"https:\/\/volcanes.net\/?p=12175#respond\"]}]},{\"@type\":\"WebPage\",\"@id\":\"https:\/\/volcanes.net\/?p=12175\",\"url\":\"https:\/\/volcanes.net\/?p=12175\",\"name\":\"Celebran la \u00faltima sesi\u00f3n del Consejo municipal de seguridad p\u00fablica en Amecameca - Volcanes\",\"isPartOf\":{\"@id\":\"https:\/\/volcanes.net\/#website\"},\"primaryImageOfPage\":{\"@id\":\"https:\/\/volcanes.net\/?p=12175#primaryimage\"},\"image\":{\"@id\":\"https:\/\/volcanes.net\/?p=12175#primaryimage\"},\"thumbnailUrl\":\"https:\/\/volcanes.net\/wp-content\/uploads\/2021\/11\/IMG-20211119-WA0006.jpg\",\"datePublished\":\"2021-11-20T00:37:01+00:00\",\"breadcrumb\":{\"@id\":\"https:\/\/volcanes.net\/?p=12175#breadcrumb\"},\"inLanguage\":\"es\",\"potentialAction\":[{\"@type\":\"ReadAction\",\"target\":[\"https:\/\/volcanes.net\/?p=12175\"]}]},{\"@type\":\"ImageObject\",\"inLanguage\":\"es\",\"@id\":\"https:\/\/volcanes.net\/?p=12175#primaryimage\",\"url\":\"https:\/\/volcanes.net\/wp-content\/uploads\/2021\/11\/IMG-20211119-WA0006.jpg\",\"contentUrl\":\"https:\/\/volcanes.net\/wp-content\/uploads\/2021\/11\/IMG-20211119-WA0006.jpg\",\"width\":1600,\"height\":1200},{\"@type\":\"BreadcrumbList\",\"@id\":\"https:\/\/volcanes.net\/?p=12175#breadcrumb\",\"itemListElement\":[{\"@type\":\"ListItem\",\"position\":1,\"name\":\"Portada\",\"item\":\"https:\/\/volcanes.net\/\"},{\"@type\":\"ListItem\",\"position\":2,\"name\":\"Celebran la \u00faltima sesi\u00f3n del Consejo municipal de seguridad p\u00fablica en Amecameca\"}]},{\"@type\":\"WebSite\",\"@id\":\"https:\/\/volcanes.net\/#website\",\"url\":\"https:\/\/volcanes.net\/\",\"name\":\"Volcanes.Net\",\"description\":\"Periodismo Profesional\",\"publisher\":{\"@id\":\"https:\/\/volcanes.net\/#organization\"},\"potentialAction\":[{\"@type\":\"SearchAction\",\"target\":{\"@type\":\"EntryPoint\",\"urlTemplate\":\"https:\/\/volcanes.net\/?s={search_term_string}\"},\"query-input\":{\"@type\":\"PropertyValueSpecification\",\"valueRequired\":true,\"valueName\":\"search_term_string\"}}],\"inLanguage\":\"es\"},{\"@type\":\"Organization\",\"@id\":\"https:\/\/volcanes.net\/#organization\",\"name\":\"Grupo Volcanes\",\"url\":\"https:\/\/volcanes.net\/\",\"logo\":{\"@type\":\"ImageObject\",\"inLanguage\":\"es\",\"@id\":\"https:\/\/volcanes.net\/#\/schema\/logo\/image\/\",\"url\":\"http:\/\/volcanes.net\/wp-content\/uploads\/2017\/12\/Avatar2.jpg\",\"contentUrl\":\"http:\/\/volcanes.net\/wp-content\/uploads\/2017\/12\/Avatar2.jpg\",\"width\":378,\"height\":378,\"caption\":\"Grupo Volcanes\"},\"image\":{\"@id\":\"https:\/\/volcanes.net\/#\/schema\/logo\/image\/\"},\"sameAs\":[\"https:\/\/www.facebook.com\/volcanes.net\/\"]},{\"@type\":\"Person\",\"@id\":\"https:\/\/volcanes.net\/#\/schema\/person\/4bf0f383940966a4abd53f5048c0e6b9\",\"name\":\"admin\",\"image\":{\"@type\":\"ImageObject\",\"inLanguage\":\"es\",\"@id\":\"https:\/\/volcanes.net\/#\/schema\/person\/image\/\",\"url\":\"https:\/\/secure.gravatar.com\/avatar\/ca004e6cba8462b8cb7abc86e382930c?s=96&d=mm&r=g\",\"contentUrl\":\"https:\/\/secure.gravatar.com\/avatar\/ca004e6cba8462b8cb7abc86e382930c?s=96&d=mm&r=g\",\"caption\":\"admin\"}}]}<\/script>\n<!-- \/ Yoast SEO plugin. -->","yoast_head_json":{"title":"Celebran la \u00faltima sesi\u00f3n del Consejo municipal de seguridad p\u00fablica en Amecameca - Volcanes","robots":{"index":"index","follow":"follow","max-snippet":"max-snippet:-1","max-image-preview":"max-image-preview:large","max-video-preview":"max-video-preview:-1"},"canonical":"https:\/\/volcanes.net\/?p=12175","og_locale":"es_MX","og_type":"article","og_title":"Celebran la \u00faltima sesi\u00f3n del Consejo municipal de seguridad p\u00fablica en Amecameca - Volcanes","og_description":"Amecameca, Estado de M\u00e9xico.- Este viernes se realiz\u00f3 la \u00faltima sesi\u00f3n del Consejo Municipal de","og_url":"https:\/\/volcanes.net\/?p=12175","og_site_name":"Volcanes","article_publisher":"https:\/\/www.facebook.com\/volcanes.net\/","article_published_time":"2021-11-20T00:37:01+00:00","og_image":[{"width":1600,"height":1200,"url":"https:\/\/volcanes.net\/wp-content\/uploads\/2021\/11\/IMG-20211119-WA0006.jpg","type":"image\/jpeg"}],"author":"admin","twitter_card":"summary_large_image","twitter_misc":{"Escrito por":"admin","Tiempo de lectura":"1 minuto"},"schema":{"@context":"https:\/\/schema.org","@graph":[{"@type":"Article","@id":"https:\/\/volcanes.net\/?p=12175#article","isPartOf":{"@id":"https:\/\/volcanes.net\/?p=12175"},"author":{"name":"admin","@id":"https:\/\/volcanes.net\/#\/schema\/person\/4bf0f383940966a4abd53f5048c0e6b9"},"headline":"Celebran la \u00faltima sesi\u00f3n del Consejo municipal de seguridad p\u00fablica en Amecameca","datePublished":"2021-11-20T00:37:01+00:00","mainEntityOfPage":{"@id":"https:\/\/volcanes.net\/?p=12175"},"wordCount":199,"commentCount":0,"publisher":{"@id":"https:\/\/volcanes.net\/#organization"},"image":{"@id":"https:\/\/volcanes.net\/?p=12175#primaryimage"},"thumbnailUrl":"https:\/\/volcanes.net\/wp-content\/uploads\/2021\/11\/IMG-20211119-WA0006.jpg","keywords":["Amecameca"],"articleSection":["Municipales"],"inLanguage":"es","potentialAction":[{"@type":"CommentAction","name":"Comment","target":["https:\/\/volcanes.net\/?p=12175#respond"]}]},{"@type":"WebPage","@id":"https:\/\/volcanes.net\/?p=12175","url":"https:\/\/volcanes.net\/?p=12175","name":"Celebran la \u00faltima sesi\u00f3n del Consejo municipal de seguridad p\u00fablica en Amecameca - Volcanes","isPartOf":{"@id":"https:\/\/volcanes.net\/#website"},"primaryImageOfPage":{"@id":"https:\/\/volcanes.net\/?p=12175#primaryimage"},"image":{"@id":"https:\/\/volcanes.net\/?p=12175#primaryimage"},"thumbnailUrl":"https:\/\/volcanes.net\/wp-content\/uploads\/2021\/11\/IMG-20211119-WA0006.jpg","datePublished":"2021-11-20T00:37:01+00:00","breadcrumb":{"@id":"https:\/\/volcanes.net\/?p=12175#breadcrumb"},"inLanguage":"es","potentialAction":[{"@type":"ReadAction","target":["https:\/\/volcanes.net\/?p=12175"]}]},{"@type":"ImageObject","inLanguage":"es","@id":"https:\/\/volcanes.net\/?p=12175#primaryimage","url":"https:\/\/volcanes.net\/wp-content\/uploads\/2021\/11\/IMG-20211119-WA0006.jpg","contentUrl":"https:\/\/volcanes.net\/wp-content\/uploads\/2021\/11\/IMG-20211119-WA0006.jpg","width":1600,"height":1200},{"@type":"BreadcrumbList","@id":"https:\/\/volcanes.net\/?p=12175#breadcrumb","itemListElement":[{"@type":"ListItem","position":1,"name":"Portada","item":"https:\/\/volcanes.net\/"},{"@type":"ListItem","position":2,"name":"Celebran la \u00faltima sesi\u00f3n del Consejo municipal de seguridad p\u00fablica en Amecameca"}]},{"@type":"WebSite","@id":"https:\/\/volcanes.net\/#website","url":"https:\/\/volcanes.net\/","name":"Volcanes.Net","description":"Periodismo Profesional","publisher":{"@id":"https:\/\/volcanes.net\/#organization"},"potentialAction":[{"@type":"SearchAction","target":{"@type":"EntryPoint","urlTemplate":"https:\/\/volcanes.net\/?s={search_term_string}"},"query-input":{"@type":"PropertyValueSpecification","valueRequired":true,"valueName":"search_term_string"}}],"inLanguage":"es"},{"@type":"Organization","@id":"https:\/\/volcanes.net\/#organization","name":"Grupo Volcanes","url":"https:\/\/volcanes.net\/","logo":{"@type":"ImageObject","inLanguage":"es","@id":"https:\/\/volcanes.net\/#\/schema\/logo\/image\/","url":"http:\/\/volcanes.net\/wp-content\/uploads\/2017\/12\/Avatar2.jpg","contentUrl":"http:\/\/volcanes.net\/wp-content\/uploads\/2017\/12\/Avatar2.jpg","width":378,"height":378,"caption":"Grupo Volcanes"},"image":{"@id":"https:\/\/volcanes.net\/#\/schema\/logo\/image\/"},"sameAs":["https:\/\/www.facebook.com\/volcanes.net\/"]},{"@type":"Person","@id":"https:\/\/volcanes.net\/#\/schema\/person\/4bf0f383940966a4abd53f5048c0e6b9","name":"admin","image":{"@type":"ImageObject","inLanguage":"es","@id":"https:\/\/volcanes.net\/#\/schema\/person\/image\/","url":"https:\/\/secure.gravatar.com\/avatar\/ca004e6cba8462b8cb7abc86e382930c?s=96&d=mm&r=g","contentUrl":"https:\/\/secure.gravatar.com\/avatar\/ca004e6cba8462b8cb7abc86e382930c?s=96&d=mm&r=g","caption":"admin"}}]}},"_links":{"self":[{"href":"https:\/\/volcanes.net\/index.php?rest_route=\/wp\/v2\/posts\/12175"}],"collection":[{"href":"https:\/\/volcanes.net\/index.php?rest_route=\/wp\/v2\/posts"}],"about":[{"href":"https:\/\/volcanes.net\/index.php?rest_route=\/wp\/v2\/types\/post"}],"author":[{"embeddable":true,"href":"https:\/\/volcanes.net\/index.php?rest_route=\/wp\/v2\/users\/1"}],"replies":[{"embeddable":true,"href":"https:\/\/volcanes.net\/index.php?rest_route=%2Fwp%2Fv2%2Fcomments&post=12175"}],"version-history":[{"count":1,"href":"https:\/\/volcanes.net\/index.php?rest_route=\/wp\/v2\/posts\/12175\/revisions"}],"predecessor-version":[{"id":12177,"href":"https:\/\/volcanes.net\/index.php?rest_route=\/wp\/v2\/posts\/12175\/revisions\/12177"}],"wp:featuredmedia":[{"embeddable":true,"href":"https:\/\/volcanes.net\/index.php?rest_route=\/wp\/v2\/media\/12176"}],"wp:attachment":[{"href":"https:\/\/volcanes.net\/index.php?rest_route=%2Fwp%2Fv2%2Fmedia&parent=12175"}],"wp:term":[{"taxonomy":"category","embeddable":true,"href":"https:\/\/volcanes.net\/index.php?rest_route=%2Fwp%2Fv2%2Fcategories&post=12175"},{"taxonomy":"post_tag","embeddable":true,"href":"https:\/\/volcanes.net\/index.php?rest_route=%2Fwp%2Fv2%2Ftags&post=12175"}],"curies":[{"name":"wp","href":"https:\/\/api.w.org\/{rel}","templated":true}]}}