{"id":12206,"date":"2021-12-08T13:28:32","date_gmt":"2021-12-08T19:28:32","guid":{"rendered":"http:\/\/volcanes.net\/?p=12206"},"modified":"2021-12-08T13:28:32","modified_gmt":"2021-12-08T19:28:32","slug":"direccion-de-seguridad-publica-municipal-de-tepetlixpa-localiza-a-hombre-tras-11-anos-marcado-como-persona-desaparecida","status":"publish","type":"post","link":"https:\/\/volcanes.net\/?p=12206","title":{"rendered":"Direcci\u00f3n de Seguridad P\u00fablica Municipal de Tepetlixpa localiza a hombre tras 11 a\u00f1os marcado como persona desaparecida"},"content":{"rendered":"<div style=\"margin-top: 0px; margin-bottom: 0px;\" class=\"sharethis-inline-share-buttons\" ><\/div><p>Tepetlixpa, Estado de M\u00e9xico.- El pasado 7 de diciembre de este 2021, la Direcci\u00f3n de Seguridad P\u00fablica Municipal de Tepetlixpa en coordinaci\u00f3n con la C\u00e9lula de B\u00fasqueda y Localizaci\u00f3n de Personas Desaparecidas y DIF Municipal de Bah\u00eda de Banderas, Estado de Nayarit, localizaron y trasladaron al se\u00f1or Salvador Larios L\u00f3pez de 65 a\u00f1os de edad.<\/p>\n<p>Este ciudadano fue localizado en cabecera y en situaci\u00f3n de calle, por lo que tras una b\u00fasqueda exhaustiva y trabajo coordinado entre estas dos instancias, se logr\u00f3 tener contacto con familiares.<\/p>\n<p>Cabe destacar que desafortunadamente no se ten\u00eda informaci\u00f3n sobre el se\u00f1or Salvador desde hace 11 a\u00f1os.<\/p>\n<p>Esto fue posible gracias al excelente trabajo de la Direcci\u00f3n de Seguridad P\u00fablica de este municipio y las instituciones antes mencionadas.<\/p>\n","protected":false},"excerpt":{"rendered":"<p>Tepetlixpa, Estado de M\u00e9xico.- El pasado 7 de diciembre de este 2021, la Direcci\u00f3n de<\/p>\n","protected":false},"author":1,"featured_media":12207,"comment_status":"open","ping_status":"open","sticky":false,"template":"","format":"standard","meta":{"footnotes":""},"categories":[1],"tags":[16],"class_list":["post-12206","post","type-post","status-publish","format-standard","has-post-thumbnail","hentry","category-municipales","tag-tepetlixpa"],"yoast_head":"<!-- This site is optimized with the Yoast SEO plugin v25.3 - https:\/\/yoast.com\/wordpress\/plugins\/seo\/ -->\n<title>Direcci\u00f3n de Seguridad P\u00fablica Municipal de Tepetlixpa localiza a hombre tras 11 a\u00f1os marcado como persona desaparecida - Volcanes<\/title>\n<meta name=\"robots\" content=\"index, follow, max-snippet:-1, max-image-preview:large, max-video-preview:-1\" \/>\n<link rel=\"canonical\" href=\"https:\/\/volcanes.net\/?p=12206\" \/>\n<meta property=\"og:locale\" content=\"es_MX\" \/>\n<meta property=\"og:type\" content=\"article\" \/>\n<meta property=\"og:title\" content=\"Direcci\u00f3n de Seguridad P\u00fablica Municipal de Tepetlixpa localiza a hombre tras 11 a\u00f1os marcado como persona desaparecida - Volcanes\" \/>\n<meta property=\"og:description\" content=\"Tepetlixpa, Estado de M\u00e9xico.- El pasado 7 de diciembre de este 2021, la Direcci\u00f3n de\" \/>\n<meta property=\"og:url\" content=\"https:\/\/volcanes.net\/?p=12206\" \/>\n<meta property=\"og:site_name\" content=\"Volcanes\" \/>\n<meta property=\"article:publisher\" content=\"https:\/\/www.facebook.com\/volcanes.net\/\" \/>\n<meta property=\"article:published_time\" content=\"2021-12-08T19:28:32+00:00\" \/>\n<meta property=\"og:image\" content=\"https:\/\/volcanes.net\/wp-content\/uploads\/2021\/12\/FB_IMG_1638991360963.jpg\" \/>\n\t<meta property=\"og:image:width\" content=\"1080\" \/>\n\t<meta property=\"og:image:height\" content=\"810\" \/>\n\t<meta property=\"og:image:type\" content=\"image\/jpeg\" \/>\n<meta name=\"author\" content=\"admin\" \/>\n<meta name=\"twitter:card\" content=\"summary_large_image\" \/>\n<meta name=\"twitter:label1\" content=\"Escrito por\" \/>\n\t<meta name=\"twitter:data1\" content=\"admin\" \/>\n\t<meta name=\"twitter:label2\" content=\"Tiempo de lectura\" \/>\n\t<meta name=\"twitter:data2\" content=\"1 minuto\" \/>\n<script type=\"application\/ld+json\" class=\"yoast-schema-graph\">{\"@context\":\"https:\/\/schema.org\",\"@graph\":[{\"@type\":\"Article\",\"@id\":\"https:\/\/volcanes.net\/?p=12206#article\",\"isPartOf\":{\"@id\":\"https:\/\/volcanes.net\/?p=12206\"},\"author\":{\"name\":\"admin\",\"@id\":\"https:\/\/volcanes.net\/#\/schema\/person\/4bf0f383940966a4abd53f5048c0e6b9\"},\"headline\":\"Direcci\u00f3n de Seguridad P\u00fablica Municipal de Tepetlixpa localiza a hombre tras 11 a\u00f1os marcado como persona desaparecida\",\"datePublished\":\"2021-12-08T19:28:32+00:00\",\"mainEntityOfPage\":{\"@id\":\"https:\/\/volcanes.net\/?p=12206\"},\"wordCount\":158,\"commentCount\":0,\"publisher\":{\"@id\":\"https:\/\/volcanes.net\/#organization\"},\"image\":{\"@id\":\"https:\/\/volcanes.net\/?p=12206#primaryimage\"},\"thumbnailUrl\":\"https:\/\/volcanes.net\/wp-content\/uploads\/2021\/12\/FB_IMG_1638991360963.jpg\",\"keywords\":[\"Tepetlixpa\"],\"articleSection\":[\"Municipales\"],\"inLanguage\":\"es\",\"potentialAction\":[{\"@type\":\"CommentAction\",\"name\":\"Comment\",\"target\":[\"https:\/\/volcanes.net\/?p=12206#respond\"]}]},{\"@type\":\"WebPage\",\"@id\":\"https:\/\/volcanes.net\/?p=12206\",\"url\":\"https:\/\/volcanes.net\/?p=12206\",\"name\":\"Direcci\u00f3n de Seguridad P\u00fablica Municipal de Tepetlixpa localiza a hombre tras 11 a\u00f1os marcado como persona desaparecida - Volcanes\",\"isPartOf\":{\"@id\":\"https:\/\/volcanes.net\/#website\"},\"primaryImageOfPage\":{\"@id\":\"https:\/\/volcanes.net\/?p=12206#primaryimage\"},\"image\":{\"@id\":\"https:\/\/volcanes.net\/?p=12206#primaryimage\"},\"thumbnailUrl\":\"https:\/\/volcanes.net\/wp-content\/uploads\/2021\/12\/FB_IMG_1638991360963.jpg\",\"datePublished\":\"2021-12-08T19:28:32+00:00\",\"breadcrumb\":{\"@id\":\"https:\/\/volcanes.net\/?p=12206#breadcrumb\"},\"inLanguage\":\"es\",\"potentialAction\":[{\"@type\":\"ReadAction\",\"target\":[\"https:\/\/volcanes.net\/?p=12206\"]}]},{\"@type\":\"ImageObject\",\"inLanguage\":\"es\",\"@id\":\"https:\/\/volcanes.net\/?p=12206#primaryimage\",\"url\":\"https:\/\/volcanes.net\/wp-content\/uploads\/2021\/12\/FB_IMG_1638991360963.jpg\",\"contentUrl\":\"https:\/\/volcanes.net\/wp-content\/uploads\/2021\/12\/FB_IMG_1638991360963.jpg\",\"width\":1080,\"height\":810},{\"@type\":\"BreadcrumbList\",\"@id\":\"https:\/\/volcanes.net\/?p=12206#breadcrumb\",\"itemListElement\":[{\"@type\":\"ListItem\",\"position\":1,\"name\":\"Portada\",\"item\":\"https:\/\/volcanes.net\/\"},{\"@type\":\"ListItem\",\"position\":2,\"name\":\"Direcci\u00f3n de Seguridad P\u00fablica Municipal de Tepetlixpa localiza a hombre tras 11 a\u00f1os marcado como persona desaparecida\"}]},{\"@type\":\"WebSite\",\"@id\":\"https:\/\/volcanes.net\/#website\",\"url\":\"https:\/\/volcanes.net\/\",\"name\":\"Volcanes.Net\",\"description\":\"Periodismo Profesional\",\"publisher\":{\"@id\":\"https:\/\/volcanes.net\/#organization\"},\"potentialAction\":[{\"@type\":\"SearchAction\",\"target\":{\"@type\":\"EntryPoint\",\"urlTemplate\":\"https:\/\/volcanes.net\/?s={search_term_string}\"},\"query-input\":{\"@type\":\"PropertyValueSpecification\",\"valueRequired\":true,\"valueName\":\"search_term_string\"}}],\"inLanguage\":\"es\"},{\"@type\":\"Organization\",\"@id\":\"https:\/\/volcanes.net\/#organization\",\"name\":\"Grupo Volcanes\",\"url\":\"https:\/\/volcanes.net\/\",\"logo\":{\"@type\":\"ImageObject\",\"inLanguage\":\"es\",\"@id\":\"https:\/\/volcanes.net\/#\/schema\/logo\/image\/\",\"url\":\"http:\/\/volcanes.net\/wp-content\/uploads\/2017\/12\/Avatar2.jpg\",\"contentUrl\":\"http:\/\/volcanes.net\/wp-content\/uploads\/2017\/12\/Avatar2.jpg\",\"width\":378,\"height\":378,\"caption\":\"Grupo Volcanes\"},\"image\":{\"@id\":\"https:\/\/volcanes.net\/#\/schema\/logo\/image\/\"},\"sameAs\":[\"https:\/\/www.facebook.com\/volcanes.net\/\"]},{\"@type\":\"Person\",\"@id\":\"https:\/\/volcanes.net\/#\/schema\/person\/4bf0f383940966a4abd53f5048c0e6b9\",\"name\":\"admin\",\"image\":{\"@type\":\"ImageObject\",\"inLanguage\":\"es\",\"@id\":\"https:\/\/volcanes.net\/#\/schema\/person\/image\/\",\"url\":\"https:\/\/secure.gravatar.com\/avatar\/ca004e6cba8462b8cb7abc86e382930c?s=96&d=mm&r=g\",\"contentUrl\":\"https:\/\/secure.gravatar.com\/avatar\/ca004e6cba8462b8cb7abc86e382930c?s=96&d=mm&r=g\",\"caption\":\"admin\"}}]}<\/script>\n<!-- \/ Yoast SEO plugin. -->","yoast_head_json":{"title":"Direcci\u00f3n de Seguridad P\u00fablica Municipal de Tepetlixpa localiza a hombre tras 11 a\u00f1os marcado como persona desaparecida - Volcanes","robots":{"index":"index","follow":"follow","max-snippet":"max-snippet:-1","max-image-preview":"max-image-preview:large","max-video-preview":"max-video-preview:-1"},"canonical":"https:\/\/volcanes.net\/?p=12206","og_locale":"es_MX","og_type":"article","og_title":"Direcci\u00f3n de Seguridad P\u00fablica Municipal de Tepetlixpa localiza a hombre tras 11 a\u00f1os marcado como persona desaparecida - Volcanes","og_description":"Tepetlixpa, Estado de M\u00e9xico.- El pasado 7 de diciembre de este 2021, la Direcci\u00f3n de","og_url":"https:\/\/volcanes.net\/?p=12206","og_site_name":"Volcanes","article_publisher":"https:\/\/www.facebook.com\/volcanes.net\/","article_published_time":"2021-12-08T19:28:32+00:00","og_image":[{"width":1080,"height":810,"url":"https:\/\/volcanes.net\/wp-content\/uploads\/2021\/12\/FB_IMG_1638991360963.jpg","type":"image\/jpeg"}],"author":"admin","twitter_card":"summary_large_image","twitter_misc":{"Escrito por":"admin","Tiempo de lectura":"1 minuto"},"schema":{"@context":"https:\/\/schema.org","@graph":[{"@type":"Article","@id":"https:\/\/volcanes.net\/?p=12206#article","isPartOf":{"@id":"https:\/\/volcanes.net\/?p=12206"},"author":{"name":"admin","@id":"https:\/\/volcanes.net\/#\/schema\/person\/4bf0f383940966a4abd53f5048c0e6b9"},"headline":"Direcci\u00f3n de Seguridad P\u00fablica Municipal de Tepetlixpa localiza a hombre tras 11 a\u00f1os marcado como persona desaparecida","datePublished":"2021-12-08T19:28:32+00:00","mainEntityOfPage":{"@id":"https:\/\/volcanes.net\/?p=12206"},"wordCount":158,"commentCount":0,"publisher":{"@id":"https:\/\/volcanes.net\/#organization"},"image":{"@id":"https:\/\/volcanes.net\/?p=12206#primaryimage"},"thumbnailUrl":"https:\/\/volcanes.net\/wp-content\/uploads\/2021\/12\/FB_IMG_1638991360963.jpg","keywords":["Tepetlixpa"],"articleSection":["Municipales"],"inLanguage":"es","potentialAction":[{"@type":"CommentAction","name":"Comment","target":["https:\/\/volcanes.net\/?p=12206#respond"]}]},{"@type":"WebPage","@id":"https:\/\/volcanes.net\/?p=12206","url":"https:\/\/volcanes.net\/?p=12206","name":"Direcci\u00f3n de Seguridad P\u00fablica Municipal de Tepetlixpa localiza a hombre tras 11 a\u00f1os marcado como persona desaparecida - Volcanes","isPartOf":{"@id":"https:\/\/volcanes.net\/#website"},"primaryImageOfPage":{"@id":"https:\/\/volcanes.net\/?p=12206#primaryimage"},"image":{"@id":"https:\/\/volcanes.net\/?p=12206#primaryimage"},"thumbnailUrl":"https:\/\/volcanes.net\/wp-content\/uploads\/2021\/12\/FB_IMG_1638991360963.jpg","datePublished":"2021-12-08T19:28:32+00:00","breadcrumb":{"@id":"https:\/\/volcanes.net\/?p=12206#breadcrumb"},"inLanguage":"es","potentialAction":[{"@type":"ReadAction","target":["https:\/\/volcanes.net\/?p=12206"]}]},{"@type":"ImageObject","inLanguage":"es","@id":"https:\/\/volcanes.net\/?p=12206#primaryimage","url":"https:\/\/volcanes.net\/wp-content\/uploads\/2021\/12\/FB_IMG_1638991360963.jpg","contentUrl":"https:\/\/volcanes.net\/wp-content\/uploads\/2021\/12\/FB_IMG_1638991360963.jpg","width":1080,"height":810},{"@type":"BreadcrumbList","@id":"https:\/\/volcanes.net\/?p=12206#breadcrumb","itemListElement":[{"@type":"ListItem","position":1,"name":"Portada","item":"https:\/\/volcanes.net\/"},{"@type":"ListItem","position":2,"name":"Direcci\u00f3n de Seguridad P\u00fablica Municipal de Tepetlixpa localiza a hombre tras 11 a\u00f1os marcado como persona desaparecida"}]},{"@type":"WebSite","@id":"https:\/\/volcanes.net\/#website","url":"https:\/\/volcanes.net\/","name":"Volcanes.Net","description":"Periodismo Profesional","publisher":{"@id":"https:\/\/volcanes.net\/#organization"},"potentialAction":[{"@type":"SearchAction","target":{"@type":"EntryPoint","urlTemplate":"https:\/\/volcanes.net\/?s={search_term_string}"},"query-input":{"@type":"PropertyValueSpecification","valueRequired":true,"valueName":"search_term_string"}}],"inLanguage":"es"},{"@type":"Organization","@id":"https:\/\/volcanes.net\/#organization","name":"Grupo Volcanes","url":"https:\/\/volcanes.net\/","logo":{"@type":"ImageObject","inLanguage":"es","@id":"https:\/\/volcanes.net\/#\/schema\/logo\/image\/","url":"http:\/\/volcanes.net\/wp-content\/uploads\/2017\/12\/Avatar2.jpg","contentUrl":"http:\/\/volcanes.net\/wp-content\/uploads\/2017\/12\/Avatar2.jpg","width":378,"height":378,"caption":"Grupo Volcanes"},"image":{"@id":"https:\/\/volcanes.net\/#\/schema\/logo\/image\/"},"sameAs":["https:\/\/www.facebook.com\/volcanes.net\/"]},{"@type":"Person","@id":"https:\/\/volcanes.net\/#\/schema\/person\/4bf0f383940966a4abd53f5048c0e6b9","name":"admin","image":{"@type":"ImageObject","inLanguage":"es","@id":"https:\/\/volcanes.net\/#\/schema\/person\/image\/","url":"https:\/\/secure.gravatar.com\/avatar\/ca004e6cba8462b8cb7abc86e382930c?s=96&d=mm&r=g","contentUrl":"https:\/\/secure.gravatar.com\/avatar\/ca004e6cba8462b8cb7abc86e382930c?s=96&d=mm&r=g","caption":"admin"}}]}},"_links":{"self":[{"href":"https:\/\/volcanes.net\/index.php?rest_route=\/wp\/v2\/posts\/12206"}],"collection":[{"href":"https:\/\/volcanes.net\/index.php?rest_route=\/wp\/v2\/posts"}],"about":[{"href":"https:\/\/volcanes.net\/index.php?rest_route=\/wp\/v2\/types\/post"}],"author":[{"embeddable":true,"href":"https:\/\/volcanes.net\/index.php?rest_route=\/wp\/v2\/users\/1"}],"replies":[{"embeddable":true,"href":"https:\/\/volcanes.net\/index.php?rest_route=%2Fwp%2Fv2%2Fcomments&post=12206"}],"version-history":[{"count":1,"href":"https:\/\/volcanes.net\/index.php?rest_route=\/wp\/v2\/posts\/12206\/revisions"}],"predecessor-version":[{"id":12208,"href":"https:\/\/volcanes.net\/index.php?rest_route=\/wp\/v2\/posts\/12206\/revisions\/12208"}],"wp:featuredmedia":[{"embeddable":true,"href":"https:\/\/volcanes.net\/index.php?rest_route=\/wp\/v2\/media\/12207"}],"wp:attachment":[{"href":"https:\/\/volcanes.net\/index.php?rest_route=%2Fwp%2Fv2%2Fmedia&parent=12206"}],"wp:term":[{"taxonomy":"category","embeddable":true,"href":"https:\/\/volcanes.net\/index.php?rest_route=%2Fwp%2Fv2%2Fcategories&post=12206"},{"taxonomy":"post_tag","embeddable":true,"href":"https:\/\/volcanes.net\/index.php?rest_route=%2Fwp%2Fv2%2Ftags&post=12206"}],"curies":[{"name":"wp","href":"https:\/\/api.w.org\/{rel}","templated":true}]}}