{"id":12215,"date":"2021-12-09T13:25:00","date_gmt":"2021-12-09T19:25:00","guid":{"rendered":"http:\/\/volcanes.net\/?p=12215"},"modified":"2021-12-09T13:25:00","modified_gmt":"2021-12-09T19:25:00","slug":"con-el-respaldo-de-mas-de-12-mil-personas-miguel-gutierrez-toma-protesta-como-presidente-municipal-de-chalco","status":"publish","type":"post","link":"https:\/\/volcanes.net\/?p=12215","title":{"rendered":"Con el respaldo de m\u00e1s de 12 mil personas, Miguel Guti\u00e9rrez toma protesta como Presidente Municipal de Chalco"},"content":{"rendered":"<div style=\"margin-top: 0px; margin-bottom: 0px;\" class=\"sharethis-inline-share-buttons\" ><\/div><p>Chalco, Estado de M\u00e9xico.- Con el respaldo de m\u00e1s de 12 mil personas y ante el presidente nacional de Morena, Mario Delgado; el secretario general de Gobierno del Estado de M\u00e9xico, Ernesto N\u00e9mer; diputados federales y locales; acaldes, ex alcaldes y alcaldes electos de la Regi\u00f3n de los Volcanes y la zona oriente; l\u00edderes de organizaciones civiles y representantes de todos los sectores, el Presidente Municipal Electo, Jos\u00e9 Miguel Guti\u00e9rrez Morales rindi\u00f3 protesta y refrend\u00f3 su compromiso con el pueblo de Chalco en este proyecto de continuidad de las buenas obras y acciones de gobierno.<\/p>\n<p>En su mensaje, el Alcalde y Presidente Municipal Electo record\u00f3 que en 2019 recibi\u00f3 un Chalco abandonado por el nepotismo, el abuso de poder y corrupci\u00f3n de otras administraciones que solo velaron por los intereses de un solo sector y no prestaron atenci\u00f3n a los problemas como la seguridad p\u00fablica. Asegur\u00f3 que, con la inversi\u00f3n de m\u00e1s de 400 millones de pesos en esta materia, mejoraron las condiciones para los elementos, acci\u00f3n que contribuir\u00e1 a seguir con la recuperaci\u00f3n de la paz social.<\/p>\n<p>Miguel Guti\u00e9rrez recalc\u00f3 que, con una inversi\u00f3n hist\u00f3rica de casi 200 millones de pesos en infraestructura hidr\u00e1ulica, se atendieron a m\u00e1s de 24 mil personas que lucharon por servicios b\u00e1sicos para sus comunidades desde hace d\u00e9cadas. Indic\u00f3 que, gracias a las obras hidr\u00e1ulicas, se recuper\u00f3 la confianza de la ciudadan\u00eda y se recuper\u00f3 la recaudaci\u00f3n en 56 por ciento, lo que permitir\u00e1 que en esta nueva administraci\u00f3n se pongan en operaci\u00f3n 3 plantas de tratamiento, se rehabiliten los pozos, se construyan 3 pozos m\u00e1s y otras obras en beneficio de la ciudadan\u00eda.<\/p>\n<p>El Presidente Municipal Electo inform\u00f3 que la administraci\u00f3n 2019-2021 invirti\u00f3 m\u00e1s de 700 millones de pesos en obras de infraestructura urbana, de rescate de espacios p\u00fablicos, infraestructura educativa y, de manera hist\u00f3rica, en una cl\u00ednica municipal gratuita. Se comprometi\u00f3 a que los siguientes tres a\u00f1os continuar\u00e1 la inversi\u00f3n. Anunci\u00f3 que las 170 obras que comprometi\u00f3 en su campa\u00f1a se ejecutar\u00e1n, la mayor\u00eda de ellas en su primer a\u00f1o de gobierno.<\/p>\n<p>Por su parte, el secretario general del Gobierno del Estado de M\u00e9xico, Ernesto N\u00e9mer \u00c1lvarez, en su calidad de representante del Gobernador, asegur\u00f3 que con la reelecci\u00f3n de Miguel Guti\u00e9rrez, los cuidadanos ratificaron su confianza en el proyecto, por lo que felicit\u00f3 de manera sincera al pueblo de Chalco. Reconoci\u00f3 que gobernar el municipio, referente del oriente del Estado, es una tarea dif\u00edcil, pero refrend\u00f3 que el Alcalde tiene un aliado en el Gobierno Estatal y recalc\u00f3 la voluntad pol\u00edtica, respeto e institucionalidad que guarda Miguel Guti\u00e9rrez para el Gobernador y su equipo de trabajo.<\/p>\n","protected":false},"excerpt":{"rendered":"<p>Chalco, Estado de M\u00e9xico.- Con el respaldo de m\u00e1s de 12 mil personas y ante<\/p>\n","protected":false},"author":1,"featured_media":12216,"comment_status":"open","ping_status":"open","sticky":false,"template":"","format":"standard","meta":{"footnotes":""},"categories":[1],"tags":[9],"class_list":["post-12215","post","type-post","status-publish","format-standard","has-post-thumbnail","hentry","category-municipales","tag-chalco"],"yoast_head":"<!-- This site is optimized with the Yoast SEO plugin v25.3 - https:\/\/yoast.com\/wordpress\/plugins\/seo\/ -->\n<title>Con el respaldo de m\u00e1s de 12 mil personas, Miguel Guti\u00e9rrez toma protesta como Presidente Municipal de Chalco - Volcanes<\/title>\n<meta name=\"robots\" content=\"index, follow, max-snippet:-1, max-image-preview:large, max-video-preview:-1\" \/>\n<link rel=\"canonical\" href=\"https:\/\/volcanes.net\/?p=12215\" \/>\n<meta property=\"og:locale\" content=\"es_MX\" \/>\n<meta property=\"og:type\" content=\"article\" \/>\n<meta property=\"og:title\" content=\"Con el respaldo de m\u00e1s de 12 mil personas, Miguel Guti\u00e9rrez toma protesta como Presidente Municipal de Chalco - Volcanes\" \/>\n<meta property=\"og:description\" content=\"Chalco, Estado de M\u00e9xico.- Con el respaldo de m\u00e1s de 12 mil personas y ante\" \/>\n<meta property=\"og:url\" content=\"https:\/\/volcanes.net\/?p=12215\" \/>\n<meta property=\"og:site_name\" content=\"Volcanes\" \/>\n<meta property=\"article:publisher\" content=\"https:\/\/www.facebook.com\/volcanes.net\/\" \/>\n<meta property=\"article:published_time\" content=\"2021-12-09T19:25:00+00:00\" \/>\n<meta property=\"og:image\" content=\"https:\/\/volcanes.net\/wp-content\/uploads\/2021\/12\/IMG-20211208-WA0009.jpg\" \/>\n\t<meta property=\"og:image:width\" content=\"1024\" \/>\n\t<meta property=\"og:image:height\" content=\"657\" \/>\n\t<meta property=\"og:image:type\" content=\"image\/jpeg\" \/>\n<meta name=\"author\" content=\"admin\" \/>\n<meta name=\"twitter:card\" content=\"summary_large_image\" \/>\n<meta name=\"twitter:label1\" content=\"Escrito por\" \/>\n\t<meta name=\"twitter:data1\" content=\"admin\" \/>\n\t<meta name=\"twitter:label2\" content=\"Tiempo de lectura\" \/>\n\t<meta name=\"twitter:data2\" content=\"2 minutos\" \/>\n<script type=\"application\/ld+json\" class=\"yoast-schema-graph\">{\"@context\":\"https:\/\/schema.org\",\"@graph\":[{\"@type\":\"Article\",\"@id\":\"https:\/\/volcanes.net\/?p=12215#article\",\"isPartOf\":{\"@id\":\"https:\/\/volcanes.net\/?p=12215\"},\"author\":{\"name\":\"admin\",\"@id\":\"https:\/\/volcanes.net\/#\/schema\/person\/4bf0f383940966a4abd53f5048c0e6b9\"},\"headline\":\"Con el respaldo de m\u00e1s de 12 mil personas, Miguel Guti\u00e9rrez toma protesta como Presidente Municipal de Chalco\",\"datePublished\":\"2021-12-09T19:25:00+00:00\",\"mainEntityOfPage\":{\"@id\":\"https:\/\/volcanes.net\/?p=12215\"},\"wordCount\":491,\"commentCount\":0,\"publisher\":{\"@id\":\"https:\/\/volcanes.net\/#organization\"},\"image\":{\"@id\":\"https:\/\/volcanes.net\/?p=12215#primaryimage\"},\"thumbnailUrl\":\"https:\/\/volcanes.net\/wp-content\/uploads\/2021\/12\/IMG-20211208-WA0009.jpg\",\"keywords\":[\"Chalco\"],\"articleSection\":[\"Municipales\"],\"inLanguage\":\"es\",\"potentialAction\":[{\"@type\":\"CommentAction\",\"name\":\"Comment\",\"target\":[\"https:\/\/volcanes.net\/?p=12215#respond\"]}]},{\"@type\":\"WebPage\",\"@id\":\"https:\/\/volcanes.net\/?p=12215\",\"url\":\"https:\/\/volcanes.net\/?p=12215\",\"name\":\"Con el respaldo de m\u00e1s de 12 mil personas, Miguel Guti\u00e9rrez toma protesta como Presidente Municipal de Chalco - Volcanes\",\"isPartOf\":{\"@id\":\"https:\/\/volcanes.net\/#website\"},\"primaryImageOfPage\":{\"@id\":\"https:\/\/volcanes.net\/?p=12215#primaryimage\"},\"image\":{\"@id\":\"https:\/\/volcanes.net\/?p=12215#primaryimage\"},\"thumbnailUrl\":\"https:\/\/volcanes.net\/wp-content\/uploads\/2021\/12\/IMG-20211208-WA0009.jpg\",\"datePublished\":\"2021-12-09T19:25:00+00:00\",\"breadcrumb\":{\"@id\":\"https:\/\/volcanes.net\/?p=12215#breadcrumb\"},\"inLanguage\":\"es\",\"potentialAction\":[{\"@type\":\"ReadAction\",\"target\":[\"https:\/\/volcanes.net\/?p=12215\"]}]},{\"@type\":\"ImageObject\",\"inLanguage\":\"es\",\"@id\":\"https:\/\/volcanes.net\/?p=12215#primaryimage\",\"url\":\"https:\/\/volcanes.net\/wp-content\/uploads\/2021\/12\/IMG-20211208-WA0009.jpg\",\"contentUrl\":\"https:\/\/volcanes.net\/wp-content\/uploads\/2021\/12\/IMG-20211208-WA0009.jpg\",\"width\":1024,\"height\":657},{\"@type\":\"BreadcrumbList\",\"@id\":\"https:\/\/volcanes.net\/?p=12215#breadcrumb\",\"itemListElement\":[{\"@type\":\"ListItem\",\"position\":1,\"name\":\"Portada\",\"item\":\"https:\/\/volcanes.net\/\"},{\"@type\":\"ListItem\",\"position\":2,\"name\":\"Con el respaldo de m\u00e1s de 12 mil personas, Miguel Guti\u00e9rrez toma protesta como Presidente Municipal de Chalco\"}]},{\"@type\":\"WebSite\",\"@id\":\"https:\/\/volcanes.net\/#website\",\"url\":\"https:\/\/volcanes.net\/\",\"name\":\"Volcanes.Net\",\"description\":\"Periodismo Profesional\",\"publisher\":{\"@id\":\"https:\/\/volcanes.net\/#organization\"},\"potentialAction\":[{\"@type\":\"SearchAction\",\"target\":{\"@type\":\"EntryPoint\",\"urlTemplate\":\"https:\/\/volcanes.net\/?s={search_term_string}\"},\"query-input\":{\"@type\":\"PropertyValueSpecification\",\"valueRequired\":true,\"valueName\":\"search_term_string\"}}],\"inLanguage\":\"es\"},{\"@type\":\"Organization\",\"@id\":\"https:\/\/volcanes.net\/#organization\",\"name\":\"Grupo Volcanes\",\"url\":\"https:\/\/volcanes.net\/\",\"logo\":{\"@type\":\"ImageObject\",\"inLanguage\":\"es\",\"@id\":\"https:\/\/volcanes.net\/#\/schema\/logo\/image\/\",\"url\":\"http:\/\/volcanes.net\/wp-content\/uploads\/2017\/12\/Avatar2.jpg\",\"contentUrl\":\"http:\/\/volcanes.net\/wp-content\/uploads\/2017\/12\/Avatar2.jpg\",\"width\":378,\"height\":378,\"caption\":\"Grupo Volcanes\"},\"image\":{\"@id\":\"https:\/\/volcanes.net\/#\/schema\/logo\/image\/\"},\"sameAs\":[\"https:\/\/www.facebook.com\/volcanes.net\/\"]},{\"@type\":\"Person\",\"@id\":\"https:\/\/volcanes.net\/#\/schema\/person\/4bf0f383940966a4abd53f5048c0e6b9\",\"name\":\"admin\",\"image\":{\"@type\":\"ImageObject\",\"inLanguage\":\"es\",\"@id\":\"https:\/\/volcanes.net\/#\/schema\/person\/image\/\",\"url\":\"https:\/\/secure.gravatar.com\/avatar\/ca004e6cba8462b8cb7abc86e382930c?s=96&d=mm&r=g\",\"contentUrl\":\"https:\/\/secure.gravatar.com\/avatar\/ca004e6cba8462b8cb7abc86e382930c?s=96&d=mm&r=g\",\"caption\":\"admin\"}}]}<\/script>\n<!-- \/ Yoast SEO plugin. -->","yoast_head_json":{"title":"Con el respaldo de m\u00e1s de 12 mil personas, Miguel Guti\u00e9rrez toma protesta como Presidente Municipal de Chalco - Volcanes","robots":{"index":"index","follow":"follow","max-snippet":"max-snippet:-1","max-image-preview":"max-image-preview:large","max-video-preview":"max-video-preview:-1"},"canonical":"https:\/\/volcanes.net\/?p=12215","og_locale":"es_MX","og_type":"article","og_title":"Con el respaldo de m\u00e1s de 12 mil personas, Miguel Guti\u00e9rrez toma protesta como Presidente Municipal de Chalco - Volcanes","og_description":"Chalco, Estado de M\u00e9xico.- Con el respaldo de m\u00e1s de 12 mil personas y ante","og_url":"https:\/\/volcanes.net\/?p=12215","og_site_name":"Volcanes","article_publisher":"https:\/\/www.facebook.com\/volcanes.net\/","article_published_time":"2021-12-09T19:25:00+00:00","og_image":[{"width":1024,"height":657,"url":"https:\/\/volcanes.net\/wp-content\/uploads\/2021\/12\/IMG-20211208-WA0009.jpg","type":"image\/jpeg"}],"author":"admin","twitter_card":"summary_large_image","twitter_misc":{"Escrito por":"admin","Tiempo de lectura":"2 minutos"},"schema":{"@context":"https:\/\/schema.org","@graph":[{"@type":"Article","@id":"https:\/\/volcanes.net\/?p=12215#article","isPartOf":{"@id":"https:\/\/volcanes.net\/?p=12215"},"author":{"name":"admin","@id":"https:\/\/volcanes.net\/#\/schema\/person\/4bf0f383940966a4abd53f5048c0e6b9"},"headline":"Con el respaldo de m\u00e1s de 12 mil personas, Miguel Guti\u00e9rrez toma protesta como Presidente Municipal de Chalco","datePublished":"2021-12-09T19:25:00+00:00","mainEntityOfPage":{"@id":"https:\/\/volcanes.net\/?p=12215"},"wordCount":491,"commentCount":0,"publisher":{"@id":"https:\/\/volcanes.net\/#organization"},"image":{"@id":"https:\/\/volcanes.net\/?p=12215#primaryimage"},"thumbnailUrl":"https:\/\/volcanes.net\/wp-content\/uploads\/2021\/12\/IMG-20211208-WA0009.jpg","keywords":["Chalco"],"articleSection":["Municipales"],"inLanguage":"es","potentialAction":[{"@type":"CommentAction","name":"Comment","target":["https:\/\/volcanes.net\/?p=12215#respond"]}]},{"@type":"WebPage","@id":"https:\/\/volcanes.net\/?p=12215","url":"https:\/\/volcanes.net\/?p=12215","name":"Con el respaldo de m\u00e1s de 12 mil personas, Miguel Guti\u00e9rrez toma protesta como Presidente Municipal de Chalco - Volcanes","isPartOf":{"@id":"https:\/\/volcanes.net\/#website"},"primaryImageOfPage":{"@id":"https:\/\/volcanes.net\/?p=12215#primaryimage"},"image":{"@id":"https:\/\/volcanes.net\/?p=12215#primaryimage"},"thumbnailUrl":"https:\/\/volcanes.net\/wp-content\/uploads\/2021\/12\/IMG-20211208-WA0009.jpg","datePublished":"2021-12-09T19:25:00+00:00","breadcrumb":{"@id":"https:\/\/volcanes.net\/?p=12215#breadcrumb"},"inLanguage":"es","potentialAction":[{"@type":"ReadAction","target":["https:\/\/volcanes.net\/?p=12215"]}]},{"@type":"ImageObject","inLanguage":"es","@id":"https:\/\/volcanes.net\/?p=12215#primaryimage","url":"https:\/\/volcanes.net\/wp-content\/uploads\/2021\/12\/IMG-20211208-WA0009.jpg","contentUrl":"https:\/\/volcanes.net\/wp-content\/uploads\/2021\/12\/IMG-20211208-WA0009.jpg","width":1024,"height":657},{"@type":"BreadcrumbList","@id":"https:\/\/volcanes.net\/?p=12215#breadcrumb","itemListElement":[{"@type":"ListItem","position":1,"name":"Portada","item":"https:\/\/volcanes.net\/"},{"@type":"ListItem","position":2,"name":"Con el respaldo de m\u00e1s de 12 mil personas, Miguel Guti\u00e9rrez toma protesta como Presidente Municipal de Chalco"}]},{"@type":"WebSite","@id":"https:\/\/volcanes.net\/#website","url":"https:\/\/volcanes.net\/","name":"Volcanes.Net","description":"Periodismo Profesional","publisher":{"@id":"https:\/\/volcanes.net\/#organization"},"potentialAction":[{"@type":"SearchAction","target":{"@type":"EntryPoint","urlTemplate":"https:\/\/volcanes.net\/?s={search_term_string}"},"query-input":{"@type":"PropertyValueSpecification","valueRequired":true,"valueName":"search_term_string"}}],"inLanguage":"es"},{"@type":"Organization","@id":"https:\/\/volcanes.net\/#organization","name":"Grupo Volcanes","url":"https:\/\/volcanes.net\/","logo":{"@type":"ImageObject","inLanguage":"es","@id":"https:\/\/volcanes.net\/#\/schema\/logo\/image\/","url":"http:\/\/volcanes.net\/wp-content\/uploads\/2017\/12\/Avatar2.jpg","contentUrl":"http:\/\/volcanes.net\/wp-content\/uploads\/2017\/12\/Avatar2.jpg","width":378,"height":378,"caption":"Grupo Volcanes"},"image":{"@id":"https:\/\/volcanes.net\/#\/schema\/logo\/image\/"},"sameAs":["https:\/\/www.facebook.com\/volcanes.net\/"]},{"@type":"Person","@id":"https:\/\/volcanes.net\/#\/schema\/person\/4bf0f383940966a4abd53f5048c0e6b9","name":"admin","image":{"@type":"ImageObject","inLanguage":"es","@id":"https:\/\/volcanes.net\/#\/schema\/person\/image\/","url":"https:\/\/secure.gravatar.com\/avatar\/ca004e6cba8462b8cb7abc86e382930c?s=96&d=mm&r=g","contentUrl":"https:\/\/secure.gravatar.com\/avatar\/ca004e6cba8462b8cb7abc86e382930c?s=96&d=mm&r=g","caption":"admin"}}]}},"_links":{"self":[{"href":"https:\/\/volcanes.net\/index.php?rest_route=\/wp\/v2\/posts\/12215"}],"collection":[{"href":"https:\/\/volcanes.net\/index.php?rest_route=\/wp\/v2\/posts"}],"about":[{"href":"https:\/\/volcanes.net\/index.php?rest_route=\/wp\/v2\/types\/post"}],"author":[{"embeddable":true,"href":"https:\/\/volcanes.net\/index.php?rest_route=\/wp\/v2\/users\/1"}],"replies":[{"embeddable":true,"href":"https:\/\/volcanes.net\/index.php?rest_route=%2Fwp%2Fv2%2Fcomments&post=12215"}],"version-history":[{"count":1,"href":"https:\/\/volcanes.net\/index.php?rest_route=\/wp\/v2\/posts\/12215\/revisions"}],"predecessor-version":[{"id":12217,"href":"https:\/\/volcanes.net\/index.php?rest_route=\/wp\/v2\/posts\/12215\/revisions\/12217"}],"wp:featuredmedia":[{"embeddable":true,"href":"https:\/\/volcanes.net\/index.php?rest_route=\/wp\/v2\/media\/12216"}],"wp:attachment":[{"href":"https:\/\/volcanes.net\/index.php?rest_route=%2Fwp%2Fv2%2Fmedia&parent=12215"}],"wp:term":[{"taxonomy":"category","embeddable":true,"href":"https:\/\/volcanes.net\/index.php?rest_route=%2Fwp%2Fv2%2Fcategories&post=12215"},{"taxonomy":"post_tag","embeddable":true,"href":"https:\/\/volcanes.net\/index.php?rest_route=%2Fwp%2Fv2%2Ftags&post=12215"}],"curies":[{"name":"wp","href":"https:\/\/api.w.org\/{rel}","templated":true}]}}