{"id":12231,"date":"2021-12-19T00:08:59","date_gmt":"2021-12-19T06:08:59","guid":{"rendered":"http:\/\/volcanes.net\/?p=12231"},"modified":"2021-12-19T00:08:59","modified_gmt":"2021-12-19T06:08:59","slug":"ahora-vamos-por-cero-corrupcion-valentin-martinez-castillo-en-toma-de-protesta-como-presidente-municipal-de-ozumba-para-el-periodo-2022-2024","status":"publish","type":"post","link":"https:\/\/volcanes.net\/?p=12231","title":{"rendered":"&#8220;Ahora vamos por cero corrupci\u00f3n&#8221;: Valent\u00edn Mart\u00ednez Castillo en Toma de Protesta como Presidente Municipal de Ozumba para el periodo 2022-2024"},"content":{"rendered":"<div style=\"margin-top: 0px; margin-bottom: 0px;\" class=\"sharethis-inline-share-buttons\" ><\/div><p>Ozumba, Estado de M\u00e9xico.- Valent\u00edn Mart\u00ednez Castillo, rinde Protesta de Ley como Presidente Municipal de Ozumba para el periodo constitucional 2022 \u2013 2024, este 18 de diciembre en la Explanada Municipal de este municipio, siendo Oscar Jim\u00e9nez Ray\u00f3n, en su car\u00e1cter de Representante del Gobernador Alfredo del Mazo Maza, quien tom\u00f3 la respectiva Protesta al alcalde morenista, quien tendr\u00e1 la oportunidad de administrar al pueblo ozumbense por segunda vez consecutiva despu\u00e9s de ser favorecido en los pasados comicios del 6 de junio.<\/p>\n<p>\u00a1S\u00ed, Protesto! Fue la frase fuerte y determinante que expres\u00f3 el alcalde Ozumbense y que reson\u00f3 frente al Palacio Municipal, luego de que el Representante del Gobernador preguntara: \u00bf\u2026Protesta\u2026desempe\u00f1ar leal y patri\u00f3ticamente el encargo que los ciudadanos le han conferido como Presidente Municipal de Ozumba para el periodo 2022 -2024, mirando en todo por el bien y prosperidad del municipio con lealtad y patriotismo? De esta manera d\u00e1ndose cumplimiento a lo mandatado en el art\u00edculo 144 de la Constituci\u00f3n Pol\u00edtica del Estado Libre y Soberano de M\u00e9xico.<\/p>\n<p>En uso de la palabra, Mart\u00ednez Castillo present\u00f3 en Sesi\u00f3n Solemne parte de su Plan de trabajo que llevar\u00e1 a cabo su gobierno a partir del pr\u00f3ximo 1 de enero, tal como lo indica la ley, y manifest\u00f3 que continuar\u00e1 la misma directriz en la que ha venido guiando el trabajo de su administraci\u00f3n, en una l\u00ednea de cercan\u00eda con la gente, \u201ccomo no se hab\u00eda dado antes\u201d.<\/p>\n<p>Subray\u00f3 que el Gobierno de los Pueblos luchar\u00e1 para que no exista corrupci\u00f3n, \u201csi en esta ocasi\u00f3n hemos dado batalla para arrancarla, ahora vamos para que exista cero corrupci\u00f3n. Que no se vuelvan a dar los malos tratos, que nadie se vuelva a adue\u00f1ar terrenos que no son suyos, menos los servidores p\u00fablicos\u201d recalc\u00f3. Adem\u00e1s manifest\u00f3 que velar\u00e1 para que no exista el influyentismo que obedezca al inter\u00e9s de unos cuantos, sino de aquellos que verdaderamente lo necesitan. Y que trabajar\u00e1 con servidores p\u00fablicos capacitados, que tengan verdadera vocaci\u00f3n de servicio, esto con la finalidad de dar un vuelco en la estructura como lo prometi\u00f3 en campa\u00f1a. \u201cEl tener el poder el poder no es otra cosa m\u00e1s que ejercerlo con sabidur\u00eda, en beneficio de quien realmente lo necesitan, no haciendo excepci\u00f3n de personas\u201d, agreg\u00f3.<\/p>\n<p>Por otra parte, el edil expres\u00f3 que el suyo, ser\u00e1 un gobierno incluyente: \u201cSomos una diversidad, sobre todo, de partidos, pero esto se elimina cuando tenemos un problema en com\u00fan. S\u00f3lo la unidad del pueblo puede salvarnos, dejando de lado colores. En las filas de cada partido pol\u00edtico existen personas valiosas que tienen mucho que aportar. No permitiremos la discriminaci\u00f3n\u201d.<\/p>\n<p>En cuanto a Obra p\u00fablica, el edil manifest\u00f3 que se realizar\u00e1 obra p\u00fablica de calidad. Explic\u00f3 que en la administraci\u00f3n que concluye se regularizaron bienes inmuebles que estaban inmatriculados y sobre los cuales no se pod\u00eda ejercer obra p\u00fablica. Sin embargo, ahora son susceptibles de ser utilizados para realizar obras en beneficio de la poblaci\u00f3n, como el antiguo inmueble que ocupara la ESTIC, el cual se localiza en pleno centro municipal y se encuentra abandonado, sin uso alguno. Por lo que hizo una petici\u00f3n especial a Oscar Jim\u00e9nez Ray\u00f3n, de llevar el mensaje al Gobernador Mexiquense para poder liberar este bien p\u00fablico, para lo cual s\u00f3lo hace falta una firma. Pues explic\u00f3 que el Gobierno de M\u00e9xico, solicita se tenga a disposici\u00f3n un inmueble de 400 metros cuadrados para construir el Banco del Bienestar, lo que beneficiar\u00eda en gran manera a la comunidad.<\/p>\n<p>En tanto, Mart\u00ednez Castillo expuso que luchar\u00e1 para que los servicios p\u00fablicos est\u00e9n al alcance de todos, que tengan pronta disponibilidad. As\u00ed, se seguir\u00e1 trabajando en la limpieza total del municipio; en los \u201ccorredores seguros\u201d, trabajando y velando con operativos para vigilar al pueblo. \u201cSeguiremos trabajando con agua potable, drenajes, bacheo y alumbrado p\u00fablico eficaz\u201d.<\/p>\n<p>As\u00ed tambi\u00e9n revel\u00f3 que la ca\u00f1ada Nexpayantla tiene listo un lugar para construir un Captador pluvial que tanta falte hace a los municipios circunvecinos con todo y sus delegaciones \u201cnos estamos secando, el tiempo de estiaje est\u00e1 durando ocho meses\u201d por lo que este captador de aguas pluviales estar\u00eda resolviendo la escasez de agua potable, que es uno de los principales problemas que aquejan no solo al municipio de Ozumba, sino a los dem\u00e1s municipios como Amecameca, Atlautla, Tepetlixpa con sus delegaciones; por lo que invit\u00f3 a los alcaldes electos de las municipalidades vecinas a formar un Frente com\u00fan de Presidentes municipales, \u201cno para ver quien lidere, sino como una sociedad com\u00fan para velar para que no falte el servicio del agua\u201d, subray\u00f3. Y agradeci\u00f3 a CAEM por los 11 kil\u00f3metros que se trabajaron para entubar el sistema Nexpayantla, que viene del volc\u00e1n, pero nos falta el captador pluvial, por lo que solicit\u00f3 a las autoridades presentes \u201c\u00a1Ay\u00fadenos!\u201d<\/p>\n<p>Dijo que conf\u00eda plenamente en el trabajo que desempe\u00f1ar\u00e1 el nuevo cabildo y agradeci\u00f3 al saliente, \u201ctenemos un rumbo porque entendemos los dolores de nuestro pueblo, porque hemos padecido con ellos, no nos los han contado\u201d. \u201cNo estamos embarcados en cualquier causa, sino en la causa del pueblo ozumbense\u201d. Y agradeci\u00f3 al presidente de la Rep\u00fablica AMLO, quien dijo, ha sido el principal referente de bienestar, justicia y equilibrio, logrando que hoy en d\u00eda los recursos lleguen sin intermediarios, pues 196 millones de pesos se aplicaron en programas sociales en el pueblo ozumbense. \u00a1S\u00e9 por qu\u00e9 estamos aqu\u00ed y s\u00e9 lo que vamos a hacer!, asegur\u00f3.<\/p>\n<p>En el evento se cont\u00f3 con la presencia del Senador Higinio Mart\u00ednez Miranda; la Senadora Martha Guerrero, representante de Morena en el Estado de M\u00e9xico; Ad\u00e1n Gordo, representante de Morena ante el IEEM, diputados federales y locales, como Vicente Onofre, Anah\u00eds Burgos; entre otras personalidades, presidentes en funciones y electos de varios municipios del Estado de M\u00e9xico, como Tultitl\u00e1n, Chalco, Amecameca, Tenango, Tepetlixpa y Ecatzingo, por mencionar algunos.<\/p>\n<p>&nbsp;<\/p>\n<p>&nbsp;<\/p>\n","protected":false},"excerpt":{"rendered":"<p>Ozumba, Estado de M\u00e9xico.- Valent\u00edn Mart\u00ednez Castillo, rinde Protesta de Ley como Presidente Municipal de<\/p>\n","protected":false},"author":1,"featured_media":12232,"comment_status":"open","ping_status":"open","sticky":false,"template":"","format":"standard","meta":{"footnotes":""},"categories":[1],"tags":[14],"class_list":["post-12231","post","type-post","status-publish","format-standard","has-post-thumbnail","hentry","category-municipales","tag-ozumba"],"yoast_head":"<!-- This site is optimized with the Yoast SEO plugin v25.3 - https:\/\/yoast.com\/wordpress\/plugins\/seo\/ -->\n<title>&quot;Ahora vamos por cero corrupci\u00f3n&quot;: Valent\u00edn Mart\u00ednez Castillo en Toma de Protesta como Presidente Municipal de Ozumba para el periodo 2022-2024 - Volcanes<\/title>\n<meta name=\"robots\" content=\"index, follow, max-snippet:-1, max-image-preview:large, max-video-preview:-1\" \/>\n<link rel=\"canonical\" href=\"https:\/\/volcanes.net\/?p=12231\" \/>\n<meta property=\"og:locale\" content=\"es_MX\" \/>\n<meta property=\"og:type\" content=\"article\" \/>\n<meta property=\"og:title\" content=\"&quot;Ahora vamos por cero corrupci\u00f3n&quot;: Valent\u00edn Mart\u00ednez Castillo en Toma de Protesta como Presidente Municipal de Ozumba para el periodo 2022-2024 - Volcanes\" \/>\n<meta property=\"og:description\" content=\"Ozumba, Estado de M\u00e9xico.- Valent\u00edn Mart\u00ednez Castillo, rinde Protesta de Ley como Presidente Municipal de\" \/>\n<meta property=\"og:url\" content=\"https:\/\/volcanes.net\/?p=12231\" \/>\n<meta property=\"og:site_name\" content=\"Volcanes\" \/>\n<meta property=\"article:publisher\" content=\"https:\/\/www.facebook.com\/volcanes.net\/\" \/>\n<meta property=\"article:published_time\" content=\"2021-12-19T06:08:59+00:00\" \/>\n<meta property=\"og:image\" content=\"https:\/\/volcanes.net\/wp-content\/uploads\/2021\/12\/IMG-20211218-WA0005.jpg\" \/>\n\t<meta property=\"og:image:width\" content=\"1590\" \/>\n\t<meta property=\"og:image:height\" content=\"1080\" \/>\n\t<meta property=\"og:image:type\" content=\"image\/jpeg\" \/>\n<meta name=\"author\" content=\"admin\" \/>\n<meta name=\"twitter:card\" content=\"summary_large_image\" \/>\n<meta name=\"twitter:label1\" content=\"Escrito por\" \/>\n\t<meta name=\"twitter:data1\" content=\"admin\" \/>\n\t<meta name=\"twitter:label2\" content=\"Tiempo de lectura\" \/>\n\t<meta name=\"twitter:data2\" content=\"5 minutos\" \/>\n<script type=\"application\/ld+json\" class=\"yoast-schema-graph\">{\"@context\":\"https:\/\/schema.org\",\"@graph\":[{\"@type\":\"Article\",\"@id\":\"https:\/\/volcanes.net\/?p=12231#article\",\"isPartOf\":{\"@id\":\"https:\/\/volcanes.net\/?p=12231\"},\"author\":{\"name\":\"admin\",\"@id\":\"https:\/\/volcanes.net\/#\/schema\/person\/4bf0f383940966a4abd53f5048c0e6b9\"},\"headline\":\"&#8220;Ahora vamos por cero corrupci\u00f3n&#8221;: Valent\u00edn Mart\u00ednez Castillo en Toma de Protesta como Presidente Municipal de Ozumba para el periodo 2022-2024\",\"datePublished\":\"2021-12-19T06:08:59+00:00\",\"mainEntityOfPage\":{\"@id\":\"https:\/\/volcanes.net\/?p=12231\"},\"wordCount\":1054,\"commentCount\":0,\"publisher\":{\"@id\":\"https:\/\/volcanes.net\/#organization\"},\"image\":{\"@id\":\"https:\/\/volcanes.net\/?p=12231#primaryimage\"},\"thumbnailUrl\":\"https:\/\/volcanes.net\/wp-content\/uploads\/2021\/12\/IMG-20211218-WA0005.jpg\",\"keywords\":[\"Ozumba\"],\"articleSection\":[\"Municipales\"],\"inLanguage\":\"es\",\"potentialAction\":[{\"@type\":\"CommentAction\",\"name\":\"Comment\",\"target\":[\"https:\/\/volcanes.net\/?p=12231#respond\"]}]},{\"@type\":\"WebPage\",\"@id\":\"https:\/\/volcanes.net\/?p=12231\",\"url\":\"https:\/\/volcanes.net\/?p=12231\",\"name\":\"\\\"Ahora vamos por cero corrupci\u00f3n\\\": Valent\u00edn Mart\u00ednez Castillo en Toma de Protesta como Presidente Municipal de Ozumba para el periodo 2022-2024 - Volcanes\",\"isPartOf\":{\"@id\":\"https:\/\/volcanes.net\/#website\"},\"primaryImageOfPage\":{\"@id\":\"https:\/\/volcanes.net\/?p=12231#primaryimage\"},\"image\":{\"@id\":\"https:\/\/volcanes.net\/?p=12231#primaryimage\"},\"thumbnailUrl\":\"https:\/\/volcanes.net\/wp-content\/uploads\/2021\/12\/IMG-20211218-WA0005.jpg\",\"datePublished\":\"2021-12-19T06:08:59+00:00\",\"breadcrumb\":{\"@id\":\"https:\/\/volcanes.net\/?p=12231#breadcrumb\"},\"inLanguage\":\"es\",\"potentialAction\":[{\"@type\":\"ReadAction\",\"target\":[\"https:\/\/volcanes.net\/?p=12231\"]}]},{\"@type\":\"ImageObject\",\"inLanguage\":\"es\",\"@id\":\"https:\/\/volcanes.net\/?p=12231#primaryimage\",\"url\":\"https:\/\/volcanes.net\/wp-content\/uploads\/2021\/12\/IMG-20211218-WA0005.jpg\",\"contentUrl\":\"https:\/\/volcanes.net\/wp-content\/uploads\/2021\/12\/IMG-20211218-WA0005.jpg\",\"width\":1590,\"height\":1080},{\"@type\":\"BreadcrumbList\",\"@id\":\"https:\/\/volcanes.net\/?p=12231#breadcrumb\",\"itemListElement\":[{\"@type\":\"ListItem\",\"position\":1,\"name\":\"Portada\",\"item\":\"https:\/\/volcanes.net\/\"},{\"@type\":\"ListItem\",\"position\":2,\"name\":\"&#8220;Ahora vamos por cero corrupci\u00f3n&#8221;: Valent\u00edn Mart\u00ednez Castillo en Toma de Protesta como Presidente Municipal de Ozumba para el periodo 2022-2024\"}]},{\"@type\":\"WebSite\",\"@id\":\"https:\/\/volcanes.net\/#website\",\"url\":\"https:\/\/volcanes.net\/\",\"name\":\"Volcanes.Net\",\"description\":\"Periodismo Profesional\",\"publisher\":{\"@id\":\"https:\/\/volcanes.net\/#organization\"},\"potentialAction\":[{\"@type\":\"SearchAction\",\"target\":{\"@type\":\"EntryPoint\",\"urlTemplate\":\"https:\/\/volcanes.net\/?s={search_term_string}\"},\"query-input\":{\"@type\":\"PropertyValueSpecification\",\"valueRequired\":true,\"valueName\":\"search_term_string\"}}],\"inLanguage\":\"es\"},{\"@type\":\"Organization\",\"@id\":\"https:\/\/volcanes.net\/#organization\",\"name\":\"Grupo Volcanes\",\"url\":\"https:\/\/volcanes.net\/\",\"logo\":{\"@type\":\"ImageObject\",\"inLanguage\":\"es\",\"@id\":\"https:\/\/volcanes.net\/#\/schema\/logo\/image\/\",\"url\":\"http:\/\/volcanes.net\/wp-content\/uploads\/2017\/12\/Avatar2.jpg\",\"contentUrl\":\"http:\/\/volcanes.net\/wp-content\/uploads\/2017\/12\/Avatar2.jpg\",\"width\":378,\"height\":378,\"caption\":\"Grupo Volcanes\"},\"image\":{\"@id\":\"https:\/\/volcanes.net\/#\/schema\/logo\/image\/\"},\"sameAs\":[\"https:\/\/www.facebook.com\/volcanes.net\/\"]},{\"@type\":\"Person\",\"@id\":\"https:\/\/volcanes.net\/#\/schema\/person\/4bf0f383940966a4abd53f5048c0e6b9\",\"name\":\"admin\",\"image\":{\"@type\":\"ImageObject\",\"inLanguage\":\"es\",\"@id\":\"https:\/\/volcanes.net\/#\/schema\/person\/image\/\",\"url\":\"https:\/\/secure.gravatar.com\/avatar\/ca004e6cba8462b8cb7abc86e382930c?s=96&d=mm&r=g\",\"contentUrl\":\"https:\/\/secure.gravatar.com\/avatar\/ca004e6cba8462b8cb7abc86e382930c?s=96&d=mm&r=g\",\"caption\":\"admin\"}}]}<\/script>\n<!-- \/ Yoast SEO plugin. -->","yoast_head_json":{"title":"\"Ahora vamos por cero corrupci\u00f3n\": Valent\u00edn Mart\u00ednez Castillo en Toma de Protesta como Presidente Municipal de Ozumba para el periodo 2022-2024 - Volcanes","robots":{"index":"index","follow":"follow","max-snippet":"max-snippet:-1","max-image-preview":"max-image-preview:large","max-video-preview":"max-video-preview:-1"},"canonical":"https:\/\/volcanes.net\/?p=12231","og_locale":"es_MX","og_type":"article","og_title":"\"Ahora vamos por cero corrupci\u00f3n\": Valent\u00edn Mart\u00ednez Castillo en Toma de Protesta como Presidente Municipal de Ozumba para el periodo 2022-2024 - Volcanes","og_description":"Ozumba, Estado de M\u00e9xico.- Valent\u00edn Mart\u00ednez Castillo, rinde Protesta de Ley como Presidente Municipal de","og_url":"https:\/\/volcanes.net\/?p=12231","og_site_name":"Volcanes","article_publisher":"https:\/\/www.facebook.com\/volcanes.net\/","article_published_time":"2021-12-19T06:08:59+00:00","og_image":[{"width":1590,"height":1080,"url":"https:\/\/volcanes.net\/wp-content\/uploads\/2021\/12\/IMG-20211218-WA0005.jpg","type":"image\/jpeg"}],"author":"admin","twitter_card":"summary_large_image","twitter_misc":{"Escrito por":"admin","Tiempo de lectura":"5 minutos"},"schema":{"@context":"https:\/\/schema.org","@graph":[{"@type":"Article","@id":"https:\/\/volcanes.net\/?p=12231#article","isPartOf":{"@id":"https:\/\/volcanes.net\/?p=12231"},"author":{"name":"admin","@id":"https:\/\/volcanes.net\/#\/schema\/person\/4bf0f383940966a4abd53f5048c0e6b9"},"headline":"&#8220;Ahora vamos por cero corrupci\u00f3n&#8221;: Valent\u00edn Mart\u00ednez Castillo en Toma de Protesta como Presidente Municipal de Ozumba para el periodo 2022-2024","datePublished":"2021-12-19T06:08:59+00:00","mainEntityOfPage":{"@id":"https:\/\/volcanes.net\/?p=12231"},"wordCount":1054,"commentCount":0,"publisher":{"@id":"https:\/\/volcanes.net\/#organization"},"image":{"@id":"https:\/\/volcanes.net\/?p=12231#primaryimage"},"thumbnailUrl":"https:\/\/volcanes.net\/wp-content\/uploads\/2021\/12\/IMG-20211218-WA0005.jpg","keywords":["Ozumba"],"articleSection":["Municipales"],"inLanguage":"es","potentialAction":[{"@type":"CommentAction","name":"Comment","target":["https:\/\/volcanes.net\/?p=12231#respond"]}]},{"@type":"WebPage","@id":"https:\/\/volcanes.net\/?p=12231","url":"https:\/\/volcanes.net\/?p=12231","name":"\"Ahora vamos por cero corrupci\u00f3n\": Valent\u00edn Mart\u00ednez Castillo en Toma de Protesta como Presidente Municipal de Ozumba para el periodo 2022-2024 - Volcanes","isPartOf":{"@id":"https:\/\/volcanes.net\/#website"},"primaryImageOfPage":{"@id":"https:\/\/volcanes.net\/?p=12231#primaryimage"},"image":{"@id":"https:\/\/volcanes.net\/?p=12231#primaryimage"},"thumbnailUrl":"https:\/\/volcanes.net\/wp-content\/uploads\/2021\/12\/IMG-20211218-WA0005.jpg","datePublished":"2021-12-19T06:08:59+00:00","breadcrumb":{"@id":"https:\/\/volcanes.net\/?p=12231#breadcrumb"},"inLanguage":"es","potentialAction":[{"@type":"ReadAction","target":["https:\/\/volcanes.net\/?p=12231"]}]},{"@type":"ImageObject","inLanguage":"es","@id":"https:\/\/volcanes.net\/?p=12231#primaryimage","url":"https:\/\/volcanes.net\/wp-content\/uploads\/2021\/12\/IMG-20211218-WA0005.jpg","contentUrl":"https:\/\/volcanes.net\/wp-content\/uploads\/2021\/12\/IMG-20211218-WA0005.jpg","width":1590,"height":1080},{"@type":"BreadcrumbList","@id":"https:\/\/volcanes.net\/?p=12231#breadcrumb","itemListElement":[{"@type":"ListItem","position":1,"name":"Portada","item":"https:\/\/volcanes.net\/"},{"@type":"ListItem","position":2,"name":"&#8220;Ahora vamos por cero corrupci\u00f3n&#8221;: Valent\u00edn Mart\u00ednez Castillo en Toma de Protesta como Presidente Municipal de Ozumba para el periodo 2022-2024"}]},{"@type":"WebSite","@id":"https:\/\/volcanes.net\/#website","url":"https:\/\/volcanes.net\/","name":"Volcanes.Net","description":"Periodismo Profesional","publisher":{"@id":"https:\/\/volcanes.net\/#organization"},"potentialAction":[{"@type":"SearchAction","target":{"@type":"EntryPoint","urlTemplate":"https:\/\/volcanes.net\/?s={search_term_string}"},"query-input":{"@type":"PropertyValueSpecification","valueRequired":true,"valueName":"search_term_string"}}],"inLanguage":"es"},{"@type":"Organization","@id":"https:\/\/volcanes.net\/#organization","name":"Grupo Volcanes","url":"https:\/\/volcanes.net\/","logo":{"@type":"ImageObject","inLanguage":"es","@id":"https:\/\/volcanes.net\/#\/schema\/logo\/image\/","url":"http:\/\/volcanes.net\/wp-content\/uploads\/2017\/12\/Avatar2.jpg","contentUrl":"http:\/\/volcanes.net\/wp-content\/uploads\/2017\/12\/Avatar2.jpg","width":378,"height":378,"caption":"Grupo Volcanes"},"image":{"@id":"https:\/\/volcanes.net\/#\/schema\/logo\/image\/"},"sameAs":["https:\/\/www.facebook.com\/volcanes.net\/"]},{"@type":"Person","@id":"https:\/\/volcanes.net\/#\/schema\/person\/4bf0f383940966a4abd53f5048c0e6b9","name":"admin","image":{"@type":"ImageObject","inLanguage":"es","@id":"https:\/\/volcanes.net\/#\/schema\/person\/image\/","url":"https:\/\/secure.gravatar.com\/avatar\/ca004e6cba8462b8cb7abc86e382930c?s=96&d=mm&r=g","contentUrl":"https:\/\/secure.gravatar.com\/avatar\/ca004e6cba8462b8cb7abc86e382930c?s=96&d=mm&r=g","caption":"admin"}}]}},"_links":{"self":[{"href":"https:\/\/volcanes.net\/index.php?rest_route=\/wp\/v2\/posts\/12231"}],"collection":[{"href":"https:\/\/volcanes.net\/index.php?rest_route=\/wp\/v2\/posts"}],"about":[{"href":"https:\/\/volcanes.net\/index.php?rest_route=\/wp\/v2\/types\/post"}],"author":[{"embeddable":true,"href":"https:\/\/volcanes.net\/index.php?rest_route=\/wp\/v2\/users\/1"}],"replies":[{"embeddable":true,"href":"https:\/\/volcanes.net\/index.php?rest_route=%2Fwp%2Fv2%2Fcomments&post=12231"}],"version-history":[{"count":1,"href":"https:\/\/volcanes.net\/index.php?rest_route=\/wp\/v2\/posts\/12231\/revisions"}],"predecessor-version":[{"id":12233,"href":"https:\/\/volcanes.net\/index.php?rest_route=\/wp\/v2\/posts\/12231\/revisions\/12233"}],"wp:featuredmedia":[{"embeddable":true,"href":"https:\/\/volcanes.net\/index.php?rest_route=\/wp\/v2\/media\/12232"}],"wp:attachment":[{"href":"https:\/\/volcanes.net\/index.php?rest_route=%2Fwp%2Fv2%2Fmedia&parent=12231"}],"wp:term":[{"taxonomy":"category","embeddable":true,"href":"https:\/\/volcanes.net\/index.php?rest_route=%2Fwp%2Fv2%2Fcategories&post=12231"},{"taxonomy":"post_tag","embeddable":true,"href":"https:\/\/volcanes.net\/index.php?rest_route=%2Fwp%2Fv2%2Ftags&post=12231"}],"curies":[{"name":"wp","href":"https:\/\/api.w.org\/{rel}","templated":true}]}}