{"id":12244,"date":"2022-01-10T13:33:39","date_gmt":"2022-01-10T19:33:39","guid":{"rendered":"http:\/\/volcanes.net\/?p=12244"},"modified":"2022-01-10T13:33:39","modified_gmt":"2022-01-10T19:33:39","slug":"gran-agasajo-recibieron-infantes-mexiquenses-por-el-dia-de-reyes","status":"publish","type":"post","link":"https:\/\/volcanes.net\/?p=12244","title":{"rendered":"Gran agasajo recibieron infantes mexiquenses por el D\u00eda de Reyes"},"content":{"rendered":"<div style=\"margin-top: 0px; margin-bottom: 0px;\" class=\"sharethis-inline-share-buttons\" ><\/div><p>Ozumba, Estado de M\u00e9xico.- Gran agasajo recibieron los ni\u00f1os ozumbenses, el pasado 8 de enero, con motivo del D\u00eda de Reyes, por parte del Ayuntamiento 2022-2024, que preside Valent\u00edn Mart\u00ednez Castillo, en coordinaci\u00f3n con el DIF municipal.<\/p>\n<p>Juegos mec\u00e1nicos, show art\u00edstico, rifa de bicicletas, triciclos, patines y otros juguetes especiales; adem\u00e1s de repartici\u00f3n de juguetes para todos los ni\u00f1os; este festejo se llev\u00f3 a cabo en la explanada municipal, desde las 13:00 hasta las 19:00 horas.<\/p>\n<p>El presidente municipal, Valent\u00edn Mart\u00ednez, agradeci\u00f3 a los integrantes de su cabildo quienes donaron los juguetes para la rifa. Adem\u00e1s agradeci\u00f3 tambi\u00e9n a los Reyes Magos quienes con gran esfuerzo hacen posible est\u00e1 celebraci\u00f3n; &#8220;Que no se pierda est\u00e1 hermosa tradici\u00f3n que hace felices a tantos ni\u00f1os&#8221;, enfatiz\u00f3 el edil.<\/p>\n<p>As\u00ed mismo, agradeci\u00f3 a su se\u00f1ora madre, Edith Castillo, por su esmero y dedicaci\u00f3n en la preparaci\u00f3n de este divertido evento que atrajo a miles de ni\u00f1os, tanto de la cabecera municipal como de las delegaciones de Ozumba.<\/p>\n<p>&#8220;Lo hacemos con mucho cari\u00f1o para que nuestros ni\u00f1os pasen un momento agradable&#8221;, manifest\u00f3 la presidenta del DIF.<\/p>\n","protected":false},"excerpt":{"rendered":"<p>Ozumba, Estado de M\u00e9xico.- Gran agasajo recibieron los ni\u00f1os ozumbenses, el pasado 8 de enero,<\/p>\n","protected":false},"author":1,"featured_media":12245,"comment_status":"open","ping_status":"open","sticky":false,"template":"","format":"standard","meta":{"footnotes":""},"categories":[1],"tags":[14],"class_list":["post-12244","post","type-post","status-publish","format-standard","has-post-thumbnail","hentry","category-municipales","tag-ozumba"],"yoast_head":"<!-- This site is optimized with the Yoast SEO plugin v25.3 - https:\/\/yoast.com\/wordpress\/plugins\/seo\/ -->\n<title>Gran agasajo recibieron infantes mexiquenses por el D\u00eda de Reyes - Volcanes<\/title>\n<meta name=\"robots\" content=\"index, follow, max-snippet:-1, max-image-preview:large, max-video-preview:-1\" \/>\n<link rel=\"canonical\" href=\"https:\/\/volcanes.net\/?p=12244\" \/>\n<meta property=\"og:locale\" content=\"es_MX\" \/>\n<meta property=\"og:type\" content=\"article\" \/>\n<meta property=\"og:title\" content=\"Gran agasajo recibieron infantes mexiquenses por el D\u00eda de Reyes - Volcanes\" \/>\n<meta property=\"og:description\" content=\"Ozumba, Estado de M\u00e9xico.- Gran agasajo recibieron los ni\u00f1os ozumbenses, el pasado 8 de enero,\" \/>\n<meta property=\"og:url\" content=\"https:\/\/volcanes.net\/?p=12244\" \/>\n<meta property=\"og:site_name\" content=\"Volcanes\" \/>\n<meta property=\"article:publisher\" content=\"https:\/\/www.facebook.com\/volcanes.net\/\" \/>\n<meta property=\"article:published_time\" content=\"2022-01-10T19:33:39+00:00\" \/>\n<meta property=\"og:image\" content=\"https:\/\/volcanes.net\/wp-content\/uploads\/2022\/01\/IMG-20220109-WA0003.jpg\" \/>\n\t<meta property=\"og:image:width\" content=\"780\" \/>\n\t<meta property=\"og:image:height\" content=\"1040\" \/>\n\t<meta property=\"og:image:type\" content=\"image\/jpeg\" \/>\n<meta name=\"author\" content=\"admin\" \/>\n<meta name=\"twitter:card\" content=\"summary_large_image\" \/>\n<meta name=\"twitter:label1\" content=\"Escrito por\" \/>\n\t<meta name=\"twitter:data1\" content=\"admin\" \/>\n\t<meta name=\"twitter:label2\" content=\"Tiempo de lectura\" \/>\n\t<meta name=\"twitter:data2\" content=\"1 minuto\" \/>\n<script type=\"application\/ld+json\" class=\"yoast-schema-graph\">{\"@context\":\"https:\/\/schema.org\",\"@graph\":[{\"@type\":\"Article\",\"@id\":\"https:\/\/volcanes.net\/?p=12244#article\",\"isPartOf\":{\"@id\":\"https:\/\/volcanes.net\/?p=12244\"},\"author\":{\"name\":\"admin\",\"@id\":\"https:\/\/volcanes.net\/#\/schema\/person\/4bf0f383940966a4abd53f5048c0e6b9\"},\"headline\":\"Gran agasajo recibieron infantes mexiquenses por el D\u00eda de Reyes\",\"datePublished\":\"2022-01-10T19:33:39+00:00\",\"mainEntityOfPage\":{\"@id\":\"https:\/\/volcanes.net\/?p=12244\"},\"wordCount\":215,\"commentCount\":0,\"publisher\":{\"@id\":\"https:\/\/volcanes.net\/#organization\"},\"image\":{\"@id\":\"https:\/\/volcanes.net\/?p=12244#primaryimage\"},\"thumbnailUrl\":\"https:\/\/volcanes.net\/wp-content\/uploads\/2022\/01\/IMG-20220109-WA0003.jpg\",\"keywords\":[\"Ozumba\"],\"articleSection\":[\"Municipales\"],\"inLanguage\":\"es\",\"potentialAction\":[{\"@type\":\"CommentAction\",\"name\":\"Comment\",\"target\":[\"https:\/\/volcanes.net\/?p=12244#respond\"]}]},{\"@type\":\"WebPage\",\"@id\":\"https:\/\/volcanes.net\/?p=12244\",\"url\":\"https:\/\/volcanes.net\/?p=12244\",\"name\":\"Gran agasajo recibieron infantes mexiquenses por el D\u00eda de Reyes - Volcanes\",\"isPartOf\":{\"@id\":\"https:\/\/volcanes.net\/#website\"},\"primaryImageOfPage\":{\"@id\":\"https:\/\/volcanes.net\/?p=12244#primaryimage\"},\"image\":{\"@id\":\"https:\/\/volcanes.net\/?p=12244#primaryimage\"},\"thumbnailUrl\":\"https:\/\/volcanes.net\/wp-content\/uploads\/2022\/01\/IMG-20220109-WA0003.jpg\",\"datePublished\":\"2022-01-10T19:33:39+00:00\",\"breadcrumb\":{\"@id\":\"https:\/\/volcanes.net\/?p=12244#breadcrumb\"},\"inLanguage\":\"es\",\"potentialAction\":[{\"@type\":\"ReadAction\",\"target\":[\"https:\/\/volcanes.net\/?p=12244\"]}]},{\"@type\":\"ImageObject\",\"inLanguage\":\"es\",\"@id\":\"https:\/\/volcanes.net\/?p=12244#primaryimage\",\"url\":\"https:\/\/volcanes.net\/wp-content\/uploads\/2022\/01\/IMG-20220109-WA0003.jpg\",\"contentUrl\":\"https:\/\/volcanes.net\/wp-content\/uploads\/2022\/01\/IMG-20220109-WA0003.jpg\",\"width\":780,\"height\":1040},{\"@type\":\"BreadcrumbList\",\"@id\":\"https:\/\/volcanes.net\/?p=12244#breadcrumb\",\"itemListElement\":[{\"@type\":\"ListItem\",\"position\":1,\"name\":\"Portada\",\"item\":\"https:\/\/volcanes.net\/\"},{\"@type\":\"ListItem\",\"position\":2,\"name\":\"Gran agasajo recibieron infantes mexiquenses por el D\u00eda de Reyes\"}]},{\"@type\":\"WebSite\",\"@id\":\"https:\/\/volcanes.net\/#website\",\"url\":\"https:\/\/volcanes.net\/\",\"name\":\"Volcanes.Net\",\"description\":\"Periodismo Profesional\",\"publisher\":{\"@id\":\"https:\/\/volcanes.net\/#organization\"},\"potentialAction\":[{\"@type\":\"SearchAction\",\"target\":{\"@type\":\"EntryPoint\",\"urlTemplate\":\"https:\/\/volcanes.net\/?s={search_term_string}\"},\"query-input\":{\"@type\":\"PropertyValueSpecification\",\"valueRequired\":true,\"valueName\":\"search_term_string\"}}],\"inLanguage\":\"es\"},{\"@type\":\"Organization\",\"@id\":\"https:\/\/volcanes.net\/#organization\",\"name\":\"Grupo Volcanes\",\"url\":\"https:\/\/volcanes.net\/\",\"logo\":{\"@type\":\"ImageObject\",\"inLanguage\":\"es\",\"@id\":\"https:\/\/volcanes.net\/#\/schema\/logo\/image\/\",\"url\":\"http:\/\/volcanes.net\/wp-content\/uploads\/2017\/12\/Avatar2.jpg\",\"contentUrl\":\"http:\/\/volcanes.net\/wp-content\/uploads\/2017\/12\/Avatar2.jpg\",\"width\":378,\"height\":378,\"caption\":\"Grupo Volcanes\"},\"image\":{\"@id\":\"https:\/\/volcanes.net\/#\/schema\/logo\/image\/\"},\"sameAs\":[\"https:\/\/www.facebook.com\/volcanes.net\/\"]},{\"@type\":\"Person\",\"@id\":\"https:\/\/volcanes.net\/#\/schema\/person\/4bf0f383940966a4abd53f5048c0e6b9\",\"name\":\"admin\",\"image\":{\"@type\":\"ImageObject\",\"inLanguage\":\"es\",\"@id\":\"https:\/\/volcanes.net\/#\/schema\/person\/image\/\",\"url\":\"https:\/\/secure.gravatar.com\/avatar\/ca004e6cba8462b8cb7abc86e382930c?s=96&d=mm&r=g\",\"contentUrl\":\"https:\/\/secure.gravatar.com\/avatar\/ca004e6cba8462b8cb7abc86e382930c?s=96&d=mm&r=g\",\"caption\":\"admin\"}}]}<\/script>\n<!-- \/ Yoast SEO plugin. -->","yoast_head_json":{"title":"Gran agasajo recibieron infantes mexiquenses por el D\u00eda de Reyes - Volcanes","robots":{"index":"index","follow":"follow","max-snippet":"max-snippet:-1","max-image-preview":"max-image-preview:large","max-video-preview":"max-video-preview:-1"},"canonical":"https:\/\/volcanes.net\/?p=12244","og_locale":"es_MX","og_type":"article","og_title":"Gran agasajo recibieron infantes mexiquenses por el D\u00eda de Reyes - Volcanes","og_description":"Ozumba, Estado de M\u00e9xico.- Gran agasajo recibieron los ni\u00f1os ozumbenses, el pasado 8 de enero,","og_url":"https:\/\/volcanes.net\/?p=12244","og_site_name":"Volcanes","article_publisher":"https:\/\/www.facebook.com\/volcanes.net\/","article_published_time":"2022-01-10T19:33:39+00:00","og_image":[{"width":780,"height":1040,"url":"https:\/\/volcanes.net\/wp-content\/uploads\/2022\/01\/IMG-20220109-WA0003.jpg","type":"image\/jpeg"}],"author":"admin","twitter_card":"summary_large_image","twitter_misc":{"Escrito por":"admin","Tiempo de lectura":"1 minuto"},"schema":{"@context":"https:\/\/schema.org","@graph":[{"@type":"Article","@id":"https:\/\/volcanes.net\/?p=12244#article","isPartOf":{"@id":"https:\/\/volcanes.net\/?p=12244"},"author":{"name":"admin","@id":"https:\/\/volcanes.net\/#\/schema\/person\/4bf0f383940966a4abd53f5048c0e6b9"},"headline":"Gran agasajo recibieron infantes mexiquenses por el D\u00eda de Reyes","datePublished":"2022-01-10T19:33:39+00:00","mainEntityOfPage":{"@id":"https:\/\/volcanes.net\/?p=12244"},"wordCount":215,"commentCount":0,"publisher":{"@id":"https:\/\/volcanes.net\/#organization"},"image":{"@id":"https:\/\/volcanes.net\/?p=12244#primaryimage"},"thumbnailUrl":"https:\/\/volcanes.net\/wp-content\/uploads\/2022\/01\/IMG-20220109-WA0003.jpg","keywords":["Ozumba"],"articleSection":["Municipales"],"inLanguage":"es","potentialAction":[{"@type":"CommentAction","name":"Comment","target":["https:\/\/volcanes.net\/?p=12244#respond"]}]},{"@type":"WebPage","@id":"https:\/\/volcanes.net\/?p=12244","url":"https:\/\/volcanes.net\/?p=12244","name":"Gran agasajo recibieron infantes mexiquenses por el D\u00eda de Reyes - Volcanes","isPartOf":{"@id":"https:\/\/volcanes.net\/#website"},"primaryImageOfPage":{"@id":"https:\/\/volcanes.net\/?p=12244#primaryimage"},"image":{"@id":"https:\/\/volcanes.net\/?p=12244#primaryimage"},"thumbnailUrl":"https:\/\/volcanes.net\/wp-content\/uploads\/2022\/01\/IMG-20220109-WA0003.jpg","datePublished":"2022-01-10T19:33:39+00:00","breadcrumb":{"@id":"https:\/\/volcanes.net\/?p=12244#breadcrumb"},"inLanguage":"es","potentialAction":[{"@type":"ReadAction","target":["https:\/\/volcanes.net\/?p=12244"]}]},{"@type":"ImageObject","inLanguage":"es","@id":"https:\/\/volcanes.net\/?p=12244#primaryimage","url":"https:\/\/volcanes.net\/wp-content\/uploads\/2022\/01\/IMG-20220109-WA0003.jpg","contentUrl":"https:\/\/volcanes.net\/wp-content\/uploads\/2022\/01\/IMG-20220109-WA0003.jpg","width":780,"height":1040},{"@type":"BreadcrumbList","@id":"https:\/\/volcanes.net\/?p=12244#breadcrumb","itemListElement":[{"@type":"ListItem","position":1,"name":"Portada","item":"https:\/\/volcanes.net\/"},{"@type":"ListItem","position":2,"name":"Gran agasajo recibieron infantes mexiquenses por el D\u00eda de Reyes"}]},{"@type":"WebSite","@id":"https:\/\/volcanes.net\/#website","url":"https:\/\/volcanes.net\/","name":"Volcanes.Net","description":"Periodismo Profesional","publisher":{"@id":"https:\/\/volcanes.net\/#organization"},"potentialAction":[{"@type":"SearchAction","target":{"@type":"EntryPoint","urlTemplate":"https:\/\/volcanes.net\/?s={search_term_string}"},"query-input":{"@type":"PropertyValueSpecification","valueRequired":true,"valueName":"search_term_string"}}],"inLanguage":"es"},{"@type":"Organization","@id":"https:\/\/volcanes.net\/#organization","name":"Grupo Volcanes","url":"https:\/\/volcanes.net\/","logo":{"@type":"ImageObject","inLanguage":"es","@id":"https:\/\/volcanes.net\/#\/schema\/logo\/image\/","url":"http:\/\/volcanes.net\/wp-content\/uploads\/2017\/12\/Avatar2.jpg","contentUrl":"http:\/\/volcanes.net\/wp-content\/uploads\/2017\/12\/Avatar2.jpg","width":378,"height":378,"caption":"Grupo Volcanes"},"image":{"@id":"https:\/\/volcanes.net\/#\/schema\/logo\/image\/"},"sameAs":["https:\/\/www.facebook.com\/volcanes.net\/"]},{"@type":"Person","@id":"https:\/\/volcanes.net\/#\/schema\/person\/4bf0f383940966a4abd53f5048c0e6b9","name":"admin","image":{"@type":"ImageObject","inLanguage":"es","@id":"https:\/\/volcanes.net\/#\/schema\/person\/image\/","url":"https:\/\/secure.gravatar.com\/avatar\/ca004e6cba8462b8cb7abc86e382930c?s=96&d=mm&r=g","contentUrl":"https:\/\/secure.gravatar.com\/avatar\/ca004e6cba8462b8cb7abc86e382930c?s=96&d=mm&r=g","caption":"admin"}}]}},"_links":{"self":[{"href":"https:\/\/volcanes.net\/index.php?rest_route=\/wp\/v2\/posts\/12244"}],"collection":[{"href":"https:\/\/volcanes.net\/index.php?rest_route=\/wp\/v2\/posts"}],"about":[{"href":"https:\/\/volcanes.net\/index.php?rest_route=\/wp\/v2\/types\/post"}],"author":[{"embeddable":true,"href":"https:\/\/volcanes.net\/index.php?rest_route=\/wp\/v2\/users\/1"}],"replies":[{"embeddable":true,"href":"https:\/\/volcanes.net\/index.php?rest_route=%2Fwp%2Fv2%2Fcomments&post=12244"}],"version-history":[{"count":1,"href":"https:\/\/volcanes.net\/index.php?rest_route=\/wp\/v2\/posts\/12244\/revisions"}],"predecessor-version":[{"id":12246,"href":"https:\/\/volcanes.net\/index.php?rest_route=\/wp\/v2\/posts\/12244\/revisions\/12246"}],"wp:featuredmedia":[{"embeddable":true,"href":"https:\/\/volcanes.net\/index.php?rest_route=\/wp\/v2\/media\/12245"}],"wp:attachment":[{"href":"https:\/\/volcanes.net\/index.php?rest_route=%2Fwp%2Fv2%2Fmedia&parent=12244"}],"wp:term":[{"taxonomy":"category","embeddable":true,"href":"https:\/\/volcanes.net\/index.php?rest_route=%2Fwp%2Fv2%2Fcategories&post=12244"},{"taxonomy":"post_tag","embeddable":true,"href":"https:\/\/volcanes.net\/index.php?rest_route=%2Fwp%2Fv2%2Ftags&post=12244"}],"curies":[{"name":"wp","href":"https:\/\/api.w.org\/{rel}","templated":true}]}}