{"id":12253,"date":"2022-01-20T18:54:07","date_gmt":"2022-01-21T00:54:07","guid":{"rendered":"http:\/\/volcanes.net\/?p=12253"},"modified":"2022-01-20T18:54:07","modified_gmt":"2022-01-21T00:54:07","slug":"la-perforacion-de-pozo-en-ozumba-ya-es-una-realidad","status":"publish","type":"post","link":"https:\/\/volcanes.net\/?p=12253","title":{"rendered":"La perforaci\u00f3n de pozo en Ozumba ya es una realidad"},"content":{"rendered":"<div style=\"margin-top: 0px; margin-bottom: 0px;\" class=\"sharethis-inline-share-buttons\" ><\/div><ul>\n<li>San Vicente Chimalhuac\u00e1n podr\u00eda ser la sede del nuevo pozo que abastecer\u00e1 a Ozumba<\/li>\n<\/ul>\n<p>Ozumba, Estado de M\u00e9xico.- Est\u00e1 a punto de dar inicio la perforaci\u00f3n de un nuevo pozo que abastecer\u00e1 a Ozumba y sus comunidades, anunci\u00f3 el edil Valent\u00edn Mart\u00ednez Castillo, a trav\u00e9s de sus redes sociales, con lo cual dar\u00e1 complimiento al compromiso que refrend\u00f3 durante su toma de protesta como Presidente Municipal para el periodo 2022-2024.<\/p>\n<p>&#8220;Me he reunido con el cuerpo edilicio para que conozcan el resultado favorable que arrojaron 5 puntos tras la realizaci\u00f3n de los Sondeos El\u00e9ctrico Verticales (#SEV\u2019s) para la perforaci\u00f3n del pozo&#8221;, manifest\u00f3.<\/p>\n<p>As\u00ed mismo, inform\u00f3 que ha realizado diversos recorridos en la periferia de este municipio para identificar los puntos en los cu\u00e1les se podr\u00eda realizar la perforaci\u00f3n del pozo.<\/p>\n<p>Sobre este punto, en d\u00edas pasados, el alcalde di\u00f3 a conocer que se hab\u00eda identificado un lugar tras una reuni\u00f3n con el se\u00f1or Agust\u00edn Riva Palacio, propietario del predio, quien estaba en la disposici\u00f3n de donar el terreno que sea necesario a fin de que se logre la perforaci\u00f3n.<\/p>\n<p>Sin embargo, el d\u00eda de ayer inform\u00f3 que mantuvo una reuni\u00f3n con \u201cBienes Comunales\u201d de la Delegaci\u00f3n de San Vicente Chimalhuac\u00e1n para solicitar el apoyo a los comuneros para la donaci\u00f3n de un predio de 20 x 20 metros, para la perforaci\u00f3n del Pozo ya aprobado.<\/p>\n<p>Explic\u00f3 que a trav\u00e9s de la gesti\u00f3n y coordinaci\u00f3n con CAEM, en octubre del 2021 se realizaron \u201cSondeos el\u00e9ctricos verticales (#SEV)\u201d, que dieron como resultado 5 puntos perfectamente definidos, por lo que la perforaci\u00f3n y el hallazgo del l\u00edquido vital ser\u00e1 exitosa, asegur\u00f3.<\/p>\n<p>&#8220;Estamos contentos con la reuni\u00f3n que hemos tenido y en espera de la resoluci\u00f3n de la Asamblea de Bienes Comunales de la Delegaci\u00f3n, confiando siempre en que se tomar\u00e1 la mejor decisi\u00f3n y que jam\u00e1s obligaremos a nadie, a algo que se sale de sus posibilidades resolver&#8221;, apunt\u00f3.<\/p>\n<p>Asimismo, dijo sentirse contento de los avances que se han logrado tras la aprobaci\u00f3n para la construcci\u00f3n de un nuevo pozo que sin lugar a dudas, beneficiar\u00e1 el abastecimiento de agua de las comunidades ozumbenses.<\/p>\n","protected":false},"excerpt":{"rendered":"<p>San Vicente Chimalhuac\u00e1n podr\u00eda ser la sede del nuevo pozo que abastecer\u00e1 a Ozumba Ozumba,<\/p>\n","protected":false},"author":1,"featured_media":12254,"comment_status":"open","ping_status":"open","sticky":false,"template":"","format":"standard","meta":{"footnotes":""},"categories":[1],"tags":[14],"class_list":["post-12253","post","type-post","status-publish","format-standard","has-post-thumbnail","hentry","category-municipales","tag-ozumba"],"yoast_head":"<!-- This site is optimized with the Yoast SEO plugin v25.3 - https:\/\/yoast.com\/wordpress\/plugins\/seo\/ -->\n<title>La perforaci\u00f3n de pozo en Ozumba ya es una realidad - Volcanes<\/title>\n<meta name=\"robots\" content=\"index, follow, max-snippet:-1, max-image-preview:large, max-video-preview:-1\" \/>\n<link rel=\"canonical\" href=\"https:\/\/volcanes.net\/?p=12253\" \/>\n<meta property=\"og:locale\" content=\"es_MX\" \/>\n<meta property=\"og:type\" content=\"article\" \/>\n<meta property=\"og:title\" content=\"La perforaci\u00f3n de pozo en Ozumba ya es una realidad - Volcanes\" \/>\n<meta property=\"og:description\" content=\"San Vicente Chimalhuac\u00e1n podr\u00eda ser la sede del nuevo pozo que abastecer\u00e1 a Ozumba Ozumba,\" \/>\n<meta property=\"og:url\" content=\"https:\/\/volcanes.net\/?p=12253\" \/>\n<meta property=\"og:site_name\" content=\"Volcanes\" \/>\n<meta property=\"article:publisher\" content=\"https:\/\/www.facebook.com\/volcanes.net\/\" \/>\n<meta property=\"article:published_time\" content=\"2022-01-21T00:54:07+00:00\" \/>\n<meta property=\"og:image\" content=\"https:\/\/volcanes.net\/wp-content\/uploads\/2022\/01\/IMG-20220120-WA0000.jpg\" \/>\n\t<meta property=\"og:image:width\" content=\"1080\" \/>\n\t<meta property=\"og:image:height\" content=\"810\" \/>\n\t<meta property=\"og:image:type\" content=\"image\/jpeg\" \/>\n<meta name=\"author\" content=\"admin\" \/>\n<meta name=\"twitter:card\" content=\"summary_large_image\" \/>\n<meta name=\"twitter:label1\" content=\"Escrito por\" \/>\n\t<meta name=\"twitter:data1\" content=\"admin\" \/>\n\t<meta name=\"twitter:label2\" content=\"Tiempo de lectura\" \/>\n\t<meta name=\"twitter:data2\" content=\"2 minutos\" \/>\n<script type=\"application\/ld+json\" class=\"yoast-schema-graph\">{\"@context\":\"https:\/\/schema.org\",\"@graph\":[{\"@type\":\"Article\",\"@id\":\"https:\/\/volcanes.net\/?p=12253#article\",\"isPartOf\":{\"@id\":\"https:\/\/volcanes.net\/?p=12253\"},\"author\":{\"name\":\"admin\",\"@id\":\"https:\/\/volcanes.net\/#\/schema\/person\/4bf0f383940966a4abd53f5048c0e6b9\"},\"headline\":\"La perforaci\u00f3n de pozo en Ozumba ya es una realidad\",\"datePublished\":\"2022-01-21T00:54:07+00:00\",\"mainEntityOfPage\":{\"@id\":\"https:\/\/volcanes.net\/?p=12253\"},\"wordCount\":398,\"commentCount\":0,\"publisher\":{\"@id\":\"https:\/\/volcanes.net\/#organization\"},\"image\":{\"@id\":\"https:\/\/volcanes.net\/?p=12253#primaryimage\"},\"thumbnailUrl\":\"https:\/\/volcanes.net\/wp-content\/uploads\/2022\/01\/IMG-20220120-WA0000.jpg\",\"keywords\":[\"Ozumba\"],\"articleSection\":[\"Municipales\"],\"inLanguage\":\"es\",\"potentialAction\":[{\"@type\":\"CommentAction\",\"name\":\"Comment\",\"target\":[\"https:\/\/volcanes.net\/?p=12253#respond\"]}]},{\"@type\":\"WebPage\",\"@id\":\"https:\/\/volcanes.net\/?p=12253\",\"url\":\"https:\/\/volcanes.net\/?p=12253\",\"name\":\"La perforaci\u00f3n de pozo en Ozumba ya es una realidad - Volcanes\",\"isPartOf\":{\"@id\":\"https:\/\/volcanes.net\/#website\"},\"primaryImageOfPage\":{\"@id\":\"https:\/\/volcanes.net\/?p=12253#primaryimage\"},\"image\":{\"@id\":\"https:\/\/volcanes.net\/?p=12253#primaryimage\"},\"thumbnailUrl\":\"https:\/\/volcanes.net\/wp-content\/uploads\/2022\/01\/IMG-20220120-WA0000.jpg\",\"datePublished\":\"2022-01-21T00:54:07+00:00\",\"breadcrumb\":{\"@id\":\"https:\/\/volcanes.net\/?p=12253#breadcrumb\"},\"inLanguage\":\"es\",\"potentialAction\":[{\"@type\":\"ReadAction\",\"target\":[\"https:\/\/volcanes.net\/?p=12253\"]}]},{\"@type\":\"ImageObject\",\"inLanguage\":\"es\",\"@id\":\"https:\/\/volcanes.net\/?p=12253#primaryimage\",\"url\":\"https:\/\/volcanes.net\/wp-content\/uploads\/2022\/01\/IMG-20220120-WA0000.jpg\",\"contentUrl\":\"https:\/\/volcanes.net\/wp-content\/uploads\/2022\/01\/IMG-20220120-WA0000.jpg\",\"width\":1080,\"height\":810},{\"@type\":\"BreadcrumbList\",\"@id\":\"https:\/\/volcanes.net\/?p=12253#breadcrumb\",\"itemListElement\":[{\"@type\":\"ListItem\",\"position\":1,\"name\":\"Portada\",\"item\":\"https:\/\/volcanes.net\/\"},{\"@type\":\"ListItem\",\"position\":2,\"name\":\"La perforaci\u00f3n de pozo en Ozumba ya es una realidad\"}]},{\"@type\":\"WebSite\",\"@id\":\"https:\/\/volcanes.net\/#website\",\"url\":\"https:\/\/volcanes.net\/\",\"name\":\"Volcanes.Net\",\"description\":\"Periodismo Profesional\",\"publisher\":{\"@id\":\"https:\/\/volcanes.net\/#organization\"},\"potentialAction\":[{\"@type\":\"SearchAction\",\"target\":{\"@type\":\"EntryPoint\",\"urlTemplate\":\"https:\/\/volcanes.net\/?s={search_term_string}\"},\"query-input\":{\"@type\":\"PropertyValueSpecification\",\"valueRequired\":true,\"valueName\":\"search_term_string\"}}],\"inLanguage\":\"es\"},{\"@type\":\"Organization\",\"@id\":\"https:\/\/volcanes.net\/#organization\",\"name\":\"Grupo Volcanes\",\"url\":\"https:\/\/volcanes.net\/\",\"logo\":{\"@type\":\"ImageObject\",\"inLanguage\":\"es\",\"@id\":\"https:\/\/volcanes.net\/#\/schema\/logo\/image\/\",\"url\":\"http:\/\/volcanes.net\/wp-content\/uploads\/2017\/12\/Avatar2.jpg\",\"contentUrl\":\"http:\/\/volcanes.net\/wp-content\/uploads\/2017\/12\/Avatar2.jpg\",\"width\":378,\"height\":378,\"caption\":\"Grupo Volcanes\"},\"image\":{\"@id\":\"https:\/\/volcanes.net\/#\/schema\/logo\/image\/\"},\"sameAs\":[\"https:\/\/www.facebook.com\/volcanes.net\/\"]},{\"@type\":\"Person\",\"@id\":\"https:\/\/volcanes.net\/#\/schema\/person\/4bf0f383940966a4abd53f5048c0e6b9\",\"name\":\"admin\",\"image\":{\"@type\":\"ImageObject\",\"inLanguage\":\"es\",\"@id\":\"https:\/\/volcanes.net\/#\/schema\/person\/image\/\",\"url\":\"https:\/\/secure.gravatar.com\/avatar\/ca004e6cba8462b8cb7abc86e382930c?s=96&d=mm&r=g\",\"contentUrl\":\"https:\/\/secure.gravatar.com\/avatar\/ca004e6cba8462b8cb7abc86e382930c?s=96&d=mm&r=g\",\"caption\":\"admin\"}}]}<\/script>\n<!-- \/ Yoast SEO plugin. -->","yoast_head_json":{"title":"La perforaci\u00f3n de pozo en Ozumba ya es una realidad - Volcanes","robots":{"index":"index","follow":"follow","max-snippet":"max-snippet:-1","max-image-preview":"max-image-preview:large","max-video-preview":"max-video-preview:-1"},"canonical":"https:\/\/volcanes.net\/?p=12253","og_locale":"es_MX","og_type":"article","og_title":"La perforaci\u00f3n de pozo en Ozumba ya es una realidad - Volcanes","og_description":"San Vicente Chimalhuac\u00e1n podr\u00eda ser la sede del nuevo pozo que abastecer\u00e1 a Ozumba Ozumba,","og_url":"https:\/\/volcanes.net\/?p=12253","og_site_name":"Volcanes","article_publisher":"https:\/\/www.facebook.com\/volcanes.net\/","article_published_time":"2022-01-21T00:54:07+00:00","og_image":[{"width":1080,"height":810,"url":"https:\/\/volcanes.net\/wp-content\/uploads\/2022\/01\/IMG-20220120-WA0000.jpg","type":"image\/jpeg"}],"author":"admin","twitter_card":"summary_large_image","twitter_misc":{"Escrito por":"admin","Tiempo de lectura":"2 minutos"},"schema":{"@context":"https:\/\/schema.org","@graph":[{"@type":"Article","@id":"https:\/\/volcanes.net\/?p=12253#article","isPartOf":{"@id":"https:\/\/volcanes.net\/?p=12253"},"author":{"name":"admin","@id":"https:\/\/volcanes.net\/#\/schema\/person\/4bf0f383940966a4abd53f5048c0e6b9"},"headline":"La perforaci\u00f3n de pozo en Ozumba ya es una realidad","datePublished":"2022-01-21T00:54:07+00:00","mainEntityOfPage":{"@id":"https:\/\/volcanes.net\/?p=12253"},"wordCount":398,"commentCount":0,"publisher":{"@id":"https:\/\/volcanes.net\/#organization"},"image":{"@id":"https:\/\/volcanes.net\/?p=12253#primaryimage"},"thumbnailUrl":"https:\/\/volcanes.net\/wp-content\/uploads\/2022\/01\/IMG-20220120-WA0000.jpg","keywords":["Ozumba"],"articleSection":["Municipales"],"inLanguage":"es","potentialAction":[{"@type":"CommentAction","name":"Comment","target":["https:\/\/volcanes.net\/?p=12253#respond"]}]},{"@type":"WebPage","@id":"https:\/\/volcanes.net\/?p=12253","url":"https:\/\/volcanes.net\/?p=12253","name":"La perforaci\u00f3n de pozo en Ozumba ya es una realidad - Volcanes","isPartOf":{"@id":"https:\/\/volcanes.net\/#website"},"primaryImageOfPage":{"@id":"https:\/\/volcanes.net\/?p=12253#primaryimage"},"image":{"@id":"https:\/\/volcanes.net\/?p=12253#primaryimage"},"thumbnailUrl":"https:\/\/volcanes.net\/wp-content\/uploads\/2022\/01\/IMG-20220120-WA0000.jpg","datePublished":"2022-01-21T00:54:07+00:00","breadcrumb":{"@id":"https:\/\/volcanes.net\/?p=12253#breadcrumb"},"inLanguage":"es","potentialAction":[{"@type":"ReadAction","target":["https:\/\/volcanes.net\/?p=12253"]}]},{"@type":"ImageObject","inLanguage":"es","@id":"https:\/\/volcanes.net\/?p=12253#primaryimage","url":"https:\/\/volcanes.net\/wp-content\/uploads\/2022\/01\/IMG-20220120-WA0000.jpg","contentUrl":"https:\/\/volcanes.net\/wp-content\/uploads\/2022\/01\/IMG-20220120-WA0000.jpg","width":1080,"height":810},{"@type":"BreadcrumbList","@id":"https:\/\/volcanes.net\/?p=12253#breadcrumb","itemListElement":[{"@type":"ListItem","position":1,"name":"Portada","item":"https:\/\/volcanes.net\/"},{"@type":"ListItem","position":2,"name":"La perforaci\u00f3n de pozo en Ozumba ya es una realidad"}]},{"@type":"WebSite","@id":"https:\/\/volcanes.net\/#website","url":"https:\/\/volcanes.net\/","name":"Volcanes.Net","description":"Periodismo Profesional","publisher":{"@id":"https:\/\/volcanes.net\/#organization"},"potentialAction":[{"@type":"SearchAction","target":{"@type":"EntryPoint","urlTemplate":"https:\/\/volcanes.net\/?s={search_term_string}"},"query-input":{"@type":"PropertyValueSpecification","valueRequired":true,"valueName":"search_term_string"}}],"inLanguage":"es"},{"@type":"Organization","@id":"https:\/\/volcanes.net\/#organization","name":"Grupo Volcanes","url":"https:\/\/volcanes.net\/","logo":{"@type":"ImageObject","inLanguage":"es","@id":"https:\/\/volcanes.net\/#\/schema\/logo\/image\/","url":"http:\/\/volcanes.net\/wp-content\/uploads\/2017\/12\/Avatar2.jpg","contentUrl":"http:\/\/volcanes.net\/wp-content\/uploads\/2017\/12\/Avatar2.jpg","width":378,"height":378,"caption":"Grupo Volcanes"},"image":{"@id":"https:\/\/volcanes.net\/#\/schema\/logo\/image\/"},"sameAs":["https:\/\/www.facebook.com\/volcanes.net\/"]},{"@type":"Person","@id":"https:\/\/volcanes.net\/#\/schema\/person\/4bf0f383940966a4abd53f5048c0e6b9","name":"admin","image":{"@type":"ImageObject","inLanguage":"es","@id":"https:\/\/volcanes.net\/#\/schema\/person\/image\/","url":"https:\/\/secure.gravatar.com\/avatar\/ca004e6cba8462b8cb7abc86e382930c?s=96&d=mm&r=g","contentUrl":"https:\/\/secure.gravatar.com\/avatar\/ca004e6cba8462b8cb7abc86e382930c?s=96&d=mm&r=g","caption":"admin"}}]}},"_links":{"self":[{"href":"https:\/\/volcanes.net\/index.php?rest_route=\/wp\/v2\/posts\/12253"}],"collection":[{"href":"https:\/\/volcanes.net\/index.php?rest_route=\/wp\/v2\/posts"}],"about":[{"href":"https:\/\/volcanes.net\/index.php?rest_route=\/wp\/v2\/types\/post"}],"author":[{"embeddable":true,"href":"https:\/\/volcanes.net\/index.php?rest_route=\/wp\/v2\/users\/1"}],"replies":[{"embeddable":true,"href":"https:\/\/volcanes.net\/index.php?rest_route=%2Fwp%2Fv2%2Fcomments&post=12253"}],"version-history":[{"count":1,"href":"https:\/\/volcanes.net\/index.php?rest_route=\/wp\/v2\/posts\/12253\/revisions"}],"predecessor-version":[{"id":12255,"href":"https:\/\/volcanes.net\/index.php?rest_route=\/wp\/v2\/posts\/12253\/revisions\/12255"}],"wp:featuredmedia":[{"embeddable":true,"href":"https:\/\/volcanes.net\/index.php?rest_route=\/wp\/v2\/media\/12254"}],"wp:attachment":[{"href":"https:\/\/volcanes.net\/index.php?rest_route=%2Fwp%2Fv2%2Fmedia&parent=12253"}],"wp:term":[{"taxonomy":"category","embeddable":true,"href":"https:\/\/volcanes.net\/index.php?rest_route=%2Fwp%2Fv2%2Fcategories&post=12253"},{"taxonomy":"post_tag","embeddable":true,"href":"https:\/\/volcanes.net\/index.php?rest_route=%2Fwp%2Fv2%2Ftags&post=12253"}],"curies":[{"name":"wp","href":"https:\/\/api.w.org\/{rel}","templated":true}]}}