{"id":12257,"date":"2022-01-24T16:19:26","date_gmt":"2022-01-24T22:19:26","guid":{"rendered":"http:\/\/volcanes.net\/?p=12257"},"modified":"2022-01-24T16:19:26","modified_gmt":"2022-01-24T22:19:26","slug":"aplican-refuerzo-de-vacuna-para-covid-19-a-adultos-mayores-de-amecameca","status":"publish","type":"post","link":"https:\/\/volcanes.net\/?p=12257","title":{"rendered":"Aplican refuerzo de vacuna para Covid-19 a adultos mayores de Amecameca"},"content":{"rendered":"<div style=\"margin-top: 0px; margin-bottom: 0px;\" class=\"sharethis-inline-share-buttons\" ><\/div><p>Amecameca, Estado de M\u00e9xico.- Este martes 25 de enero ser\u00e1 aplicada la vacuna de refuerzo contra COVID-19 para adultos de 50 a 59 a\u00f1os de edad, quienes hace m\u00e1s de seis meses completaron su esquema de inmunizaci\u00f3n o fueron vacunados con unidosis de CanSino.<\/p>\n<p>Como requisitos, quienes acudan a aplicarse el refuerzo deber\u00e1n mostrar una identificaci\u00f3n oficial, comprobante de domicilio y presentar el formato de vacunaci\u00f3n lleno e impreso de la plataforma https:\/\/mivacuna.salud.gob.mx\/.<\/p>\n<p>La presidenta municipal, Ivette Topete Garc\u00eda, inform\u00f3 que el m\u00f3dulo de vacunaci\u00f3n ser\u00e1 instalado en la Unidad Deportiva Amecameca en un horario de 9 AM a 5 PM y no es necesario ayunar, incluso quienes est\u00e9n tomando alg\u00fan medicamente puede hacer en el horario habitual.<\/p>\n<p>Destac\u00f3 la importancia de completar el esquema de vacunaci\u00f3n entre las y los adolescentes, as\u00ed como de los mayores de edad que, por alguna raz\u00f3n, no pudieron completar su esquema el a\u00f1o pasado, a fin de seguir cuidando la salud de la poblaci\u00f3n y evitar complicaciones.<\/p>\n<p>En este d\u00eda estar\u00e1n apoyando personal de Protecci\u00f3n Civil y Bomberos, polic\u00eda municipal, DIF, as\u00ed como de la jurisdicci\u00f3n Sanitaria Amecameca y voluntarios de otros departamentos del Ayuntamiento, para atender y hacer fluida la atenci\u00f3n de los adultos que acudan a vacunarse, indic\u00f3 la alcaldesa.<\/p>\n<p>Por \u00faltimo, exhort\u00f3 a la poblaci\u00f3n en general a no bajar la guardia, a pesar de ya estar vacunada, pues el riesgo de contagio de covid-19 se mantiene, por lo que pidi\u00f3 seguir respetando la sana distancia, usar correctamente el cubrebocas, privilegiar el lavado constante de manos y evitar aglomeraciones.<\/p>\n<p>Destac\u00f3 que contar con el cuadro completo de vacunaci\u00f3n puede ser la diferencia entre presentar s\u00edntomas leves o graves en caso de un contagio, como lo han externado especialistas en temas de salud.<\/p>\n","protected":false},"excerpt":{"rendered":"<p>Amecameca, Estado de M\u00e9xico.- Este martes 25 de enero ser\u00e1 aplicada la vacuna de refuerzo<\/p>\n","protected":false},"author":1,"featured_media":12258,"comment_status":"open","ping_status":"open","sticky":false,"template":"","format":"standard","meta":{"footnotes":""},"categories":[1],"tags":[7],"class_list":["post-12257","post","type-post","status-publish","format-standard","has-post-thumbnail","hentry","category-municipales","tag-amecameca"],"yoast_head":"<!-- This site is optimized with the Yoast SEO plugin v25.3 - https:\/\/yoast.com\/wordpress\/plugins\/seo\/ -->\n<title>Aplican refuerzo de vacuna para Covid-19 a adultos mayores de Amecameca - Volcanes<\/title>\n<meta name=\"robots\" content=\"index, follow, max-snippet:-1, max-image-preview:large, max-video-preview:-1\" \/>\n<link rel=\"canonical\" href=\"https:\/\/volcanes.net\/?p=12257\" \/>\n<meta property=\"og:locale\" content=\"es_MX\" \/>\n<meta property=\"og:type\" content=\"article\" \/>\n<meta property=\"og:title\" content=\"Aplican refuerzo de vacuna para Covid-19 a adultos mayores de Amecameca - Volcanes\" \/>\n<meta property=\"og:description\" content=\"Amecameca, Estado de M\u00e9xico.- Este martes 25 de enero ser\u00e1 aplicada la vacuna de refuerzo\" \/>\n<meta property=\"og:url\" content=\"https:\/\/volcanes.net\/?p=12257\" \/>\n<meta property=\"og:site_name\" content=\"Volcanes\" \/>\n<meta property=\"article:publisher\" content=\"https:\/\/www.facebook.com\/volcanes.net\/\" \/>\n<meta property=\"article:published_time\" content=\"2022-01-24T22:19:26+00:00\" \/>\n<meta property=\"og:image\" content=\"https:\/\/volcanes.net\/wp-content\/uploads\/2022\/01\/Screenshot_20220124-153834_WhatsApp.jpg\" \/>\n\t<meta property=\"og:image:width\" content=\"1080\" \/>\n\t<meta property=\"og:image:height\" content=\"705\" \/>\n\t<meta property=\"og:image:type\" content=\"image\/jpeg\" \/>\n<meta name=\"author\" content=\"admin\" \/>\n<meta name=\"twitter:card\" content=\"summary_large_image\" \/>\n<meta name=\"twitter:label1\" content=\"Escrito por\" \/>\n\t<meta name=\"twitter:data1\" content=\"admin\" \/>\n\t<meta name=\"twitter:label2\" content=\"Tiempo de lectura\" \/>\n\t<meta name=\"twitter:data2\" content=\"2 minutos\" \/>\n<script type=\"application\/ld+json\" class=\"yoast-schema-graph\">{\"@context\":\"https:\/\/schema.org\",\"@graph\":[{\"@type\":\"Article\",\"@id\":\"https:\/\/volcanes.net\/?p=12257#article\",\"isPartOf\":{\"@id\":\"https:\/\/volcanes.net\/?p=12257\"},\"author\":{\"name\":\"admin\",\"@id\":\"https:\/\/volcanes.net\/#\/schema\/person\/4bf0f383940966a4abd53f5048c0e6b9\"},\"headline\":\"Aplican refuerzo de vacuna para Covid-19 a adultos mayores de Amecameca\",\"datePublished\":\"2022-01-24T22:19:26+00:00\",\"mainEntityOfPage\":{\"@id\":\"https:\/\/volcanes.net\/?p=12257\"},\"wordCount\":328,\"commentCount\":0,\"publisher\":{\"@id\":\"https:\/\/volcanes.net\/#organization\"},\"image\":{\"@id\":\"https:\/\/volcanes.net\/?p=12257#primaryimage\"},\"thumbnailUrl\":\"https:\/\/volcanes.net\/wp-content\/uploads\/2022\/01\/Screenshot_20220124-153834_WhatsApp.jpg\",\"keywords\":[\"Amecameca\"],\"articleSection\":[\"Municipales\"],\"inLanguage\":\"es\",\"potentialAction\":[{\"@type\":\"CommentAction\",\"name\":\"Comment\",\"target\":[\"https:\/\/volcanes.net\/?p=12257#respond\"]}]},{\"@type\":\"WebPage\",\"@id\":\"https:\/\/volcanes.net\/?p=12257\",\"url\":\"https:\/\/volcanes.net\/?p=12257\",\"name\":\"Aplican refuerzo de vacuna para Covid-19 a adultos mayores de Amecameca - Volcanes\",\"isPartOf\":{\"@id\":\"https:\/\/volcanes.net\/#website\"},\"primaryImageOfPage\":{\"@id\":\"https:\/\/volcanes.net\/?p=12257#primaryimage\"},\"image\":{\"@id\":\"https:\/\/volcanes.net\/?p=12257#primaryimage\"},\"thumbnailUrl\":\"https:\/\/volcanes.net\/wp-content\/uploads\/2022\/01\/Screenshot_20220124-153834_WhatsApp.jpg\",\"datePublished\":\"2022-01-24T22:19:26+00:00\",\"breadcrumb\":{\"@id\":\"https:\/\/volcanes.net\/?p=12257#breadcrumb\"},\"inLanguage\":\"es\",\"potentialAction\":[{\"@type\":\"ReadAction\",\"target\":[\"https:\/\/volcanes.net\/?p=12257\"]}]},{\"@type\":\"ImageObject\",\"inLanguage\":\"es\",\"@id\":\"https:\/\/volcanes.net\/?p=12257#primaryimage\",\"url\":\"https:\/\/volcanes.net\/wp-content\/uploads\/2022\/01\/Screenshot_20220124-153834_WhatsApp.jpg\",\"contentUrl\":\"https:\/\/volcanes.net\/wp-content\/uploads\/2022\/01\/Screenshot_20220124-153834_WhatsApp.jpg\",\"width\":1080,\"height\":705},{\"@type\":\"BreadcrumbList\",\"@id\":\"https:\/\/volcanes.net\/?p=12257#breadcrumb\",\"itemListElement\":[{\"@type\":\"ListItem\",\"position\":1,\"name\":\"Portada\",\"item\":\"https:\/\/volcanes.net\/\"},{\"@type\":\"ListItem\",\"position\":2,\"name\":\"Aplican refuerzo de vacuna para Covid-19 a adultos mayores de Amecameca\"}]},{\"@type\":\"WebSite\",\"@id\":\"https:\/\/volcanes.net\/#website\",\"url\":\"https:\/\/volcanes.net\/\",\"name\":\"Volcanes.Net\",\"description\":\"Periodismo Profesional\",\"publisher\":{\"@id\":\"https:\/\/volcanes.net\/#organization\"},\"potentialAction\":[{\"@type\":\"SearchAction\",\"target\":{\"@type\":\"EntryPoint\",\"urlTemplate\":\"https:\/\/volcanes.net\/?s={search_term_string}\"},\"query-input\":{\"@type\":\"PropertyValueSpecification\",\"valueRequired\":true,\"valueName\":\"search_term_string\"}}],\"inLanguage\":\"es\"},{\"@type\":\"Organization\",\"@id\":\"https:\/\/volcanes.net\/#organization\",\"name\":\"Grupo Volcanes\",\"url\":\"https:\/\/volcanes.net\/\",\"logo\":{\"@type\":\"ImageObject\",\"inLanguage\":\"es\",\"@id\":\"https:\/\/volcanes.net\/#\/schema\/logo\/image\/\",\"url\":\"http:\/\/volcanes.net\/wp-content\/uploads\/2017\/12\/Avatar2.jpg\",\"contentUrl\":\"http:\/\/volcanes.net\/wp-content\/uploads\/2017\/12\/Avatar2.jpg\",\"width\":378,\"height\":378,\"caption\":\"Grupo Volcanes\"},\"image\":{\"@id\":\"https:\/\/volcanes.net\/#\/schema\/logo\/image\/\"},\"sameAs\":[\"https:\/\/www.facebook.com\/volcanes.net\/\"]},{\"@type\":\"Person\",\"@id\":\"https:\/\/volcanes.net\/#\/schema\/person\/4bf0f383940966a4abd53f5048c0e6b9\",\"name\":\"admin\",\"image\":{\"@type\":\"ImageObject\",\"inLanguage\":\"es\",\"@id\":\"https:\/\/volcanes.net\/#\/schema\/person\/image\/\",\"url\":\"https:\/\/secure.gravatar.com\/avatar\/ca004e6cba8462b8cb7abc86e382930c?s=96&d=mm&r=g\",\"contentUrl\":\"https:\/\/secure.gravatar.com\/avatar\/ca004e6cba8462b8cb7abc86e382930c?s=96&d=mm&r=g\",\"caption\":\"admin\"}}]}<\/script>\n<!-- \/ Yoast SEO plugin. -->","yoast_head_json":{"title":"Aplican refuerzo de vacuna para Covid-19 a adultos mayores de Amecameca - Volcanes","robots":{"index":"index","follow":"follow","max-snippet":"max-snippet:-1","max-image-preview":"max-image-preview:large","max-video-preview":"max-video-preview:-1"},"canonical":"https:\/\/volcanes.net\/?p=12257","og_locale":"es_MX","og_type":"article","og_title":"Aplican refuerzo de vacuna para Covid-19 a adultos mayores de Amecameca - Volcanes","og_description":"Amecameca, Estado de M\u00e9xico.- Este martes 25 de enero ser\u00e1 aplicada la vacuna de refuerzo","og_url":"https:\/\/volcanes.net\/?p=12257","og_site_name":"Volcanes","article_publisher":"https:\/\/www.facebook.com\/volcanes.net\/","article_published_time":"2022-01-24T22:19:26+00:00","og_image":[{"width":1080,"height":705,"url":"https:\/\/volcanes.net\/wp-content\/uploads\/2022\/01\/Screenshot_20220124-153834_WhatsApp.jpg","type":"image\/jpeg"}],"author":"admin","twitter_card":"summary_large_image","twitter_misc":{"Escrito por":"admin","Tiempo de lectura":"2 minutos"},"schema":{"@context":"https:\/\/schema.org","@graph":[{"@type":"Article","@id":"https:\/\/volcanes.net\/?p=12257#article","isPartOf":{"@id":"https:\/\/volcanes.net\/?p=12257"},"author":{"name":"admin","@id":"https:\/\/volcanes.net\/#\/schema\/person\/4bf0f383940966a4abd53f5048c0e6b9"},"headline":"Aplican refuerzo de vacuna para Covid-19 a adultos mayores de Amecameca","datePublished":"2022-01-24T22:19:26+00:00","mainEntityOfPage":{"@id":"https:\/\/volcanes.net\/?p=12257"},"wordCount":328,"commentCount":0,"publisher":{"@id":"https:\/\/volcanes.net\/#organization"},"image":{"@id":"https:\/\/volcanes.net\/?p=12257#primaryimage"},"thumbnailUrl":"https:\/\/volcanes.net\/wp-content\/uploads\/2022\/01\/Screenshot_20220124-153834_WhatsApp.jpg","keywords":["Amecameca"],"articleSection":["Municipales"],"inLanguage":"es","potentialAction":[{"@type":"CommentAction","name":"Comment","target":["https:\/\/volcanes.net\/?p=12257#respond"]}]},{"@type":"WebPage","@id":"https:\/\/volcanes.net\/?p=12257","url":"https:\/\/volcanes.net\/?p=12257","name":"Aplican refuerzo de vacuna para Covid-19 a adultos mayores de Amecameca - Volcanes","isPartOf":{"@id":"https:\/\/volcanes.net\/#website"},"primaryImageOfPage":{"@id":"https:\/\/volcanes.net\/?p=12257#primaryimage"},"image":{"@id":"https:\/\/volcanes.net\/?p=12257#primaryimage"},"thumbnailUrl":"https:\/\/volcanes.net\/wp-content\/uploads\/2022\/01\/Screenshot_20220124-153834_WhatsApp.jpg","datePublished":"2022-01-24T22:19:26+00:00","breadcrumb":{"@id":"https:\/\/volcanes.net\/?p=12257#breadcrumb"},"inLanguage":"es","potentialAction":[{"@type":"ReadAction","target":["https:\/\/volcanes.net\/?p=12257"]}]},{"@type":"ImageObject","inLanguage":"es","@id":"https:\/\/volcanes.net\/?p=12257#primaryimage","url":"https:\/\/volcanes.net\/wp-content\/uploads\/2022\/01\/Screenshot_20220124-153834_WhatsApp.jpg","contentUrl":"https:\/\/volcanes.net\/wp-content\/uploads\/2022\/01\/Screenshot_20220124-153834_WhatsApp.jpg","width":1080,"height":705},{"@type":"BreadcrumbList","@id":"https:\/\/volcanes.net\/?p=12257#breadcrumb","itemListElement":[{"@type":"ListItem","position":1,"name":"Portada","item":"https:\/\/volcanes.net\/"},{"@type":"ListItem","position":2,"name":"Aplican refuerzo de vacuna para Covid-19 a adultos mayores de Amecameca"}]},{"@type":"WebSite","@id":"https:\/\/volcanes.net\/#website","url":"https:\/\/volcanes.net\/","name":"Volcanes.Net","description":"Periodismo Profesional","publisher":{"@id":"https:\/\/volcanes.net\/#organization"},"potentialAction":[{"@type":"SearchAction","target":{"@type":"EntryPoint","urlTemplate":"https:\/\/volcanes.net\/?s={search_term_string}"},"query-input":{"@type":"PropertyValueSpecification","valueRequired":true,"valueName":"search_term_string"}}],"inLanguage":"es"},{"@type":"Organization","@id":"https:\/\/volcanes.net\/#organization","name":"Grupo Volcanes","url":"https:\/\/volcanes.net\/","logo":{"@type":"ImageObject","inLanguage":"es","@id":"https:\/\/volcanes.net\/#\/schema\/logo\/image\/","url":"http:\/\/volcanes.net\/wp-content\/uploads\/2017\/12\/Avatar2.jpg","contentUrl":"http:\/\/volcanes.net\/wp-content\/uploads\/2017\/12\/Avatar2.jpg","width":378,"height":378,"caption":"Grupo Volcanes"},"image":{"@id":"https:\/\/volcanes.net\/#\/schema\/logo\/image\/"},"sameAs":["https:\/\/www.facebook.com\/volcanes.net\/"]},{"@type":"Person","@id":"https:\/\/volcanes.net\/#\/schema\/person\/4bf0f383940966a4abd53f5048c0e6b9","name":"admin","image":{"@type":"ImageObject","inLanguage":"es","@id":"https:\/\/volcanes.net\/#\/schema\/person\/image\/","url":"https:\/\/secure.gravatar.com\/avatar\/ca004e6cba8462b8cb7abc86e382930c?s=96&d=mm&r=g","contentUrl":"https:\/\/secure.gravatar.com\/avatar\/ca004e6cba8462b8cb7abc86e382930c?s=96&d=mm&r=g","caption":"admin"}}]}},"_links":{"self":[{"href":"https:\/\/volcanes.net\/index.php?rest_route=\/wp\/v2\/posts\/12257"}],"collection":[{"href":"https:\/\/volcanes.net\/index.php?rest_route=\/wp\/v2\/posts"}],"about":[{"href":"https:\/\/volcanes.net\/index.php?rest_route=\/wp\/v2\/types\/post"}],"author":[{"embeddable":true,"href":"https:\/\/volcanes.net\/index.php?rest_route=\/wp\/v2\/users\/1"}],"replies":[{"embeddable":true,"href":"https:\/\/volcanes.net\/index.php?rest_route=%2Fwp%2Fv2%2Fcomments&post=12257"}],"version-history":[{"count":1,"href":"https:\/\/volcanes.net\/index.php?rest_route=\/wp\/v2\/posts\/12257\/revisions"}],"predecessor-version":[{"id":12259,"href":"https:\/\/volcanes.net\/index.php?rest_route=\/wp\/v2\/posts\/12257\/revisions\/12259"}],"wp:featuredmedia":[{"embeddable":true,"href":"https:\/\/volcanes.net\/index.php?rest_route=\/wp\/v2\/media\/12258"}],"wp:attachment":[{"href":"https:\/\/volcanes.net\/index.php?rest_route=%2Fwp%2Fv2%2Fmedia&parent=12257"}],"wp:term":[{"taxonomy":"category","embeddable":true,"href":"https:\/\/volcanes.net\/index.php?rest_route=%2Fwp%2Fv2%2Fcategories&post=12257"},{"taxonomy":"post_tag","embeddable":true,"href":"https:\/\/volcanes.net\/index.php?rest_route=%2Fwp%2Fv2%2Ftags&post=12257"}],"curies":[{"name":"wp","href":"https:\/\/api.w.org\/{rel}","templated":true}]}}