{"id":1226,"date":"2018-02-19T08:16:31","date_gmt":"2018-02-19T08:16:31","guid":{"rendered":"http:\/\/volcanes.net\/?p=1226"},"modified":"2018-02-19T19:19:37","modified_gmt":"2018-02-19T19:19:37","slug":"reportan-saldo-blanco-en-oaxaca-tras-sismo-de-magnitud-6","status":"publish","type":"post","link":"https:\/\/volcanes.net\/?p=1226","title":{"rendered":"Reportan saldo blanco en Oaxaca tras sismo de magnitud 6"},"content":{"rendered":"<div style=\"margin-top: 0px; margin-bottom: 0px;\" class=\"sharethis-inline-share-buttons\" ><\/div><p>El titular de la Coordinaci\u00f3n Estatal de Protecci\u00f3n Civil de Oaxaca (CEPCO), Heliodoro D\u00edaz Esc\u00e1rraga, inform\u00f3 que no se reportan da\u00f1os en el estado tras\u00a0el sismo magnitud 6, con epicentro en Pinotepa Nacional ocurrido a las 00:56:57 horas de hoy.<\/p>\n<p>El titular de la CEPCO, inform\u00f3 que tras el movimiento tel\u00farico, de manera inmediata se activaron los protocolos a trav\u00e9s de las brigadas en todo el estado, para realizar el monitoreo en los diferentes municipios.<\/p>\n<p>Indic\u00f3 que Pinotepa Nacional, Puerto Escondido, San Pedro Pochutla, Santa Mar\u00eda Huatulco, Putla Villa de Guerrero, Tlaxiaco, Teposcolula, San Juan Bautista Tuxtepec, San Pedro Mixtepec, San Gabriel Mixtepec, San Miguel del Puerto, reportaron sin novedad.<\/p>\n<p>As\u00ed tambi\u00e9n lo hicieron los municipios de Santa Mar\u00eda Colotepec, Villa de Tututepec, Pinotepa de Don Luis, Oaxaca de Ju\u00e1rez, Santa Cruz Xoxocotl\u00e1n, San Jacinto Amilpas, San Pedro Ixtlahuaca, Santa Mar\u00eda Atzompa, San Antonio de la Cal, San Agust\u00edn de las Juntas, los que reportaron saldo blanco.<\/p>\n<p>Indic\u00f3 que la Cruz Roja Mexicana report\u00f3 tambi\u00e9n saldo blanco en sus 10 delegaciones estatales; en tanto de acuerdo a las caracter\u00edsticas del sismo, se estima que no habr\u00e1 ning\u00fan peligro para la poblaci\u00f3n y operaci\u00f3n portuaria en las Costas del Pac\u00edfico Mexicano.<\/p>\n<p>Reiter\u00f3 que para salvaguardar la integridad de los menores, se ha acordado con el Instituto de Educaci\u00f3n P\u00fablica de Oaxaca (IEEPO) suspender las clases en todo el Estado, este lunes; mientras que para la Costa contin\u00faa la suspensi\u00f3n hasta llevar a cabo las revisiones estructurales de los planteles educativos.<\/p>\n<p>El funcionario estatal destac\u00f3 que se mantiene el monitoreo en las zonas donde fue percibido el sismo, sobre todo en las aleda\u00f1as al epicentro donde se present\u00f3 el movimiento tel\u00farico, y exhort\u00f3 a la poblaci\u00f3n a mantenerse atenta a las recomendaciones durante un sismo:<\/p>\n<p>Entre ellas se encuentra el no correr ni empujar, seguir las instrucciones del personal responsable ante la emergencia, apagar cigarros o cualquier objeto que pueda causar un incendio, procura estar alejado de balcones, ventanas, l\u00e1mparas, canceles, y de lugares donde se pueda desprender alg\u00fan objeto.<\/p>\n<p>No utilizar elevadores ni escaleras, en caso necesario prot\u00e9gete en el marco de una puerta, junto a una columna o debajo de un escritorio, si se encuentran en el exterior dir\u00edgete a las zonas de seguridad preestablecidas, alejarse de ventanas, cables de luz y alta tensi\u00f3n.<\/p>\n<p>Finalmente, si se encuentran operando un veh\u00edculo, manejar serenamente y estacionarse en un lugar fuera de peligro, pero nunca debajo de puentes, pasos a desnivel o cables de alta tensi\u00f3n.<\/p>\n","protected":false},"excerpt":{"rendered":"<p>El titular de la Coordinaci\u00f3n Estatal de Protecci\u00f3n Civil de Oaxaca (CEPCO), Heliodoro D\u00edaz Esc\u00e1rraga,<\/p>\n","protected":false},"author":1,"featured_media":1227,"comment_status":"open","ping_status":"open","sticky":false,"template":"","format":"standard","meta":{"footnotes":""},"categories":[1],"tags":[],"class_list":["post-1226","post","type-post","status-publish","format-standard","has-post-thumbnail","hentry","category-municipales"],"yoast_head":"<!-- This site is optimized with the Yoast SEO plugin v25.3 - https:\/\/yoast.com\/wordpress\/plugins\/seo\/ -->\n<title>Reportan saldo blanco en Oaxaca tras sismo de magnitud 6 - Volcanes<\/title>\n<meta name=\"robots\" content=\"index, follow, max-snippet:-1, max-image-preview:large, max-video-preview:-1\" \/>\n<link rel=\"canonical\" href=\"https:\/\/volcanes.net\/?p=1226\" \/>\n<meta property=\"og:locale\" content=\"es_MX\" \/>\n<meta property=\"og:type\" content=\"article\" \/>\n<meta property=\"og:title\" content=\"Reportan saldo blanco en Oaxaca tras sismo de magnitud 6 - Volcanes\" \/>\n<meta property=\"og:description\" content=\"El titular de la Coordinaci\u00f3n Estatal de Protecci\u00f3n Civil de Oaxaca (CEPCO), Heliodoro D\u00edaz Esc\u00e1rraga,\" \/>\n<meta property=\"og:url\" content=\"https:\/\/volcanes.net\/?p=1226\" \/>\n<meta property=\"og:site_name\" content=\"Volcanes\" \/>\n<meta property=\"article:publisher\" content=\"https:\/\/www.facebook.com\/volcanes.net\/\" \/>\n<meta property=\"article:published_time\" content=\"2018-02-19T08:16:31+00:00\" \/>\n<meta property=\"article:modified_time\" content=\"2018-02-19T19:19:37+00:00\" \/>\n<meta property=\"og:image\" content=\"https:\/\/volcanes.net\/wp-content\/uploads\/2018\/02\/sismo1.jpg\" \/>\n\t<meta property=\"og:image:width\" content=\"400\" \/>\n\t<meta property=\"og:image:height\" content=\"200\" \/>\n\t<meta property=\"og:image:type\" content=\"image\/jpeg\" \/>\n<meta name=\"author\" content=\"admin\" \/>\n<meta name=\"twitter:card\" content=\"summary_large_image\" \/>\n<meta name=\"twitter:label1\" content=\"Escrito por\" \/>\n\t<meta name=\"twitter:data1\" content=\"admin\" \/>\n\t<meta name=\"twitter:label2\" content=\"Tiempo de lectura\" \/>\n\t<meta name=\"twitter:data2\" content=\"2 minutos\" \/>\n<script type=\"application\/ld+json\" class=\"yoast-schema-graph\">{\"@context\":\"https:\/\/schema.org\",\"@graph\":[{\"@type\":\"Article\",\"@id\":\"https:\/\/volcanes.net\/?p=1226#article\",\"isPartOf\":{\"@id\":\"https:\/\/volcanes.net\/?p=1226\"},\"author\":{\"name\":\"admin\",\"@id\":\"https:\/\/volcanes.net\/#\/schema\/person\/4bf0f383940966a4abd53f5048c0e6b9\"},\"headline\":\"Reportan saldo blanco en Oaxaca tras sismo de magnitud 6\",\"datePublished\":\"2018-02-19T08:16:31+00:00\",\"dateModified\":\"2018-02-19T19:19:37+00:00\",\"mainEntityOfPage\":{\"@id\":\"https:\/\/volcanes.net\/?p=1226\"},\"wordCount\":455,\"commentCount\":0,\"publisher\":{\"@id\":\"https:\/\/volcanes.net\/#organization\"},\"image\":{\"@id\":\"https:\/\/volcanes.net\/?p=1226#primaryimage\"},\"thumbnailUrl\":\"https:\/\/volcanes.net\/wp-content\/uploads\/2018\/02\/sismo1.jpg\",\"articleSection\":[\"Municipales\"],\"inLanguage\":\"es\",\"potentialAction\":[{\"@type\":\"CommentAction\",\"name\":\"Comment\",\"target\":[\"https:\/\/volcanes.net\/?p=1226#respond\"]}]},{\"@type\":\"WebPage\",\"@id\":\"https:\/\/volcanes.net\/?p=1226\",\"url\":\"https:\/\/volcanes.net\/?p=1226\",\"name\":\"Reportan saldo blanco en Oaxaca tras sismo de magnitud 6 - Volcanes\",\"isPartOf\":{\"@id\":\"https:\/\/volcanes.net\/#website\"},\"primaryImageOfPage\":{\"@id\":\"https:\/\/volcanes.net\/?p=1226#primaryimage\"},\"image\":{\"@id\":\"https:\/\/volcanes.net\/?p=1226#primaryimage\"},\"thumbnailUrl\":\"https:\/\/volcanes.net\/wp-content\/uploads\/2018\/02\/sismo1.jpg\",\"datePublished\":\"2018-02-19T08:16:31+00:00\",\"dateModified\":\"2018-02-19T19:19:37+00:00\",\"breadcrumb\":{\"@id\":\"https:\/\/volcanes.net\/?p=1226#breadcrumb\"},\"inLanguage\":\"es\",\"potentialAction\":[{\"@type\":\"ReadAction\",\"target\":[\"https:\/\/volcanes.net\/?p=1226\"]}]},{\"@type\":\"ImageObject\",\"inLanguage\":\"es\",\"@id\":\"https:\/\/volcanes.net\/?p=1226#primaryimage\",\"url\":\"https:\/\/volcanes.net\/wp-content\/uploads\/2018\/02\/sismo1.jpg\",\"contentUrl\":\"https:\/\/volcanes.net\/wp-content\/uploads\/2018\/02\/sismo1.jpg\",\"width\":400,\"height\":200},{\"@type\":\"BreadcrumbList\",\"@id\":\"https:\/\/volcanes.net\/?p=1226#breadcrumb\",\"itemListElement\":[{\"@type\":\"ListItem\",\"position\":1,\"name\":\"Portada\",\"item\":\"https:\/\/volcanes.net\/\"},{\"@type\":\"ListItem\",\"position\":2,\"name\":\"Reportan saldo blanco en Oaxaca tras sismo de magnitud 6\"}]},{\"@type\":\"WebSite\",\"@id\":\"https:\/\/volcanes.net\/#website\",\"url\":\"https:\/\/volcanes.net\/\",\"name\":\"Volcanes.Net\",\"description\":\"Periodismo Profesional\",\"publisher\":{\"@id\":\"https:\/\/volcanes.net\/#organization\"},\"potentialAction\":[{\"@type\":\"SearchAction\",\"target\":{\"@type\":\"EntryPoint\",\"urlTemplate\":\"https:\/\/volcanes.net\/?s={search_term_string}\"},\"query-input\":{\"@type\":\"PropertyValueSpecification\",\"valueRequired\":true,\"valueName\":\"search_term_string\"}}],\"inLanguage\":\"es\"},{\"@type\":\"Organization\",\"@id\":\"https:\/\/volcanes.net\/#organization\",\"name\":\"Grupo Volcanes\",\"url\":\"https:\/\/volcanes.net\/\",\"logo\":{\"@type\":\"ImageObject\",\"inLanguage\":\"es\",\"@id\":\"https:\/\/volcanes.net\/#\/schema\/logo\/image\/\",\"url\":\"http:\/\/volcanes.net\/wp-content\/uploads\/2017\/12\/Avatar2.jpg\",\"contentUrl\":\"http:\/\/volcanes.net\/wp-content\/uploads\/2017\/12\/Avatar2.jpg\",\"width\":378,\"height\":378,\"caption\":\"Grupo Volcanes\"},\"image\":{\"@id\":\"https:\/\/volcanes.net\/#\/schema\/logo\/image\/\"},\"sameAs\":[\"https:\/\/www.facebook.com\/volcanes.net\/\"]},{\"@type\":\"Person\",\"@id\":\"https:\/\/volcanes.net\/#\/schema\/person\/4bf0f383940966a4abd53f5048c0e6b9\",\"name\":\"admin\",\"image\":{\"@type\":\"ImageObject\",\"inLanguage\":\"es\",\"@id\":\"https:\/\/volcanes.net\/#\/schema\/person\/image\/\",\"url\":\"https:\/\/secure.gravatar.com\/avatar\/ca004e6cba8462b8cb7abc86e382930c?s=96&d=mm&r=g\",\"contentUrl\":\"https:\/\/secure.gravatar.com\/avatar\/ca004e6cba8462b8cb7abc86e382930c?s=96&d=mm&r=g\",\"caption\":\"admin\"}}]}<\/script>\n<!-- \/ Yoast SEO plugin. -->","yoast_head_json":{"title":"Reportan saldo blanco en Oaxaca tras sismo de magnitud 6 - Volcanes","robots":{"index":"index","follow":"follow","max-snippet":"max-snippet:-1","max-image-preview":"max-image-preview:large","max-video-preview":"max-video-preview:-1"},"canonical":"https:\/\/volcanes.net\/?p=1226","og_locale":"es_MX","og_type":"article","og_title":"Reportan saldo blanco en Oaxaca tras sismo de magnitud 6 - Volcanes","og_description":"El titular de la Coordinaci\u00f3n Estatal de Protecci\u00f3n Civil de Oaxaca (CEPCO), Heliodoro D\u00edaz Esc\u00e1rraga,","og_url":"https:\/\/volcanes.net\/?p=1226","og_site_name":"Volcanes","article_publisher":"https:\/\/www.facebook.com\/volcanes.net\/","article_published_time":"2018-02-19T08:16:31+00:00","article_modified_time":"2018-02-19T19:19:37+00:00","og_image":[{"width":400,"height":200,"url":"https:\/\/volcanes.net\/wp-content\/uploads\/2018\/02\/sismo1.jpg","type":"image\/jpeg"}],"author":"admin","twitter_card":"summary_large_image","twitter_misc":{"Escrito por":"admin","Tiempo de lectura":"2 minutos"},"schema":{"@context":"https:\/\/schema.org","@graph":[{"@type":"Article","@id":"https:\/\/volcanes.net\/?p=1226#article","isPartOf":{"@id":"https:\/\/volcanes.net\/?p=1226"},"author":{"name":"admin","@id":"https:\/\/volcanes.net\/#\/schema\/person\/4bf0f383940966a4abd53f5048c0e6b9"},"headline":"Reportan saldo blanco en Oaxaca tras sismo de magnitud 6","datePublished":"2018-02-19T08:16:31+00:00","dateModified":"2018-02-19T19:19:37+00:00","mainEntityOfPage":{"@id":"https:\/\/volcanes.net\/?p=1226"},"wordCount":455,"commentCount":0,"publisher":{"@id":"https:\/\/volcanes.net\/#organization"},"image":{"@id":"https:\/\/volcanes.net\/?p=1226#primaryimage"},"thumbnailUrl":"https:\/\/volcanes.net\/wp-content\/uploads\/2018\/02\/sismo1.jpg","articleSection":["Municipales"],"inLanguage":"es","potentialAction":[{"@type":"CommentAction","name":"Comment","target":["https:\/\/volcanes.net\/?p=1226#respond"]}]},{"@type":"WebPage","@id":"https:\/\/volcanes.net\/?p=1226","url":"https:\/\/volcanes.net\/?p=1226","name":"Reportan saldo blanco en Oaxaca tras sismo de magnitud 6 - Volcanes","isPartOf":{"@id":"https:\/\/volcanes.net\/#website"},"primaryImageOfPage":{"@id":"https:\/\/volcanes.net\/?p=1226#primaryimage"},"image":{"@id":"https:\/\/volcanes.net\/?p=1226#primaryimage"},"thumbnailUrl":"https:\/\/volcanes.net\/wp-content\/uploads\/2018\/02\/sismo1.jpg","datePublished":"2018-02-19T08:16:31+00:00","dateModified":"2018-02-19T19:19:37+00:00","breadcrumb":{"@id":"https:\/\/volcanes.net\/?p=1226#breadcrumb"},"inLanguage":"es","potentialAction":[{"@type":"ReadAction","target":["https:\/\/volcanes.net\/?p=1226"]}]},{"@type":"ImageObject","inLanguage":"es","@id":"https:\/\/volcanes.net\/?p=1226#primaryimage","url":"https:\/\/volcanes.net\/wp-content\/uploads\/2018\/02\/sismo1.jpg","contentUrl":"https:\/\/volcanes.net\/wp-content\/uploads\/2018\/02\/sismo1.jpg","width":400,"height":200},{"@type":"BreadcrumbList","@id":"https:\/\/volcanes.net\/?p=1226#breadcrumb","itemListElement":[{"@type":"ListItem","position":1,"name":"Portada","item":"https:\/\/volcanes.net\/"},{"@type":"ListItem","position":2,"name":"Reportan saldo blanco en Oaxaca tras sismo de magnitud 6"}]},{"@type":"WebSite","@id":"https:\/\/volcanes.net\/#website","url":"https:\/\/volcanes.net\/","name":"Volcanes.Net","description":"Periodismo Profesional","publisher":{"@id":"https:\/\/volcanes.net\/#organization"},"potentialAction":[{"@type":"SearchAction","target":{"@type":"EntryPoint","urlTemplate":"https:\/\/volcanes.net\/?s={search_term_string}"},"query-input":{"@type":"PropertyValueSpecification","valueRequired":true,"valueName":"search_term_string"}}],"inLanguage":"es"},{"@type":"Organization","@id":"https:\/\/volcanes.net\/#organization","name":"Grupo Volcanes","url":"https:\/\/volcanes.net\/","logo":{"@type":"ImageObject","inLanguage":"es","@id":"https:\/\/volcanes.net\/#\/schema\/logo\/image\/","url":"http:\/\/volcanes.net\/wp-content\/uploads\/2017\/12\/Avatar2.jpg","contentUrl":"http:\/\/volcanes.net\/wp-content\/uploads\/2017\/12\/Avatar2.jpg","width":378,"height":378,"caption":"Grupo Volcanes"},"image":{"@id":"https:\/\/volcanes.net\/#\/schema\/logo\/image\/"},"sameAs":["https:\/\/www.facebook.com\/volcanes.net\/"]},{"@type":"Person","@id":"https:\/\/volcanes.net\/#\/schema\/person\/4bf0f383940966a4abd53f5048c0e6b9","name":"admin","image":{"@type":"ImageObject","inLanguage":"es","@id":"https:\/\/volcanes.net\/#\/schema\/person\/image\/","url":"https:\/\/secure.gravatar.com\/avatar\/ca004e6cba8462b8cb7abc86e382930c?s=96&d=mm&r=g","contentUrl":"https:\/\/secure.gravatar.com\/avatar\/ca004e6cba8462b8cb7abc86e382930c?s=96&d=mm&r=g","caption":"admin"}}]}},"_links":{"self":[{"href":"https:\/\/volcanes.net\/index.php?rest_route=\/wp\/v2\/posts\/1226"}],"collection":[{"href":"https:\/\/volcanes.net\/index.php?rest_route=\/wp\/v2\/posts"}],"about":[{"href":"https:\/\/volcanes.net\/index.php?rest_route=\/wp\/v2\/types\/post"}],"author":[{"embeddable":true,"href":"https:\/\/volcanes.net\/index.php?rest_route=\/wp\/v2\/users\/1"}],"replies":[{"embeddable":true,"href":"https:\/\/volcanes.net\/index.php?rest_route=%2Fwp%2Fv2%2Fcomments&post=1226"}],"version-history":[{"count":1,"href":"https:\/\/volcanes.net\/index.php?rest_route=\/wp\/v2\/posts\/1226\/revisions"}],"predecessor-version":[{"id":1228,"href":"https:\/\/volcanes.net\/index.php?rest_route=\/wp\/v2\/posts\/1226\/revisions\/1228"}],"wp:featuredmedia":[{"embeddable":true,"href":"https:\/\/volcanes.net\/index.php?rest_route=\/wp\/v2\/media\/1227"}],"wp:attachment":[{"href":"https:\/\/volcanes.net\/index.php?rest_route=%2Fwp%2Fv2%2Fmedia&parent=1226"}],"wp:term":[{"taxonomy":"category","embeddable":true,"href":"https:\/\/volcanes.net\/index.php?rest_route=%2Fwp%2Fv2%2Fcategories&post=1226"},{"taxonomy":"post_tag","embeddable":true,"href":"https:\/\/volcanes.net\/index.php?rest_route=%2Fwp%2Fv2%2Ftags&post=1226"}],"curies":[{"name":"wp","href":"https:\/\/api.w.org\/{rel}","templated":true}]}}