{"id":12273,"date":"2022-01-26T15:02:06","date_gmt":"2022-01-26T21:02:06","guid":{"rendered":"http:\/\/volcanes.net\/?p=12273"},"modified":"2022-01-26T15:02:06","modified_gmt":"2022-01-26T21:02:06","slug":"llegan-las-caravanas-por-la-justicia-a-tlalmanalco","status":"publish","type":"post","link":"https:\/\/volcanes.net\/?p=12273","title":{"rendered":"Llegan las Caravanas por la Justicia a Tlalmanalco"},"content":{"rendered":"<div style=\"margin-top: 0px; margin-bottom: 0px;\" class=\"sharethis-inline-share-buttons\" ><\/div><p>Tlalmanalco, Estado de M\u00e9xico.- Este mi\u00e9rcoles llegan las caravanas por la justicia cotidiana a Tlalmanalco acercando servicios de 23 dependencias del gobierno del Estado de M\u00e9xico.<\/p>\n<p>En su participaci\u00f3n el presidente municipal Luis Enrique S\u00e1nchez Reyes agradeci\u00f3 al gobernador mexiquense por estas carvanas por la justicia cotidiana que facilitar\u00e1 la soluci\u00f3n a los problemas administrativos en los tr\u00e1mites que tengan los ciudadanos del municipio<\/p>\n<p>Arturo Iv\u00e1n Barrera Pineda subsecretario de justicia del Edomex, reconoci\u00f3 al alcalde por la facilidades otorgadas para que esta caravana se instalara en este municipio.<\/p>\n<p>Cabe se\u00f1alar que las Caravanas por la Justicia Cotidiana contin\u00faan su recorrido itinerante por las zonas m\u00e1s alejadas de los Centros Administrativos del Estado de M\u00e9xico, para acercar a las familias mexiquenses tr\u00e1mites y servicios gratuitos que les garanticen certeza jur\u00eddica, para que puedan realizar sus proyectos de vida.<\/p>\n<p>De esta manera hoy iniciaron los trabajos en el municipio de Tlalmanalco por lo que desde este mi\u00e9rcoles 26 de hasta el pr\u00f3ximo 30 de enero, las caravanas por la justicia estar\u00e1n ubicadas en la Plaza principal del municipio de Tlalmanalco,\u00a0por lo que durante estos d\u00edas las y los vecinos de la zona podr\u00e1n acudir en un horario de 9:00 de la ma\u00f1ana a 15:00 horas para realizar cualquiera de los m\u00e1s de 87 tr\u00e1mites que ofrecen las 23 dependencias del Edomex participantes.<\/p>\n<p>Las caravanas por la justicia tienen la finalidad de ampliar el alcance de atenci\u00f3n integral a las familias mexiquenses, a los recorridos itinerantes por lo que desde hace unos meses se suman las Caravanas en L\u00ednea,\u00a0donde personas servidoras p\u00fablicas brindan asesor\u00edas especializadas en vivo, a trav\u00e9s de la p\u00e1gina oficial de Facebook de la Secretar\u00eda de Justicia y Derechos Humanos (SJyDH).<\/p>\n<p>Esta es una gran oportunidad si usted tiene alg\u00fan tr\u00e1mite que no ha podido solucionar ante cualquier dependencia del Edomex.<\/p>\n","protected":false},"excerpt":{"rendered":"<p>Tlalmanalco, Estado de M\u00e9xico.- Este mi\u00e9rcoles llegan las caravanas por la justicia cotidiana a Tlalmanalco<\/p>\n","protected":false},"author":1,"featured_media":12274,"comment_status":"open","ping_status":"open","sticky":false,"template":"","format":"standard","meta":{"footnotes":""},"categories":[1],"tags":[81],"class_list":["post-12273","post","type-post","status-publish","format-standard","has-post-thumbnail","hentry","category-municipales","tag-tlalmanalco"],"yoast_head":"<!-- This site is optimized with the Yoast SEO plugin v25.3 - https:\/\/yoast.com\/wordpress\/plugins\/seo\/ -->\n<title>Llegan las Caravanas por la Justicia a Tlalmanalco - Volcanes<\/title>\n<meta name=\"robots\" content=\"index, follow, max-snippet:-1, max-image-preview:large, max-video-preview:-1\" \/>\n<link rel=\"canonical\" href=\"https:\/\/volcanes.net\/?p=12273\" \/>\n<meta property=\"og:locale\" content=\"es_MX\" \/>\n<meta property=\"og:type\" content=\"article\" \/>\n<meta property=\"og:title\" content=\"Llegan las Caravanas por la Justicia a Tlalmanalco - Volcanes\" \/>\n<meta property=\"og:description\" content=\"Tlalmanalco, Estado de M\u00e9xico.- Este mi\u00e9rcoles llegan las caravanas por la justicia cotidiana a Tlalmanalco\" \/>\n<meta property=\"og:url\" content=\"https:\/\/volcanes.net\/?p=12273\" \/>\n<meta property=\"og:site_name\" content=\"Volcanes\" \/>\n<meta property=\"article:publisher\" content=\"https:\/\/www.facebook.com\/volcanes.net\/\" \/>\n<meta property=\"article:published_time\" content=\"2022-01-26T21:02:06+00:00\" \/>\n<meta property=\"og:image\" content=\"https:\/\/volcanes.net\/wp-content\/uploads\/2022\/01\/IMG-20220126-WA0004.jpg\" \/>\n\t<meta property=\"og:image:width\" content=\"1280\" \/>\n\t<meta property=\"og:image:height\" content=\"696\" \/>\n\t<meta property=\"og:image:type\" content=\"image\/jpeg\" \/>\n<meta name=\"author\" content=\"admin\" \/>\n<meta name=\"twitter:card\" content=\"summary_large_image\" \/>\n<meta name=\"twitter:label1\" content=\"Escrito por\" \/>\n\t<meta name=\"twitter:data1\" content=\"admin\" \/>\n\t<meta name=\"twitter:label2\" content=\"Tiempo de lectura\" \/>\n\t<meta name=\"twitter:data2\" content=\"2 minutos\" \/>\n<script type=\"application\/ld+json\" class=\"yoast-schema-graph\">{\"@context\":\"https:\/\/schema.org\",\"@graph\":[{\"@type\":\"Article\",\"@id\":\"https:\/\/volcanes.net\/?p=12273#article\",\"isPartOf\":{\"@id\":\"https:\/\/volcanes.net\/?p=12273\"},\"author\":{\"name\":\"admin\",\"@id\":\"https:\/\/volcanes.net\/#\/schema\/person\/4bf0f383940966a4abd53f5048c0e6b9\"},\"headline\":\"Llegan las Caravanas por la Justicia a Tlalmanalco\",\"datePublished\":\"2022-01-26T21:02:06+00:00\",\"mainEntityOfPage\":{\"@id\":\"https:\/\/volcanes.net\/?p=12273\"},\"wordCount\":337,\"commentCount\":0,\"publisher\":{\"@id\":\"https:\/\/volcanes.net\/#organization\"},\"image\":{\"@id\":\"https:\/\/volcanes.net\/?p=12273#primaryimage\"},\"thumbnailUrl\":\"https:\/\/volcanes.net\/wp-content\/uploads\/2022\/01\/IMG-20220126-WA0004.jpg\",\"keywords\":[\"Tlalmanalco\"],\"articleSection\":[\"Municipales\"],\"inLanguage\":\"es\",\"potentialAction\":[{\"@type\":\"CommentAction\",\"name\":\"Comment\",\"target\":[\"https:\/\/volcanes.net\/?p=12273#respond\"]}]},{\"@type\":\"WebPage\",\"@id\":\"https:\/\/volcanes.net\/?p=12273\",\"url\":\"https:\/\/volcanes.net\/?p=12273\",\"name\":\"Llegan las Caravanas por la Justicia a Tlalmanalco - Volcanes\",\"isPartOf\":{\"@id\":\"https:\/\/volcanes.net\/#website\"},\"primaryImageOfPage\":{\"@id\":\"https:\/\/volcanes.net\/?p=12273#primaryimage\"},\"image\":{\"@id\":\"https:\/\/volcanes.net\/?p=12273#primaryimage\"},\"thumbnailUrl\":\"https:\/\/volcanes.net\/wp-content\/uploads\/2022\/01\/IMG-20220126-WA0004.jpg\",\"datePublished\":\"2022-01-26T21:02:06+00:00\",\"breadcrumb\":{\"@id\":\"https:\/\/volcanes.net\/?p=12273#breadcrumb\"},\"inLanguage\":\"es\",\"potentialAction\":[{\"@type\":\"ReadAction\",\"target\":[\"https:\/\/volcanes.net\/?p=12273\"]}]},{\"@type\":\"ImageObject\",\"inLanguage\":\"es\",\"@id\":\"https:\/\/volcanes.net\/?p=12273#primaryimage\",\"url\":\"https:\/\/volcanes.net\/wp-content\/uploads\/2022\/01\/IMG-20220126-WA0004.jpg\",\"contentUrl\":\"https:\/\/volcanes.net\/wp-content\/uploads\/2022\/01\/IMG-20220126-WA0004.jpg\",\"width\":1280,\"height\":696},{\"@type\":\"BreadcrumbList\",\"@id\":\"https:\/\/volcanes.net\/?p=12273#breadcrumb\",\"itemListElement\":[{\"@type\":\"ListItem\",\"position\":1,\"name\":\"Portada\",\"item\":\"https:\/\/volcanes.net\/\"},{\"@type\":\"ListItem\",\"position\":2,\"name\":\"Llegan las Caravanas por la Justicia a Tlalmanalco\"}]},{\"@type\":\"WebSite\",\"@id\":\"https:\/\/volcanes.net\/#website\",\"url\":\"https:\/\/volcanes.net\/\",\"name\":\"Volcanes.Net\",\"description\":\"Periodismo Profesional\",\"publisher\":{\"@id\":\"https:\/\/volcanes.net\/#organization\"},\"potentialAction\":[{\"@type\":\"SearchAction\",\"target\":{\"@type\":\"EntryPoint\",\"urlTemplate\":\"https:\/\/volcanes.net\/?s={search_term_string}\"},\"query-input\":{\"@type\":\"PropertyValueSpecification\",\"valueRequired\":true,\"valueName\":\"search_term_string\"}}],\"inLanguage\":\"es\"},{\"@type\":\"Organization\",\"@id\":\"https:\/\/volcanes.net\/#organization\",\"name\":\"Grupo Volcanes\",\"url\":\"https:\/\/volcanes.net\/\",\"logo\":{\"@type\":\"ImageObject\",\"inLanguage\":\"es\",\"@id\":\"https:\/\/volcanes.net\/#\/schema\/logo\/image\/\",\"url\":\"http:\/\/volcanes.net\/wp-content\/uploads\/2017\/12\/Avatar2.jpg\",\"contentUrl\":\"http:\/\/volcanes.net\/wp-content\/uploads\/2017\/12\/Avatar2.jpg\",\"width\":378,\"height\":378,\"caption\":\"Grupo Volcanes\"},\"image\":{\"@id\":\"https:\/\/volcanes.net\/#\/schema\/logo\/image\/\"},\"sameAs\":[\"https:\/\/www.facebook.com\/volcanes.net\/\"]},{\"@type\":\"Person\",\"@id\":\"https:\/\/volcanes.net\/#\/schema\/person\/4bf0f383940966a4abd53f5048c0e6b9\",\"name\":\"admin\",\"image\":{\"@type\":\"ImageObject\",\"inLanguage\":\"es\",\"@id\":\"https:\/\/volcanes.net\/#\/schema\/person\/image\/\",\"url\":\"https:\/\/secure.gravatar.com\/avatar\/ca004e6cba8462b8cb7abc86e382930c?s=96&d=mm&r=g\",\"contentUrl\":\"https:\/\/secure.gravatar.com\/avatar\/ca004e6cba8462b8cb7abc86e382930c?s=96&d=mm&r=g\",\"caption\":\"admin\"}}]}<\/script>\n<!-- \/ Yoast SEO plugin. -->","yoast_head_json":{"title":"Llegan las Caravanas por la Justicia a Tlalmanalco - Volcanes","robots":{"index":"index","follow":"follow","max-snippet":"max-snippet:-1","max-image-preview":"max-image-preview:large","max-video-preview":"max-video-preview:-1"},"canonical":"https:\/\/volcanes.net\/?p=12273","og_locale":"es_MX","og_type":"article","og_title":"Llegan las Caravanas por la Justicia a Tlalmanalco - Volcanes","og_description":"Tlalmanalco, Estado de M\u00e9xico.- Este mi\u00e9rcoles llegan las caravanas por la justicia cotidiana a Tlalmanalco","og_url":"https:\/\/volcanes.net\/?p=12273","og_site_name":"Volcanes","article_publisher":"https:\/\/www.facebook.com\/volcanes.net\/","article_published_time":"2022-01-26T21:02:06+00:00","og_image":[{"width":1280,"height":696,"url":"https:\/\/volcanes.net\/wp-content\/uploads\/2022\/01\/IMG-20220126-WA0004.jpg","type":"image\/jpeg"}],"author":"admin","twitter_card":"summary_large_image","twitter_misc":{"Escrito por":"admin","Tiempo de lectura":"2 minutos"},"schema":{"@context":"https:\/\/schema.org","@graph":[{"@type":"Article","@id":"https:\/\/volcanes.net\/?p=12273#article","isPartOf":{"@id":"https:\/\/volcanes.net\/?p=12273"},"author":{"name":"admin","@id":"https:\/\/volcanes.net\/#\/schema\/person\/4bf0f383940966a4abd53f5048c0e6b9"},"headline":"Llegan las Caravanas por la Justicia a Tlalmanalco","datePublished":"2022-01-26T21:02:06+00:00","mainEntityOfPage":{"@id":"https:\/\/volcanes.net\/?p=12273"},"wordCount":337,"commentCount":0,"publisher":{"@id":"https:\/\/volcanes.net\/#organization"},"image":{"@id":"https:\/\/volcanes.net\/?p=12273#primaryimage"},"thumbnailUrl":"https:\/\/volcanes.net\/wp-content\/uploads\/2022\/01\/IMG-20220126-WA0004.jpg","keywords":["Tlalmanalco"],"articleSection":["Municipales"],"inLanguage":"es","potentialAction":[{"@type":"CommentAction","name":"Comment","target":["https:\/\/volcanes.net\/?p=12273#respond"]}]},{"@type":"WebPage","@id":"https:\/\/volcanes.net\/?p=12273","url":"https:\/\/volcanes.net\/?p=12273","name":"Llegan las Caravanas por la Justicia a Tlalmanalco - Volcanes","isPartOf":{"@id":"https:\/\/volcanes.net\/#website"},"primaryImageOfPage":{"@id":"https:\/\/volcanes.net\/?p=12273#primaryimage"},"image":{"@id":"https:\/\/volcanes.net\/?p=12273#primaryimage"},"thumbnailUrl":"https:\/\/volcanes.net\/wp-content\/uploads\/2022\/01\/IMG-20220126-WA0004.jpg","datePublished":"2022-01-26T21:02:06+00:00","breadcrumb":{"@id":"https:\/\/volcanes.net\/?p=12273#breadcrumb"},"inLanguage":"es","potentialAction":[{"@type":"ReadAction","target":["https:\/\/volcanes.net\/?p=12273"]}]},{"@type":"ImageObject","inLanguage":"es","@id":"https:\/\/volcanes.net\/?p=12273#primaryimage","url":"https:\/\/volcanes.net\/wp-content\/uploads\/2022\/01\/IMG-20220126-WA0004.jpg","contentUrl":"https:\/\/volcanes.net\/wp-content\/uploads\/2022\/01\/IMG-20220126-WA0004.jpg","width":1280,"height":696},{"@type":"BreadcrumbList","@id":"https:\/\/volcanes.net\/?p=12273#breadcrumb","itemListElement":[{"@type":"ListItem","position":1,"name":"Portada","item":"https:\/\/volcanes.net\/"},{"@type":"ListItem","position":2,"name":"Llegan las Caravanas por la Justicia a Tlalmanalco"}]},{"@type":"WebSite","@id":"https:\/\/volcanes.net\/#website","url":"https:\/\/volcanes.net\/","name":"Volcanes.Net","description":"Periodismo Profesional","publisher":{"@id":"https:\/\/volcanes.net\/#organization"},"potentialAction":[{"@type":"SearchAction","target":{"@type":"EntryPoint","urlTemplate":"https:\/\/volcanes.net\/?s={search_term_string}"},"query-input":{"@type":"PropertyValueSpecification","valueRequired":true,"valueName":"search_term_string"}}],"inLanguage":"es"},{"@type":"Organization","@id":"https:\/\/volcanes.net\/#organization","name":"Grupo Volcanes","url":"https:\/\/volcanes.net\/","logo":{"@type":"ImageObject","inLanguage":"es","@id":"https:\/\/volcanes.net\/#\/schema\/logo\/image\/","url":"http:\/\/volcanes.net\/wp-content\/uploads\/2017\/12\/Avatar2.jpg","contentUrl":"http:\/\/volcanes.net\/wp-content\/uploads\/2017\/12\/Avatar2.jpg","width":378,"height":378,"caption":"Grupo Volcanes"},"image":{"@id":"https:\/\/volcanes.net\/#\/schema\/logo\/image\/"},"sameAs":["https:\/\/www.facebook.com\/volcanes.net\/"]},{"@type":"Person","@id":"https:\/\/volcanes.net\/#\/schema\/person\/4bf0f383940966a4abd53f5048c0e6b9","name":"admin","image":{"@type":"ImageObject","inLanguage":"es","@id":"https:\/\/volcanes.net\/#\/schema\/person\/image\/","url":"https:\/\/secure.gravatar.com\/avatar\/ca004e6cba8462b8cb7abc86e382930c?s=96&d=mm&r=g","contentUrl":"https:\/\/secure.gravatar.com\/avatar\/ca004e6cba8462b8cb7abc86e382930c?s=96&d=mm&r=g","caption":"admin"}}]}},"_links":{"self":[{"href":"https:\/\/volcanes.net\/index.php?rest_route=\/wp\/v2\/posts\/12273"}],"collection":[{"href":"https:\/\/volcanes.net\/index.php?rest_route=\/wp\/v2\/posts"}],"about":[{"href":"https:\/\/volcanes.net\/index.php?rest_route=\/wp\/v2\/types\/post"}],"author":[{"embeddable":true,"href":"https:\/\/volcanes.net\/index.php?rest_route=\/wp\/v2\/users\/1"}],"replies":[{"embeddable":true,"href":"https:\/\/volcanes.net\/index.php?rest_route=%2Fwp%2Fv2%2Fcomments&post=12273"}],"version-history":[{"count":1,"href":"https:\/\/volcanes.net\/index.php?rest_route=\/wp\/v2\/posts\/12273\/revisions"}],"predecessor-version":[{"id":12275,"href":"https:\/\/volcanes.net\/index.php?rest_route=\/wp\/v2\/posts\/12273\/revisions\/12275"}],"wp:featuredmedia":[{"embeddable":true,"href":"https:\/\/volcanes.net\/index.php?rest_route=\/wp\/v2\/media\/12274"}],"wp:attachment":[{"href":"https:\/\/volcanes.net\/index.php?rest_route=%2Fwp%2Fv2%2Fmedia&parent=12273"}],"wp:term":[{"taxonomy":"category","embeddable":true,"href":"https:\/\/volcanes.net\/index.php?rest_route=%2Fwp%2Fv2%2Fcategories&post=12273"},{"taxonomy":"post_tag","embeddable":true,"href":"https:\/\/volcanes.net\/index.php?rest_route=%2Fwp%2Fv2%2Ftags&post=12273"}],"curies":[{"name":"wp","href":"https:\/\/api.w.org\/{rel}","templated":true}]}}