{"id":12276,"date":"2022-01-28T14:51:07","date_gmt":"2022-01-28T20:51:07","guid":{"rendered":"http:\/\/volcanes.net\/?p=12276"},"modified":"2022-01-28T14:51:07","modified_gmt":"2022-01-28T20:51:07","slug":"inicia-reparto-de-cobertores-a-grupos-vulnerables-de-amecameca","status":"publish","type":"post","link":"https:\/\/volcanes.net\/?p=12276","title":{"rendered":"Inicia reparto de cobertores a grupos vulnerables de Amecameca"},"content":{"rendered":"<div style=\"margin-top: 0px; margin-bottom: 0px;\" class=\"sharethis-inline-share-buttons\" ><\/div><ul>\n<li>La presidenta municipal, Ivette Topete Garc\u00eda garantiz\u00f3 que estos apoyos llegar\u00e1n a quien m\u00e1s los necesitan<\/li>\n<\/ul>\n<p>Amecameca, Estado de M\u00e9xico.- Con el prop\u00f3sito de proteger del frio a los adultos y grupos vulnerables que viven en las comunidades altas de la localidad, la presidenta municipal Ivette Topete Garc\u00eda en coordinaci\u00f3n con la presidenta del DIF Amecameca, Laura Angelica Catalina Guzm\u00e1n Galicia, iniciaron el reparto de apoyos invernales.<\/p>\n<p>Derivado de una gesti\u00f3n del gobierno local, la presidenta honoraria del DIFEM, Fernanda Castillo de Del Mazo, envi\u00f3 para beneficio de los amecamequenses m\u00e1s de 600 cobertores los cuales comenzaron a repartirse de manera simb\u00f3lica en un evento con los grupos de adultos mayores que conviven en las diferentes actividades el DIF municipal.<\/p>\n<p>Ante la presencia de Israel \u00c1ngel Osornio Su\u00e1rez, subdirector operativo del Valle de M\u00e9xico Zona Oriente del DIFEM, la presidenta del DIF Amecameca, Laura Guzm\u00e1n y los regidores Otoniel Pe\u00f1a Remigio y Fernando Ju\u00e1rez L\u00f3pez, la alcaldesa reconoci\u00f3 la disposici\u00f3n de la Se\u00f1ora Fernanda de Del Mazo por estar siempre al pendiente de la poblaci\u00f3n amecamequense.<\/p>\n<p>Topete Garc\u00eda destac\u00f3 la importancia de que la poblaci\u00f3n se proteja de las bajas temperaturas en esta temporada, especialmente, en estos d\u00edas cuando se est\u00e1 presentando un repunte de covid-19, por lo que exhort\u00f3 a la poblaci\u00f3n a no bajar la guardia y continuar con las medidas sanitarias.<\/p>\n<p>Indic\u00f3 que los cobertores son una muestra de la generosidad que ha tenido la presidenta del DIFEM, por lo que, en concordancia, refrend\u00f3 el compromiso de su administraci\u00f3n de continuar trabajando en beneficio de la poblaci\u00f3n m\u00e1s vulnerable.<\/p>\n<p>\u201cNo venimos a improvisar, porque ya estuve aqu\u00ed como presidenta del DIF y s\u00e9 que hacer y c\u00f3mo hacerlo, por eso les reiter\u00f3 nuestro compromiso de esforzarnos cada d\u00eda por llevar apoyos a los m\u00e1s necesitados y para eso me acompa\u00f1a un grupo de profesionales\u201d, destac\u00f3 la edil ante las abuelitas y abuelitos presentes.<\/p>\n<p>La alcaldesa destac\u00f3 el esfuerzo de la presidenta del DIF municipal, Laura Guzm\u00e1n por reabrir el comedor comunitario que por casi tres a\u00f1os estuvo sin funcionar, y adelant\u00f3 \u201cya se est\u00e1 trabajando en la remodelaci\u00f3n de la Cl\u00ednica que tambi\u00e9n estuvo cerrada\u201d.<\/p>\n<p>Finalmente, la presidenta Ivette Topete inform\u00f3 que la entrega de cobertores continuar\u00e1, privilegiando la sana distancia, de modo que ser\u00e1n distribuidos en diferentes d\u00edas y horarios para evitar aglomeraciones de personas, solo pidi\u00f3 a la gente estar atentos a la invitaci\u00f3n o visita del personal del Ayuntamiento.<\/p>\n","protected":false},"excerpt":{"rendered":"<p>La presidenta municipal, Ivette Topete Garc\u00eda garantiz\u00f3 que estos apoyos llegar\u00e1n a quien m\u00e1s los<\/p>\n","protected":false},"author":1,"featured_media":12277,"comment_status":"open","ping_status":"open","sticky":false,"template":"","format":"standard","meta":{"footnotes":""},"categories":[1],"tags":[7],"class_list":["post-12276","post","type-post","status-publish","format-standard","has-post-thumbnail","hentry","category-municipales","tag-amecameca"],"yoast_head":"<!-- This site is optimized with the Yoast SEO plugin v25.3 - https:\/\/yoast.com\/wordpress\/plugins\/seo\/ -->\n<title>Inicia reparto de cobertores a grupos vulnerables de Amecameca - Volcanes<\/title>\n<meta name=\"robots\" content=\"index, follow, max-snippet:-1, max-image-preview:large, max-video-preview:-1\" \/>\n<link rel=\"canonical\" href=\"https:\/\/volcanes.net\/?p=12276\" \/>\n<meta property=\"og:locale\" content=\"es_MX\" \/>\n<meta property=\"og:type\" content=\"article\" \/>\n<meta property=\"og:title\" content=\"Inicia reparto de cobertores a grupos vulnerables de Amecameca - Volcanes\" \/>\n<meta property=\"og:description\" content=\"La presidenta municipal, Ivette Topete Garc\u00eda garantiz\u00f3 que estos apoyos llegar\u00e1n a quien m\u00e1s los\" \/>\n<meta property=\"og:url\" content=\"https:\/\/volcanes.net\/?p=12276\" \/>\n<meta property=\"og:site_name\" content=\"Volcanes\" \/>\n<meta property=\"article:publisher\" content=\"https:\/\/www.facebook.com\/volcanes.net\/\" \/>\n<meta property=\"article:published_time\" content=\"2022-01-28T20:51:07+00:00\" \/>\n<meta property=\"og:image\" content=\"https:\/\/volcanes.net\/wp-content\/uploads\/2022\/01\/IMG-20220128-WA0004.jpg\" \/>\n\t<meta property=\"og:image:width\" content=\"1280\" \/>\n\t<meta property=\"og:image:height\" content=\"960\" \/>\n\t<meta property=\"og:image:type\" content=\"image\/jpeg\" \/>\n<meta name=\"author\" content=\"admin\" \/>\n<meta name=\"twitter:card\" content=\"summary_large_image\" \/>\n<meta name=\"twitter:label1\" content=\"Escrito por\" \/>\n\t<meta name=\"twitter:data1\" content=\"admin\" \/>\n\t<meta name=\"twitter:label2\" content=\"Tiempo de lectura\" \/>\n\t<meta name=\"twitter:data2\" content=\"2 minutos\" \/>\n<script type=\"application\/ld+json\" class=\"yoast-schema-graph\">{\"@context\":\"https:\/\/schema.org\",\"@graph\":[{\"@type\":\"Article\",\"@id\":\"https:\/\/volcanes.net\/?p=12276#article\",\"isPartOf\":{\"@id\":\"https:\/\/volcanes.net\/?p=12276\"},\"author\":{\"name\":\"admin\",\"@id\":\"https:\/\/volcanes.net\/#\/schema\/person\/4bf0f383940966a4abd53f5048c0e6b9\"},\"headline\":\"Inicia reparto de cobertores a grupos vulnerables de Amecameca\",\"datePublished\":\"2022-01-28T20:51:07+00:00\",\"mainEntityOfPage\":{\"@id\":\"https:\/\/volcanes.net\/?p=12276\"},\"wordCount\":453,\"commentCount\":0,\"publisher\":{\"@id\":\"https:\/\/volcanes.net\/#organization\"},\"image\":{\"@id\":\"https:\/\/volcanes.net\/?p=12276#primaryimage\"},\"thumbnailUrl\":\"https:\/\/volcanes.net\/wp-content\/uploads\/2022\/01\/IMG-20220128-WA0004.jpg\",\"keywords\":[\"Amecameca\"],\"articleSection\":[\"Municipales\"],\"inLanguage\":\"es\",\"potentialAction\":[{\"@type\":\"CommentAction\",\"name\":\"Comment\",\"target\":[\"https:\/\/volcanes.net\/?p=12276#respond\"]}]},{\"@type\":\"WebPage\",\"@id\":\"https:\/\/volcanes.net\/?p=12276\",\"url\":\"https:\/\/volcanes.net\/?p=12276\",\"name\":\"Inicia reparto de cobertores a grupos vulnerables de Amecameca - Volcanes\",\"isPartOf\":{\"@id\":\"https:\/\/volcanes.net\/#website\"},\"primaryImageOfPage\":{\"@id\":\"https:\/\/volcanes.net\/?p=12276#primaryimage\"},\"image\":{\"@id\":\"https:\/\/volcanes.net\/?p=12276#primaryimage\"},\"thumbnailUrl\":\"https:\/\/volcanes.net\/wp-content\/uploads\/2022\/01\/IMG-20220128-WA0004.jpg\",\"datePublished\":\"2022-01-28T20:51:07+00:00\",\"breadcrumb\":{\"@id\":\"https:\/\/volcanes.net\/?p=12276#breadcrumb\"},\"inLanguage\":\"es\",\"potentialAction\":[{\"@type\":\"ReadAction\",\"target\":[\"https:\/\/volcanes.net\/?p=12276\"]}]},{\"@type\":\"ImageObject\",\"inLanguage\":\"es\",\"@id\":\"https:\/\/volcanes.net\/?p=12276#primaryimage\",\"url\":\"https:\/\/volcanes.net\/wp-content\/uploads\/2022\/01\/IMG-20220128-WA0004.jpg\",\"contentUrl\":\"https:\/\/volcanes.net\/wp-content\/uploads\/2022\/01\/IMG-20220128-WA0004.jpg\",\"width\":1280,\"height\":960},{\"@type\":\"BreadcrumbList\",\"@id\":\"https:\/\/volcanes.net\/?p=12276#breadcrumb\",\"itemListElement\":[{\"@type\":\"ListItem\",\"position\":1,\"name\":\"Portada\",\"item\":\"https:\/\/volcanes.net\/\"},{\"@type\":\"ListItem\",\"position\":2,\"name\":\"Inicia reparto de cobertores a grupos vulnerables de Amecameca\"}]},{\"@type\":\"WebSite\",\"@id\":\"https:\/\/volcanes.net\/#website\",\"url\":\"https:\/\/volcanes.net\/\",\"name\":\"Volcanes.Net\",\"description\":\"Periodismo Profesional\",\"publisher\":{\"@id\":\"https:\/\/volcanes.net\/#organization\"},\"potentialAction\":[{\"@type\":\"SearchAction\",\"target\":{\"@type\":\"EntryPoint\",\"urlTemplate\":\"https:\/\/volcanes.net\/?s={search_term_string}\"},\"query-input\":{\"@type\":\"PropertyValueSpecification\",\"valueRequired\":true,\"valueName\":\"search_term_string\"}}],\"inLanguage\":\"es\"},{\"@type\":\"Organization\",\"@id\":\"https:\/\/volcanes.net\/#organization\",\"name\":\"Grupo Volcanes\",\"url\":\"https:\/\/volcanes.net\/\",\"logo\":{\"@type\":\"ImageObject\",\"inLanguage\":\"es\",\"@id\":\"https:\/\/volcanes.net\/#\/schema\/logo\/image\/\",\"url\":\"http:\/\/volcanes.net\/wp-content\/uploads\/2017\/12\/Avatar2.jpg\",\"contentUrl\":\"http:\/\/volcanes.net\/wp-content\/uploads\/2017\/12\/Avatar2.jpg\",\"width\":378,\"height\":378,\"caption\":\"Grupo Volcanes\"},\"image\":{\"@id\":\"https:\/\/volcanes.net\/#\/schema\/logo\/image\/\"},\"sameAs\":[\"https:\/\/www.facebook.com\/volcanes.net\/\"]},{\"@type\":\"Person\",\"@id\":\"https:\/\/volcanes.net\/#\/schema\/person\/4bf0f383940966a4abd53f5048c0e6b9\",\"name\":\"admin\",\"image\":{\"@type\":\"ImageObject\",\"inLanguage\":\"es\",\"@id\":\"https:\/\/volcanes.net\/#\/schema\/person\/image\/\",\"url\":\"https:\/\/secure.gravatar.com\/avatar\/ca004e6cba8462b8cb7abc86e382930c?s=96&d=mm&r=g\",\"contentUrl\":\"https:\/\/secure.gravatar.com\/avatar\/ca004e6cba8462b8cb7abc86e382930c?s=96&d=mm&r=g\",\"caption\":\"admin\"}}]}<\/script>\n<!-- \/ Yoast SEO plugin. -->","yoast_head_json":{"title":"Inicia reparto de cobertores a grupos vulnerables de Amecameca - Volcanes","robots":{"index":"index","follow":"follow","max-snippet":"max-snippet:-1","max-image-preview":"max-image-preview:large","max-video-preview":"max-video-preview:-1"},"canonical":"https:\/\/volcanes.net\/?p=12276","og_locale":"es_MX","og_type":"article","og_title":"Inicia reparto de cobertores a grupos vulnerables de Amecameca - Volcanes","og_description":"La presidenta municipal, Ivette Topete Garc\u00eda garantiz\u00f3 que estos apoyos llegar\u00e1n a quien m\u00e1s los","og_url":"https:\/\/volcanes.net\/?p=12276","og_site_name":"Volcanes","article_publisher":"https:\/\/www.facebook.com\/volcanes.net\/","article_published_time":"2022-01-28T20:51:07+00:00","og_image":[{"width":1280,"height":960,"url":"https:\/\/volcanes.net\/wp-content\/uploads\/2022\/01\/IMG-20220128-WA0004.jpg","type":"image\/jpeg"}],"author":"admin","twitter_card":"summary_large_image","twitter_misc":{"Escrito por":"admin","Tiempo de lectura":"2 minutos"},"schema":{"@context":"https:\/\/schema.org","@graph":[{"@type":"Article","@id":"https:\/\/volcanes.net\/?p=12276#article","isPartOf":{"@id":"https:\/\/volcanes.net\/?p=12276"},"author":{"name":"admin","@id":"https:\/\/volcanes.net\/#\/schema\/person\/4bf0f383940966a4abd53f5048c0e6b9"},"headline":"Inicia reparto de cobertores a grupos vulnerables de Amecameca","datePublished":"2022-01-28T20:51:07+00:00","mainEntityOfPage":{"@id":"https:\/\/volcanes.net\/?p=12276"},"wordCount":453,"commentCount":0,"publisher":{"@id":"https:\/\/volcanes.net\/#organization"},"image":{"@id":"https:\/\/volcanes.net\/?p=12276#primaryimage"},"thumbnailUrl":"https:\/\/volcanes.net\/wp-content\/uploads\/2022\/01\/IMG-20220128-WA0004.jpg","keywords":["Amecameca"],"articleSection":["Municipales"],"inLanguage":"es","potentialAction":[{"@type":"CommentAction","name":"Comment","target":["https:\/\/volcanes.net\/?p=12276#respond"]}]},{"@type":"WebPage","@id":"https:\/\/volcanes.net\/?p=12276","url":"https:\/\/volcanes.net\/?p=12276","name":"Inicia reparto de cobertores a grupos vulnerables de Amecameca - Volcanes","isPartOf":{"@id":"https:\/\/volcanes.net\/#website"},"primaryImageOfPage":{"@id":"https:\/\/volcanes.net\/?p=12276#primaryimage"},"image":{"@id":"https:\/\/volcanes.net\/?p=12276#primaryimage"},"thumbnailUrl":"https:\/\/volcanes.net\/wp-content\/uploads\/2022\/01\/IMG-20220128-WA0004.jpg","datePublished":"2022-01-28T20:51:07+00:00","breadcrumb":{"@id":"https:\/\/volcanes.net\/?p=12276#breadcrumb"},"inLanguage":"es","potentialAction":[{"@type":"ReadAction","target":["https:\/\/volcanes.net\/?p=12276"]}]},{"@type":"ImageObject","inLanguage":"es","@id":"https:\/\/volcanes.net\/?p=12276#primaryimage","url":"https:\/\/volcanes.net\/wp-content\/uploads\/2022\/01\/IMG-20220128-WA0004.jpg","contentUrl":"https:\/\/volcanes.net\/wp-content\/uploads\/2022\/01\/IMG-20220128-WA0004.jpg","width":1280,"height":960},{"@type":"BreadcrumbList","@id":"https:\/\/volcanes.net\/?p=12276#breadcrumb","itemListElement":[{"@type":"ListItem","position":1,"name":"Portada","item":"https:\/\/volcanes.net\/"},{"@type":"ListItem","position":2,"name":"Inicia reparto de cobertores a grupos vulnerables de Amecameca"}]},{"@type":"WebSite","@id":"https:\/\/volcanes.net\/#website","url":"https:\/\/volcanes.net\/","name":"Volcanes.Net","description":"Periodismo Profesional","publisher":{"@id":"https:\/\/volcanes.net\/#organization"},"potentialAction":[{"@type":"SearchAction","target":{"@type":"EntryPoint","urlTemplate":"https:\/\/volcanes.net\/?s={search_term_string}"},"query-input":{"@type":"PropertyValueSpecification","valueRequired":true,"valueName":"search_term_string"}}],"inLanguage":"es"},{"@type":"Organization","@id":"https:\/\/volcanes.net\/#organization","name":"Grupo Volcanes","url":"https:\/\/volcanes.net\/","logo":{"@type":"ImageObject","inLanguage":"es","@id":"https:\/\/volcanes.net\/#\/schema\/logo\/image\/","url":"http:\/\/volcanes.net\/wp-content\/uploads\/2017\/12\/Avatar2.jpg","contentUrl":"http:\/\/volcanes.net\/wp-content\/uploads\/2017\/12\/Avatar2.jpg","width":378,"height":378,"caption":"Grupo Volcanes"},"image":{"@id":"https:\/\/volcanes.net\/#\/schema\/logo\/image\/"},"sameAs":["https:\/\/www.facebook.com\/volcanes.net\/"]},{"@type":"Person","@id":"https:\/\/volcanes.net\/#\/schema\/person\/4bf0f383940966a4abd53f5048c0e6b9","name":"admin","image":{"@type":"ImageObject","inLanguage":"es","@id":"https:\/\/volcanes.net\/#\/schema\/person\/image\/","url":"https:\/\/secure.gravatar.com\/avatar\/ca004e6cba8462b8cb7abc86e382930c?s=96&d=mm&r=g","contentUrl":"https:\/\/secure.gravatar.com\/avatar\/ca004e6cba8462b8cb7abc86e382930c?s=96&d=mm&r=g","caption":"admin"}}]}},"_links":{"self":[{"href":"https:\/\/volcanes.net\/index.php?rest_route=\/wp\/v2\/posts\/12276"}],"collection":[{"href":"https:\/\/volcanes.net\/index.php?rest_route=\/wp\/v2\/posts"}],"about":[{"href":"https:\/\/volcanes.net\/index.php?rest_route=\/wp\/v2\/types\/post"}],"author":[{"embeddable":true,"href":"https:\/\/volcanes.net\/index.php?rest_route=\/wp\/v2\/users\/1"}],"replies":[{"embeddable":true,"href":"https:\/\/volcanes.net\/index.php?rest_route=%2Fwp%2Fv2%2Fcomments&post=12276"}],"version-history":[{"count":1,"href":"https:\/\/volcanes.net\/index.php?rest_route=\/wp\/v2\/posts\/12276\/revisions"}],"predecessor-version":[{"id":12278,"href":"https:\/\/volcanes.net\/index.php?rest_route=\/wp\/v2\/posts\/12276\/revisions\/12278"}],"wp:featuredmedia":[{"embeddable":true,"href":"https:\/\/volcanes.net\/index.php?rest_route=\/wp\/v2\/media\/12277"}],"wp:attachment":[{"href":"https:\/\/volcanes.net\/index.php?rest_route=%2Fwp%2Fv2%2Fmedia&parent=12276"}],"wp:term":[{"taxonomy":"category","embeddable":true,"href":"https:\/\/volcanes.net\/index.php?rest_route=%2Fwp%2Fv2%2Fcategories&post=12276"},{"taxonomy":"post_tag","embeddable":true,"href":"https:\/\/volcanes.net\/index.php?rest_route=%2Fwp%2Fv2%2Ftags&post=12276"}],"curies":[{"name":"wp","href":"https:\/\/api.w.org\/{rel}","templated":true}]}}