{"id":12288,"date":"2022-02-03T16:12:34","date_gmt":"2022-02-03T22:12:34","guid":{"rendered":"http:\/\/volcanes.net\/?p=12288"},"modified":"2022-02-03T16:12:34","modified_gmt":"2022-02-03T22:12:34","slug":"miguel-gutierrez-celebra-el-198-aniversario-de-la-ereccion-del-municipio-de-chalco","status":"publish","type":"post","link":"https:\/\/volcanes.net\/?p=12288","title":{"rendered":"Miguel Guti\u00e9rrez celebra el 198 Aniversario de la Erecci\u00f3n del Municipio de Chalco"},"content":{"rendered":"<div style=\"margin-top: 0px; margin-bottom: 0px;\" class=\"sharethis-inline-share-buttons\" ><\/div><p>Chalco, Estado de M\u00e9xico, 31 de enero de 2022.- El Presidente Municipal, Miguel Guti\u00e9rrez encabez\u00f3 la ceremonia conmemorativa por el 198 Aniversario de la Erecci\u00f3n del Municipio de Chalco. Acompa\u00f1ado del Honorable Cabildo, autoridades estatales, federales, alcaldes de la regi\u00f3n, representantes de los sectores, autoridades auxiliares y servidores p\u00fablicos, el Alcalde entreg\u00f3 una moneda de edici\u00f3n especial para hacer honor al municipio, en su aniversario.<\/p>\n<p>Durante su mensaje, Miguel Guti\u00e9rrez mand\u00f3 un saludo fraterno a las m\u00e1s de 400 mil personas que viven en Chalco. Destac\u00f3 que los municipios son el contacto directo con la ciudadan\u00eda y por eso es de vital importancia que los presidentes municipales conozcan y atiendan las necesidades, siempre con uso responsable de los recursos. &#8220;Hay que defender los intereses del pueblo hacia el bienestar social. La acci\u00f3n local tiene impacto global&#8221;, apunt\u00f3. Record\u00f3 que el 31 de enero de 1824 es una fecha hist\u00f3rica y agradeci\u00f3 por poder celebrar un a\u00f1o m\u00e1s del municipio. &#8220;Deseo que cada aniversario de nuestro municipio se festeje, con obras y acciones en beneficio del pueblo. Vamos a seguir trabajando y sirvi\u00e9ndole al pueblo&#8221;, asegur\u00f3 Guti\u00e9rrez Morales.<\/p>\n<p>Miguel Guti\u00e9rrez hizo entrega a los presentes de una moneda conmemoativa por el 198 Aniversario de la Erecci\u00f3n del Municipio de Chalco. En el anverso de la moneda, se aprecia el glifo de piedra, que forma parte de la colecci\u00f3n del Museo Nacional de Antropolog\u00eda e Historia; en el reverso, una postal de la Chalco, con los volcanes Popocat\u00e9petl e Iztacc\u00edhuatl de fondo.<\/p>\n<p>El Alcalde anunci\u00f3 que para el Bicentenario del Municipio de Chalco pedir\u00e1n la pieza arqueol\u00f3gica del glifo y pidi\u00f3 a los invitados consevar su moneda conmemorativa.<\/p>\n","protected":false},"excerpt":{"rendered":"<p>Chalco, Estado de M\u00e9xico, 31 de enero de 2022.- El Presidente Municipal, Miguel Guti\u00e9rrez encabez\u00f3<\/p>\n","protected":false},"author":1,"featured_media":12289,"comment_status":"open","ping_status":"open","sticky":false,"template":"","format":"standard","meta":{"footnotes":""},"categories":[1],"tags":[9],"class_list":["post-12288","post","type-post","status-publish","format-standard","has-post-thumbnail","hentry","category-municipales","tag-chalco"],"yoast_head":"<!-- This site is optimized with the Yoast SEO plugin v25.3 - https:\/\/yoast.com\/wordpress\/plugins\/seo\/ -->\n<title>Miguel Guti\u00e9rrez celebra el 198 Aniversario de la Erecci\u00f3n del Municipio de Chalco - Volcanes<\/title>\n<meta name=\"robots\" content=\"index, follow, max-snippet:-1, max-image-preview:large, max-video-preview:-1\" \/>\n<link rel=\"canonical\" href=\"https:\/\/volcanes.net\/?p=12288\" \/>\n<meta property=\"og:locale\" content=\"es_MX\" \/>\n<meta property=\"og:type\" content=\"article\" \/>\n<meta property=\"og:title\" content=\"Miguel Guti\u00e9rrez celebra el 198 Aniversario de la Erecci\u00f3n del Municipio de Chalco - Volcanes\" \/>\n<meta property=\"og:description\" content=\"Chalco, Estado de M\u00e9xico, 31 de enero de 2022.- El Presidente Municipal, Miguel Guti\u00e9rrez encabez\u00f3\" \/>\n<meta property=\"og:url\" content=\"https:\/\/volcanes.net\/?p=12288\" \/>\n<meta property=\"og:site_name\" content=\"Volcanes\" \/>\n<meta property=\"article:publisher\" content=\"https:\/\/www.facebook.com\/volcanes.net\/\" \/>\n<meta property=\"article:published_time\" content=\"2022-02-03T22:12:34+00:00\" \/>\n<meta property=\"og:image\" content=\"https:\/\/volcanes.net\/wp-content\/uploads\/2022\/02\/IMG-20220201-WA0014-1024x681-1.jpg\" \/>\n\t<meta property=\"og:image:width\" content=\"1024\" \/>\n\t<meta property=\"og:image:height\" content=\"681\" \/>\n\t<meta property=\"og:image:type\" content=\"image\/jpeg\" \/>\n<meta name=\"author\" content=\"admin\" \/>\n<meta name=\"twitter:card\" content=\"summary_large_image\" \/>\n<meta name=\"twitter:label1\" content=\"Escrito por\" \/>\n\t<meta name=\"twitter:data1\" content=\"admin\" \/>\n\t<meta name=\"twitter:label2\" content=\"Tiempo de lectura\" \/>\n\t<meta name=\"twitter:data2\" content=\"1 minuto\" \/>\n<script type=\"application\/ld+json\" class=\"yoast-schema-graph\">{\"@context\":\"https:\/\/schema.org\",\"@graph\":[{\"@type\":\"Article\",\"@id\":\"https:\/\/volcanes.net\/?p=12288#article\",\"isPartOf\":{\"@id\":\"https:\/\/volcanes.net\/?p=12288\"},\"author\":{\"name\":\"admin\",\"@id\":\"https:\/\/volcanes.net\/#\/schema\/person\/4bf0f383940966a4abd53f5048c0e6b9\"},\"headline\":\"Miguel Guti\u00e9rrez celebra el 198 Aniversario de la Erecci\u00f3n del Municipio de Chalco\",\"datePublished\":\"2022-02-03T22:12:34+00:00\",\"mainEntityOfPage\":{\"@id\":\"https:\/\/volcanes.net\/?p=12288\"},\"wordCount\":308,\"commentCount\":0,\"publisher\":{\"@id\":\"https:\/\/volcanes.net\/#organization\"},\"image\":{\"@id\":\"https:\/\/volcanes.net\/?p=12288#primaryimage\"},\"thumbnailUrl\":\"https:\/\/volcanes.net\/wp-content\/uploads\/2022\/02\/IMG-20220201-WA0014-1024x681-1.jpg\",\"keywords\":[\"Chalco\"],\"articleSection\":[\"Municipales\"],\"inLanguage\":\"es\",\"potentialAction\":[{\"@type\":\"CommentAction\",\"name\":\"Comment\",\"target\":[\"https:\/\/volcanes.net\/?p=12288#respond\"]}]},{\"@type\":\"WebPage\",\"@id\":\"https:\/\/volcanes.net\/?p=12288\",\"url\":\"https:\/\/volcanes.net\/?p=12288\",\"name\":\"Miguel Guti\u00e9rrez celebra el 198 Aniversario de la Erecci\u00f3n del Municipio de Chalco - Volcanes\",\"isPartOf\":{\"@id\":\"https:\/\/volcanes.net\/#website\"},\"primaryImageOfPage\":{\"@id\":\"https:\/\/volcanes.net\/?p=12288#primaryimage\"},\"image\":{\"@id\":\"https:\/\/volcanes.net\/?p=12288#primaryimage\"},\"thumbnailUrl\":\"https:\/\/volcanes.net\/wp-content\/uploads\/2022\/02\/IMG-20220201-WA0014-1024x681-1.jpg\",\"datePublished\":\"2022-02-03T22:12:34+00:00\",\"breadcrumb\":{\"@id\":\"https:\/\/volcanes.net\/?p=12288#breadcrumb\"},\"inLanguage\":\"es\",\"potentialAction\":[{\"@type\":\"ReadAction\",\"target\":[\"https:\/\/volcanes.net\/?p=12288\"]}]},{\"@type\":\"ImageObject\",\"inLanguage\":\"es\",\"@id\":\"https:\/\/volcanes.net\/?p=12288#primaryimage\",\"url\":\"https:\/\/volcanes.net\/wp-content\/uploads\/2022\/02\/IMG-20220201-WA0014-1024x681-1.jpg\",\"contentUrl\":\"https:\/\/volcanes.net\/wp-content\/uploads\/2022\/02\/IMG-20220201-WA0014-1024x681-1.jpg\",\"width\":1024,\"height\":681},{\"@type\":\"BreadcrumbList\",\"@id\":\"https:\/\/volcanes.net\/?p=12288#breadcrumb\",\"itemListElement\":[{\"@type\":\"ListItem\",\"position\":1,\"name\":\"Portada\",\"item\":\"https:\/\/volcanes.net\/\"},{\"@type\":\"ListItem\",\"position\":2,\"name\":\"Miguel Guti\u00e9rrez celebra el 198 Aniversario de la Erecci\u00f3n del Municipio de Chalco\"}]},{\"@type\":\"WebSite\",\"@id\":\"https:\/\/volcanes.net\/#website\",\"url\":\"https:\/\/volcanes.net\/\",\"name\":\"Volcanes.Net\",\"description\":\"Periodismo Profesional\",\"publisher\":{\"@id\":\"https:\/\/volcanes.net\/#organization\"},\"potentialAction\":[{\"@type\":\"SearchAction\",\"target\":{\"@type\":\"EntryPoint\",\"urlTemplate\":\"https:\/\/volcanes.net\/?s={search_term_string}\"},\"query-input\":{\"@type\":\"PropertyValueSpecification\",\"valueRequired\":true,\"valueName\":\"search_term_string\"}}],\"inLanguage\":\"es\"},{\"@type\":\"Organization\",\"@id\":\"https:\/\/volcanes.net\/#organization\",\"name\":\"Grupo Volcanes\",\"url\":\"https:\/\/volcanes.net\/\",\"logo\":{\"@type\":\"ImageObject\",\"inLanguage\":\"es\",\"@id\":\"https:\/\/volcanes.net\/#\/schema\/logo\/image\/\",\"url\":\"http:\/\/volcanes.net\/wp-content\/uploads\/2017\/12\/Avatar2.jpg\",\"contentUrl\":\"http:\/\/volcanes.net\/wp-content\/uploads\/2017\/12\/Avatar2.jpg\",\"width\":378,\"height\":378,\"caption\":\"Grupo Volcanes\"},\"image\":{\"@id\":\"https:\/\/volcanes.net\/#\/schema\/logo\/image\/\"},\"sameAs\":[\"https:\/\/www.facebook.com\/volcanes.net\/\"]},{\"@type\":\"Person\",\"@id\":\"https:\/\/volcanes.net\/#\/schema\/person\/4bf0f383940966a4abd53f5048c0e6b9\",\"name\":\"admin\",\"image\":{\"@type\":\"ImageObject\",\"inLanguage\":\"es\",\"@id\":\"https:\/\/volcanes.net\/#\/schema\/person\/image\/\",\"url\":\"https:\/\/secure.gravatar.com\/avatar\/ca004e6cba8462b8cb7abc86e382930c?s=96&d=mm&r=g\",\"contentUrl\":\"https:\/\/secure.gravatar.com\/avatar\/ca004e6cba8462b8cb7abc86e382930c?s=96&d=mm&r=g\",\"caption\":\"admin\"}}]}<\/script>\n<!-- \/ Yoast SEO plugin. -->","yoast_head_json":{"title":"Miguel Guti\u00e9rrez celebra el 198 Aniversario de la Erecci\u00f3n del Municipio de Chalco - Volcanes","robots":{"index":"index","follow":"follow","max-snippet":"max-snippet:-1","max-image-preview":"max-image-preview:large","max-video-preview":"max-video-preview:-1"},"canonical":"https:\/\/volcanes.net\/?p=12288","og_locale":"es_MX","og_type":"article","og_title":"Miguel Guti\u00e9rrez celebra el 198 Aniversario de la Erecci\u00f3n del Municipio de Chalco - Volcanes","og_description":"Chalco, Estado de M\u00e9xico, 31 de enero de 2022.- El Presidente Municipal, Miguel Guti\u00e9rrez encabez\u00f3","og_url":"https:\/\/volcanes.net\/?p=12288","og_site_name":"Volcanes","article_publisher":"https:\/\/www.facebook.com\/volcanes.net\/","article_published_time":"2022-02-03T22:12:34+00:00","og_image":[{"width":1024,"height":681,"url":"https:\/\/volcanes.net\/wp-content\/uploads\/2022\/02\/IMG-20220201-WA0014-1024x681-1.jpg","type":"image\/jpeg"}],"author":"admin","twitter_card":"summary_large_image","twitter_misc":{"Escrito por":"admin","Tiempo de lectura":"1 minuto"},"schema":{"@context":"https:\/\/schema.org","@graph":[{"@type":"Article","@id":"https:\/\/volcanes.net\/?p=12288#article","isPartOf":{"@id":"https:\/\/volcanes.net\/?p=12288"},"author":{"name":"admin","@id":"https:\/\/volcanes.net\/#\/schema\/person\/4bf0f383940966a4abd53f5048c0e6b9"},"headline":"Miguel Guti\u00e9rrez celebra el 198 Aniversario de la Erecci\u00f3n del Municipio de Chalco","datePublished":"2022-02-03T22:12:34+00:00","mainEntityOfPage":{"@id":"https:\/\/volcanes.net\/?p=12288"},"wordCount":308,"commentCount":0,"publisher":{"@id":"https:\/\/volcanes.net\/#organization"},"image":{"@id":"https:\/\/volcanes.net\/?p=12288#primaryimage"},"thumbnailUrl":"https:\/\/volcanes.net\/wp-content\/uploads\/2022\/02\/IMG-20220201-WA0014-1024x681-1.jpg","keywords":["Chalco"],"articleSection":["Municipales"],"inLanguage":"es","potentialAction":[{"@type":"CommentAction","name":"Comment","target":["https:\/\/volcanes.net\/?p=12288#respond"]}]},{"@type":"WebPage","@id":"https:\/\/volcanes.net\/?p=12288","url":"https:\/\/volcanes.net\/?p=12288","name":"Miguel Guti\u00e9rrez celebra el 198 Aniversario de la Erecci\u00f3n del Municipio de Chalco - Volcanes","isPartOf":{"@id":"https:\/\/volcanes.net\/#website"},"primaryImageOfPage":{"@id":"https:\/\/volcanes.net\/?p=12288#primaryimage"},"image":{"@id":"https:\/\/volcanes.net\/?p=12288#primaryimage"},"thumbnailUrl":"https:\/\/volcanes.net\/wp-content\/uploads\/2022\/02\/IMG-20220201-WA0014-1024x681-1.jpg","datePublished":"2022-02-03T22:12:34+00:00","breadcrumb":{"@id":"https:\/\/volcanes.net\/?p=12288#breadcrumb"},"inLanguage":"es","potentialAction":[{"@type":"ReadAction","target":["https:\/\/volcanes.net\/?p=12288"]}]},{"@type":"ImageObject","inLanguage":"es","@id":"https:\/\/volcanes.net\/?p=12288#primaryimage","url":"https:\/\/volcanes.net\/wp-content\/uploads\/2022\/02\/IMG-20220201-WA0014-1024x681-1.jpg","contentUrl":"https:\/\/volcanes.net\/wp-content\/uploads\/2022\/02\/IMG-20220201-WA0014-1024x681-1.jpg","width":1024,"height":681},{"@type":"BreadcrumbList","@id":"https:\/\/volcanes.net\/?p=12288#breadcrumb","itemListElement":[{"@type":"ListItem","position":1,"name":"Portada","item":"https:\/\/volcanes.net\/"},{"@type":"ListItem","position":2,"name":"Miguel Guti\u00e9rrez celebra el 198 Aniversario de la Erecci\u00f3n del Municipio de Chalco"}]},{"@type":"WebSite","@id":"https:\/\/volcanes.net\/#website","url":"https:\/\/volcanes.net\/","name":"Volcanes.Net","description":"Periodismo Profesional","publisher":{"@id":"https:\/\/volcanes.net\/#organization"},"potentialAction":[{"@type":"SearchAction","target":{"@type":"EntryPoint","urlTemplate":"https:\/\/volcanes.net\/?s={search_term_string}"},"query-input":{"@type":"PropertyValueSpecification","valueRequired":true,"valueName":"search_term_string"}}],"inLanguage":"es"},{"@type":"Organization","@id":"https:\/\/volcanes.net\/#organization","name":"Grupo Volcanes","url":"https:\/\/volcanes.net\/","logo":{"@type":"ImageObject","inLanguage":"es","@id":"https:\/\/volcanes.net\/#\/schema\/logo\/image\/","url":"http:\/\/volcanes.net\/wp-content\/uploads\/2017\/12\/Avatar2.jpg","contentUrl":"http:\/\/volcanes.net\/wp-content\/uploads\/2017\/12\/Avatar2.jpg","width":378,"height":378,"caption":"Grupo Volcanes"},"image":{"@id":"https:\/\/volcanes.net\/#\/schema\/logo\/image\/"},"sameAs":["https:\/\/www.facebook.com\/volcanes.net\/"]},{"@type":"Person","@id":"https:\/\/volcanes.net\/#\/schema\/person\/4bf0f383940966a4abd53f5048c0e6b9","name":"admin","image":{"@type":"ImageObject","inLanguage":"es","@id":"https:\/\/volcanes.net\/#\/schema\/person\/image\/","url":"https:\/\/secure.gravatar.com\/avatar\/ca004e6cba8462b8cb7abc86e382930c?s=96&d=mm&r=g","contentUrl":"https:\/\/secure.gravatar.com\/avatar\/ca004e6cba8462b8cb7abc86e382930c?s=96&d=mm&r=g","caption":"admin"}}]}},"_links":{"self":[{"href":"https:\/\/volcanes.net\/index.php?rest_route=\/wp\/v2\/posts\/12288"}],"collection":[{"href":"https:\/\/volcanes.net\/index.php?rest_route=\/wp\/v2\/posts"}],"about":[{"href":"https:\/\/volcanes.net\/index.php?rest_route=\/wp\/v2\/types\/post"}],"author":[{"embeddable":true,"href":"https:\/\/volcanes.net\/index.php?rest_route=\/wp\/v2\/users\/1"}],"replies":[{"embeddable":true,"href":"https:\/\/volcanes.net\/index.php?rest_route=%2Fwp%2Fv2%2Fcomments&post=12288"}],"version-history":[{"count":1,"href":"https:\/\/volcanes.net\/index.php?rest_route=\/wp\/v2\/posts\/12288\/revisions"}],"predecessor-version":[{"id":12290,"href":"https:\/\/volcanes.net\/index.php?rest_route=\/wp\/v2\/posts\/12288\/revisions\/12290"}],"wp:featuredmedia":[{"embeddable":true,"href":"https:\/\/volcanes.net\/index.php?rest_route=\/wp\/v2\/media\/12289"}],"wp:attachment":[{"href":"https:\/\/volcanes.net\/index.php?rest_route=%2Fwp%2Fv2%2Fmedia&parent=12288"}],"wp:term":[{"taxonomy":"category","embeddable":true,"href":"https:\/\/volcanes.net\/index.php?rest_route=%2Fwp%2Fv2%2Fcategories&post=12288"},{"taxonomy":"post_tag","embeddable":true,"href":"https:\/\/volcanes.net\/index.php?rest_route=%2Fwp%2Fv2%2Ftags&post=12288"}],"curies":[{"name":"wp","href":"https:\/\/api.w.org\/{rel}","templated":true}]}}