{"id":12291,"date":"2022-02-10T15:15:46","date_gmt":"2022-02-10T21:15:46","guid":{"rendered":"http:\/\/volcanes.net\/?p=12291"},"modified":"2022-02-10T15:15:46","modified_gmt":"2022-02-10T21:15:46","slug":"lxi-legislatura-local-aprueba-convocatoria-para-la-realizacion-de-elecciones-extraordinarias-de-atlautla","status":"publish","type":"post","link":"https:\/\/volcanes.net\/?p=12291","title":{"rendered":"LXI Legislatura Local aprueba Convocatoria para la realizaci\u00f3n de elecciones extraordinarias de Atlautla"},"content":{"rendered":"<div style=\"margin-top: 0px; margin-bottom: 0px;\" class=\"sharethis-inline-share-buttons\" ><\/div><p>Estado de M\u00e9xico.-\u00a0La LXI Legislatura del Estado de M\u00e9xico el d\u00eda de hoy aprob\u00f3 la Convocatoria para la realizaci\u00f3n la elecci\u00f3n extraordinaria para renovar a las y los integrantes del Ayuntamiento de Atlautla, Estado de M\u00e9xico, misma que ser\u00e1 el domingo 15 de mayo del 2022.<\/p>\n<p>Este jueves la LXI Legislatura del Estado de Mexico di\u00f3 a conocer el orden del d\u00eda de la sesi\u00f3n p\u00fablica que tendr\u00eda lugar el d\u00eda de hoy en la cual en su punto 4, se aprob\u00f3 la Convocatoria a los partidos pol\u00edticos y candidaturas independientes para participar en las pr\u00f3ximas elecciones extraordinarias.<\/p>\n<p>Derivadas de la anulaci\u00f3n de las pasadas elecciones ordinarias del 6 de junio del 2021, por la Sala Superior del Tribunal Electoral del Poder Judicial de la Federaci\u00f3n, las elecciones extraordinarias se llevar\u00e1n a cabo con la participaci\u00f3n de todos los Partidos Pol\u00edticos Nacionales y Locales que participaron en las elecciones ordinarias, as\u00ed como tambi\u00e9n las candidaturas independientes.<\/p>\n<p>Los cargos de elecci\u00f3n popular a renovar son: 1 titular de la Presidencia Municipal, 4 regidur\u00edas de mayor\u00eda relativa, 3 regidur\u00edas de representaci\u00f3n proporcional y una sindicatura.<\/p>\n<p>El Ayuntamiento que resulte electo ejercer\u00e1 sus funciones por el per\u00edodo constitucional comprendido del 1\u00b0 de julio del a\u00f1o 2022 al 31 de diciembre de 2024.<\/p>\n<p>Las etapas del proceso electoral extraordinario ser\u00e1n: Preparaci\u00f3n de la elecci\u00f3n; Jornada Electoral; Resultados de la elecci\u00f3n y Declaraci\u00f3n de Validez de la elecci\u00f3n extraordinaria, y sujetar\u00e1 al Calendario Electoral que para tal efecto apruebe el Consejo General del Instituto Electoral del Estado de M\u00e9xico.<\/p>\n","protected":false},"excerpt":{"rendered":"<p>Estado de M\u00e9xico.-\u00a0La LXI Legislatura del Estado de M\u00e9xico el d\u00eda de hoy aprob\u00f3 la<\/p>\n","protected":false},"author":1,"featured_media":12292,"comment_status":"open","ping_status":"open","sticky":false,"template":"","format":"standard","meta":{"footnotes":""},"categories":[1],"tags":[80],"class_list":["post-12291","post","type-post","status-publish","format-standard","has-post-thumbnail","hentry","category-municipales","tag-atlautla"],"yoast_head":"<!-- This site is optimized with the Yoast SEO plugin v25.3 - https:\/\/yoast.com\/wordpress\/plugins\/seo\/ -->\n<title>LXI Legislatura Local aprueba Convocatoria para la realizaci\u00f3n de elecciones extraordinarias de Atlautla - Volcanes<\/title>\n<meta name=\"robots\" content=\"index, follow, max-snippet:-1, max-image-preview:large, max-video-preview:-1\" \/>\n<link rel=\"canonical\" href=\"https:\/\/volcanes.net\/?p=12291\" \/>\n<meta property=\"og:locale\" content=\"es_MX\" \/>\n<meta property=\"og:type\" content=\"article\" \/>\n<meta property=\"og:title\" content=\"LXI Legislatura Local aprueba Convocatoria para la realizaci\u00f3n de elecciones extraordinarias de Atlautla - Volcanes\" \/>\n<meta property=\"og:description\" content=\"Estado de M\u00e9xico.-\u00a0La LXI Legislatura del Estado de M\u00e9xico el d\u00eda de hoy aprob\u00f3 la\" \/>\n<meta property=\"og:url\" content=\"https:\/\/volcanes.net\/?p=12291\" \/>\n<meta property=\"og:site_name\" content=\"Volcanes\" \/>\n<meta property=\"article:publisher\" content=\"https:\/\/www.facebook.com\/volcanes.net\/\" \/>\n<meta property=\"article:published_time\" content=\"2022-02-10T21:15:46+00:00\" \/>\n<meta property=\"og:image\" content=\"https:\/\/volcanes.net\/wp-content\/uploads\/2022\/02\/IMG-20220210-WA0001.jpg\" \/>\n\t<meta property=\"og:image:width\" content=\"680\" \/>\n\t<meta property=\"og:image:height\" content=\"453\" \/>\n\t<meta property=\"og:image:type\" content=\"image\/jpeg\" \/>\n<meta name=\"author\" content=\"admin\" \/>\n<meta name=\"twitter:card\" content=\"summary_large_image\" \/>\n<meta name=\"twitter:label1\" content=\"Escrito por\" \/>\n\t<meta name=\"twitter:data1\" content=\"admin\" \/>\n\t<meta name=\"twitter:label2\" content=\"Tiempo de lectura\" \/>\n\t<meta name=\"twitter:data2\" content=\"1 minuto\" \/>\n<script type=\"application\/ld+json\" class=\"yoast-schema-graph\">{\"@context\":\"https:\/\/schema.org\",\"@graph\":[{\"@type\":\"Article\",\"@id\":\"https:\/\/volcanes.net\/?p=12291#article\",\"isPartOf\":{\"@id\":\"https:\/\/volcanes.net\/?p=12291\"},\"author\":{\"name\":\"admin\",\"@id\":\"https:\/\/volcanes.net\/#\/schema\/person\/4bf0f383940966a4abd53f5048c0e6b9\"},\"headline\":\"LXI Legislatura Local aprueba Convocatoria para la realizaci\u00f3n de elecciones extraordinarias de Atlautla\",\"datePublished\":\"2022-02-10T21:15:46+00:00\",\"mainEntityOfPage\":{\"@id\":\"https:\/\/volcanes.net\/?p=12291\"},\"wordCount\":291,\"commentCount\":0,\"publisher\":{\"@id\":\"https:\/\/volcanes.net\/#organization\"},\"image\":{\"@id\":\"https:\/\/volcanes.net\/?p=12291#primaryimage\"},\"thumbnailUrl\":\"https:\/\/volcanes.net\/wp-content\/uploads\/2022\/02\/IMG-20220210-WA0001.jpg\",\"keywords\":[\"Atlautla\"],\"articleSection\":[\"Municipales\"],\"inLanguage\":\"es\",\"potentialAction\":[{\"@type\":\"CommentAction\",\"name\":\"Comment\",\"target\":[\"https:\/\/volcanes.net\/?p=12291#respond\"]}]},{\"@type\":\"WebPage\",\"@id\":\"https:\/\/volcanes.net\/?p=12291\",\"url\":\"https:\/\/volcanes.net\/?p=12291\",\"name\":\"LXI Legislatura Local aprueba Convocatoria para la realizaci\u00f3n de elecciones extraordinarias de Atlautla - Volcanes\",\"isPartOf\":{\"@id\":\"https:\/\/volcanes.net\/#website\"},\"primaryImageOfPage\":{\"@id\":\"https:\/\/volcanes.net\/?p=12291#primaryimage\"},\"image\":{\"@id\":\"https:\/\/volcanes.net\/?p=12291#primaryimage\"},\"thumbnailUrl\":\"https:\/\/volcanes.net\/wp-content\/uploads\/2022\/02\/IMG-20220210-WA0001.jpg\",\"datePublished\":\"2022-02-10T21:15:46+00:00\",\"breadcrumb\":{\"@id\":\"https:\/\/volcanes.net\/?p=12291#breadcrumb\"},\"inLanguage\":\"es\",\"potentialAction\":[{\"@type\":\"ReadAction\",\"target\":[\"https:\/\/volcanes.net\/?p=12291\"]}]},{\"@type\":\"ImageObject\",\"inLanguage\":\"es\",\"@id\":\"https:\/\/volcanes.net\/?p=12291#primaryimage\",\"url\":\"https:\/\/volcanes.net\/wp-content\/uploads\/2022\/02\/IMG-20220210-WA0001.jpg\",\"contentUrl\":\"https:\/\/volcanes.net\/wp-content\/uploads\/2022\/02\/IMG-20220210-WA0001.jpg\",\"width\":680,\"height\":453},{\"@type\":\"BreadcrumbList\",\"@id\":\"https:\/\/volcanes.net\/?p=12291#breadcrumb\",\"itemListElement\":[{\"@type\":\"ListItem\",\"position\":1,\"name\":\"Portada\",\"item\":\"https:\/\/volcanes.net\/\"},{\"@type\":\"ListItem\",\"position\":2,\"name\":\"LXI Legislatura Local aprueba Convocatoria para la realizaci\u00f3n de elecciones extraordinarias de Atlautla\"}]},{\"@type\":\"WebSite\",\"@id\":\"https:\/\/volcanes.net\/#website\",\"url\":\"https:\/\/volcanes.net\/\",\"name\":\"Volcanes.Net\",\"description\":\"Periodismo Profesional\",\"publisher\":{\"@id\":\"https:\/\/volcanes.net\/#organization\"},\"potentialAction\":[{\"@type\":\"SearchAction\",\"target\":{\"@type\":\"EntryPoint\",\"urlTemplate\":\"https:\/\/volcanes.net\/?s={search_term_string}\"},\"query-input\":{\"@type\":\"PropertyValueSpecification\",\"valueRequired\":true,\"valueName\":\"search_term_string\"}}],\"inLanguage\":\"es\"},{\"@type\":\"Organization\",\"@id\":\"https:\/\/volcanes.net\/#organization\",\"name\":\"Grupo Volcanes\",\"url\":\"https:\/\/volcanes.net\/\",\"logo\":{\"@type\":\"ImageObject\",\"inLanguage\":\"es\",\"@id\":\"https:\/\/volcanes.net\/#\/schema\/logo\/image\/\",\"url\":\"http:\/\/volcanes.net\/wp-content\/uploads\/2017\/12\/Avatar2.jpg\",\"contentUrl\":\"http:\/\/volcanes.net\/wp-content\/uploads\/2017\/12\/Avatar2.jpg\",\"width\":378,\"height\":378,\"caption\":\"Grupo Volcanes\"},\"image\":{\"@id\":\"https:\/\/volcanes.net\/#\/schema\/logo\/image\/\"},\"sameAs\":[\"https:\/\/www.facebook.com\/volcanes.net\/\"]},{\"@type\":\"Person\",\"@id\":\"https:\/\/volcanes.net\/#\/schema\/person\/4bf0f383940966a4abd53f5048c0e6b9\",\"name\":\"admin\",\"image\":{\"@type\":\"ImageObject\",\"inLanguage\":\"es\",\"@id\":\"https:\/\/volcanes.net\/#\/schema\/person\/image\/\",\"url\":\"https:\/\/secure.gravatar.com\/avatar\/ca004e6cba8462b8cb7abc86e382930c?s=96&d=mm&r=g\",\"contentUrl\":\"https:\/\/secure.gravatar.com\/avatar\/ca004e6cba8462b8cb7abc86e382930c?s=96&d=mm&r=g\",\"caption\":\"admin\"}}]}<\/script>\n<!-- \/ Yoast SEO plugin. -->","yoast_head_json":{"title":"LXI Legislatura Local aprueba Convocatoria para la realizaci\u00f3n de elecciones extraordinarias de Atlautla - Volcanes","robots":{"index":"index","follow":"follow","max-snippet":"max-snippet:-1","max-image-preview":"max-image-preview:large","max-video-preview":"max-video-preview:-1"},"canonical":"https:\/\/volcanes.net\/?p=12291","og_locale":"es_MX","og_type":"article","og_title":"LXI Legislatura Local aprueba Convocatoria para la realizaci\u00f3n de elecciones extraordinarias de Atlautla - Volcanes","og_description":"Estado de M\u00e9xico.-\u00a0La LXI Legislatura del Estado de M\u00e9xico el d\u00eda de hoy aprob\u00f3 la","og_url":"https:\/\/volcanes.net\/?p=12291","og_site_name":"Volcanes","article_publisher":"https:\/\/www.facebook.com\/volcanes.net\/","article_published_time":"2022-02-10T21:15:46+00:00","og_image":[{"width":680,"height":453,"url":"https:\/\/volcanes.net\/wp-content\/uploads\/2022\/02\/IMG-20220210-WA0001.jpg","type":"image\/jpeg"}],"author":"admin","twitter_card":"summary_large_image","twitter_misc":{"Escrito por":"admin","Tiempo de lectura":"1 minuto"},"schema":{"@context":"https:\/\/schema.org","@graph":[{"@type":"Article","@id":"https:\/\/volcanes.net\/?p=12291#article","isPartOf":{"@id":"https:\/\/volcanes.net\/?p=12291"},"author":{"name":"admin","@id":"https:\/\/volcanes.net\/#\/schema\/person\/4bf0f383940966a4abd53f5048c0e6b9"},"headline":"LXI Legislatura Local aprueba Convocatoria para la realizaci\u00f3n de elecciones extraordinarias de Atlautla","datePublished":"2022-02-10T21:15:46+00:00","mainEntityOfPage":{"@id":"https:\/\/volcanes.net\/?p=12291"},"wordCount":291,"commentCount":0,"publisher":{"@id":"https:\/\/volcanes.net\/#organization"},"image":{"@id":"https:\/\/volcanes.net\/?p=12291#primaryimage"},"thumbnailUrl":"https:\/\/volcanes.net\/wp-content\/uploads\/2022\/02\/IMG-20220210-WA0001.jpg","keywords":["Atlautla"],"articleSection":["Municipales"],"inLanguage":"es","potentialAction":[{"@type":"CommentAction","name":"Comment","target":["https:\/\/volcanes.net\/?p=12291#respond"]}]},{"@type":"WebPage","@id":"https:\/\/volcanes.net\/?p=12291","url":"https:\/\/volcanes.net\/?p=12291","name":"LXI Legislatura Local aprueba Convocatoria para la realizaci\u00f3n de elecciones extraordinarias de Atlautla - Volcanes","isPartOf":{"@id":"https:\/\/volcanes.net\/#website"},"primaryImageOfPage":{"@id":"https:\/\/volcanes.net\/?p=12291#primaryimage"},"image":{"@id":"https:\/\/volcanes.net\/?p=12291#primaryimage"},"thumbnailUrl":"https:\/\/volcanes.net\/wp-content\/uploads\/2022\/02\/IMG-20220210-WA0001.jpg","datePublished":"2022-02-10T21:15:46+00:00","breadcrumb":{"@id":"https:\/\/volcanes.net\/?p=12291#breadcrumb"},"inLanguage":"es","potentialAction":[{"@type":"ReadAction","target":["https:\/\/volcanes.net\/?p=12291"]}]},{"@type":"ImageObject","inLanguage":"es","@id":"https:\/\/volcanes.net\/?p=12291#primaryimage","url":"https:\/\/volcanes.net\/wp-content\/uploads\/2022\/02\/IMG-20220210-WA0001.jpg","contentUrl":"https:\/\/volcanes.net\/wp-content\/uploads\/2022\/02\/IMG-20220210-WA0001.jpg","width":680,"height":453},{"@type":"BreadcrumbList","@id":"https:\/\/volcanes.net\/?p=12291#breadcrumb","itemListElement":[{"@type":"ListItem","position":1,"name":"Portada","item":"https:\/\/volcanes.net\/"},{"@type":"ListItem","position":2,"name":"LXI Legislatura Local aprueba Convocatoria para la realizaci\u00f3n de elecciones extraordinarias de Atlautla"}]},{"@type":"WebSite","@id":"https:\/\/volcanes.net\/#website","url":"https:\/\/volcanes.net\/","name":"Volcanes.Net","description":"Periodismo Profesional","publisher":{"@id":"https:\/\/volcanes.net\/#organization"},"potentialAction":[{"@type":"SearchAction","target":{"@type":"EntryPoint","urlTemplate":"https:\/\/volcanes.net\/?s={search_term_string}"},"query-input":{"@type":"PropertyValueSpecification","valueRequired":true,"valueName":"search_term_string"}}],"inLanguage":"es"},{"@type":"Organization","@id":"https:\/\/volcanes.net\/#organization","name":"Grupo Volcanes","url":"https:\/\/volcanes.net\/","logo":{"@type":"ImageObject","inLanguage":"es","@id":"https:\/\/volcanes.net\/#\/schema\/logo\/image\/","url":"http:\/\/volcanes.net\/wp-content\/uploads\/2017\/12\/Avatar2.jpg","contentUrl":"http:\/\/volcanes.net\/wp-content\/uploads\/2017\/12\/Avatar2.jpg","width":378,"height":378,"caption":"Grupo Volcanes"},"image":{"@id":"https:\/\/volcanes.net\/#\/schema\/logo\/image\/"},"sameAs":["https:\/\/www.facebook.com\/volcanes.net\/"]},{"@type":"Person","@id":"https:\/\/volcanes.net\/#\/schema\/person\/4bf0f383940966a4abd53f5048c0e6b9","name":"admin","image":{"@type":"ImageObject","inLanguage":"es","@id":"https:\/\/volcanes.net\/#\/schema\/person\/image\/","url":"https:\/\/secure.gravatar.com\/avatar\/ca004e6cba8462b8cb7abc86e382930c?s=96&d=mm&r=g","contentUrl":"https:\/\/secure.gravatar.com\/avatar\/ca004e6cba8462b8cb7abc86e382930c?s=96&d=mm&r=g","caption":"admin"}}]}},"_links":{"self":[{"href":"https:\/\/volcanes.net\/index.php?rest_route=\/wp\/v2\/posts\/12291"}],"collection":[{"href":"https:\/\/volcanes.net\/index.php?rest_route=\/wp\/v2\/posts"}],"about":[{"href":"https:\/\/volcanes.net\/index.php?rest_route=\/wp\/v2\/types\/post"}],"author":[{"embeddable":true,"href":"https:\/\/volcanes.net\/index.php?rest_route=\/wp\/v2\/users\/1"}],"replies":[{"embeddable":true,"href":"https:\/\/volcanes.net\/index.php?rest_route=%2Fwp%2Fv2%2Fcomments&post=12291"}],"version-history":[{"count":1,"href":"https:\/\/volcanes.net\/index.php?rest_route=\/wp\/v2\/posts\/12291\/revisions"}],"predecessor-version":[{"id":12293,"href":"https:\/\/volcanes.net\/index.php?rest_route=\/wp\/v2\/posts\/12291\/revisions\/12293"}],"wp:featuredmedia":[{"embeddable":true,"href":"https:\/\/volcanes.net\/index.php?rest_route=\/wp\/v2\/media\/12292"}],"wp:attachment":[{"href":"https:\/\/volcanes.net\/index.php?rest_route=%2Fwp%2Fv2%2Fmedia&parent=12291"}],"wp:term":[{"taxonomy":"category","embeddable":true,"href":"https:\/\/volcanes.net\/index.php?rest_route=%2Fwp%2Fv2%2Fcategories&post=12291"},{"taxonomy":"post_tag","embeddable":true,"href":"https:\/\/volcanes.net\/index.php?rest_route=%2Fwp%2Fv2%2Ftags&post=12291"}],"curies":[{"name":"wp","href":"https:\/\/api.w.org\/{rel}","templated":true}]}}