{"id":12296,"date":"2022-02-11T15:48:46","date_gmt":"2022-02-11T21:48:46","guid":{"rendered":"http:\/\/volcanes.net\/?p=12296"},"modified":"2022-02-11T15:48:46","modified_gmt":"2022-02-11T21:48:46","slug":"detienen-en-amecameca-a-sujeto-por-robo-con-violencia-de-vehiculo","status":"publish","type":"post","link":"https:\/\/volcanes.net\/?p=12296","title":{"rendered":"Detienen en Amecameca a sujeto por robo con violencia de veh\u00edculo"},"content":{"rendered":"<div style=\"margin-top: 0px; margin-bottom: 0px;\" class=\"sharethis-inline-share-buttons\" ><\/div><p>Amecameca, Estado de M\u00e9xico.- Elementos de Seguridad P\u00fablica y Tr\u00e1nsito Municipal de Amecameca, lograron la detenci\u00f3n de un sujeto quien presuntamente habr\u00eda amagado al conductor de una camioneta para despojarla de ella y finalmente huir.<\/p>\n<p>Esto fue posible gracias a que polic\u00edas municipales realizaban labores de patrullaje en el momento en que se recibi\u00f3 la llamada de alerta en relaci\u00f3n a la persecuci\u00f3n de una camioneta con reporte de robo.<\/p>\n<p>Se solicit\u00f3 el auxilio para detener al presunto responsable, quien conduc\u00eda sobre el libramiento con direcci\u00f3n a Cuautla, Morelos; esto, a bordo de una camioneta marca Nissan tipo estaca modelo 2007 en color blanco y con plancas del Estado de M\u00e9xico.<\/p>\n<p>Uniformados ubicaron ambos veh\u00edculos para iniciar la persecuci\u00f3n, pidiendo al conductor se detuviera logrando que el sujeto aumentar\u00e1 la velocidad para lograr su cometido.<\/p>\n<p>Logrando darle alcance, se obstruy\u00f3 su circulaci\u00f3n, por lo que la persecuci\u00f3n pasa a ser a pie y es detenido metros adelante. Se trata de Fabian &#8220;N&#8221; de 31 a\u00f1os de edad, quien llevaba una navaja plegable en color negro de 16 cm de largo entre sus ropas.<\/p>\n<p>Tras ser identificado por la v\u00edctima, fue puesto a disposici\u00f3n junto al veh\u00edculo ante la Fiscal\u00eda de Justicia, quien habr\u00e1 de determinar su situaci\u00f3n legal.<\/p>\n<p>El Comisario Miguel Ram\u00edrez Aguilera, destac\u00f3 la preparaci\u00f3n de los elementos para actuar en persecuciones y reconoci\u00f3 el valor de los elementos por los riesgos de viajar a gran velocidad.<\/p>\n<p>&nbsp;<\/p>\n","protected":false},"excerpt":{"rendered":"<p>Amecameca, Estado de M\u00e9xico.- Elementos de Seguridad P\u00fablica y Tr\u00e1nsito Municipal de Amecameca, lograron la<\/p>\n","protected":false},"author":1,"featured_media":12297,"comment_status":"open","ping_status":"open","sticky":false,"template":"","format":"standard","meta":{"footnotes":""},"categories":[1],"tags":[7],"class_list":["post-12296","post","type-post","status-publish","format-standard","has-post-thumbnail","hentry","category-municipales","tag-amecameca"],"yoast_head":"<!-- This site is optimized with the Yoast SEO plugin v25.3 - https:\/\/yoast.com\/wordpress\/plugins\/seo\/ -->\n<title>Detienen en Amecameca a sujeto por robo con violencia de veh\u00edculo - Volcanes<\/title>\n<meta name=\"robots\" content=\"index, follow, max-snippet:-1, max-image-preview:large, max-video-preview:-1\" \/>\n<link rel=\"canonical\" href=\"https:\/\/volcanes.net\/?p=12296\" \/>\n<meta property=\"og:locale\" content=\"es_MX\" \/>\n<meta property=\"og:type\" content=\"article\" \/>\n<meta property=\"og:title\" content=\"Detienen en Amecameca a sujeto por robo con violencia de veh\u00edculo - Volcanes\" \/>\n<meta property=\"og:description\" content=\"Amecameca, Estado de M\u00e9xico.- Elementos de Seguridad P\u00fablica y Tr\u00e1nsito Municipal de Amecameca, lograron la\" \/>\n<meta property=\"og:url\" content=\"https:\/\/volcanes.net\/?p=12296\" \/>\n<meta property=\"og:site_name\" content=\"Volcanes\" \/>\n<meta property=\"article:publisher\" content=\"https:\/\/www.facebook.com\/volcanes.net\/\" \/>\n<meta property=\"article:published_time\" content=\"2022-02-11T21:48:46+00:00\" \/>\n<meta property=\"og:image\" content=\"https:\/\/volcanes.net\/wp-content\/uploads\/2022\/02\/IMG-20220211-WA0001.jpg\" \/>\n\t<meta property=\"og:image:width\" content=\"780\" \/>\n\t<meta property=\"og:image:height\" content=\"1040\" \/>\n\t<meta property=\"og:image:type\" content=\"image\/jpeg\" \/>\n<meta name=\"author\" content=\"admin\" \/>\n<meta name=\"twitter:card\" content=\"summary_large_image\" \/>\n<meta name=\"twitter:label1\" content=\"Escrito por\" \/>\n\t<meta name=\"twitter:data1\" content=\"admin\" \/>\n\t<meta name=\"twitter:label2\" content=\"Tiempo de lectura\" \/>\n\t<meta name=\"twitter:data2\" content=\"2 minutos\" \/>\n<script type=\"application\/ld+json\" class=\"yoast-schema-graph\">{\"@context\":\"https:\/\/schema.org\",\"@graph\":[{\"@type\":\"Article\",\"@id\":\"https:\/\/volcanes.net\/?p=12296#article\",\"isPartOf\":{\"@id\":\"https:\/\/volcanes.net\/?p=12296\"},\"author\":{\"name\":\"admin\",\"@id\":\"https:\/\/volcanes.net\/#\/schema\/person\/4bf0f383940966a4abd53f5048c0e6b9\"},\"headline\":\"Detienen en Amecameca a sujeto por robo con violencia de veh\u00edculo\",\"datePublished\":\"2022-02-11T21:48:46+00:00\",\"mainEntityOfPage\":{\"@id\":\"https:\/\/volcanes.net\/?p=12296\"},\"wordCount\":272,\"commentCount\":0,\"publisher\":{\"@id\":\"https:\/\/volcanes.net\/#organization\"},\"image\":{\"@id\":\"https:\/\/volcanes.net\/?p=12296#primaryimage\"},\"thumbnailUrl\":\"https:\/\/volcanes.net\/wp-content\/uploads\/2022\/02\/IMG-20220211-WA0001.jpg\",\"keywords\":[\"Amecameca\"],\"articleSection\":[\"Municipales\"],\"inLanguage\":\"es\",\"potentialAction\":[{\"@type\":\"CommentAction\",\"name\":\"Comment\",\"target\":[\"https:\/\/volcanes.net\/?p=12296#respond\"]}]},{\"@type\":\"WebPage\",\"@id\":\"https:\/\/volcanes.net\/?p=12296\",\"url\":\"https:\/\/volcanes.net\/?p=12296\",\"name\":\"Detienen en Amecameca a sujeto por robo con violencia de veh\u00edculo - Volcanes\",\"isPartOf\":{\"@id\":\"https:\/\/volcanes.net\/#website\"},\"primaryImageOfPage\":{\"@id\":\"https:\/\/volcanes.net\/?p=12296#primaryimage\"},\"image\":{\"@id\":\"https:\/\/volcanes.net\/?p=12296#primaryimage\"},\"thumbnailUrl\":\"https:\/\/volcanes.net\/wp-content\/uploads\/2022\/02\/IMG-20220211-WA0001.jpg\",\"datePublished\":\"2022-02-11T21:48:46+00:00\",\"breadcrumb\":{\"@id\":\"https:\/\/volcanes.net\/?p=12296#breadcrumb\"},\"inLanguage\":\"es\",\"potentialAction\":[{\"@type\":\"ReadAction\",\"target\":[\"https:\/\/volcanes.net\/?p=12296\"]}]},{\"@type\":\"ImageObject\",\"inLanguage\":\"es\",\"@id\":\"https:\/\/volcanes.net\/?p=12296#primaryimage\",\"url\":\"https:\/\/volcanes.net\/wp-content\/uploads\/2022\/02\/IMG-20220211-WA0001.jpg\",\"contentUrl\":\"https:\/\/volcanes.net\/wp-content\/uploads\/2022\/02\/IMG-20220211-WA0001.jpg\",\"width\":780,\"height\":1040},{\"@type\":\"BreadcrumbList\",\"@id\":\"https:\/\/volcanes.net\/?p=12296#breadcrumb\",\"itemListElement\":[{\"@type\":\"ListItem\",\"position\":1,\"name\":\"Portada\",\"item\":\"https:\/\/volcanes.net\/\"},{\"@type\":\"ListItem\",\"position\":2,\"name\":\"Detienen en Amecameca a sujeto por robo con violencia de veh\u00edculo\"}]},{\"@type\":\"WebSite\",\"@id\":\"https:\/\/volcanes.net\/#website\",\"url\":\"https:\/\/volcanes.net\/\",\"name\":\"Volcanes.Net\",\"description\":\"Periodismo Profesional\",\"publisher\":{\"@id\":\"https:\/\/volcanes.net\/#organization\"},\"potentialAction\":[{\"@type\":\"SearchAction\",\"target\":{\"@type\":\"EntryPoint\",\"urlTemplate\":\"https:\/\/volcanes.net\/?s={search_term_string}\"},\"query-input\":{\"@type\":\"PropertyValueSpecification\",\"valueRequired\":true,\"valueName\":\"search_term_string\"}}],\"inLanguage\":\"es\"},{\"@type\":\"Organization\",\"@id\":\"https:\/\/volcanes.net\/#organization\",\"name\":\"Grupo Volcanes\",\"url\":\"https:\/\/volcanes.net\/\",\"logo\":{\"@type\":\"ImageObject\",\"inLanguage\":\"es\",\"@id\":\"https:\/\/volcanes.net\/#\/schema\/logo\/image\/\",\"url\":\"http:\/\/volcanes.net\/wp-content\/uploads\/2017\/12\/Avatar2.jpg\",\"contentUrl\":\"http:\/\/volcanes.net\/wp-content\/uploads\/2017\/12\/Avatar2.jpg\",\"width\":378,\"height\":378,\"caption\":\"Grupo Volcanes\"},\"image\":{\"@id\":\"https:\/\/volcanes.net\/#\/schema\/logo\/image\/\"},\"sameAs\":[\"https:\/\/www.facebook.com\/volcanes.net\/\"]},{\"@type\":\"Person\",\"@id\":\"https:\/\/volcanes.net\/#\/schema\/person\/4bf0f383940966a4abd53f5048c0e6b9\",\"name\":\"admin\",\"image\":{\"@type\":\"ImageObject\",\"inLanguage\":\"es\",\"@id\":\"https:\/\/volcanes.net\/#\/schema\/person\/image\/\",\"url\":\"https:\/\/secure.gravatar.com\/avatar\/ca004e6cba8462b8cb7abc86e382930c?s=96&d=mm&r=g\",\"contentUrl\":\"https:\/\/secure.gravatar.com\/avatar\/ca004e6cba8462b8cb7abc86e382930c?s=96&d=mm&r=g\",\"caption\":\"admin\"}}]}<\/script>\n<!-- \/ Yoast SEO plugin. -->","yoast_head_json":{"title":"Detienen en Amecameca a sujeto por robo con violencia de veh\u00edculo - Volcanes","robots":{"index":"index","follow":"follow","max-snippet":"max-snippet:-1","max-image-preview":"max-image-preview:large","max-video-preview":"max-video-preview:-1"},"canonical":"https:\/\/volcanes.net\/?p=12296","og_locale":"es_MX","og_type":"article","og_title":"Detienen en Amecameca a sujeto por robo con violencia de veh\u00edculo - Volcanes","og_description":"Amecameca, Estado de M\u00e9xico.- Elementos de Seguridad P\u00fablica y Tr\u00e1nsito Municipal de Amecameca, lograron la","og_url":"https:\/\/volcanes.net\/?p=12296","og_site_name":"Volcanes","article_publisher":"https:\/\/www.facebook.com\/volcanes.net\/","article_published_time":"2022-02-11T21:48:46+00:00","og_image":[{"width":780,"height":1040,"url":"https:\/\/volcanes.net\/wp-content\/uploads\/2022\/02\/IMG-20220211-WA0001.jpg","type":"image\/jpeg"}],"author":"admin","twitter_card":"summary_large_image","twitter_misc":{"Escrito por":"admin","Tiempo de lectura":"2 minutos"},"schema":{"@context":"https:\/\/schema.org","@graph":[{"@type":"Article","@id":"https:\/\/volcanes.net\/?p=12296#article","isPartOf":{"@id":"https:\/\/volcanes.net\/?p=12296"},"author":{"name":"admin","@id":"https:\/\/volcanes.net\/#\/schema\/person\/4bf0f383940966a4abd53f5048c0e6b9"},"headline":"Detienen en Amecameca a sujeto por robo con violencia de veh\u00edculo","datePublished":"2022-02-11T21:48:46+00:00","mainEntityOfPage":{"@id":"https:\/\/volcanes.net\/?p=12296"},"wordCount":272,"commentCount":0,"publisher":{"@id":"https:\/\/volcanes.net\/#organization"},"image":{"@id":"https:\/\/volcanes.net\/?p=12296#primaryimage"},"thumbnailUrl":"https:\/\/volcanes.net\/wp-content\/uploads\/2022\/02\/IMG-20220211-WA0001.jpg","keywords":["Amecameca"],"articleSection":["Municipales"],"inLanguage":"es","potentialAction":[{"@type":"CommentAction","name":"Comment","target":["https:\/\/volcanes.net\/?p=12296#respond"]}]},{"@type":"WebPage","@id":"https:\/\/volcanes.net\/?p=12296","url":"https:\/\/volcanes.net\/?p=12296","name":"Detienen en Amecameca a sujeto por robo con violencia de veh\u00edculo - Volcanes","isPartOf":{"@id":"https:\/\/volcanes.net\/#website"},"primaryImageOfPage":{"@id":"https:\/\/volcanes.net\/?p=12296#primaryimage"},"image":{"@id":"https:\/\/volcanes.net\/?p=12296#primaryimage"},"thumbnailUrl":"https:\/\/volcanes.net\/wp-content\/uploads\/2022\/02\/IMG-20220211-WA0001.jpg","datePublished":"2022-02-11T21:48:46+00:00","breadcrumb":{"@id":"https:\/\/volcanes.net\/?p=12296#breadcrumb"},"inLanguage":"es","potentialAction":[{"@type":"ReadAction","target":["https:\/\/volcanes.net\/?p=12296"]}]},{"@type":"ImageObject","inLanguage":"es","@id":"https:\/\/volcanes.net\/?p=12296#primaryimage","url":"https:\/\/volcanes.net\/wp-content\/uploads\/2022\/02\/IMG-20220211-WA0001.jpg","contentUrl":"https:\/\/volcanes.net\/wp-content\/uploads\/2022\/02\/IMG-20220211-WA0001.jpg","width":780,"height":1040},{"@type":"BreadcrumbList","@id":"https:\/\/volcanes.net\/?p=12296#breadcrumb","itemListElement":[{"@type":"ListItem","position":1,"name":"Portada","item":"https:\/\/volcanes.net\/"},{"@type":"ListItem","position":2,"name":"Detienen en Amecameca a sujeto por robo con violencia de veh\u00edculo"}]},{"@type":"WebSite","@id":"https:\/\/volcanes.net\/#website","url":"https:\/\/volcanes.net\/","name":"Volcanes.Net","description":"Periodismo Profesional","publisher":{"@id":"https:\/\/volcanes.net\/#organization"},"potentialAction":[{"@type":"SearchAction","target":{"@type":"EntryPoint","urlTemplate":"https:\/\/volcanes.net\/?s={search_term_string}"},"query-input":{"@type":"PropertyValueSpecification","valueRequired":true,"valueName":"search_term_string"}}],"inLanguage":"es"},{"@type":"Organization","@id":"https:\/\/volcanes.net\/#organization","name":"Grupo Volcanes","url":"https:\/\/volcanes.net\/","logo":{"@type":"ImageObject","inLanguage":"es","@id":"https:\/\/volcanes.net\/#\/schema\/logo\/image\/","url":"http:\/\/volcanes.net\/wp-content\/uploads\/2017\/12\/Avatar2.jpg","contentUrl":"http:\/\/volcanes.net\/wp-content\/uploads\/2017\/12\/Avatar2.jpg","width":378,"height":378,"caption":"Grupo Volcanes"},"image":{"@id":"https:\/\/volcanes.net\/#\/schema\/logo\/image\/"},"sameAs":["https:\/\/www.facebook.com\/volcanes.net\/"]},{"@type":"Person","@id":"https:\/\/volcanes.net\/#\/schema\/person\/4bf0f383940966a4abd53f5048c0e6b9","name":"admin","image":{"@type":"ImageObject","inLanguage":"es","@id":"https:\/\/volcanes.net\/#\/schema\/person\/image\/","url":"https:\/\/secure.gravatar.com\/avatar\/ca004e6cba8462b8cb7abc86e382930c?s=96&d=mm&r=g","contentUrl":"https:\/\/secure.gravatar.com\/avatar\/ca004e6cba8462b8cb7abc86e382930c?s=96&d=mm&r=g","caption":"admin"}}]}},"_links":{"self":[{"href":"https:\/\/volcanes.net\/index.php?rest_route=\/wp\/v2\/posts\/12296"}],"collection":[{"href":"https:\/\/volcanes.net\/index.php?rest_route=\/wp\/v2\/posts"}],"about":[{"href":"https:\/\/volcanes.net\/index.php?rest_route=\/wp\/v2\/types\/post"}],"author":[{"embeddable":true,"href":"https:\/\/volcanes.net\/index.php?rest_route=\/wp\/v2\/users\/1"}],"replies":[{"embeddable":true,"href":"https:\/\/volcanes.net\/index.php?rest_route=%2Fwp%2Fv2%2Fcomments&post=12296"}],"version-history":[{"count":2,"href":"https:\/\/volcanes.net\/index.php?rest_route=\/wp\/v2\/posts\/12296\/revisions"}],"predecessor-version":[{"id":12299,"href":"https:\/\/volcanes.net\/index.php?rest_route=\/wp\/v2\/posts\/12296\/revisions\/12299"}],"wp:featuredmedia":[{"embeddable":true,"href":"https:\/\/volcanes.net\/index.php?rest_route=\/wp\/v2\/media\/12297"}],"wp:attachment":[{"href":"https:\/\/volcanes.net\/index.php?rest_route=%2Fwp%2Fv2%2Fmedia&parent=12296"}],"wp:term":[{"taxonomy":"category","embeddable":true,"href":"https:\/\/volcanes.net\/index.php?rest_route=%2Fwp%2Fv2%2Fcategories&post=12296"},{"taxonomy":"post_tag","embeddable":true,"href":"https:\/\/volcanes.net\/index.php?rest_route=%2Fwp%2Fv2%2Ftags&post=12296"}],"curies":[{"name":"wp","href":"https:\/\/api.w.org\/{rel}","templated":true}]}}