{"id":12307,"date":"2022-02-11T18:40:16","date_gmt":"2022-02-12T00:40:16","guid":{"rendered":"http:\/\/volcanes.net\/?p=12307"},"modified":"2022-04-01T16:27:14","modified_gmt":"2022-04-01T22:27:14","slug":"se-hara-hasta-lo-imposible-para-mejorar-la-unidad-basica-de-rehabilitacion-gobierno-de-tlalmanalco","status":"publish","type":"post","link":"https:\/\/volcanes.net\/?p=12307","title":{"rendered":"\u201cSe har\u00e1 hasta lo imposible para mejorar la Unidad B\u00e1sica de Rehabilitaci\u00f3n\u201d: Gobierno de Tlalmanalco"},"content":{"rendered":"<div style=\"margin-top: 0px; margin-bottom: 0px;\" class=\"sharethis-inline-share-buttons\" ><\/div><ul>\n<li>DIF municipal y Ayuntamiento rehabilitaron UBRIS de Tlalmanalco<\/li>\n<li>El nuevo UBRIS brinda su primera a consulta a ni\u00f1o, quien recibe silla de ruedas por parte de DIFEM.<\/li>\n<\/ul>\n<p>Tlalmanalco. Estado de M\u00e9xico.- Este 11 de febrero, con gran entusiasmo y alegr\u00eda por parte de autoridades y la poblaci\u00f3n en general se rehabilit\u00f3 y se reinaugur\u00f3 la Unidad B\u00e1sica de Rehabilitaci\u00f3n e Integraci\u00f3n Social (UBRIS) del municipio de Tlalmanalco, lo cual era necesario y urgente, seg\u00fan expres\u00f3 Luis Enrique S\u00e1nchez Reyes (G\u00fcicho S\u00e1nchez), Presidente municipal de Tlalmanalco, quien en coordinaci\u00f3n con la Presidenta del DIF municipal, lograron que esta Unidad nuevamente se encuentre en condiciones de brindar el servicio a cientos de personas que padecen alg\u00fan tipo de afecci\u00f3n o discapacidad, \u201clo cual es el lado m\u00e1s humano y el que m\u00e1s atenci\u00f3n necesita\u201d, subray\u00f3 el alcalde.<\/p>\n<p>\u201cVoy a hacer hasta lo imposible para mejorar la Unidad B\u00e1sica de Rehabilitaci\u00f3n\u201d, asegur\u00f3 G\u00fcicho S\u00e1nchez, quien explic\u00f3 que a pesar de que la pandemia complic\u00f3 mucho las cosas, el d\u00eda de hoy se realiz\u00f3 la primer consulta, en la que se realiz\u00f3 la valoraci\u00f3n m\u00e9dica a un ni\u00f1o a quien tambi\u00e9n, gracias a DIFEM, se le entreg\u00f3 una silla de ruedas que necesitaba de manera urgente. \u201cRecuerdo cuando esto estaba en ruinas. Ahora lo puedo decir con orgullo, que cuando se hizo la UBRIS fue gracias al voluntariado que en ese entonces presid\u00eda mi mam\u00e1, el cual no hab\u00eda funcionado por muchas situaciones. Sin embargo hoy se reapertura gracias al trabajo de la Presidenta del DIF\u201d.<\/p>\n<p>La reapertura del UBRIS, por parte del DIF municipal \u201csignifica mayor compromiso, dar m\u00e1s amor, y redoblar m\u00e1s esfuerzos\u201d, se\u00f1al\u00f3 G\u00fcicho S\u00e1nchez, quien en entrevista para Volcanes, record\u00f3 que cuando sirvi\u00f3 como Presidente del DIF municipal de Tlalmanalco, se habilitaron y equiparon las instalaciones del UBRIS con la ayuda del pueblo \u201cEl gobierno municipal no puso ni un peso, lo hizo el pueblo; Cardenales de Oriente, Ruta 86, Conejo Loco, Carnicer\u00edas, el se\u00f1or Bucio, que estaba en el Arco de Santa Mar\u00eda; Vicente Lozada; entre mucha gente m\u00e1s que se sum\u00f3 al proyecto, pusieron su granito de arena y pudimos abrir esta Unidad B\u00e1sica de Rehabilitaci\u00f3n\u201d, manifest\u00f3. Y reconoci\u00f3 que en ese entonces el gobierno federal apoy\u00f3 con la donaci\u00f3n de los aparatos m\u00e1s caros.<\/p>\n<p>El edil reconoci\u00f3 la necesidad que tiene la poblaci\u00f3n de recibir este tipo de atenci\u00f3n y se comprometi\u00f3 a que en coordinaci\u00f3n con el DIF municipal trabajar\u00e1n para mejorar y ampliar los servicios brindados con el objetivo de convertirlo en un Centro de Rehabilitaci\u00f3n e Inclusi\u00f3n Infantil Telet\u00f3n (CRIT), \u201cLo hicimos cuando era presidente del DIF, y ahora que la gente me ha dado la oportunidad de ser presidente municipal, vamos a ponernos de acuerdo con la presidenta del DIF y su equipo para organizar un evento para recaudar fondos y hacer mejoras a esta Unidad B\u00e1sica\u201d, subray\u00f3.<\/p>\n<p>Finalmente, el edil hizo una petici\u00f3n a las personas que acudan al UBRIS a presentarse con todas las medidas sanitarias para evitar los contagios al interior.<\/p>\n","protected":false},"excerpt":{"rendered":"<p>DIF municipal y Ayuntamiento rehabilitaron UBRIS de Tlalmanalco El nuevo UBRIS brinda su primera a<\/p>\n","protected":false},"author":1,"featured_media":12305,"comment_status":"open","ping_status":"open","sticky":false,"template":"","format":"standard","meta":{"footnotes":""},"categories":[1],"tags":[81],"class_list":["post-12307","post","type-post","status-publish","format-standard","has-post-thumbnail","hentry","category-municipales","tag-tlalmanalco"],"yoast_head":"<!-- This site is optimized with the Yoast SEO plugin v25.3 - https:\/\/yoast.com\/wordpress\/plugins\/seo\/ -->\n<title>\u201cSe har\u00e1 hasta lo imposible para mejorar la Unidad B\u00e1sica de Rehabilitaci\u00f3n\u201d: Gobierno de Tlalmanalco - Volcanes<\/title>\n<meta name=\"robots\" content=\"index, follow, max-snippet:-1, max-image-preview:large, max-video-preview:-1\" \/>\n<link rel=\"canonical\" href=\"https:\/\/volcanes.net\/?p=12307\" \/>\n<meta property=\"og:locale\" content=\"es_MX\" \/>\n<meta property=\"og:type\" content=\"article\" \/>\n<meta property=\"og:title\" content=\"\u201cSe har\u00e1 hasta lo imposible para mejorar la Unidad B\u00e1sica de Rehabilitaci\u00f3n\u201d: Gobierno de Tlalmanalco - Volcanes\" \/>\n<meta property=\"og:description\" content=\"DIF municipal y Ayuntamiento rehabilitaron UBRIS de Tlalmanalco El nuevo UBRIS brinda su primera a\" \/>\n<meta property=\"og:url\" content=\"https:\/\/volcanes.net\/?p=12307\" \/>\n<meta property=\"og:site_name\" content=\"Volcanes\" \/>\n<meta property=\"article:publisher\" content=\"https:\/\/www.facebook.com\/volcanes.net\/\" \/>\n<meta property=\"article:published_time\" content=\"2022-02-12T00:40:16+00:00\" \/>\n<meta property=\"article:modified_time\" content=\"2022-04-01T22:27:14+00:00\" \/>\n<meta property=\"og:image\" content=\"https:\/\/volcanes.net\/wp-content\/uploads\/2022\/02\/IMG-20220211-WA0007.jpg\" \/>\n\t<meta property=\"og:image:width\" content=\"1280\" \/>\n\t<meta property=\"og:image:height\" content=\"646\" \/>\n\t<meta property=\"og:image:type\" content=\"image\/jpeg\" \/>\n<meta name=\"author\" content=\"admin\" \/>\n<meta name=\"twitter:card\" content=\"summary_large_image\" \/>\n<meta name=\"twitter:label1\" content=\"Escrito por\" \/>\n\t<meta name=\"twitter:data1\" content=\"admin\" \/>\n\t<meta name=\"twitter:label2\" content=\"Tiempo de lectura\" \/>\n\t<meta name=\"twitter:data2\" content=\"3 minutos\" \/>\n<script type=\"application\/ld+json\" class=\"yoast-schema-graph\">{\"@context\":\"https:\/\/schema.org\",\"@graph\":[{\"@type\":\"Article\",\"@id\":\"https:\/\/volcanes.net\/?p=12307#article\",\"isPartOf\":{\"@id\":\"https:\/\/volcanes.net\/?p=12307\"},\"author\":{\"name\":\"admin\",\"@id\":\"https:\/\/volcanes.net\/#\/schema\/person\/4bf0f383940966a4abd53f5048c0e6b9\"},\"headline\":\"\u201cSe har\u00e1 hasta lo imposible para mejorar la Unidad B\u00e1sica de Rehabilitaci\u00f3n\u201d: Gobierno de Tlalmanalco\",\"datePublished\":\"2022-02-12T00:40:16+00:00\",\"dateModified\":\"2022-04-01T22:27:14+00:00\",\"mainEntityOfPage\":{\"@id\":\"https:\/\/volcanes.net\/?p=12307\"},\"wordCount\":567,\"commentCount\":0,\"publisher\":{\"@id\":\"https:\/\/volcanes.net\/#organization\"},\"image\":{\"@id\":\"https:\/\/volcanes.net\/?p=12307#primaryimage\"},\"thumbnailUrl\":\"https:\/\/volcanes.net\/wp-content\/uploads\/2022\/02\/IMG-20220211-WA0007.jpg\",\"keywords\":[\"Tlalmanalco\"],\"articleSection\":[\"Municipales\"],\"inLanguage\":\"es\",\"potentialAction\":[{\"@type\":\"CommentAction\",\"name\":\"Comment\",\"target\":[\"https:\/\/volcanes.net\/?p=12307#respond\"]}]},{\"@type\":\"WebPage\",\"@id\":\"https:\/\/volcanes.net\/?p=12307\",\"url\":\"https:\/\/volcanes.net\/?p=12307\",\"name\":\"\u201cSe har\u00e1 hasta lo imposible para mejorar la Unidad B\u00e1sica de Rehabilitaci\u00f3n\u201d: Gobierno de Tlalmanalco - Volcanes\",\"isPartOf\":{\"@id\":\"https:\/\/volcanes.net\/#website\"},\"primaryImageOfPage\":{\"@id\":\"https:\/\/volcanes.net\/?p=12307#primaryimage\"},\"image\":{\"@id\":\"https:\/\/volcanes.net\/?p=12307#primaryimage\"},\"thumbnailUrl\":\"https:\/\/volcanes.net\/wp-content\/uploads\/2022\/02\/IMG-20220211-WA0007.jpg\",\"datePublished\":\"2022-02-12T00:40:16+00:00\",\"dateModified\":\"2022-04-01T22:27:14+00:00\",\"breadcrumb\":{\"@id\":\"https:\/\/volcanes.net\/?p=12307#breadcrumb\"},\"inLanguage\":\"es\",\"potentialAction\":[{\"@type\":\"ReadAction\",\"target\":[\"https:\/\/volcanes.net\/?p=12307\"]}]},{\"@type\":\"ImageObject\",\"inLanguage\":\"es\",\"@id\":\"https:\/\/volcanes.net\/?p=12307#primaryimage\",\"url\":\"https:\/\/volcanes.net\/wp-content\/uploads\/2022\/02\/IMG-20220211-WA0007.jpg\",\"contentUrl\":\"https:\/\/volcanes.net\/wp-content\/uploads\/2022\/02\/IMG-20220211-WA0007.jpg\",\"width\":1280,\"height\":646},{\"@type\":\"BreadcrumbList\",\"@id\":\"https:\/\/volcanes.net\/?p=12307#breadcrumb\",\"itemListElement\":[{\"@type\":\"ListItem\",\"position\":1,\"name\":\"Portada\",\"item\":\"https:\/\/volcanes.net\/\"},{\"@type\":\"ListItem\",\"position\":2,\"name\":\"\u201cSe har\u00e1 hasta lo imposible para mejorar la Unidad B\u00e1sica de Rehabilitaci\u00f3n\u201d: Gobierno de Tlalmanalco\"}]},{\"@type\":\"WebSite\",\"@id\":\"https:\/\/volcanes.net\/#website\",\"url\":\"https:\/\/volcanes.net\/\",\"name\":\"Volcanes.Net\",\"description\":\"Periodismo Profesional\",\"publisher\":{\"@id\":\"https:\/\/volcanes.net\/#organization\"},\"potentialAction\":[{\"@type\":\"SearchAction\",\"target\":{\"@type\":\"EntryPoint\",\"urlTemplate\":\"https:\/\/volcanes.net\/?s={search_term_string}\"},\"query-input\":{\"@type\":\"PropertyValueSpecification\",\"valueRequired\":true,\"valueName\":\"search_term_string\"}}],\"inLanguage\":\"es\"},{\"@type\":\"Organization\",\"@id\":\"https:\/\/volcanes.net\/#organization\",\"name\":\"Grupo Volcanes\",\"url\":\"https:\/\/volcanes.net\/\",\"logo\":{\"@type\":\"ImageObject\",\"inLanguage\":\"es\",\"@id\":\"https:\/\/volcanes.net\/#\/schema\/logo\/image\/\",\"url\":\"http:\/\/volcanes.net\/wp-content\/uploads\/2017\/12\/Avatar2.jpg\",\"contentUrl\":\"http:\/\/volcanes.net\/wp-content\/uploads\/2017\/12\/Avatar2.jpg\",\"width\":378,\"height\":378,\"caption\":\"Grupo Volcanes\"},\"image\":{\"@id\":\"https:\/\/volcanes.net\/#\/schema\/logo\/image\/\"},\"sameAs\":[\"https:\/\/www.facebook.com\/volcanes.net\/\"]},{\"@type\":\"Person\",\"@id\":\"https:\/\/volcanes.net\/#\/schema\/person\/4bf0f383940966a4abd53f5048c0e6b9\",\"name\":\"admin\",\"image\":{\"@type\":\"ImageObject\",\"inLanguage\":\"es\",\"@id\":\"https:\/\/volcanes.net\/#\/schema\/person\/image\/\",\"url\":\"https:\/\/secure.gravatar.com\/avatar\/ca004e6cba8462b8cb7abc86e382930c?s=96&d=mm&r=g\",\"contentUrl\":\"https:\/\/secure.gravatar.com\/avatar\/ca004e6cba8462b8cb7abc86e382930c?s=96&d=mm&r=g\",\"caption\":\"admin\"}}]}<\/script>\n<!-- \/ Yoast SEO plugin. -->","yoast_head_json":{"title":"\u201cSe har\u00e1 hasta lo imposible para mejorar la Unidad B\u00e1sica de Rehabilitaci\u00f3n\u201d: Gobierno de Tlalmanalco - Volcanes","robots":{"index":"index","follow":"follow","max-snippet":"max-snippet:-1","max-image-preview":"max-image-preview:large","max-video-preview":"max-video-preview:-1"},"canonical":"https:\/\/volcanes.net\/?p=12307","og_locale":"es_MX","og_type":"article","og_title":"\u201cSe har\u00e1 hasta lo imposible para mejorar la Unidad B\u00e1sica de Rehabilitaci\u00f3n\u201d: Gobierno de Tlalmanalco - Volcanes","og_description":"DIF municipal y Ayuntamiento rehabilitaron UBRIS de Tlalmanalco El nuevo UBRIS brinda su primera a","og_url":"https:\/\/volcanes.net\/?p=12307","og_site_name":"Volcanes","article_publisher":"https:\/\/www.facebook.com\/volcanes.net\/","article_published_time":"2022-02-12T00:40:16+00:00","article_modified_time":"2022-04-01T22:27:14+00:00","og_image":[{"width":1280,"height":646,"url":"https:\/\/volcanes.net\/wp-content\/uploads\/2022\/02\/IMG-20220211-WA0007.jpg","type":"image\/jpeg"}],"author":"admin","twitter_card":"summary_large_image","twitter_misc":{"Escrito por":"admin","Tiempo de lectura":"3 minutos"},"schema":{"@context":"https:\/\/schema.org","@graph":[{"@type":"Article","@id":"https:\/\/volcanes.net\/?p=12307#article","isPartOf":{"@id":"https:\/\/volcanes.net\/?p=12307"},"author":{"name":"admin","@id":"https:\/\/volcanes.net\/#\/schema\/person\/4bf0f383940966a4abd53f5048c0e6b9"},"headline":"\u201cSe har\u00e1 hasta lo imposible para mejorar la Unidad B\u00e1sica de Rehabilitaci\u00f3n\u201d: Gobierno de Tlalmanalco","datePublished":"2022-02-12T00:40:16+00:00","dateModified":"2022-04-01T22:27:14+00:00","mainEntityOfPage":{"@id":"https:\/\/volcanes.net\/?p=12307"},"wordCount":567,"commentCount":0,"publisher":{"@id":"https:\/\/volcanes.net\/#organization"},"image":{"@id":"https:\/\/volcanes.net\/?p=12307#primaryimage"},"thumbnailUrl":"https:\/\/volcanes.net\/wp-content\/uploads\/2022\/02\/IMG-20220211-WA0007.jpg","keywords":["Tlalmanalco"],"articleSection":["Municipales"],"inLanguage":"es","potentialAction":[{"@type":"CommentAction","name":"Comment","target":["https:\/\/volcanes.net\/?p=12307#respond"]}]},{"@type":"WebPage","@id":"https:\/\/volcanes.net\/?p=12307","url":"https:\/\/volcanes.net\/?p=12307","name":"\u201cSe har\u00e1 hasta lo imposible para mejorar la Unidad B\u00e1sica de Rehabilitaci\u00f3n\u201d: Gobierno de Tlalmanalco - Volcanes","isPartOf":{"@id":"https:\/\/volcanes.net\/#website"},"primaryImageOfPage":{"@id":"https:\/\/volcanes.net\/?p=12307#primaryimage"},"image":{"@id":"https:\/\/volcanes.net\/?p=12307#primaryimage"},"thumbnailUrl":"https:\/\/volcanes.net\/wp-content\/uploads\/2022\/02\/IMG-20220211-WA0007.jpg","datePublished":"2022-02-12T00:40:16+00:00","dateModified":"2022-04-01T22:27:14+00:00","breadcrumb":{"@id":"https:\/\/volcanes.net\/?p=12307#breadcrumb"},"inLanguage":"es","potentialAction":[{"@type":"ReadAction","target":["https:\/\/volcanes.net\/?p=12307"]}]},{"@type":"ImageObject","inLanguage":"es","@id":"https:\/\/volcanes.net\/?p=12307#primaryimage","url":"https:\/\/volcanes.net\/wp-content\/uploads\/2022\/02\/IMG-20220211-WA0007.jpg","contentUrl":"https:\/\/volcanes.net\/wp-content\/uploads\/2022\/02\/IMG-20220211-WA0007.jpg","width":1280,"height":646},{"@type":"BreadcrumbList","@id":"https:\/\/volcanes.net\/?p=12307#breadcrumb","itemListElement":[{"@type":"ListItem","position":1,"name":"Portada","item":"https:\/\/volcanes.net\/"},{"@type":"ListItem","position":2,"name":"\u201cSe har\u00e1 hasta lo imposible para mejorar la Unidad B\u00e1sica de Rehabilitaci\u00f3n\u201d: Gobierno de Tlalmanalco"}]},{"@type":"WebSite","@id":"https:\/\/volcanes.net\/#website","url":"https:\/\/volcanes.net\/","name":"Volcanes.Net","description":"Periodismo Profesional","publisher":{"@id":"https:\/\/volcanes.net\/#organization"},"potentialAction":[{"@type":"SearchAction","target":{"@type":"EntryPoint","urlTemplate":"https:\/\/volcanes.net\/?s={search_term_string}"},"query-input":{"@type":"PropertyValueSpecification","valueRequired":true,"valueName":"search_term_string"}}],"inLanguage":"es"},{"@type":"Organization","@id":"https:\/\/volcanes.net\/#organization","name":"Grupo Volcanes","url":"https:\/\/volcanes.net\/","logo":{"@type":"ImageObject","inLanguage":"es","@id":"https:\/\/volcanes.net\/#\/schema\/logo\/image\/","url":"http:\/\/volcanes.net\/wp-content\/uploads\/2017\/12\/Avatar2.jpg","contentUrl":"http:\/\/volcanes.net\/wp-content\/uploads\/2017\/12\/Avatar2.jpg","width":378,"height":378,"caption":"Grupo Volcanes"},"image":{"@id":"https:\/\/volcanes.net\/#\/schema\/logo\/image\/"},"sameAs":["https:\/\/www.facebook.com\/volcanes.net\/"]},{"@type":"Person","@id":"https:\/\/volcanes.net\/#\/schema\/person\/4bf0f383940966a4abd53f5048c0e6b9","name":"admin","image":{"@type":"ImageObject","inLanguage":"es","@id":"https:\/\/volcanes.net\/#\/schema\/person\/image\/","url":"https:\/\/secure.gravatar.com\/avatar\/ca004e6cba8462b8cb7abc86e382930c?s=96&d=mm&r=g","contentUrl":"https:\/\/secure.gravatar.com\/avatar\/ca004e6cba8462b8cb7abc86e382930c?s=96&d=mm&r=g","caption":"admin"}}]}},"_links":{"self":[{"href":"https:\/\/volcanes.net\/index.php?rest_route=\/wp\/v2\/posts\/12307"}],"collection":[{"href":"https:\/\/volcanes.net\/index.php?rest_route=\/wp\/v2\/posts"}],"about":[{"href":"https:\/\/volcanes.net\/index.php?rest_route=\/wp\/v2\/types\/post"}],"author":[{"embeddable":true,"href":"https:\/\/volcanes.net\/index.php?rest_route=\/wp\/v2\/users\/1"}],"replies":[{"embeddable":true,"href":"https:\/\/volcanes.net\/index.php?rest_route=%2Fwp%2Fv2%2Fcomments&post=12307"}],"version-history":[{"count":2,"href":"https:\/\/volcanes.net\/index.php?rest_route=\/wp\/v2\/posts\/12307\/revisions"}],"predecessor-version":[{"id":12617,"href":"https:\/\/volcanes.net\/index.php?rest_route=\/wp\/v2\/posts\/12307\/revisions\/12617"}],"wp:featuredmedia":[{"embeddable":true,"href":"https:\/\/volcanes.net\/index.php?rest_route=\/wp\/v2\/media\/12305"}],"wp:attachment":[{"href":"https:\/\/volcanes.net\/index.php?rest_route=%2Fwp%2Fv2%2Fmedia&parent=12307"}],"wp:term":[{"taxonomy":"category","embeddable":true,"href":"https:\/\/volcanes.net\/index.php?rest_route=%2Fwp%2Fv2%2Fcategories&post=12307"},{"taxonomy":"post_tag","embeddable":true,"href":"https:\/\/volcanes.net\/index.php?rest_route=%2Fwp%2Fv2%2Ftags&post=12307"}],"curies":[{"name":"wp","href":"https:\/\/api.w.org\/{rel}","templated":true}]}}