{"id":12315,"date":"2022-02-14T16:18:38","date_gmt":"2022-02-14T22:18:38","guid":{"rendered":"http:\/\/volcanes.net\/?p=12315"},"modified":"2022-02-14T16:18:38","modified_gmt":"2022-02-14T22:18:38","slug":"proteccion-civil-de-amecameca-brinda-capacitacion-sobre-primeros-auxilios-y-control-de-incendios","status":"publish","type":"post","link":"https:\/\/volcanes.net\/?p=12315","title":{"rendered":"Protecci\u00f3n Civil de Amecameca brinda capacitaci\u00f3n sobre primeros auxilios y control de incendios"},"content":{"rendered":"<div style=\"margin-top: 0px; margin-bottom: 0px;\" class=\"sharethis-inline-share-buttons\" ><\/div><p style=\"box-sizing: inherit; overflow-wrap: break-word; margin: 0px 0px 15px; font-family: Roboto, sans-serif; color: #4a4a4a;\">Amecameca, Estado de M\u00e9xico.- Con el prop\u00f3sito de proporcionarles los conocimientos necesarios para actuar ante cualquier contingencia dentro y fuera de sus negocios, personal de Protecci\u00f3n Civil y Bomberos de Amecameca capacita al sector comercio y social de este municipio en primeros auxilios y control de incendios.<\/p>\n<p style=\"box-sizing: inherit; overflow-wrap: break-word; margin: 0px 0px 15px; font-family: Roboto, sans-serif; color: #4a4a4a;\">Al respecto el titular de la coordinaci\u00f3n de Protecci\u00f3n Civil explic\u00f3 la importancia de tener este tipo de preparaci\u00f3n pues la gente reacciona de mejor manera ante cualquier situaci\u00f3n cr\u00edtica mientras llega el personal de emergencia y eso tiene un beneficio para la integridad de las personas.<\/p>\n<p style=\"box-sizing: inherit; overflow-wrap: break-word; margin: 0px 0px 15px; font-family: Roboto, sans-serif; color: #4a4a4a;\">Explic\u00f3 que todos los establecimientos comerciales, industriales, p\u00fablicos o privados deben cumplir con protocolos de seguridad para poder obtener un Dictamen de Viabilidad.<\/p>\n<p style=\"box-sizing: inherit; overflow-wrap: break-word; margin: 0px 0px 15px; font-family: Roboto, sans-serif; color: #4a4a4a;\">Sin embargo, para reforzar las medidas de seguridad en cualquier espacio de trabajo, por instrucciones de la presidenta municipal, se lleva a cabo un programa de capacitaci\u00f3n en primeros auxilios, control de incendios y uso de extinguidores.<\/p>\n<p style=\"box-sizing: inherit; overflow-wrap: break-word; margin: 0px 0px 15px; font-family: Roboto, sans-serif; color: #4a4a4a;\">El Bando Municipal de Amecameca establece en sus art\u00edculos 103, 108 y 114 que la coordinaci\u00f3n de Protecci\u00f3n Civil debe emitir un dictamen o visto bueno en lo referente a los sistemas de seguridad contra siniestros.<\/p>\n<p style=\"box-sizing: inherit; overflow-wrap: break-word; margin: 0px 0px 15px; font-family: Roboto, sans-serif; color: #4a4a4a;\">En Amecameca hay aproximadamente 200 negocios grandes con bastante personal, y en el caso de estos, deben cumplir con un programa interno de capacitaci\u00f3n y contar con sus respectivas brigadas de protecci\u00f3n civil, para obtener el Dictamen.<\/p>\n<p style=\"box-sizing: inherit; overflow-wrap: break-word; margin: 0px 0px 15px; font-family: Roboto, sans-serif; color: #4a4a4a;\">El jefe de los rescatistas destac\u00f3 que m\u00e1s all\u00e1 del documento obligatorio para todo establecimiento p\u00fablico o privado, es importante la capacitaci\u00f3n de los trabajadores quienes replican sus conocimientos con la gente cercana.<\/p>\n<p style=\"box-sizing: inherit; overflow-wrap: break-word; margin: 0px 0px 15px; font-family: Roboto, sans-serif; color: #4a4a4a;\">Respecto al Curso de Capacitaci\u00f3n con una duraci\u00f3n de dos horas y media, explic\u00f3 que la invitaci\u00f3n es abierta, tanto comerciantes como sociedad en general puede tomarlo de manera gratuito.<\/p>\n<p style=\"box-sizing: inherit; overflow-wrap: break-word; margin: 0px 0px 15px; font-family: Roboto, sans-serif; color: #4a4a4a;\">Se llevan a cabo cada mes y \u00fanicamente deben registrarse para proporcionarles una fecha, pues se deben cumplir los protocolos de salud y la sana distancia principalmente, de modo que son grupos reducidos.<\/p>\n<p><span style=\"color: #4a4a4a; font-family: Roboto, sans-serif;\">Puntualiz\u00f3 que la gente sale complacida de la capacitaci\u00f3n pues adquieren conocimientos importantes de autoprotecci\u00f3n, inspecci\u00f3n y uso extinguidor, uso de botiqu\u00edn, rutas de evacuaci\u00f3n y primeros auxilios.<\/span><\/p>\n","protected":false},"excerpt":{"rendered":"<p>Amecameca, Estado de M\u00e9xico.- Con el prop\u00f3sito de proporcionarles los conocimientos necesarios para actuar ante<\/p>\n","protected":false},"author":1,"featured_media":12316,"comment_status":"open","ping_status":"open","sticky":false,"template":"","format":"standard","meta":{"footnotes":""},"categories":[1],"tags":[7],"class_list":["post-12315","post","type-post","status-publish","format-standard","has-post-thumbnail","hentry","category-municipales","tag-amecameca"],"yoast_head":"<!-- This site is optimized with the Yoast SEO plugin v25.3 - https:\/\/yoast.com\/wordpress\/plugins\/seo\/ -->\n<title>Protecci\u00f3n Civil de Amecameca brinda capacitaci\u00f3n sobre primeros auxilios y control de incendios - Volcanes<\/title>\n<meta name=\"robots\" content=\"index, follow, max-snippet:-1, max-image-preview:large, max-video-preview:-1\" \/>\n<link rel=\"canonical\" href=\"https:\/\/volcanes.net\/?p=12315\" \/>\n<meta property=\"og:locale\" content=\"es_MX\" \/>\n<meta property=\"og:type\" content=\"article\" \/>\n<meta property=\"og:title\" content=\"Protecci\u00f3n Civil de Amecameca brinda capacitaci\u00f3n sobre primeros auxilios y control de incendios - Volcanes\" \/>\n<meta property=\"og:description\" content=\"Amecameca, Estado de M\u00e9xico.- Con el prop\u00f3sito de proporcionarles los conocimientos necesarios para actuar ante\" \/>\n<meta property=\"og:url\" content=\"https:\/\/volcanes.net\/?p=12315\" \/>\n<meta property=\"og:site_name\" content=\"Volcanes\" \/>\n<meta property=\"article:publisher\" content=\"https:\/\/www.facebook.com\/volcanes.net\/\" \/>\n<meta property=\"article:published_time\" content=\"2022-02-14T22:18:38+00:00\" \/>\n<meta property=\"og:image\" content=\"https:\/\/volcanes.net\/wp-content\/uploads\/2022\/02\/WhatsApp-Image-2022-02-14-at-2.58.51-PM-1.jpeg\" \/>\n\t<meta property=\"og:image:width\" content=\"1024\" \/>\n\t<meta property=\"og:image:height\" content=\"576\" \/>\n\t<meta property=\"og:image:type\" content=\"image\/jpeg\" \/>\n<meta name=\"author\" content=\"admin\" \/>\n<meta name=\"twitter:card\" content=\"summary_large_image\" \/>\n<meta name=\"twitter:label1\" content=\"Escrito por\" \/>\n\t<meta name=\"twitter:data1\" content=\"admin\" \/>\n\t<meta name=\"twitter:label2\" content=\"Tiempo de lectura\" \/>\n\t<meta name=\"twitter:data2\" content=\"2 minutos\" \/>\n<script type=\"application\/ld+json\" class=\"yoast-schema-graph\">{\"@context\":\"https:\/\/schema.org\",\"@graph\":[{\"@type\":\"Article\",\"@id\":\"https:\/\/volcanes.net\/?p=12315#article\",\"isPartOf\":{\"@id\":\"https:\/\/volcanes.net\/?p=12315\"},\"author\":{\"name\":\"admin\",\"@id\":\"https:\/\/volcanes.net\/#\/schema\/person\/4bf0f383940966a4abd53f5048c0e6b9\"},\"headline\":\"Protecci\u00f3n Civil de Amecameca brinda capacitaci\u00f3n sobre primeros auxilios y control de incendios\",\"datePublished\":\"2022-02-14T22:18:38+00:00\",\"mainEntityOfPage\":{\"@id\":\"https:\/\/volcanes.net\/?p=12315\"},\"wordCount\":389,\"commentCount\":0,\"publisher\":{\"@id\":\"https:\/\/volcanes.net\/#organization\"},\"image\":{\"@id\":\"https:\/\/volcanes.net\/?p=12315#primaryimage\"},\"thumbnailUrl\":\"https:\/\/volcanes.net\/wp-content\/uploads\/2022\/02\/WhatsApp-Image-2022-02-14-at-2.58.51-PM-1.jpeg\",\"keywords\":[\"Amecameca\"],\"articleSection\":[\"Municipales\"],\"inLanguage\":\"es\",\"potentialAction\":[{\"@type\":\"CommentAction\",\"name\":\"Comment\",\"target\":[\"https:\/\/volcanes.net\/?p=12315#respond\"]}]},{\"@type\":\"WebPage\",\"@id\":\"https:\/\/volcanes.net\/?p=12315\",\"url\":\"https:\/\/volcanes.net\/?p=12315\",\"name\":\"Protecci\u00f3n Civil de Amecameca brinda capacitaci\u00f3n sobre primeros auxilios y control de incendios - Volcanes\",\"isPartOf\":{\"@id\":\"https:\/\/volcanes.net\/#website\"},\"primaryImageOfPage\":{\"@id\":\"https:\/\/volcanes.net\/?p=12315#primaryimage\"},\"image\":{\"@id\":\"https:\/\/volcanes.net\/?p=12315#primaryimage\"},\"thumbnailUrl\":\"https:\/\/volcanes.net\/wp-content\/uploads\/2022\/02\/WhatsApp-Image-2022-02-14-at-2.58.51-PM-1.jpeg\",\"datePublished\":\"2022-02-14T22:18:38+00:00\",\"breadcrumb\":{\"@id\":\"https:\/\/volcanes.net\/?p=12315#breadcrumb\"},\"inLanguage\":\"es\",\"potentialAction\":[{\"@type\":\"ReadAction\",\"target\":[\"https:\/\/volcanes.net\/?p=12315\"]}]},{\"@type\":\"ImageObject\",\"inLanguage\":\"es\",\"@id\":\"https:\/\/volcanes.net\/?p=12315#primaryimage\",\"url\":\"https:\/\/volcanes.net\/wp-content\/uploads\/2022\/02\/WhatsApp-Image-2022-02-14-at-2.58.51-PM-1.jpeg\",\"contentUrl\":\"https:\/\/volcanes.net\/wp-content\/uploads\/2022\/02\/WhatsApp-Image-2022-02-14-at-2.58.51-PM-1.jpeg\",\"width\":1024,\"height\":576},{\"@type\":\"BreadcrumbList\",\"@id\":\"https:\/\/volcanes.net\/?p=12315#breadcrumb\",\"itemListElement\":[{\"@type\":\"ListItem\",\"position\":1,\"name\":\"Portada\",\"item\":\"https:\/\/volcanes.net\/\"},{\"@type\":\"ListItem\",\"position\":2,\"name\":\"Protecci\u00f3n Civil de Amecameca brinda capacitaci\u00f3n sobre primeros auxilios y control de incendios\"}]},{\"@type\":\"WebSite\",\"@id\":\"https:\/\/volcanes.net\/#website\",\"url\":\"https:\/\/volcanes.net\/\",\"name\":\"Volcanes.Net\",\"description\":\"Periodismo Profesional\",\"publisher\":{\"@id\":\"https:\/\/volcanes.net\/#organization\"},\"potentialAction\":[{\"@type\":\"SearchAction\",\"target\":{\"@type\":\"EntryPoint\",\"urlTemplate\":\"https:\/\/volcanes.net\/?s={search_term_string}\"},\"query-input\":{\"@type\":\"PropertyValueSpecification\",\"valueRequired\":true,\"valueName\":\"search_term_string\"}}],\"inLanguage\":\"es\"},{\"@type\":\"Organization\",\"@id\":\"https:\/\/volcanes.net\/#organization\",\"name\":\"Grupo Volcanes\",\"url\":\"https:\/\/volcanes.net\/\",\"logo\":{\"@type\":\"ImageObject\",\"inLanguage\":\"es\",\"@id\":\"https:\/\/volcanes.net\/#\/schema\/logo\/image\/\",\"url\":\"http:\/\/volcanes.net\/wp-content\/uploads\/2017\/12\/Avatar2.jpg\",\"contentUrl\":\"http:\/\/volcanes.net\/wp-content\/uploads\/2017\/12\/Avatar2.jpg\",\"width\":378,\"height\":378,\"caption\":\"Grupo Volcanes\"},\"image\":{\"@id\":\"https:\/\/volcanes.net\/#\/schema\/logo\/image\/\"},\"sameAs\":[\"https:\/\/www.facebook.com\/volcanes.net\/\"]},{\"@type\":\"Person\",\"@id\":\"https:\/\/volcanes.net\/#\/schema\/person\/4bf0f383940966a4abd53f5048c0e6b9\",\"name\":\"admin\",\"image\":{\"@type\":\"ImageObject\",\"inLanguage\":\"es\",\"@id\":\"https:\/\/volcanes.net\/#\/schema\/person\/image\/\",\"url\":\"https:\/\/secure.gravatar.com\/avatar\/ca004e6cba8462b8cb7abc86e382930c?s=96&d=mm&r=g\",\"contentUrl\":\"https:\/\/secure.gravatar.com\/avatar\/ca004e6cba8462b8cb7abc86e382930c?s=96&d=mm&r=g\",\"caption\":\"admin\"}}]}<\/script>\n<!-- \/ Yoast SEO plugin. -->","yoast_head_json":{"title":"Protecci\u00f3n Civil de Amecameca brinda capacitaci\u00f3n sobre primeros auxilios y control de incendios - Volcanes","robots":{"index":"index","follow":"follow","max-snippet":"max-snippet:-1","max-image-preview":"max-image-preview:large","max-video-preview":"max-video-preview:-1"},"canonical":"https:\/\/volcanes.net\/?p=12315","og_locale":"es_MX","og_type":"article","og_title":"Protecci\u00f3n Civil de Amecameca brinda capacitaci\u00f3n sobre primeros auxilios y control de incendios - Volcanes","og_description":"Amecameca, Estado de M\u00e9xico.- Con el prop\u00f3sito de proporcionarles los conocimientos necesarios para actuar ante","og_url":"https:\/\/volcanes.net\/?p=12315","og_site_name":"Volcanes","article_publisher":"https:\/\/www.facebook.com\/volcanes.net\/","article_published_time":"2022-02-14T22:18:38+00:00","og_image":[{"width":1024,"height":576,"url":"https:\/\/volcanes.net\/wp-content\/uploads\/2022\/02\/WhatsApp-Image-2022-02-14-at-2.58.51-PM-1.jpeg","type":"image\/jpeg"}],"author":"admin","twitter_card":"summary_large_image","twitter_misc":{"Escrito por":"admin","Tiempo de lectura":"2 minutos"},"schema":{"@context":"https:\/\/schema.org","@graph":[{"@type":"Article","@id":"https:\/\/volcanes.net\/?p=12315#article","isPartOf":{"@id":"https:\/\/volcanes.net\/?p=12315"},"author":{"name":"admin","@id":"https:\/\/volcanes.net\/#\/schema\/person\/4bf0f383940966a4abd53f5048c0e6b9"},"headline":"Protecci\u00f3n Civil de Amecameca brinda capacitaci\u00f3n sobre primeros auxilios y control de incendios","datePublished":"2022-02-14T22:18:38+00:00","mainEntityOfPage":{"@id":"https:\/\/volcanes.net\/?p=12315"},"wordCount":389,"commentCount":0,"publisher":{"@id":"https:\/\/volcanes.net\/#organization"},"image":{"@id":"https:\/\/volcanes.net\/?p=12315#primaryimage"},"thumbnailUrl":"https:\/\/volcanes.net\/wp-content\/uploads\/2022\/02\/WhatsApp-Image-2022-02-14-at-2.58.51-PM-1.jpeg","keywords":["Amecameca"],"articleSection":["Municipales"],"inLanguage":"es","potentialAction":[{"@type":"CommentAction","name":"Comment","target":["https:\/\/volcanes.net\/?p=12315#respond"]}]},{"@type":"WebPage","@id":"https:\/\/volcanes.net\/?p=12315","url":"https:\/\/volcanes.net\/?p=12315","name":"Protecci\u00f3n Civil de Amecameca brinda capacitaci\u00f3n sobre primeros auxilios y control de incendios - Volcanes","isPartOf":{"@id":"https:\/\/volcanes.net\/#website"},"primaryImageOfPage":{"@id":"https:\/\/volcanes.net\/?p=12315#primaryimage"},"image":{"@id":"https:\/\/volcanes.net\/?p=12315#primaryimage"},"thumbnailUrl":"https:\/\/volcanes.net\/wp-content\/uploads\/2022\/02\/WhatsApp-Image-2022-02-14-at-2.58.51-PM-1.jpeg","datePublished":"2022-02-14T22:18:38+00:00","breadcrumb":{"@id":"https:\/\/volcanes.net\/?p=12315#breadcrumb"},"inLanguage":"es","potentialAction":[{"@type":"ReadAction","target":["https:\/\/volcanes.net\/?p=12315"]}]},{"@type":"ImageObject","inLanguage":"es","@id":"https:\/\/volcanes.net\/?p=12315#primaryimage","url":"https:\/\/volcanes.net\/wp-content\/uploads\/2022\/02\/WhatsApp-Image-2022-02-14-at-2.58.51-PM-1.jpeg","contentUrl":"https:\/\/volcanes.net\/wp-content\/uploads\/2022\/02\/WhatsApp-Image-2022-02-14-at-2.58.51-PM-1.jpeg","width":1024,"height":576},{"@type":"BreadcrumbList","@id":"https:\/\/volcanes.net\/?p=12315#breadcrumb","itemListElement":[{"@type":"ListItem","position":1,"name":"Portada","item":"https:\/\/volcanes.net\/"},{"@type":"ListItem","position":2,"name":"Protecci\u00f3n Civil de Amecameca brinda capacitaci\u00f3n sobre primeros auxilios y control de incendios"}]},{"@type":"WebSite","@id":"https:\/\/volcanes.net\/#website","url":"https:\/\/volcanes.net\/","name":"Volcanes.Net","description":"Periodismo Profesional","publisher":{"@id":"https:\/\/volcanes.net\/#organization"},"potentialAction":[{"@type":"SearchAction","target":{"@type":"EntryPoint","urlTemplate":"https:\/\/volcanes.net\/?s={search_term_string}"},"query-input":{"@type":"PropertyValueSpecification","valueRequired":true,"valueName":"search_term_string"}}],"inLanguage":"es"},{"@type":"Organization","@id":"https:\/\/volcanes.net\/#organization","name":"Grupo Volcanes","url":"https:\/\/volcanes.net\/","logo":{"@type":"ImageObject","inLanguage":"es","@id":"https:\/\/volcanes.net\/#\/schema\/logo\/image\/","url":"http:\/\/volcanes.net\/wp-content\/uploads\/2017\/12\/Avatar2.jpg","contentUrl":"http:\/\/volcanes.net\/wp-content\/uploads\/2017\/12\/Avatar2.jpg","width":378,"height":378,"caption":"Grupo Volcanes"},"image":{"@id":"https:\/\/volcanes.net\/#\/schema\/logo\/image\/"},"sameAs":["https:\/\/www.facebook.com\/volcanes.net\/"]},{"@type":"Person","@id":"https:\/\/volcanes.net\/#\/schema\/person\/4bf0f383940966a4abd53f5048c0e6b9","name":"admin","image":{"@type":"ImageObject","inLanguage":"es","@id":"https:\/\/volcanes.net\/#\/schema\/person\/image\/","url":"https:\/\/secure.gravatar.com\/avatar\/ca004e6cba8462b8cb7abc86e382930c?s=96&d=mm&r=g","contentUrl":"https:\/\/secure.gravatar.com\/avatar\/ca004e6cba8462b8cb7abc86e382930c?s=96&d=mm&r=g","caption":"admin"}}]}},"_links":{"self":[{"href":"https:\/\/volcanes.net\/index.php?rest_route=\/wp\/v2\/posts\/12315"}],"collection":[{"href":"https:\/\/volcanes.net\/index.php?rest_route=\/wp\/v2\/posts"}],"about":[{"href":"https:\/\/volcanes.net\/index.php?rest_route=\/wp\/v2\/types\/post"}],"author":[{"embeddable":true,"href":"https:\/\/volcanes.net\/index.php?rest_route=\/wp\/v2\/users\/1"}],"replies":[{"embeddable":true,"href":"https:\/\/volcanes.net\/index.php?rest_route=%2Fwp%2Fv2%2Fcomments&post=12315"}],"version-history":[{"count":1,"href":"https:\/\/volcanes.net\/index.php?rest_route=\/wp\/v2\/posts\/12315\/revisions"}],"predecessor-version":[{"id":12317,"href":"https:\/\/volcanes.net\/index.php?rest_route=\/wp\/v2\/posts\/12315\/revisions\/12317"}],"wp:featuredmedia":[{"embeddable":true,"href":"https:\/\/volcanes.net\/index.php?rest_route=\/wp\/v2\/media\/12316"}],"wp:attachment":[{"href":"https:\/\/volcanes.net\/index.php?rest_route=%2Fwp%2Fv2%2Fmedia&parent=12315"}],"wp:term":[{"taxonomy":"category","embeddable":true,"href":"https:\/\/volcanes.net\/index.php?rest_route=%2Fwp%2Fv2%2Fcategories&post=12315"},{"taxonomy":"post_tag","embeddable":true,"href":"https:\/\/volcanes.net\/index.php?rest_route=%2Fwp%2Fv2%2Ftags&post=12315"}],"curies":[{"name":"wp","href":"https:\/\/api.w.org\/{rel}","templated":true}]}}