{"id":12322,"date":"2022-02-15T14:25:13","date_gmt":"2022-02-15T20:25:13","guid":{"rendered":"http:\/\/volcanes.net\/?p=12322"},"modified":"2022-02-15T14:25:13","modified_gmt":"2022-02-15T20:25:13","slug":"cancelan-fiestas-patronales-y-carnavales-en-municipios-de-la-zona-de-los-volcanes","status":"publish","type":"post","link":"https:\/\/volcanes.net\/?p=12322","title":{"rendered":"Cancelan fiestas patronales y carnavales en municipios de la Zona de los Volcanes"},"content":{"rendered":"<div style=\"margin-top: 0px; margin-bottom: 0px;\" class=\"sharethis-inline-share-buttons\" ><\/div><p>Regi\u00f3n Oriente, Estado de M\u00e9xico.- Derivado de una reuni\u00f3n realizada el pasado 1 de febrero a la que asistieron los Presidentes Municipales y los sacerdotes de las parroquias de los municipios pertenecientes a la Zona Oriente del Estado de M\u00e9xico, y con la finalidad de evitar contagios por Covid-19, se suspendi\u00f3 la celebraci\u00f3n de las fiestas patronales, carnavales y otras celebraciones que impliquen reuniones masivas.<\/p>\n<p>Mediante un comunicado dado a conocer a los pueblos, las autoridades informaron que debido al nuevo incremento de contagios y muertes causadas por la pandemia, tomaron la decisi\u00f3n de suspender, por este a\u00f1o 2022, dichas celebraciones, esperando una positiva respuesta por parte de la poblaci\u00f3n \u201cpara evitar que el virus se propague consideramos un deber, suspender la celebraci\u00f3n de nuestros carnavales y fiestas patronales, que congregan a muchas personas sin las medidas de sana distancia, con las graves consecuencias que esto traer\u00eda\u201d.<\/p>\n<p>As\u00ed tambi\u00e9n en tal comunicado, se invita a todos a no bajar la guardia en el uso del cubrebocas, a guardar la sana distancia y a esforzarse por cuidar la salud de cada persona, de las familias y de la sociedad en general, pues &#8220;Esta crisis sigue afectando todos los campos de la vida, a pesar de las vacunas; una econom\u00eda que duele a las familias y pone a muchas empresas en quiebra; el sistema de salud con recursos claramente insuficientes y con graves deficiencias; la realidad social en la que el cansancio, la soledad y desesperaci\u00f3n aumentan cuando hay carencia de alimentos y medicinas, as\u00ed como la falta de espacios para la hospitalizaci\u00f3n&#8221;.<\/p>\n<p>No obstante, se invit\u00f3 a los feligreses a seguir las actividades relativas a las fiestas patronales, en las redes sociales con la finalidad e participar activa y eficazmente a la distancia.<\/p>\n<p>&nbsp;<\/p>\n","protected":false},"excerpt":{"rendered":"<p>Regi\u00f3n Oriente, Estado de M\u00e9xico.- Derivado de una reuni\u00f3n realizada el pasado 1 de febrero<\/p>\n","protected":false},"author":1,"featured_media":12323,"comment_status":"open","ping_status":"open","sticky":false,"template":"","format":"standard","meta":{"footnotes":""},"categories":[1],"tags":[307],"class_list":["post-12322","post","type-post","status-publish","format-standard","has-post-thumbnail","hentry","category-municipales","tag-zona-de-los-volcanes"],"yoast_head":"<!-- This site is optimized with the Yoast SEO plugin v25.3 - https:\/\/yoast.com\/wordpress\/plugins\/seo\/ -->\n<title>Cancelan fiestas patronales y carnavales en municipios de la Zona de los Volcanes - Volcanes<\/title>\n<meta name=\"robots\" content=\"index, follow, max-snippet:-1, max-image-preview:large, max-video-preview:-1\" \/>\n<link rel=\"canonical\" href=\"https:\/\/volcanes.net\/?p=12322\" \/>\n<meta property=\"og:locale\" content=\"es_MX\" \/>\n<meta property=\"og:type\" content=\"article\" \/>\n<meta property=\"og:title\" content=\"Cancelan fiestas patronales y carnavales en municipios de la Zona de los Volcanes - Volcanes\" \/>\n<meta property=\"og:description\" content=\"Regi\u00f3n Oriente, Estado de M\u00e9xico.- Derivado de una reuni\u00f3n realizada el pasado 1 de febrero\" \/>\n<meta property=\"og:url\" content=\"https:\/\/volcanes.net\/?p=12322\" \/>\n<meta property=\"og:site_name\" content=\"Volcanes\" \/>\n<meta property=\"article:publisher\" content=\"https:\/\/www.facebook.com\/volcanes.net\/\" \/>\n<meta property=\"article:published_time\" content=\"2022-02-15T20:25:13+00:00\" \/>\n<meta property=\"og:image\" content=\"https:\/\/volcanes.net\/wp-content\/uploads\/2022\/02\/IMG-20220215-WA0002.jpg\" \/>\n\t<meta property=\"og:image:width\" content=\"720\" \/>\n\t<meta property=\"og:image:height\" content=\"720\" \/>\n\t<meta property=\"og:image:type\" content=\"image\/jpeg\" \/>\n<meta name=\"author\" content=\"admin\" \/>\n<meta name=\"twitter:card\" content=\"summary_large_image\" \/>\n<meta name=\"twitter:label1\" content=\"Escrito por\" \/>\n\t<meta name=\"twitter:data1\" content=\"admin\" \/>\n\t<meta name=\"twitter:label2\" content=\"Tiempo de lectura\" \/>\n\t<meta name=\"twitter:data2\" content=\"2 minutos\" \/>\n<script type=\"application\/ld+json\" class=\"yoast-schema-graph\">{\"@context\":\"https:\/\/schema.org\",\"@graph\":[{\"@type\":\"Article\",\"@id\":\"https:\/\/volcanes.net\/?p=12322#article\",\"isPartOf\":{\"@id\":\"https:\/\/volcanes.net\/?p=12322\"},\"author\":{\"name\":\"admin\",\"@id\":\"https:\/\/volcanes.net\/#\/schema\/person\/4bf0f383940966a4abd53f5048c0e6b9\"},\"headline\":\"Cancelan fiestas patronales y carnavales en municipios de la Zona de los Volcanes\",\"datePublished\":\"2022-02-15T20:25:13+00:00\",\"mainEntityOfPage\":{\"@id\":\"https:\/\/volcanes.net\/?p=12322\"},\"wordCount\":319,\"commentCount\":0,\"publisher\":{\"@id\":\"https:\/\/volcanes.net\/#organization\"},\"image\":{\"@id\":\"https:\/\/volcanes.net\/?p=12322#primaryimage\"},\"thumbnailUrl\":\"https:\/\/volcanes.net\/wp-content\/uploads\/2022\/02\/IMG-20220215-WA0002.jpg\",\"keywords\":[\"Zona de los Volcanes\"],\"articleSection\":[\"Municipales\"],\"inLanguage\":\"es\",\"potentialAction\":[{\"@type\":\"CommentAction\",\"name\":\"Comment\",\"target\":[\"https:\/\/volcanes.net\/?p=12322#respond\"]}]},{\"@type\":\"WebPage\",\"@id\":\"https:\/\/volcanes.net\/?p=12322\",\"url\":\"https:\/\/volcanes.net\/?p=12322\",\"name\":\"Cancelan fiestas patronales y carnavales en municipios de la Zona de los Volcanes - Volcanes\",\"isPartOf\":{\"@id\":\"https:\/\/volcanes.net\/#website\"},\"primaryImageOfPage\":{\"@id\":\"https:\/\/volcanes.net\/?p=12322#primaryimage\"},\"image\":{\"@id\":\"https:\/\/volcanes.net\/?p=12322#primaryimage\"},\"thumbnailUrl\":\"https:\/\/volcanes.net\/wp-content\/uploads\/2022\/02\/IMG-20220215-WA0002.jpg\",\"datePublished\":\"2022-02-15T20:25:13+00:00\",\"breadcrumb\":{\"@id\":\"https:\/\/volcanes.net\/?p=12322#breadcrumb\"},\"inLanguage\":\"es\",\"potentialAction\":[{\"@type\":\"ReadAction\",\"target\":[\"https:\/\/volcanes.net\/?p=12322\"]}]},{\"@type\":\"ImageObject\",\"inLanguage\":\"es\",\"@id\":\"https:\/\/volcanes.net\/?p=12322#primaryimage\",\"url\":\"https:\/\/volcanes.net\/wp-content\/uploads\/2022\/02\/IMG-20220215-WA0002.jpg\",\"contentUrl\":\"https:\/\/volcanes.net\/wp-content\/uploads\/2022\/02\/IMG-20220215-WA0002.jpg\",\"width\":720,\"height\":720},{\"@type\":\"BreadcrumbList\",\"@id\":\"https:\/\/volcanes.net\/?p=12322#breadcrumb\",\"itemListElement\":[{\"@type\":\"ListItem\",\"position\":1,\"name\":\"Portada\",\"item\":\"https:\/\/volcanes.net\/\"},{\"@type\":\"ListItem\",\"position\":2,\"name\":\"Cancelan fiestas patronales y carnavales en municipios de la Zona de los Volcanes\"}]},{\"@type\":\"WebSite\",\"@id\":\"https:\/\/volcanes.net\/#website\",\"url\":\"https:\/\/volcanes.net\/\",\"name\":\"Volcanes.Net\",\"description\":\"Periodismo Profesional\",\"publisher\":{\"@id\":\"https:\/\/volcanes.net\/#organization\"},\"potentialAction\":[{\"@type\":\"SearchAction\",\"target\":{\"@type\":\"EntryPoint\",\"urlTemplate\":\"https:\/\/volcanes.net\/?s={search_term_string}\"},\"query-input\":{\"@type\":\"PropertyValueSpecification\",\"valueRequired\":true,\"valueName\":\"search_term_string\"}}],\"inLanguage\":\"es\"},{\"@type\":\"Organization\",\"@id\":\"https:\/\/volcanes.net\/#organization\",\"name\":\"Grupo Volcanes\",\"url\":\"https:\/\/volcanes.net\/\",\"logo\":{\"@type\":\"ImageObject\",\"inLanguage\":\"es\",\"@id\":\"https:\/\/volcanes.net\/#\/schema\/logo\/image\/\",\"url\":\"http:\/\/volcanes.net\/wp-content\/uploads\/2017\/12\/Avatar2.jpg\",\"contentUrl\":\"http:\/\/volcanes.net\/wp-content\/uploads\/2017\/12\/Avatar2.jpg\",\"width\":378,\"height\":378,\"caption\":\"Grupo Volcanes\"},\"image\":{\"@id\":\"https:\/\/volcanes.net\/#\/schema\/logo\/image\/\"},\"sameAs\":[\"https:\/\/www.facebook.com\/volcanes.net\/\"]},{\"@type\":\"Person\",\"@id\":\"https:\/\/volcanes.net\/#\/schema\/person\/4bf0f383940966a4abd53f5048c0e6b9\",\"name\":\"admin\",\"image\":{\"@type\":\"ImageObject\",\"inLanguage\":\"es\",\"@id\":\"https:\/\/volcanes.net\/#\/schema\/person\/image\/\",\"url\":\"https:\/\/secure.gravatar.com\/avatar\/ca004e6cba8462b8cb7abc86e382930c?s=96&d=mm&r=g\",\"contentUrl\":\"https:\/\/secure.gravatar.com\/avatar\/ca004e6cba8462b8cb7abc86e382930c?s=96&d=mm&r=g\",\"caption\":\"admin\"}}]}<\/script>\n<!-- \/ Yoast SEO plugin. -->","yoast_head_json":{"title":"Cancelan fiestas patronales y carnavales en municipios de la Zona de los Volcanes - Volcanes","robots":{"index":"index","follow":"follow","max-snippet":"max-snippet:-1","max-image-preview":"max-image-preview:large","max-video-preview":"max-video-preview:-1"},"canonical":"https:\/\/volcanes.net\/?p=12322","og_locale":"es_MX","og_type":"article","og_title":"Cancelan fiestas patronales y carnavales en municipios de la Zona de los Volcanes - Volcanes","og_description":"Regi\u00f3n Oriente, Estado de M\u00e9xico.- Derivado de una reuni\u00f3n realizada el pasado 1 de febrero","og_url":"https:\/\/volcanes.net\/?p=12322","og_site_name":"Volcanes","article_publisher":"https:\/\/www.facebook.com\/volcanes.net\/","article_published_time":"2022-02-15T20:25:13+00:00","og_image":[{"width":720,"height":720,"url":"https:\/\/volcanes.net\/wp-content\/uploads\/2022\/02\/IMG-20220215-WA0002.jpg","type":"image\/jpeg"}],"author":"admin","twitter_card":"summary_large_image","twitter_misc":{"Escrito por":"admin","Tiempo de lectura":"2 minutos"},"schema":{"@context":"https:\/\/schema.org","@graph":[{"@type":"Article","@id":"https:\/\/volcanes.net\/?p=12322#article","isPartOf":{"@id":"https:\/\/volcanes.net\/?p=12322"},"author":{"name":"admin","@id":"https:\/\/volcanes.net\/#\/schema\/person\/4bf0f383940966a4abd53f5048c0e6b9"},"headline":"Cancelan fiestas patronales y carnavales en municipios de la Zona de los Volcanes","datePublished":"2022-02-15T20:25:13+00:00","mainEntityOfPage":{"@id":"https:\/\/volcanes.net\/?p=12322"},"wordCount":319,"commentCount":0,"publisher":{"@id":"https:\/\/volcanes.net\/#organization"},"image":{"@id":"https:\/\/volcanes.net\/?p=12322#primaryimage"},"thumbnailUrl":"https:\/\/volcanes.net\/wp-content\/uploads\/2022\/02\/IMG-20220215-WA0002.jpg","keywords":["Zona de los Volcanes"],"articleSection":["Municipales"],"inLanguage":"es","potentialAction":[{"@type":"CommentAction","name":"Comment","target":["https:\/\/volcanes.net\/?p=12322#respond"]}]},{"@type":"WebPage","@id":"https:\/\/volcanes.net\/?p=12322","url":"https:\/\/volcanes.net\/?p=12322","name":"Cancelan fiestas patronales y carnavales en municipios de la Zona de los Volcanes - Volcanes","isPartOf":{"@id":"https:\/\/volcanes.net\/#website"},"primaryImageOfPage":{"@id":"https:\/\/volcanes.net\/?p=12322#primaryimage"},"image":{"@id":"https:\/\/volcanes.net\/?p=12322#primaryimage"},"thumbnailUrl":"https:\/\/volcanes.net\/wp-content\/uploads\/2022\/02\/IMG-20220215-WA0002.jpg","datePublished":"2022-02-15T20:25:13+00:00","breadcrumb":{"@id":"https:\/\/volcanes.net\/?p=12322#breadcrumb"},"inLanguage":"es","potentialAction":[{"@type":"ReadAction","target":["https:\/\/volcanes.net\/?p=12322"]}]},{"@type":"ImageObject","inLanguage":"es","@id":"https:\/\/volcanes.net\/?p=12322#primaryimage","url":"https:\/\/volcanes.net\/wp-content\/uploads\/2022\/02\/IMG-20220215-WA0002.jpg","contentUrl":"https:\/\/volcanes.net\/wp-content\/uploads\/2022\/02\/IMG-20220215-WA0002.jpg","width":720,"height":720},{"@type":"BreadcrumbList","@id":"https:\/\/volcanes.net\/?p=12322#breadcrumb","itemListElement":[{"@type":"ListItem","position":1,"name":"Portada","item":"https:\/\/volcanes.net\/"},{"@type":"ListItem","position":2,"name":"Cancelan fiestas patronales y carnavales en municipios de la Zona de los Volcanes"}]},{"@type":"WebSite","@id":"https:\/\/volcanes.net\/#website","url":"https:\/\/volcanes.net\/","name":"Volcanes.Net","description":"Periodismo Profesional","publisher":{"@id":"https:\/\/volcanes.net\/#organization"},"potentialAction":[{"@type":"SearchAction","target":{"@type":"EntryPoint","urlTemplate":"https:\/\/volcanes.net\/?s={search_term_string}"},"query-input":{"@type":"PropertyValueSpecification","valueRequired":true,"valueName":"search_term_string"}}],"inLanguage":"es"},{"@type":"Organization","@id":"https:\/\/volcanes.net\/#organization","name":"Grupo Volcanes","url":"https:\/\/volcanes.net\/","logo":{"@type":"ImageObject","inLanguage":"es","@id":"https:\/\/volcanes.net\/#\/schema\/logo\/image\/","url":"http:\/\/volcanes.net\/wp-content\/uploads\/2017\/12\/Avatar2.jpg","contentUrl":"http:\/\/volcanes.net\/wp-content\/uploads\/2017\/12\/Avatar2.jpg","width":378,"height":378,"caption":"Grupo Volcanes"},"image":{"@id":"https:\/\/volcanes.net\/#\/schema\/logo\/image\/"},"sameAs":["https:\/\/www.facebook.com\/volcanes.net\/"]},{"@type":"Person","@id":"https:\/\/volcanes.net\/#\/schema\/person\/4bf0f383940966a4abd53f5048c0e6b9","name":"admin","image":{"@type":"ImageObject","inLanguage":"es","@id":"https:\/\/volcanes.net\/#\/schema\/person\/image\/","url":"https:\/\/secure.gravatar.com\/avatar\/ca004e6cba8462b8cb7abc86e382930c?s=96&d=mm&r=g","contentUrl":"https:\/\/secure.gravatar.com\/avatar\/ca004e6cba8462b8cb7abc86e382930c?s=96&d=mm&r=g","caption":"admin"}}]}},"_links":{"self":[{"href":"https:\/\/volcanes.net\/index.php?rest_route=\/wp\/v2\/posts\/12322"}],"collection":[{"href":"https:\/\/volcanes.net\/index.php?rest_route=\/wp\/v2\/posts"}],"about":[{"href":"https:\/\/volcanes.net\/index.php?rest_route=\/wp\/v2\/types\/post"}],"author":[{"embeddable":true,"href":"https:\/\/volcanes.net\/index.php?rest_route=\/wp\/v2\/users\/1"}],"replies":[{"embeddable":true,"href":"https:\/\/volcanes.net\/index.php?rest_route=%2Fwp%2Fv2%2Fcomments&post=12322"}],"version-history":[{"count":2,"href":"https:\/\/volcanes.net\/index.php?rest_route=\/wp\/v2\/posts\/12322\/revisions"}],"predecessor-version":[{"id":12325,"href":"https:\/\/volcanes.net\/index.php?rest_route=\/wp\/v2\/posts\/12322\/revisions\/12325"}],"wp:featuredmedia":[{"embeddable":true,"href":"https:\/\/volcanes.net\/index.php?rest_route=\/wp\/v2\/media\/12323"}],"wp:attachment":[{"href":"https:\/\/volcanes.net\/index.php?rest_route=%2Fwp%2Fv2%2Fmedia&parent=12322"}],"wp:term":[{"taxonomy":"category","embeddable":true,"href":"https:\/\/volcanes.net\/index.php?rest_route=%2Fwp%2Fv2%2Fcategories&post=12322"},{"taxonomy":"post_tag","embeddable":true,"href":"https:\/\/volcanes.net\/index.php?rest_route=%2Fwp%2Fv2%2Ftags&post=12322"}],"curies":[{"name":"wp","href":"https:\/\/api.w.org\/{rel}","templated":true}]}}