{"id":12326,"date":"2022-02-15T14:27:32","date_gmt":"2022-02-15T20:27:32","guid":{"rendered":"http:\/\/volcanes.net\/?p=12326"},"modified":"2022-02-15T14:27:32","modified_gmt":"2022-02-15T20:27:32","slug":"legislatura-mexiquense-publica-convocatoria-para-eleccion-extraordinaria-en-atlautla","status":"publish","type":"post","link":"https:\/\/volcanes.net\/?p=12326","title":{"rendered":"Legislatura Mexiquense publica convocatoria para Elecci\u00f3n Extraordinaria en Atlautla"},"content":{"rendered":"<div style=\"margin-top: 0px; margin-bottom: 0px;\" class=\"sharethis-inline-share-buttons\" ><\/div><ul>\n<li>&#8220;Podr\u00e1 participar el partido que hubiese perdido su registro, siempre y cuando hubiera participado con candidato en la elecci\u00f3n ordinaria que fue anulada\u201d<\/li>\n<li>\u201cLos candidatos independientes que hayan participado en una elecci\u00f3n ordinaria que haya sido anulada, tendr\u00e1n derecho a participar en las elecciones extraordinarias correspondientes\u201d<\/li>\n<\/ul>\n<p>Atlautla, Estado de M\u00e9xico.- El pasado 14 de febrero, la LXI Legislatura del Estado de M\u00e9xico, public\u00f3 la convocatoria a la ciudadan\u00eda del Municipio de Atlautla y a los partidos pol\u00edticos con derecho a participar, a la elecci\u00f3n extraordinaria para renovar a las y los integrantes del Ayuntamiento de Atlautla, cuya jornada electoral se celebrar\u00e1 el d\u00eda domingo 15 de mayo de 2022.<\/p>\n<p>Dicha convocatoria se\u00f1ala en su Base Segunda, que los cargos de elecci\u00f3n popular que ser\u00e1n renovados para el Ayuntamiento de Atlautla en la presente elecci\u00f3n extraordinaria ser\u00e1n los siguientes: a) Un titular de la Presidencia Municipal, propietario y su suplente. b) Cuatro regidur\u00edas, propietarias y sus suplentes, por el principio de mayor\u00eda relativa; as\u00ed como, tres regidur\u00edas de representaci\u00f3n proporcional que correspondan. c) Una sindicatura, propietaria y su suplente; cuyo per\u00edodo constitucional del Ayuntamiento electo comprender\u00e1 del 1\u00b0 de julio del a\u00f1o 2022 al 31 de diciembre del a\u00f1o 2024.<\/p>\n<p>En ning\u00fan caso podr\u00e1 participar el partido pol\u00edtico que tuviere suspendido o hubiere perdido su registro con anterioridad a la fecha en que deban realizarse las elecciones extraordinarias. No obstante, podr\u00e1 participar el partido que hubiese perdido su registro, siempre y cuando hubiera participado con candidato en la elecci\u00f3n ordinaria que fue anulada. Asimismo, el art\u00edculo 91 del referido C\u00f3digo establece que los candidatos independientes que hayan participado en una elecci\u00f3n ordinaria que haya sido anulada, tendr\u00e1n derecho a participar en las elecciones extraordinarias correspondientes.<\/p>\n<p>La elecci\u00f3n extraordinaria tendr\u00e1 tres etapas: I. Preparaci\u00f3n de la elecci\u00f3n, cuyo inicio declarar\u00e1 el Consejo General del Instituto Electoral del Estado de M\u00e9xico ajustando los plazos relativos a las etapas del proceso electoral, de conformidad con lo dispuesto por el art\u00edculo 33 del C\u00f3digo Electoral del Estado de M\u00e9xico y los plazos y t\u00e9rminos se\u00f1alados, deber\u00e1n ser publicados oportunamente en el Peri\u00f3dico Oficial &#8220;Gaceta del Gobierno&#8221; del Estado de M\u00e9xico y en dos peri\u00f3dicos locales y uno nacional de mayor circulaci\u00f3n. II. Jornada Electoral. Iniciar\u00e1 a las 8:00 horas del d\u00eda domingo 15 de mayo de 2022 y concluir\u00e1 con la remisi\u00f3n de los paquetes electorales al Consejo Municipal Electoral de Atlautla. III. Resultados y declaraci\u00f3n de validez. Iniciar\u00e1 con la recepci\u00f3n de los paquetes electorales al Consejo Municipal Electoral de Atlautla, para continuar con el c\u00f3mputo de la elecci\u00f3n, y concluir\u00e1 con la entrega de constancias de mayor\u00eda y la declaratoria de validez de la elecci\u00f3n para renovar a las y los integrantes del Ayuntamiento de Atlautla, hecha por el Consejo Municipal Electoral o, en su caso, con las resoluciones que emitan los tribunales electorales competentes. Lo anterior, de acuerdo a lo indicado en la Base Tercera de la Convocatoria.<\/p>\n<p>En esta elecci\u00f3n extraordinaria podr\u00e1n votar las personas que se encuentren inscritas en la Lista Nominal de Electores de Atlautla, utilizada en la Jornada Electoral del 6 de junio de 2021.<\/p>\n<p>&nbsp;<\/p>\n","protected":false},"excerpt":{"rendered":"<p>&#8220;Podr\u00e1 participar el partido que hubiese perdido su registro, siempre y cuando hubiera participado con<\/p>\n","protected":false},"author":1,"featured_media":12327,"comment_status":"open","ping_status":"open","sticky":false,"template":"","format":"standard","meta":{"footnotes":""},"categories":[1],"tags":[80],"class_list":["post-12326","post","type-post","status-publish","format-standard","has-post-thumbnail","hentry","category-municipales","tag-atlautla"],"yoast_head":"<!-- This site is optimized with the Yoast SEO plugin v25.3 - https:\/\/yoast.com\/wordpress\/plugins\/seo\/ -->\n<title>Legislatura Mexiquense publica convocatoria para Elecci\u00f3n Extraordinaria en Atlautla - Volcanes<\/title>\n<meta name=\"robots\" content=\"index, follow, max-snippet:-1, max-image-preview:large, max-video-preview:-1\" \/>\n<link rel=\"canonical\" href=\"https:\/\/volcanes.net\/?p=12326\" \/>\n<meta property=\"og:locale\" content=\"es_MX\" \/>\n<meta property=\"og:type\" content=\"article\" \/>\n<meta property=\"og:title\" content=\"Legislatura Mexiquense publica convocatoria para Elecci\u00f3n Extraordinaria en Atlautla - Volcanes\" \/>\n<meta property=\"og:description\" content=\"&#8220;Podr\u00e1 participar el partido que hubiese perdido su registro, siempre y cuando hubiera participado con\" \/>\n<meta property=\"og:url\" content=\"https:\/\/volcanes.net\/?p=12326\" \/>\n<meta property=\"og:site_name\" content=\"Volcanes\" \/>\n<meta property=\"article:publisher\" content=\"https:\/\/www.facebook.com\/volcanes.net\/\" \/>\n<meta property=\"article:published_time\" content=\"2022-02-15T20:27:32+00:00\" \/>\n<meta property=\"og:image\" content=\"https:\/\/volcanes.net\/wp-content\/uploads\/2022\/02\/IMG-20220215-WA0003.jpg\" \/>\n\t<meta property=\"og:image:width\" content=\"1080\" \/>\n\t<meta property=\"og:image:height\" content=\"608\" \/>\n\t<meta property=\"og:image:type\" content=\"image\/jpeg\" \/>\n<meta name=\"author\" content=\"admin\" \/>\n<meta name=\"twitter:card\" content=\"summary_large_image\" \/>\n<meta name=\"twitter:label1\" content=\"Escrito por\" \/>\n\t<meta name=\"twitter:data1\" content=\"admin\" \/>\n\t<meta name=\"twitter:label2\" content=\"Tiempo de lectura\" \/>\n\t<meta name=\"twitter:data2\" content=\"3 minutos\" \/>\n<script type=\"application\/ld+json\" class=\"yoast-schema-graph\">{\"@context\":\"https:\/\/schema.org\",\"@graph\":[{\"@type\":\"Article\",\"@id\":\"https:\/\/volcanes.net\/?p=12326#article\",\"isPartOf\":{\"@id\":\"https:\/\/volcanes.net\/?p=12326\"},\"author\":{\"name\":\"admin\",\"@id\":\"https:\/\/volcanes.net\/#\/schema\/person\/4bf0f383940966a4abd53f5048c0e6b9\"},\"headline\":\"Legislatura Mexiquense publica convocatoria para Elecci\u00f3n Extraordinaria en Atlautla\",\"datePublished\":\"2022-02-15T20:27:32+00:00\",\"mainEntityOfPage\":{\"@id\":\"https:\/\/volcanes.net\/?p=12326\"},\"wordCount\":567,\"commentCount\":0,\"publisher\":{\"@id\":\"https:\/\/volcanes.net\/#organization\"},\"image\":{\"@id\":\"https:\/\/volcanes.net\/?p=12326#primaryimage\"},\"thumbnailUrl\":\"https:\/\/volcanes.net\/wp-content\/uploads\/2022\/02\/IMG-20220215-WA0003.jpg\",\"keywords\":[\"Atlautla\"],\"articleSection\":[\"Municipales\"],\"inLanguage\":\"es\",\"potentialAction\":[{\"@type\":\"CommentAction\",\"name\":\"Comment\",\"target\":[\"https:\/\/volcanes.net\/?p=12326#respond\"]}]},{\"@type\":\"WebPage\",\"@id\":\"https:\/\/volcanes.net\/?p=12326\",\"url\":\"https:\/\/volcanes.net\/?p=12326\",\"name\":\"Legislatura Mexiquense publica convocatoria para Elecci\u00f3n Extraordinaria en Atlautla - Volcanes\",\"isPartOf\":{\"@id\":\"https:\/\/volcanes.net\/#website\"},\"primaryImageOfPage\":{\"@id\":\"https:\/\/volcanes.net\/?p=12326#primaryimage\"},\"image\":{\"@id\":\"https:\/\/volcanes.net\/?p=12326#primaryimage\"},\"thumbnailUrl\":\"https:\/\/volcanes.net\/wp-content\/uploads\/2022\/02\/IMG-20220215-WA0003.jpg\",\"datePublished\":\"2022-02-15T20:27:32+00:00\",\"breadcrumb\":{\"@id\":\"https:\/\/volcanes.net\/?p=12326#breadcrumb\"},\"inLanguage\":\"es\",\"potentialAction\":[{\"@type\":\"ReadAction\",\"target\":[\"https:\/\/volcanes.net\/?p=12326\"]}]},{\"@type\":\"ImageObject\",\"inLanguage\":\"es\",\"@id\":\"https:\/\/volcanes.net\/?p=12326#primaryimage\",\"url\":\"https:\/\/volcanes.net\/wp-content\/uploads\/2022\/02\/IMG-20220215-WA0003.jpg\",\"contentUrl\":\"https:\/\/volcanes.net\/wp-content\/uploads\/2022\/02\/IMG-20220215-WA0003.jpg\",\"width\":1080,\"height\":608},{\"@type\":\"BreadcrumbList\",\"@id\":\"https:\/\/volcanes.net\/?p=12326#breadcrumb\",\"itemListElement\":[{\"@type\":\"ListItem\",\"position\":1,\"name\":\"Portada\",\"item\":\"https:\/\/volcanes.net\/\"},{\"@type\":\"ListItem\",\"position\":2,\"name\":\"Legislatura Mexiquense publica convocatoria para Elecci\u00f3n Extraordinaria en Atlautla\"}]},{\"@type\":\"WebSite\",\"@id\":\"https:\/\/volcanes.net\/#website\",\"url\":\"https:\/\/volcanes.net\/\",\"name\":\"Volcanes.Net\",\"description\":\"Periodismo Profesional\",\"publisher\":{\"@id\":\"https:\/\/volcanes.net\/#organization\"},\"potentialAction\":[{\"@type\":\"SearchAction\",\"target\":{\"@type\":\"EntryPoint\",\"urlTemplate\":\"https:\/\/volcanes.net\/?s={search_term_string}\"},\"query-input\":{\"@type\":\"PropertyValueSpecification\",\"valueRequired\":true,\"valueName\":\"search_term_string\"}}],\"inLanguage\":\"es\"},{\"@type\":\"Organization\",\"@id\":\"https:\/\/volcanes.net\/#organization\",\"name\":\"Grupo Volcanes\",\"url\":\"https:\/\/volcanes.net\/\",\"logo\":{\"@type\":\"ImageObject\",\"inLanguage\":\"es\",\"@id\":\"https:\/\/volcanes.net\/#\/schema\/logo\/image\/\",\"url\":\"http:\/\/volcanes.net\/wp-content\/uploads\/2017\/12\/Avatar2.jpg\",\"contentUrl\":\"http:\/\/volcanes.net\/wp-content\/uploads\/2017\/12\/Avatar2.jpg\",\"width\":378,\"height\":378,\"caption\":\"Grupo Volcanes\"},\"image\":{\"@id\":\"https:\/\/volcanes.net\/#\/schema\/logo\/image\/\"},\"sameAs\":[\"https:\/\/www.facebook.com\/volcanes.net\/\"]},{\"@type\":\"Person\",\"@id\":\"https:\/\/volcanes.net\/#\/schema\/person\/4bf0f383940966a4abd53f5048c0e6b9\",\"name\":\"admin\",\"image\":{\"@type\":\"ImageObject\",\"inLanguage\":\"es\",\"@id\":\"https:\/\/volcanes.net\/#\/schema\/person\/image\/\",\"url\":\"https:\/\/secure.gravatar.com\/avatar\/ca004e6cba8462b8cb7abc86e382930c?s=96&d=mm&r=g\",\"contentUrl\":\"https:\/\/secure.gravatar.com\/avatar\/ca004e6cba8462b8cb7abc86e382930c?s=96&d=mm&r=g\",\"caption\":\"admin\"}}]}<\/script>\n<!-- \/ Yoast SEO plugin. -->","yoast_head_json":{"title":"Legislatura Mexiquense publica convocatoria para Elecci\u00f3n Extraordinaria en Atlautla - Volcanes","robots":{"index":"index","follow":"follow","max-snippet":"max-snippet:-1","max-image-preview":"max-image-preview:large","max-video-preview":"max-video-preview:-1"},"canonical":"https:\/\/volcanes.net\/?p=12326","og_locale":"es_MX","og_type":"article","og_title":"Legislatura Mexiquense publica convocatoria para Elecci\u00f3n Extraordinaria en Atlautla - Volcanes","og_description":"&#8220;Podr\u00e1 participar el partido que hubiese perdido su registro, siempre y cuando hubiera participado con","og_url":"https:\/\/volcanes.net\/?p=12326","og_site_name":"Volcanes","article_publisher":"https:\/\/www.facebook.com\/volcanes.net\/","article_published_time":"2022-02-15T20:27:32+00:00","og_image":[{"width":1080,"height":608,"url":"https:\/\/volcanes.net\/wp-content\/uploads\/2022\/02\/IMG-20220215-WA0003.jpg","type":"image\/jpeg"}],"author":"admin","twitter_card":"summary_large_image","twitter_misc":{"Escrito por":"admin","Tiempo de lectura":"3 minutos"},"schema":{"@context":"https:\/\/schema.org","@graph":[{"@type":"Article","@id":"https:\/\/volcanes.net\/?p=12326#article","isPartOf":{"@id":"https:\/\/volcanes.net\/?p=12326"},"author":{"name":"admin","@id":"https:\/\/volcanes.net\/#\/schema\/person\/4bf0f383940966a4abd53f5048c0e6b9"},"headline":"Legislatura Mexiquense publica convocatoria para Elecci\u00f3n Extraordinaria en Atlautla","datePublished":"2022-02-15T20:27:32+00:00","mainEntityOfPage":{"@id":"https:\/\/volcanes.net\/?p=12326"},"wordCount":567,"commentCount":0,"publisher":{"@id":"https:\/\/volcanes.net\/#organization"},"image":{"@id":"https:\/\/volcanes.net\/?p=12326#primaryimage"},"thumbnailUrl":"https:\/\/volcanes.net\/wp-content\/uploads\/2022\/02\/IMG-20220215-WA0003.jpg","keywords":["Atlautla"],"articleSection":["Municipales"],"inLanguage":"es","potentialAction":[{"@type":"CommentAction","name":"Comment","target":["https:\/\/volcanes.net\/?p=12326#respond"]}]},{"@type":"WebPage","@id":"https:\/\/volcanes.net\/?p=12326","url":"https:\/\/volcanes.net\/?p=12326","name":"Legislatura Mexiquense publica convocatoria para Elecci\u00f3n Extraordinaria en Atlautla - Volcanes","isPartOf":{"@id":"https:\/\/volcanes.net\/#website"},"primaryImageOfPage":{"@id":"https:\/\/volcanes.net\/?p=12326#primaryimage"},"image":{"@id":"https:\/\/volcanes.net\/?p=12326#primaryimage"},"thumbnailUrl":"https:\/\/volcanes.net\/wp-content\/uploads\/2022\/02\/IMG-20220215-WA0003.jpg","datePublished":"2022-02-15T20:27:32+00:00","breadcrumb":{"@id":"https:\/\/volcanes.net\/?p=12326#breadcrumb"},"inLanguage":"es","potentialAction":[{"@type":"ReadAction","target":["https:\/\/volcanes.net\/?p=12326"]}]},{"@type":"ImageObject","inLanguage":"es","@id":"https:\/\/volcanes.net\/?p=12326#primaryimage","url":"https:\/\/volcanes.net\/wp-content\/uploads\/2022\/02\/IMG-20220215-WA0003.jpg","contentUrl":"https:\/\/volcanes.net\/wp-content\/uploads\/2022\/02\/IMG-20220215-WA0003.jpg","width":1080,"height":608},{"@type":"BreadcrumbList","@id":"https:\/\/volcanes.net\/?p=12326#breadcrumb","itemListElement":[{"@type":"ListItem","position":1,"name":"Portada","item":"https:\/\/volcanes.net\/"},{"@type":"ListItem","position":2,"name":"Legislatura Mexiquense publica convocatoria para Elecci\u00f3n Extraordinaria en Atlautla"}]},{"@type":"WebSite","@id":"https:\/\/volcanes.net\/#website","url":"https:\/\/volcanes.net\/","name":"Volcanes.Net","description":"Periodismo Profesional","publisher":{"@id":"https:\/\/volcanes.net\/#organization"},"potentialAction":[{"@type":"SearchAction","target":{"@type":"EntryPoint","urlTemplate":"https:\/\/volcanes.net\/?s={search_term_string}"},"query-input":{"@type":"PropertyValueSpecification","valueRequired":true,"valueName":"search_term_string"}}],"inLanguage":"es"},{"@type":"Organization","@id":"https:\/\/volcanes.net\/#organization","name":"Grupo Volcanes","url":"https:\/\/volcanes.net\/","logo":{"@type":"ImageObject","inLanguage":"es","@id":"https:\/\/volcanes.net\/#\/schema\/logo\/image\/","url":"http:\/\/volcanes.net\/wp-content\/uploads\/2017\/12\/Avatar2.jpg","contentUrl":"http:\/\/volcanes.net\/wp-content\/uploads\/2017\/12\/Avatar2.jpg","width":378,"height":378,"caption":"Grupo Volcanes"},"image":{"@id":"https:\/\/volcanes.net\/#\/schema\/logo\/image\/"},"sameAs":["https:\/\/www.facebook.com\/volcanes.net\/"]},{"@type":"Person","@id":"https:\/\/volcanes.net\/#\/schema\/person\/4bf0f383940966a4abd53f5048c0e6b9","name":"admin","image":{"@type":"ImageObject","inLanguage":"es","@id":"https:\/\/volcanes.net\/#\/schema\/person\/image\/","url":"https:\/\/secure.gravatar.com\/avatar\/ca004e6cba8462b8cb7abc86e382930c?s=96&d=mm&r=g","contentUrl":"https:\/\/secure.gravatar.com\/avatar\/ca004e6cba8462b8cb7abc86e382930c?s=96&d=mm&r=g","caption":"admin"}}]}},"_links":{"self":[{"href":"https:\/\/volcanes.net\/index.php?rest_route=\/wp\/v2\/posts\/12326"}],"collection":[{"href":"https:\/\/volcanes.net\/index.php?rest_route=\/wp\/v2\/posts"}],"about":[{"href":"https:\/\/volcanes.net\/index.php?rest_route=\/wp\/v2\/types\/post"}],"author":[{"embeddable":true,"href":"https:\/\/volcanes.net\/index.php?rest_route=\/wp\/v2\/users\/1"}],"replies":[{"embeddable":true,"href":"https:\/\/volcanes.net\/index.php?rest_route=%2Fwp%2Fv2%2Fcomments&post=12326"}],"version-history":[{"count":1,"href":"https:\/\/volcanes.net\/index.php?rest_route=\/wp\/v2\/posts\/12326\/revisions"}],"predecessor-version":[{"id":12328,"href":"https:\/\/volcanes.net\/index.php?rest_route=\/wp\/v2\/posts\/12326\/revisions\/12328"}],"wp:featuredmedia":[{"embeddable":true,"href":"https:\/\/volcanes.net\/index.php?rest_route=\/wp\/v2\/media\/12327"}],"wp:attachment":[{"href":"https:\/\/volcanes.net\/index.php?rest_route=%2Fwp%2Fv2%2Fmedia&parent=12326"}],"wp:term":[{"taxonomy":"category","embeddable":true,"href":"https:\/\/volcanes.net\/index.php?rest_route=%2Fwp%2Fv2%2Fcategories&post=12326"},{"taxonomy":"post_tag","embeddable":true,"href":"https:\/\/volcanes.net\/index.php?rest_route=%2Fwp%2Fv2%2Ftags&post=12326"}],"curies":[{"name":"wp","href":"https:\/\/api.w.org\/{rel}","templated":true}]}}