{"id":1235,"date":"2018-02-19T19:32:12","date_gmt":"2018-02-19T19:32:12","guid":{"rendered":"http:\/\/volcanes.net\/?p=1235"},"modified":"2018-02-19T19:32:12","modified_gmt":"2018-02-19T19:32:12","slug":"detiene-fgjem-a-dos-sujetos-investigados-por-la-agresion-a-lider-del-pes-en-edomex","status":"publish","type":"post","link":"https:\/\/volcanes.net\/?p=1235","title":{"rendered":"Detiene FGJEM a dos sujetos investigados por la agresi\u00f3n a l\u00edder del PES en Edomex"},"content":{"rendered":"<div style=\"margin-top: 0px; margin-bottom: 0px;\" class=\"sharethis-inline-share-buttons\" ><\/div><p><strong>Toluca. M\u00e9xico., 18 de febrero de 2018.-<\/strong> Agentes de Investigaci\u00f3n de la Fiscal\u00eda General de Justicia del Estado de M\u00e9xico (FGJEM) cumplimentaron una orden de aprehensi\u00f3n en contra de dos sujetos, por el delito de homicidio calificado en grado de tentativa, ya que son investigados por la agresi\u00f3n que sufri\u00f3 el dirigente del Partido Encuentro Social en el municipio de Chalco, el 9 de febrero pasado.<\/p>\n<p>La indagatoria realizada por la FGJEM permiti\u00f3 recabar datos de prueba para solicitar una orden de aprehensi\u00f3n en contra de Neri Ricardo \u201cN\u201d y Jafet \u201cN\u201d, quienes fueron ingresados al Centro Penitenciario y de Reinserci\u00f3n Social de Chalco la tarde de este s\u00e1bado.<\/p>\n<p>La investigaci\u00f3n permiti\u00f3 establecer que el d\u00eda de los hechos, Neri Ricardo \u201cN\u201d conduc\u00eda un veh\u00edculo blanco, tipo Golf, en el que transportaba a dos sujetos, quienes habr\u00edan descendido de la unidad a la altura de la colonia Portales, sobre el Bulevar Arturo Montiel Rojas, en Chalco, donde abrieron fuego en contra del veh\u00edculo del dirigente partidista.<\/p>\n<p>En tanto que Jafet \u201cN\u201d habr\u00eda hecho labores de vigilancia para establecer la ruta que seguir\u00eda la v\u00edctima el d\u00eda que fue agredida.<\/p>\n<p>Derivado de esta investigaci\u00f3n, la FGJEM llev\u00f3 a cabo diversas diligencias, entre las que destacan la inspecci\u00f3n en el lugar de los hechos, la inspecci\u00f3n al veh\u00edculo de la v\u00edctima, la recolecci\u00f3n y an\u00e1lisis de diversos elementos bal\u00edsticos, pruebas periciales de criminal\u00edstica y fotograf\u00eda, as\u00ed como decenas de testimoniales y an\u00e1lisis de los videos de c\u00e1maras de vigilancia estatales y de negocios particulares ubicadas en la zona en que se dio la agresi\u00f3n.<\/p>\n<p>&nbsp;<\/p>\n<p>Con estas pruebas se ha podido establecer que el d\u00eda de los hechos, la v\u00edctima circulaba a bordo de su camioneta en el Bulevar Arturo Montiel Rojas, a la altura de la colonia Portales, en el municipio de Chalco, cuando un veh\u00edculo compacto tipo Shadow, de color rojo, obstru\u00eda su camino al circular muy lento; al llegar a un sem\u00e1foro detr\u00e1s de la v\u00edctima se detuvo un veh\u00edculo tipo Golf, color blanco, del cual descendieron dos sujetos y uno de ellos dispar\u00f3 en al menos cinco ocasiones.<\/p>\n<p>Cabe se\u00f1alar que la investigaci\u00f3n por esta agresi\u00f3n contin\u00faa, pues han sido identificados otros posibles part\u00edcipes de estos hechos, a quienes ya se sigue la pista para localizarlos y presentarlos ante la Autoridad Judicial.<\/p>\n","protected":false},"excerpt":{"rendered":"<p>Toluca. M\u00e9xico., 18 de febrero de 2018.- Agentes de Investigaci\u00f3n de la Fiscal\u00eda General de<\/p>\n","protected":false},"author":1,"featured_media":266,"comment_status":"open","ping_status":"open","sticky":false,"template":"","format":"standard","meta":{"footnotes":""},"categories":[1],"tags":[7,89,80,57,9,73,77,63,15,42,91,6,85,90,75,21,76,14,71,16,22,81,92,41,43,46],"class_list":["post-1235","post","type-post","status-publish","format-standard","has-post-thumbnail","hentry","category-municipales","tag-amecameca","tag-atizapan","tag-atlautla","tag-ayapango","tag-chalco","tag-chimalhuacan","tag-coacalco","tag-ecatepec","tag-ecatzingo","tag-fgjem","tag-huixquilucan","tag-ixtapaluca","tag-izcalli","tag-la-paz","tag-naucalpan","tag-nezahualcoyotl","tag-nicolas-romero","tag-ozumba","tag-tecamac","tag-tepetlixpa","tag-texcoco","tag-tlalmanalco","tag-tlalnepantla","tag-toluca","tag-tultitlan","tag-volcanes"],"yoast_head":"<!-- This site is optimized with the Yoast SEO plugin v25.3 - https:\/\/yoast.com\/wordpress\/plugins\/seo\/ -->\n<title>Detiene FGJEM a dos sujetos investigados por la agresi\u00f3n a l\u00edder del PES en Edomex - Volcanes<\/title>\n<meta name=\"robots\" content=\"index, follow, max-snippet:-1, max-image-preview:large, max-video-preview:-1\" \/>\n<link rel=\"canonical\" href=\"https:\/\/volcanes.net\/?p=1235\" \/>\n<meta property=\"og:locale\" content=\"es_MX\" \/>\n<meta property=\"og:type\" content=\"article\" \/>\n<meta property=\"og:title\" content=\"Detiene FGJEM a dos sujetos investigados por la agresi\u00f3n a l\u00edder del PES en Edomex - Volcanes\" \/>\n<meta property=\"og:description\" content=\"Toluca. M\u00e9xico., 18 de febrero de 2018.- Agentes de Investigaci\u00f3n de la Fiscal\u00eda General de\" \/>\n<meta property=\"og:url\" content=\"https:\/\/volcanes.net\/?p=1235\" \/>\n<meta property=\"og:site_name\" content=\"Volcanes\" \/>\n<meta property=\"article:publisher\" content=\"https:\/\/www.facebook.com\/volcanes.net\/\" \/>\n<meta property=\"article:published_time\" content=\"2018-02-19T19:32:12+00:00\" \/>\n<meta property=\"og:image\" content=\"https:\/\/volcanes.net\/wp-content\/uploads\/2018\/01\/fgjemarchivo.jpg\" \/>\n\t<meta property=\"og:image:width\" content=\"273\" \/>\n\t<meta property=\"og:image:height\" content=\"185\" \/>\n\t<meta property=\"og:image:type\" content=\"image\/jpeg\" \/>\n<meta name=\"author\" content=\"admin\" \/>\n<meta name=\"twitter:card\" content=\"summary_large_image\" \/>\n<meta name=\"twitter:label1\" content=\"Escrito por\" \/>\n\t<meta name=\"twitter:data1\" content=\"admin\" \/>\n\t<meta name=\"twitter:label2\" content=\"Tiempo de lectura\" \/>\n\t<meta name=\"twitter:data2\" content=\"2 minutos\" \/>\n<script type=\"application\/ld+json\" class=\"yoast-schema-graph\">{\"@context\":\"https:\/\/schema.org\",\"@graph\":[{\"@type\":\"Article\",\"@id\":\"https:\/\/volcanes.net\/?p=1235#article\",\"isPartOf\":{\"@id\":\"https:\/\/volcanes.net\/?p=1235\"},\"author\":{\"name\":\"admin\",\"@id\":\"https:\/\/volcanes.net\/#\/schema\/person\/4bf0f383940966a4abd53f5048c0e6b9\"},\"headline\":\"Detiene FGJEM a dos sujetos investigados por la agresi\u00f3n a l\u00edder del PES en Edomex\",\"datePublished\":\"2018-02-19T19:32:12+00:00\",\"mainEntityOfPage\":{\"@id\":\"https:\/\/volcanes.net\/?p=1235\"},\"wordCount\":444,\"commentCount\":0,\"publisher\":{\"@id\":\"https:\/\/volcanes.net\/#organization\"},\"image\":{\"@id\":\"https:\/\/volcanes.net\/?p=1235#primaryimage\"},\"thumbnailUrl\":\"https:\/\/volcanes.net\/wp-content\/uploads\/2018\/01\/fgjemarchivo.jpg\",\"keywords\":[\"Amecameca\",\"Atizap\u00e1n\",\"Atlautla\",\"Ayapango\",\"Chalco\",\"Chimalhuac\u00e1n\",\"Coacalco\",\"Ecatepec\",\"Ecatzingo\",\"FGJEM\",\"Huixquilucan\",\"Ixtapaluca\",\"Izcalli\",\"La Paz\",\"Naucalpan\",\"Nezahualc\u00f3yotl\",\"Nicol\u00e1s Romero\",\"Ozumba\",\"Tec\u00e1mac\",\"Tepetlixpa\",\"Texcoco\",\"Tlalmanalco\",\"Tlalnepantla\",\"Toluca\",\"Tultitl\u00e1n\",\"Volcanes\"],\"articleSection\":[\"Municipales\"],\"inLanguage\":\"es\",\"potentialAction\":[{\"@type\":\"CommentAction\",\"name\":\"Comment\",\"target\":[\"https:\/\/volcanes.net\/?p=1235#respond\"]}]},{\"@type\":\"WebPage\",\"@id\":\"https:\/\/volcanes.net\/?p=1235\",\"url\":\"https:\/\/volcanes.net\/?p=1235\",\"name\":\"Detiene FGJEM a dos sujetos investigados por la agresi\u00f3n a l\u00edder del PES en Edomex - Volcanes\",\"isPartOf\":{\"@id\":\"https:\/\/volcanes.net\/#website\"},\"primaryImageOfPage\":{\"@id\":\"https:\/\/volcanes.net\/?p=1235#primaryimage\"},\"image\":{\"@id\":\"https:\/\/volcanes.net\/?p=1235#primaryimage\"},\"thumbnailUrl\":\"https:\/\/volcanes.net\/wp-content\/uploads\/2018\/01\/fgjemarchivo.jpg\",\"datePublished\":\"2018-02-19T19:32:12+00:00\",\"breadcrumb\":{\"@id\":\"https:\/\/volcanes.net\/?p=1235#breadcrumb\"},\"inLanguage\":\"es\",\"potentialAction\":[{\"@type\":\"ReadAction\",\"target\":[\"https:\/\/volcanes.net\/?p=1235\"]}]},{\"@type\":\"ImageObject\",\"inLanguage\":\"es\",\"@id\":\"https:\/\/volcanes.net\/?p=1235#primaryimage\",\"url\":\"https:\/\/volcanes.net\/wp-content\/uploads\/2018\/01\/fgjemarchivo.jpg\",\"contentUrl\":\"https:\/\/volcanes.net\/wp-content\/uploads\/2018\/01\/fgjemarchivo.jpg\",\"width\":273,\"height\":185},{\"@type\":\"BreadcrumbList\",\"@id\":\"https:\/\/volcanes.net\/?p=1235#breadcrumb\",\"itemListElement\":[{\"@type\":\"ListItem\",\"position\":1,\"name\":\"Portada\",\"item\":\"https:\/\/volcanes.net\/\"},{\"@type\":\"ListItem\",\"position\":2,\"name\":\"Detiene FGJEM a dos sujetos investigados por la agresi\u00f3n a l\u00edder del PES en Edomex\"}]},{\"@type\":\"WebSite\",\"@id\":\"https:\/\/volcanes.net\/#website\",\"url\":\"https:\/\/volcanes.net\/\",\"name\":\"Volcanes.Net\",\"description\":\"Periodismo Profesional\",\"publisher\":{\"@id\":\"https:\/\/volcanes.net\/#organization\"},\"potentialAction\":[{\"@type\":\"SearchAction\",\"target\":{\"@type\":\"EntryPoint\",\"urlTemplate\":\"https:\/\/volcanes.net\/?s={search_term_string}\"},\"query-input\":{\"@type\":\"PropertyValueSpecification\",\"valueRequired\":true,\"valueName\":\"search_term_string\"}}],\"inLanguage\":\"es\"},{\"@type\":\"Organization\",\"@id\":\"https:\/\/volcanes.net\/#organization\",\"name\":\"Grupo Volcanes\",\"url\":\"https:\/\/volcanes.net\/\",\"logo\":{\"@type\":\"ImageObject\",\"inLanguage\":\"es\",\"@id\":\"https:\/\/volcanes.net\/#\/schema\/logo\/image\/\",\"url\":\"http:\/\/volcanes.net\/wp-content\/uploads\/2017\/12\/Avatar2.jpg\",\"contentUrl\":\"http:\/\/volcanes.net\/wp-content\/uploads\/2017\/12\/Avatar2.jpg\",\"width\":378,\"height\":378,\"caption\":\"Grupo Volcanes\"},\"image\":{\"@id\":\"https:\/\/volcanes.net\/#\/schema\/logo\/image\/\"},\"sameAs\":[\"https:\/\/www.facebook.com\/volcanes.net\/\"]},{\"@type\":\"Person\",\"@id\":\"https:\/\/volcanes.net\/#\/schema\/person\/4bf0f383940966a4abd53f5048c0e6b9\",\"name\":\"admin\",\"image\":{\"@type\":\"ImageObject\",\"inLanguage\":\"es\",\"@id\":\"https:\/\/volcanes.net\/#\/schema\/person\/image\/\",\"url\":\"https:\/\/secure.gravatar.com\/avatar\/ca004e6cba8462b8cb7abc86e382930c?s=96&d=mm&r=g\",\"contentUrl\":\"https:\/\/secure.gravatar.com\/avatar\/ca004e6cba8462b8cb7abc86e382930c?s=96&d=mm&r=g\",\"caption\":\"admin\"}}]}<\/script>\n<!-- \/ Yoast SEO plugin. -->","yoast_head_json":{"title":"Detiene FGJEM a dos sujetos investigados por la agresi\u00f3n a l\u00edder del PES en Edomex - Volcanes","robots":{"index":"index","follow":"follow","max-snippet":"max-snippet:-1","max-image-preview":"max-image-preview:large","max-video-preview":"max-video-preview:-1"},"canonical":"https:\/\/volcanes.net\/?p=1235","og_locale":"es_MX","og_type":"article","og_title":"Detiene FGJEM a dos sujetos investigados por la agresi\u00f3n a l\u00edder del PES en Edomex - Volcanes","og_description":"Toluca. M\u00e9xico., 18 de febrero de 2018.- Agentes de Investigaci\u00f3n de la Fiscal\u00eda General de","og_url":"https:\/\/volcanes.net\/?p=1235","og_site_name":"Volcanes","article_publisher":"https:\/\/www.facebook.com\/volcanes.net\/","article_published_time":"2018-02-19T19:32:12+00:00","og_image":[{"width":273,"height":185,"url":"https:\/\/volcanes.net\/wp-content\/uploads\/2018\/01\/fgjemarchivo.jpg","type":"image\/jpeg"}],"author":"admin","twitter_card":"summary_large_image","twitter_misc":{"Escrito por":"admin","Tiempo de lectura":"2 minutos"},"schema":{"@context":"https:\/\/schema.org","@graph":[{"@type":"Article","@id":"https:\/\/volcanes.net\/?p=1235#article","isPartOf":{"@id":"https:\/\/volcanes.net\/?p=1235"},"author":{"name":"admin","@id":"https:\/\/volcanes.net\/#\/schema\/person\/4bf0f383940966a4abd53f5048c0e6b9"},"headline":"Detiene FGJEM a dos sujetos investigados por la agresi\u00f3n a l\u00edder del PES en Edomex","datePublished":"2018-02-19T19:32:12+00:00","mainEntityOfPage":{"@id":"https:\/\/volcanes.net\/?p=1235"},"wordCount":444,"commentCount":0,"publisher":{"@id":"https:\/\/volcanes.net\/#organization"},"image":{"@id":"https:\/\/volcanes.net\/?p=1235#primaryimage"},"thumbnailUrl":"https:\/\/volcanes.net\/wp-content\/uploads\/2018\/01\/fgjemarchivo.jpg","keywords":["Amecameca","Atizap\u00e1n","Atlautla","Ayapango","Chalco","Chimalhuac\u00e1n","Coacalco","Ecatepec","Ecatzingo","FGJEM","Huixquilucan","Ixtapaluca","Izcalli","La Paz","Naucalpan","Nezahualc\u00f3yotl","Nicol\u00e1s Romero","Ozumba","Tec\u00e1mac","Tepetlixpa","Texcoco","Tlalmanalco","Tlalnepantla","Toluca","Tultitl\u00e1n","Volcanes"],"articleSection":["Municipales"],"inLanguage":"es","potentialAction":[{"@type":"CommentAction","name":"Comment","target":["https:\/\/volcanes.net\/?p=1235#respond"]}]},{"@type":"WebPage","@id":"https:\/\/volcanes.net\/?p=1235","url":"https:\/\/volcanes.net\/?p=1235","name":"Detiene FGJEM a dos sujetos investigados por la agresi\u00f3n a l\u00edder del PES en Edomex - Volcanes","isPartOf":{"@id":"https:\/\/volcanes.net\/#website"},"primaryImageOfPage":{"@id":"https:\/\/volcanes.net\/?p=1235#primaryimage"},"image":{"@id":"https:\/\/volcanes.net\/?p=1235#primaryimage"},"thumbnailUrl":"https:\/\/volcanes.net\/wp-content\/uploads\/2018\/01\/fgjemarchivo.jpg","datePublished":"2018-02-19T19:32:12+00:00","breadcrumb":{"@id":"https:\/\/volcanes.net\/?p=1235#breadcrumb"},"inLanguage":"es","potentialAction":[{"@type":"ReadAction","target":["https:\/\/volcanes.net\/?p=1235"]}]},{"@type":"ImageObject","inLanguage":"es","@id":"https:\/\/volcanes.net\/?p=1235#primaryimage","url":"https:\/\/volcanes.net\/wp-content\/uploads\/2018\/01\/fgjemarchivo.jpg","contentUrl":"https:\/\/volcanes.net\/wp-content\/uploads\/2018\/01\/fgjemarchivo.jpg","width":273,"height":185},{"@type":"BreadcrumbList","@id":"https:\/\/volcanes.net\/?p=1235#breadcrumb","itemListElement":[{"@type":"ListItem","position":1,"name":"Portada","item":"https:\/\/volcanes.net\/"},{"@type":"ListItem","position":2,"name":"Detiene FGJEM a dos sujetos investigados por la agresi\u00f3n a l\u00edder del PES en Edomex"}]},{"@type":"WebSite","@id":"https:\/\/volcanes.net\/#website","url":"https:\/\/volcanes.net\/","name":"Volcanes.Net","description":"Periodismo Profesional","publisher":{"@id":"https:\/\/volcanes.net\/#organization"},"potentialAction":[{"@type":"SearchAction","target":{"@type":"EntryPoint","urlTemplate":"https:\/\/volcanes.net\/?s={search_term_string}"},"query-input":{"@type":"PropertyValueSpecification","valueRequired":true,"valueName":"search_term_string"}}],"inLanguage":"es"},{"@type":"Organization","@id":"https:\/\/volcanes.net\/#organization","name":"Grupo Volcanes","url":"https:\/\/volcanes.net\/","logo":{"@type":"ImageObject","inLanguage":"es","@id":"https:\/\/volcanes.net\/#\/schema\/logo\/image\/","url":"http:\/\/volcanes.net\/wp-content\/uploads\/2017\/12\/Avatar2.jpg","contentUrl":"http:\/\/volcanes.net\/wp-content\/uploads\/2017\/12\/Avatar2.jpg","width":378,"height":378,"caption":"Grupo Volcanes"},"image":{"@id":"https:\/\/volcanes.net\/#\/schema\/logo\/image\/"},"sameAs":["https:\/\/www.facebook.com\/volcanes.net\/"]},{"@type":"Person","@id":"https:\/\/volcanes.net\/#\/schema\/person\/4bf0f383940966a4abd53f5048c0e6b9","name":"admin","image":{"@type":"ImageObject","inLanguage":"es","@id":"https:\/\/volcanes.net\/#\/schema\/person\/image\/","url":"https:\/\/secure.gravatar.com\/avatar\/ca004e6cba8462b8cb7abc86e382930c?s=96&d=mm&r=g","contentUrl":"https:\/\/secure.gravatar.com\/avatar\/ca004e6cba8462b8cb7abc86e382930c?s=96&d=mm&r=g","caption":"admin"}}]}},"_links":{"self":[{"href":"https:\/\/volcanes.net\/index.php?rest_route=\/wp\/v2\/posts\/1235"}],"collection":[{"href":"https:\/\/volcanes.net\/index.php?rest_route=\/wp\/v2\/posts"}],"about":[{"href":"https:\/\/volcanes.net\/index.php?rest_route=\/wp\/v2\/types\/post"}],"author":[{"embeddable":true,"href":"https:\/\/volcanes.net\/index.php?rest_route=\/wp\/v2\/users\/1"}],"replies":[{"embeddable":true,"href":"https:\/\/volcanes.net\/index.php?rest_route=%2Fwp%2Fv2%2Fcomments&post=1235"}],"version-history":[{"count":1,"href":"https:\/\/volcanes.net\/index.php?rest_route=\/wp\/v2\/posts\/1235\/revisions"}],"predecessor-version":[{"id":1236,"href":"https:\/\/volcanes.net\/index.php?rest_route=\/wp\/v2\/posts\/1235\/revisions\/1236"}],"wp:featuredmedia":[{"embeddable":true,"href":"https:\/\/volcanes.net\/index.php?rest_route=\/wp\/v2\/media\/266"}],"wp:attachment":[{"href":"https:\/\/volcanes.net\/index.php?rest_route=%2Fwp%2Fv2%2Fmedia&parent=1235"}],"wp:term":[{"taxonomy":"category","embeddable":true,"href":"https:\/\/volcanes.net\/index.php?rest_route=%2Fwp%2Fv2%2Fcategories&post=1235"},{"taxonomy":"post_tag","embeddable":true,"href":"https:\/\/volcanes.net\/index.php?rest_route=%2Fwp%2Fv2%2Ftags&post=1235"}],"curies":[{"name":"wp","href":"https:\/\/api.w.org\/{rel}","templated":true}]}}