{"id":12427,"date":"2022-01-07T14:00:37","date_gmt":"2022-01-07T20:00:37","guid":{"rendered":"http:\/\/volcanes.net\/?p=12427"},"modified":"2022-03-04T11:57:48","modified_gmt":"2022-03-04T17:57:48","slug":"nuestra-primera-labor-es-activar-la-economia-de-nuestro-municipio-alcaldesa-de-ecatzingo","status":"publish","type":"post","link":"https:\/\/volcanes.net\/?p=12427","title":{"rendered":"\u201cNuestra primera labor es activar la econom\u00eda de nuestro municipio\u201d alcaldesa de Ecatzingo"},"content":{"rendered":"<div style=\"margin-top: 0px; margin-bottom: 0px;\" class=\"sharethis-inline-share-buttons\" ><\/div><ul>\n<li><strong>\u201cNo es nuestro objetivo ver hacia atr\u00e1s, sino hacia adelante\u201d.<\/strong><\/li>\n<\/ul>\n<p><strong>Ecatzingo Edom\u00e9x.<\/strong> A seis d\u00edas de su administraci\u00f3n, Rebeca P\u00e9rez Mart\u00ednez, alcaldesa del municipio de Ecatzingo, mencion\u00f3 en entrevista para este medio que el objetivo de su gesti\u00f3n es brindar un servicio de calidad a la poblaci\u00f3n y ser m\u00e1s cercanos con la gente \u201cNo es nuestro objetivo ver hacia atr\u00e1s, sino hacia adelante\u201d, recalc\u00f3.<\/p>\n<p>\u201cNuestra primera labor es activar la econom\u00eda de nuestro municipio\u201d, revel\u00f3 la alcaldesa luego de informar que ya se ha invitado a los comerciantes del D\u00eda de Reyes a acercarse a la Explanada del municipio para tener una mayor atracci\u00f3n de sus ventas, pues de esta manera se comenzar\u00e1 a activar el comercio en Ecatzingo para generar mayores ingresos para los pobladores.<\/p>\n<p>\u201cEntramos con todas las ganas, subsanando algunas situaciones. Sin embargo, venimos con todo nuestro equipo de trabajo a hacer lo que nos corresponde. No es nuestro objetivo ver hacia atr\u00e1s, sino hacia adelante\u201d, manifest\u00f3 la alcaldesa, luego de que se informara la situaci\u00f3n en la que se recibi\u00f3 la administraci\u00f3n, sobre lo cual se mostr\u00f3 optimista pues explic\u00f3 que trae metas; unas son para el DIF municipal, \u201cespecialmente con los adultos mayores como apertura de nuestro trabajo y nuestra labor\u201d, apunt\u00f3.<\/p>\n<p>En tanto, dio a conocer que ya se tienen cubiertos todos los cargos de las direcciones; protecci\u00f3n civil, la polic\u00eda municipal, servicios p\u00fablicos, entre otros que ya iniciaron labores, dando servicio a la ciudadan\u00eda, \u201cpues el objetivo de nuestra gesti\u00f3n, es dar un buen servicio a la comunidad\u201d.<\/p>\n<p>Mencion\u00f3 que lo siguiente es aperturar y llevar a cabo algunos programas que ya tiene \u201cNuestro proyecto no es personal, es de la comunidad. Nuestra labor es ser cercanos a la comunidad trabajando de la mano con la gente\u201d, a\u00f1adi\u00f3 \u201cLas puertas de la presidencia est\u00e1n abiertas para todos\u201d. E invit\u00f3 a la ciudadan\u00eda a reportar cualquier trato indigno por parte de los servidores p\u00fablicos a fin de que se tomen las medidas pertinentes para que se les brinde el mejor trato posible.<\/p>\n<p><iframe loading=\"lazy\" style=\"border: none; overflow: hidden;\" src=\"https:\/\/www.facebook.com\/plugins\/video.php?height=314&amp;href=https%3A%2F%2Fweb.facebook.com%2Fvolcanes.net%2Fvideos%2F1219501785123972%2F&amp;show_text=false&amp;width=560&amp;t=0\" width=\"560\" height=\"314\" frameborder=\"0\" scrolling=\"no\" allowfullscreen=\"allowfullscreen\"><\/iframe><\/p>\n","protected":false},"excerpt":{"rendered":"<p>\u201cNo es nuestro objetivo ver hacia atr\u00e1s, sino hacia adelante\u201d. Ecatzingo Edom\u00e9x. A seis d\u00edas<\/p>\n","protected":false},"author":1,"featured_media":12428,"comment_status":"open","ping_status":"open","sticky":false,"template":"","format":"standard","meta":{"footnotes":""},"categories":[1],"tags":[15],"class_list":["post-12427","post","type-post","status-publish","format-standard","has-post-thumbnail","hentry","category-municipales","tag-ecatzingo"],"yoast_head":"<!-- This site is optimized with the Yoast SEO plugin v25.3 - https:\/\/yoast.com\/wordpress\/plugins\/seo\/ -->\n<title>\u201cNuestra primera labor es activar la econom\u00eda de nuestro municipio\u201d alcaldesa de Ecatzingo - Volcanes<\/title>\n<meta name=\"description\" content=\"A seis d\u00edas de su administraci\u00f3n, Rebeca P\u00e9rez Mart\u00ednez, alcaldesa del municipio de Ecatzingo, mencion\u00f3 en entrevista para este medio que el objetivo de su gesti\u00f3n es brindar un servicio de calidad a la poblaci\u00f3n y ser m\u00e1s cercanos con la gente \u201cNo es nuestro objetivo ver hacia atr\u00e1s, sino hacia adelante\u201d, recalc\u00f3\" \/>\n<meta name=\"robots\" content=\"index, follow, max-snippet:-1, max-image-preview:large, max-video-preview:-1\" \/>\n<link rel=\"canonical\" href=\"https:\/\/volcanes.net\/?p=12427\" \/>\n<meta property=\"og:locale\" content=\"es_MX\" \/>\n<meta property=\"og:type\" content=\"article\" \/>\n<meta property=\"og:title\" content=\"\u201cNuestra primera labor es activar la econom\u00eda de nuestro municipio\u201d alcaldesa de Ecatzingo - Volcanes\" \/>\n<meta property=\"og:description\" content=\"A seis d\u00edas de su administraci\u00f3n, Rebeca P\u00e9rez Mart\u00ednez, alcaldesa del municipio de Ecatzingo, mencion\u00f3 en entrevista para este medio que el objetivo de su gesti\u00f3n es brindar un servicio de calidad a la poblaci\u00f3n y ser m\u00e1s cercanos con la gente \u201cNo es nuestro objetivo ver hacia atr\u00e1s, sino hacia adelante\u201d, recalc\u00f3\" \/>\n<meta property=\"og:url\" content=\"https:\/\/volcanes.net\/?p=12427\" \/>\n<meta property=\"og:site_name\" content=\"Volcanes\" \/>\n<meta property=\"article:publisher\" content=\"https:\/\/www.facebook.com\/volcanes.net\/\" \/>\n<meta property=\"article:published_time\" content=\"2022-01-07T20:00:37+00:00\" \/>\n<meta property=\"article:modified_time\" content=\"2022-03-04T17:57:48+00:00\" \/>\n<meta property=\"og:image\" content=\"https:\/\/volcanes.net\/wp-content\/uploads\/2022\/03\/PMEcat.jpg\" \/>\n\t<meta property=\"og:image:width\" content=\"600\" \/>\n\t<meta property=\"og:image:height\" content=\"473\" \/>\n\t<meta property=\"og:image:type\" content=\"image\/jpeg\" \/>\n<meta name=\"author\" content=\"admin\" \/>\n<meta name=\"twitter:card\" content=\"summary_large_image\" \/>\n<meta name=\"twitter:label1\" content=\"Escrito por\" \/>\n\t<meta name=\"twitter:data1\" content=\"admin\" \/>\n\t<meta name=\"twitter:label2\" content=\"Tiempo de lectura\" \/>\n\t<meta name=\"twitter:data2\" content=\"2 minutos\" \/>\n<script type=\"application\/ld+json\" class=\"yoast-schema-graph\">{\"@context\":\"https:\/\/schema.org\",\"@graph\":[{\"@type\":\"Article\",\"@id\":\"https:\/\/volcanes.net\/?p=12427#article\",\"isPartOf\":{\"@id\":\"https:\/\/volcanes.net\/?p=12427\"},\"author\":{\"name\":\"admin\",\"@id\":\"https:\/\/volcanes.net\/#\/schema\/person\/4bf0f383940966a4abd53f5048c0e6b9\"},\"headline\":\"\u201cNuestra primera labor es activar la econom\u00eda de nuestro municipio\u201d alcaldesa de Ecatzingo\",\"datePublished\":\"2022-01-07T20:00:37+00:00\",\"dateModified\":\"2022-03-04T17:57:48+00:00\",\"mainEntityOfPage\":{\"@id\":\"https:\/\/volcanes.net\/?p=12427\"},\"wordCount\":378,\"commentCount\":0,\"publisher\":{\"@id\":\"https:\/\/volcanes.net\/#organization\"},\"image\":{\"@id\":\"https:\/\/volcanes.net\/?p=12427#primaryimage\"},\"thumbnailUrl\":\"https:\/\/volcanes.net\/wp-content\/uploads\/2022\/03\/PMEcat.jpg\",\"keywords\":[\"Ecatzingo\"],\"articleSection\":[\"Municipales\"],\"inLanguage\":\"es\",\"potentialAction\":[{\"@type\":\"CommentAction\",\"name\":\"Comment\",\"target\":[\"https:\/\/volcanes.net\/?p=12427#respond\"]}]},{\"@type\":\"WebPage\",\"@id\":\"https:\/\/volcanes.net\/?p=12427\",\"url\":\"https:\/\/volcanes.net\/?p=12427\",\"name\":\"\u201cNuestra primera labor es activar la econom\u00eda de nuestro municipio\u201d alcaldesa de Ecatzingo - Volcanes\",\"isPartOf\":{\"@id\":\"https:\/\/volcanes.net\/#website\"},\"primaryImageOfPage\":{\"@id\":\"https:\/\/volcanes.net\/?p=12427#primaryimage\"},\"image\":{\"@id\":\"https:\/\/volcanes.net\/?p=12427#primaryimage\"},\"thumbnailUrl\":\"https:\/\/volcanes.net\/wp-content\/uploads\/2022\/03\/PMEcat.jpg\",\"datePublished\":\"2022-01-07T20:00:37+00:00\",\"dateModified\":\"2022-03-04T17:57:48+00:00\",\"description\":\"A seis d\u00edas de su administraci\u00f3n, Rebeca P\u00e9rez Mart\u00ednez, alcaldesa del municipio de Ecatzingo, mencion\u00f3 en entrevista para este medio que el objetivo de su gesti\u00f3n es brindar un servicio de calidad a la poblaci\u00f3n y ser m\u00e1s cercanos con la gente \u201cNo es nuestro objetivo ver hacia atr\u00e1s, sino hacia adelante\u201d, recalc\u00f3\",\"breadcrumb\":{\"@id\":\"https:\/\/volcanes.net\/?p=12427#breadcrumb\"},\"inLanguage\":\"es\",\"potentialAction\":[{\"@type\":\"ReadAction\",\"target\":[\"https:\/\/volcanes.net\/?p=12427\"]}]},{\"@type\":\"ImageObject\",\"inLanguage\":\"es\",\"@id\":\"https:\/\/volcanes.net\/?p=12427#primaryimage\",\"url\":\"https:\/\/volcanes.net\/wp-content\/uploads\/2022\/03\/PMEcat.jpg\",\"contentUrl\":\"https:\/\/volcanes.net\/wp-content\/uploads\/2022\/03\/PMEcat.jpg\",\"width\":600,\"height\":473},{\"@type\":\"BreadcrumbList\",\"@id\":\"https:\/\/volcanes.net\/?p=12427#breadcrumb\",\"itemListElement\":[{\"@type\":\"ListItem\",\"position\":1,\"name\":\"Portada\",\"item\":\"https:\/\/volcanes.net\/\"},{\"@type\":\"ListItem\",\"position\":2,\"name\":\"\u201cNuestra primera labor es activar la econom\u00eda de nuestro municipio\u201d alcaldesa de Ecatzingo\"}]},{\"@type\":\"WebSite\",\"@id\":\"https:\/\/volcanes.net\/#website\",\"url\":\"https:\/\/volcanes.net\/\",\"name\":\"Volcanes.Net\",\"description\":\"Periodismo Profesional\",\"publisher\":{\"@id\":\"https:\/\/volcanes.net\/#organization\"},\"potentialAction\":[{\"@type\":\"SearchAction\",\"target\":{\"@type\":\"EntryPoint\",\"urlTemplate\":\"https:\/\/volcanes.net\/?s={search_term_string}\"},\"query-input\":{\"@type\":\"PropertyValueSpecification\",\"valueRequired\":true,\"valueName\":\"search_term_string\"}}],\"inLanguage\":\"es\"},{\"@type\":\"Organization\",\"@id\":\"https:\/\/volcanes.net\/#organization\",\"name\":\"Grupo Volcanes\",\"url\":\"https:\/\/volcanes.net\/\",\"logo\":{\"@type\":\"ImageObject\",\"inLanguage\":\"es\",\"@id\":\"https:\/\/volcanes.net\/#\/schema\/logo\/image\/\",\"url\":\"http:\/\/volcanes.net\/wp-content\/uploads\/2017\/12\/Avatar2.jpg\",\"contentUrl\":\"http:\/\/volcanes.net\/wp-content\/uploads\/2017\/12\/Avatar2.jpg\",\"width\":378,\"height\":378,\"caption\":\"Grupo Volcanes\"},\"image\":{\"@id\":\"https:\/\/volcanes.net\/#\/schema\/logo\/image\/\"},\"sameAs\":[\"https:\/\/www.facebook.com\/volcanes.net\/\"]},{\"@type\":\"Person\",\"@id\":\"https:\/\/volcanes.net\/#\/schema\/person\/4bf0f383940966a4abd53f5048c0e6b9\",\"name\":\"admin\",\"image\":{\"@type\":\"ImageObject\",\"inLanguage\":\"es\",\"@id\":\"https:\/\/volcanes.net\/#\/schema\/person\/image\/\",\"url\":\"https:\/\/secure.gravatar.com\/avatar\/ca004e6cba8462b8cb7abc86e382930c?s=96&d=mm&r=g\",\"contentUrl\":\"https:\/\/secure.gravatar.com\/avatar\/ca004e6cba8462b8cb7abc86e382930c?s=96&d=mm&r=g\",\"caption\":\"admin\"}}]}<\/script>\n<!-- \/ Yoast SEO plugin. -->","yoast_head_json":{"title":"\u201cNuestra primera labor es activar la econom\u00eda de nuestro municipio\u201d alcaldesa de Ecatzingo - Volcanes","description":"A seis d\u00edas de su administraci\u00f3n, Rebeca P\u00e9rez Mart\u00ednez, alcaldesa del municipio de Ecatzingo, mencion\u00f3 en entrevista para este medio que el objetivo de su gesti\u00f3n es brindar un servicio de calidad a la poblaci\u00f3n y ser m\u00e1s cercanos con la gente \u201cNo es nuestro objetivo ver hacia atr\u00e1s, sino hacia adelante\u201d, recalc\u00f3","robots":{"index":"index","follow":"follow","max-snippet":"max-snippet:-1","max-image-preview":"max-image-preview:large","max-video-preview":"max-video-preview:-1"},"canonical":"https:\/\/volcanes.net\/?p=12427","og_locale":"es_MX","og_type":"article","og_title":"\u201cNuestra primera labor es activar la econom\u00eda de nuestro municipio\u201d alcaldesa de Ecatzingo - Volcanes","og_description":"A seis d\u00edas de su administraci\u00f3n, Rebeca P\u00e9rez Mart\u00ednez, alcaldesa del municipio de Ecatzingo, mencion\u00f3 en entrevista para este medio que el objetivo de su gesti\u00f3n es brindar un servicio de calidad a la poblaci\u00f3n y ser m\u00e1s cercanos con la gente \u201cNo es nuestro objetivo ver hacia atr\u00e1s, sino hacia adelante\u201d, recalc\u00f3","og_url":"https:\/\/volcanes.net\/?p=12427","og_site_name":"Volcanes","article_publisher":"https:\/\/www.facebook.com\/volcanes.net\/","article_published_time":"2022-01-07T20:00:37+00:00","article_modified_time":"2022-03-04T17:57:48+00:00","og_image":[{"width":600,"height":473,"url":"https:\/\/volcanes.net\/wp-content\/uploads\/2022\/03\/PMEcat.jpg","type":"image\/jpeg"}],"author":"admin","twitter_card":"summary_large_image","twitter_misc":{"Escrito por":"admin","Tiempo de lectura":"2 minutos"},"schema":{"@context":"https:\/\/schema.org","@graph":[{"@type":"Article","@id":"https:\/\/volcanes.net\/?p=12427#article","isPartOf":{"@id":"https:\/\/volcanes.net\/?p=12427"},"author":{"name":"admin","@id":"https:\/\/volcanes.net\/#\/schema\/person\/4bf0f383940966a4abd53f5048c0e6b9"},"headline":"\u201cNuestra primera labor es activar la econom\u00eda de nuestro municipio\u201d alcaldesa de Ecatzingo","datePublished":"2022-01-07T20:00:37+00:00","dateModified":"2022-03-04T17:57:48+00:00","mainEntityOfPage":{"@id":"https:\/\/volcanes.net\/?p=12427"},"wordCount":378,"commentCount":0,"publisher":{"@id":"https:\/\/volcanes.net\/#organization"},"image":{"@id":"https:\/\/volcanes.net\/?p=12427#primaryimage"},"thumbnailUrl":"https:\/\/volcanes.net\/wp-content\/uploads\/2022\/03\/PMEcat.jpg","keywords":["Ecatzingo"],"articleSection":["Municipales"],"inLanguage":"es","potentialAction":[{"@type":"CommentAction","name":"Comment","target":["https:\/\/volcanes.net\/?p=12427#respond"]}]},{"@type":"WebPage","@id":"https:\/\/volcanes.net\/?p=12427","url":"https:\/\/volcanes.net\/?p=12427","name":"\u201cNuestra primera labor es activar la econom\u00eda de nuestro municipio\u201d alcaldesa de Ecatzingo - Volcanes","isPartOf":{"@id":"https:\/\/volcanes.net\/#website"},"primaryImageOfPage":{"@id":"https:\/\/volcanes.net\/?p=12427#primaryimage"},"image":{"@id":"https:\/\/volcanes.net\/?p=12427#primaryimage"},"thumbnailUrl":"https:\/\/volcanes.net\/wp-content\/uploads\/2022\/03\/PMEcat.jpg","datePublished":"2022-01-07T20:00:37+00:00","dateModified":"2022-03-04T17:57:48+00:00","description":"A seis d\u00edas de su administraci\u00f3n, Rebeca P\u00e9rez Mart\u00ednez, alcaldesa del municipio de Ecatzingo, mencion\u00f3 en entrevista para este medio que el objetivo de su gesti\u00f3n es brindar un servicio de calidad a la poblaci\u00f3n y ser m\u00e1s cercanos con la gente \u201cNo es nuestro objetivo ver hacia atr\u00e1s, sino hacia adelante\u201d, recalc\u00f3","breadcrumb":{"@id":"https:\/\/volcanes.net\/?p=12427#breadcrumb"},"inLanguage":"es","potentialAction":[{"@type":"ReadAction","target":["https:\/\/volcanes.net\/?p=12427"]}]},{"@type":"ImageObject","inLanguage":"es","@id":"https:\/\/volcanes.net\/?p=12427#primaryimage","url":"https:\/\/volcanes.net\/wp-content\/uploads\/2022\/03\/PMEcat.jpg","contentUrl":"https:\/\/volcanes.net\/wp-content\/uploads\/2022\/03\/PMEcat.jpg","width":600,"height":473},{"@type":"BreadcrumbList","@id":"https:\/\/volcanes.net\/?p=12427#breadcrumb","itemListElement":[{"@type":"ListItem","position":1,"name":"Portada","item":"https:\/\/volcanes.net\/"},{"@type":"ListItem","position":2,"name":"\u201cNuestra primera labor es activar la econom\u00eda de nuestro municipio\u201d alcaldesa de Ecatzingo"}]},{"@type":"WebSite","@id":"https:\/\/volcanes.net\/#website","url":"https:\/\/volcanes.net\/","name":"Volcanes.Net","description":"Periodismo Profesional","publisher":{"@id":"https:\/\/volcanes.net\/#organization"},"potentialAction":[{"@type":"SearchAction","target":{"@type":"EntryPoint","urlTemplate":"https:\/\/volcanes.net\/?s={search_term_string}"},"query-input":{"@type":"PropertyValueSpecification","valueRequired":true,"valueName":"search_term_string"}}],"inLanguage":"es"},{"@type":"Organization","@id":"https:\/\/volcanes.net\/#organization","name":"Grupo Volcanes","url":"https:\/\/volcanes.net\/","logo":{"@type":"ImageObject","inLanguage":"es","@id":"https:\/\/volcanes.net\/#\/schema\/logo\/image\/","url":"http:\/\/volcanes.net\/wp-content\/uploads\/2017\/12\/Avatar2.jpg","contentUrl":"http:\/\/volcanes.net\/wp-content\/uploads\/2017\/12\/Avatar2.jpg","width":378,"height":378,"caption":"Grupo Volcanes"},"image":{"@id":"https:\/\/volcanes.net\/#\/schema\/logo\/image\/"},"sameAs":["https:\/\/www.facebook.com\/volcanes.net\/"]},{"@type":"Person","@id":"https:\/\/volcanes.net\/#\/schema\/person\/4bf0f383940966a4abd53f5048c0e6b9","name":"admin","image":{"@type":"ImageObject","inLanguage":"es","@id":"https:\/\/volcanes.net\/#\/schema\/person\/image\/","url":"https:\/\/secure.gravatar.com\/avatar\/ca004e6cba8462b8cb7abc86e382930c?s=96&d=mm&r=g","contentUrl":"https:\/\/secure.gravatar.com\/avatar\/ca004e6cba8462b8cb7abc86e382930c?s=96&d=mm&r=g","caption":"admin"}}]}},"_links":{"self":[{"href":"https:\/\/volcanes.net\/index.php?rest_route=\/wp\/v2\/posts\/12427"}],"collection":[{"href":"https:\/\/volcanes.net\/index.php?rest_route=\/wp\/v2\/posts"}],"about":[{"href":"https:\/\/volcanes.net\/index.php?rest_route=\/wp\/v2\/types\/post"}],"author":[{"embeddable":true,"href":"https:\/\/volcanes.net\/index.php?rest_route=\/wp\/v2\/users\/1"}],"replies":[{"embeddable":true,"href":"https:\/\/volcanes.net\/index.php?rest_route=%2Fwp%2Fv2%2Fcomments&post=12427"}],"version-history":[{"count":1,"href":"https:\/\/volcanes.net\/index.php?rest_route=\/wp\/v2\/posts\/12427\/revisions"}],"predecessor-version":[{"id":12429,"href":"https:\/\/volcanes.net\/index.php?rest_route=\/wp\/v2\/posts\/12427\/revisions\/12429"}],"wp:featuredmedia":[{"embeddable":true,"href":"https:\/\/volcanes.net\/index.php?rest_route=\/wp\/v2\/media\/12428"}],"wp:attachment":[{"href":"https:\/\/volcanes.net\/index.php?rest_route=%2Fwp%2Fv2%2Fmedia&parent=12427"}],"wp:term":[{"taxonomy":"category","embeddable":true,"href":"https:\/\/volcanes.net\/index.php?rest_route=%2Fwp%2Fv2%2Fcategories&post=12427"},{"taxonomy":"post_tag","embeddable":true,"href":"https:\/\/volcanes.net\/index.php?rest_route=%2Fwp%2Fv2%2Ftags&post=12427"}],"curies":[{"name":"wp","href":"https:\/\/api.w.org\/{rel}","templated":true}]}}