{"id":12437,"date":"2022-03-07T16:31:37","date_gmt":"2022-03-07T22:31:37","guid":{"rendered":"http:\/\/volcanes.net\/?p=12437"},"modified":"2022-03-07T16:31:37","modified_gmt":"2022-03-07T22:31:37","slug":"mujeres-de-proteccion-civil-y-bomberos-de-amecamec-son-referente-de-valor-aun-en-los-riesgos","status":"publish","type":"post","link":"https:\/\/volcanes.net\/?p=12437","title":{"rendered":"Mujeres de Protecci\u00f3n Civil y Bomberos de Amecamec son referente de valor a\u00fan en los riesgos"},"content":{"rendered":"<div style=\"margin-top: 0px; margin-bottom: 0px;\" class=\"sharethis-inline-share-buttons\" ><\/div><p>Amecameca, Estado de M\u00e9xico.- A sus escasos 22 a\u00f1os, Emily Elizabeth Ramos es orgullo de la Coordinaci\u00f3n Municipal de Protecci\u00f3n Civil y Bomberos de Amecameca, pues desde los 18 a\u00f1os trabaja como voluntaria y no se atemoriza ante ning\u00fan siniestro y le entra como todos sus compa\u00f1eros para apagar fuegos o rescatar personas.<\/p>\n<p>\u201cVanellope\u201d como le dicen sus compa\u00f1eras y compa\u00f1eros de la corporaci\u00f3n es igual de inquieta que el personaje de la pel\u00edcula y tambi\u00e9n la m\u00e1s peque\u00f1a de edad en el servicio, le entra al trabajo como cualquier otro a la hora de atender una llamada de auxilio y ni los m\u00e1s de 20 kilos que pesa el equipo la detienen a la hora de combatir incendios.<\/p>\n<p>Al preguntarle porque labora en un oficio tan peligroso, Emily destac\u00f3 que el valor y la vocaci\u00f3n de servir a los dem\u00e1s lo tiene en la sangre, pues su pap\u00e1 y su mam\u00e1 son tambi\u00e9n param\u00e9dicos y bomberos y desde que tiene uso de raz\u00f3n, las pl\u00e1ticas familiares eran siempre de incendios, accidentes y atenci\u00f3n prehospitalaria.<\/p>\n<p>\u201cPor eso me decid\u00ed a estudiar como T\u00e9cnico en Enfermer\u00eda y espero pronto lograr certificarme como param\u00e9dico en la Escuela Nacional de Protecci\u00f3n Civil como T\u00e9cnico B\u00e1sico de Gesti\u00f3n Integral de Riesgos\u201d, dice con orgullo.<\/p>\n<p>La adrenalina de estar frente a un incendio o un accidente la hacen olvidar el miedo que normalmente tendr\u00eda una joven de su edad, pero a ella esa energ\u00eda la impulsa a actuar a pesar del peligro en el que pudiera estar.<\/p>\n<p>Recuerda que siendo muy peque\u00f1a vivi\u00f3 un incendio en una f\u00e1brica y vio c\u00f3mo las llamas se extend\u00edan por el pastizal y amenazaban con alcanzar unas viviendas, pero contrario a lo que cualquier civil har\u00eda por alejarse, tomo unas ramas y comenz\u00f3 a golpear la yerba seca para tratar de sofocar el fuego.<\/p>\n<p>Poco pudo hacer por su corta edad y porque los bomberos la retiraron, pero ese hecho la dej\u00f3 marcada y por la experiencia de sus padres decidi\u00f3 estudiar enfermer\u00eda para entrar como rescatista a Protecci\u00f3n Civil, donde ha tenido que aprender t\u00e9cnicas de apagafuegos.<\/p>\n<p>Su primer acto heroico, aunque parezca una leyenda urbana, fue rescatar un gatito que trep\u00f3 a un \u00e1rbol de 10 metros de altura y no pod\u00eda bajar, \u201cllegamos a petici\u00f3n del due\u00f1o de la mascota y mi jefe quien decide la estrategia me dijo que me subiera a bajarlo, as\u00ed que sin titubear sub\u00ed a la escalera y con equipo de rapel baje al animalito\u201d.<\/p>\n<p>Estamos preparados para cualquier situaci\u00f3n porque constantemente recibimos capacitaci\u00f3n, y como mujeres, porque somos cuatro en la corporaci\u00f3n, no tenemos ning\u00fan privilegio, laboramos al parejo de los hombres\u201d:<\/p>\n<p>Aunque en este momento solo es voluntaria, lo cual es adem\u00e1s meritorio porque lo hace por servir, Emily \u201cVanellope\u201d, desea seguirse preparandose y escalar puestos hasta convertirse en jefa de bomberos, coordinadora de PC o cualquier otra responsabilidad que le permita seguir desarrollando su pasi\u00f3n por el servicio social.<\/p>\n","protected":false},"excerpt":{"rendered":"<p>Amecameca, Estado de M\u00e9xico.- A sus escasos 22 a\u00f1os, Emily Elizabeth Ramos es orgullo de<\/p>\n","protected":false},"author":1,"featured_media":12438,"comment_status":"open","ping_status":"open","sticky":false,"template":"","format":"standard","meta":{"footnotes":""},"categories":[1],"tags":[7],"class_list":["post-12437","post","type-post","status-publish","format-standard","has-post-thumbnail","hentry","category-municipales","tag-amecameca"],"yoast_head":"<!-- This site is optimized with the Yoast SEO plugin v25.3 - https:\/\/yoast.com\/wordpress\/plugins\/seo\/ -->\n<title>Mujeres de Protecci\u00f3n Civil y Bomberos de Amecamec son referente de valor a\u00fan en los riesgos - Volcanes<\/title>\n<meta name=\"robots\" content=\"index, follow, max-snippet:-1, max-image-preview:large, max-video-preview:-1\" \/>\n<link rel=\"canonical\" href=\"https:\/\/volcanes.net\/?p=12437\" \/>\n<meta property=\"og:locale\" content=\"es_MX\" \/>\n<meta property=\"og:type\" content=\"article\" \/>\n<meta property=\"og:title\" content=\"Mujeres de Protecci\u00f3n Civil y Bomberos de Amecamec son referente de valor a\u00fan en los riesgos - Volcanes\" \/>\n<meta property=\"og:description\" content=\"Amecameca, Estado de M\u00e9xico.- A sus escasos 22 a\u00f1os, Emily Elizabeth Ramos es orgullo de\" \/>\n<meta property=\"og:url\" content=\"https:\/\/volcanes.net\/?p=12437\" \/>\n<meta property=\"og:site_name\" content=\"Volcanes\" \/>\n<meta property=\"article:publisher\" content=\"https:\/\/www.facebook.com\/volcanes.net\/\" \/>\n<meta property=\"article:published_time\" content=\"2022-03-07T22:31:37+00:00\" \/>\n<meta property=\"og:image\" content=\"https:\/\/volcanes.net\/wp-content\/uploads\/2022\/03\/IMG-20220307-WA0007.jpg\" \/>\n\t<meta property=\"og:image:width\" content=\"1280\" \/>\n\t<meta property=\"og:image:height\" content=\"1280\" \/>\n\t<meta property=\"og:image:type\" content=\"image\/jpeg\" \/>\n<meta name=\"author\" content=\"admin\" \/>\n<meta name=\"twitter:card\" content=\"summary_large_image\" \/>\n<meta name=\"twitter:label1\" content=\"Escrito por\" \/>\n\t<meta name=\"twitter:data1\" content=\"admin\" \/>\n\t<meta name=\"twitter:label2\" content=\"Tiempo de lectura\" \/>\n\t<meta name=\"twitter:data2\" content=\"3 minutos\" \/>\n<script type=\"application\/ld+json\" class=\"yoast-schema-graph\">{\"@context\":\"https:\/\/schema.org\",\"@graph\":[{\"@type\":\"Article\",\"@id\":\"https:\/\/volcanes.net\/?p=12437#article\",\"isPartOf\":{\"@id\":\"https:\/\/volcanes.net\/?p=12437\"},\"author\":{\"name\":\"admin\",\"@id\":\"https:\/\/volcanes.net\/#\/schema\/person\/4bf0f383940966a4abd53f5048c0e6b9\"},\"headline\":\"Mujeres de Protecci\u00f3n Civil y Bomberos de Amecamec son referente de valor a\u00fan en los riesgos\",\"datePublished\":\"2022-03-07T22:31:37+00:00\",\"mainEntityOfPage\":{\"@id\":\"https:\/\/volcanes.net\/?p=12437\"},\"wordCount\":554,\"commentCount\":0,\"publisher\":{\"@id\":\"https:\/\/volcanes.net\/#organization\"},\"image\":{\"@id\":\"https:\/\/volcanes.net\/?p=12437#primaryimage\"},\"thumbnailUrl\":\"https:\/\/volcanes.net\/wp-content\/uploads\/2022\/03\/IMG-20220307-WA0007.jpg\",\"keywords\":[\"Amecameca\"],\"articleSection\":[\"Municipales\"],\"inLanguage\":\"es\",\"potentialAction\":[{\"@type\":\"CommentAction\",\"name\":\"Comment\",\"target\":[\"https:\/\/volcanes.net\/?p=12437#respond\"]}]},{\"@type\":\"WebPage\",\"@id\":\"https:\/\/volcanes.net\/?p=12437\",\"url\":\"https:\/\/volcanes.net\/?p=12437\",\"name\":\"Mujeres de Protecci\u00f3n Civil y Bomberos de Amecamec son referente de valor a\u00fan en los riesgos - Volcanes\",\"isPartOf\":{\"@id\":\"https:\/\/volcanes.net\/#website\"},\"primaryImageOfPage\":{\"@id\":\"https:\/\/volcanes.net\/?p=12437#primaryimage\"},\"image\":{\"@id\":\"https:\/\/volcanes.net\/?p=12437#primaryimage\"},\"thumbnailUrl\":\"https:\/\/volcanes.net\/wp-content\/uploads\/2022\/03\/IMG-20220307-WA0007.jpg\",\"datePublished\":\"2022-03-07T22:31:37+00:00\",\"breadcrumb\":{\"@id\":\"https:\/\/volcanes.net\/?p=12437#breadcrumb\"},\"inLanguage\":\"es\",\"potentialAction\":[{\"@type\":\"ReadAction\",\"target\":[\"https:\/\/volcanes.net\/?p=12437\"]}]},{\"@type\":\"ImageObject\",\"inLanguage\":\"es\",\"@id\":\"https:\/\/volcanes.net\/?p=12437#primaryimage\",\"url\":\"https:\/\/volcanes.net\/wp-content\/uploads\/2022\/03\/IMG-20220307-WA0007.jpg\",\"contentUrl\":\"https:\/\/volcanes.net\/wp-content\/uploads\/2022\/03\/IMG-20220307-WA0007.jpg\",\"width\":1280,\"height\":1280},{\"@type\":\"BreadcrumbList\",\"@id\":\"https:\/\/volcanes.net\/?p=12437#breadcrumb\",\"itemListElement\":[{\"@type\":\"ListItem\",\"position\":1,\"name\":\"Portada\",\"item\":\"https:\/\/volcanes.net\/\"},{\"@type\":\"ListItem\",\"position\":2,\"name\":\"Mujeres de Protecci\u00f3n Civil y Bomberos de Amecamec son referente de valor a\u00fan en los riesgos\"}]},{\"@type\":\"WebSite\",\"@id\":\"https:\/\/volcanes.net\/#website\",\"url\":\"https:\/\/volcanes.net\/\",\"name\":\"Volcanes.Net\",\"description\":\"Periodismo Profesional\",\"publisher\":{\"@id\":\"https:\/\/volcanes.net\/#organization\"},\"potentialAction\":[{\"@type\":\"SearchAction\",\"target\":{\"@type\":\"EntryPoint\",\"urlTemplate\":\"https:\/\/volcanes.net\/?s={search_term_string}\"},\"query-input\":{\"@type\":\"PropertyValueSpecification\",\"valueRequired\":true,\"valueName\":\"search_term_string\"}}],\"inLanguage\":\"es\"},{\"@type\":\"Organization\",\"@id\":\"https:\/\/volcanes.net\/#organization\",\"name\":\"Grupo Volcanes\",\"url\":\"https:\/\/volcanes.net\/\",\"logo\":{\"@type\":\"ImageObject\",\"inLanguage\":\"es\",\"@id\":\"https:\/\/volcanes.net\/#\/schema\/logo\/image\/\",\"url\":\"http:\/\/volcanes.net\/wp-content\/uploads\/2017\/12\/Avatar2.jpg\",\"contentUrl\":\"http:\/\/volcanes.net\/wp-content\/uploads\/2017\/12\/Avatar2.jpg\",\"width\":378,\"height\":378,\"caption\":\"Grupo Volcanes\"},\"image\":{\"@id\":\"https:\/\/volcanes.net\/#\/schema\/logo\/image\/\"},\"sameAs\":[\"https:\/\/www.facebook.com\/volcanes.net\/\"]},{\"@type\":\"Person\",\"@id\":\"https:\/\/volcanes.net\/#\/schema\/person\/4bf0f383940966a4abd53f5048c0e6b9\",\"name\":\"admin\",\"image\":{\"@type\":\"ImageObject\",\"inLanguage\":\"es\",\"@id\":\"https:\/\/volcanes.net\/#\/schema\/person\/image\/\",\"url\":\"https:\/\/secure.gravatar.com\/avatar\/ca004e6cba8462b8cb7abc86e382930c?s=96&d=mm&r=g\",\"contentUrl\":\"https:\/\/secure.gravatar.com\/avatar\/ca004e6cba8462b8cb7abc86e382930c?s=96&d=mm&r=g\",\"caption\":\"admin\"}}]}<\/script>\n<!-- \/ Yoast SEO plugin. -->","yoast_head_json":{"title":"Mujeres de Protecci\u00f3n Civil y Bomberos de Amecamec son referente de valor a\u00fan en los riesgos - Volcanes","robots":{"index":"index","follow":"follow","max-snippet":"max-snippet:-1","max-image-preview":"max-image-preview:large","max-video-preview":"max-video-preview:-1"},"canonical":"https:\/\/volcanes.net\/?p=12437","og_locale":"es_MX","og_type":"article","og_title":"Mujeres de Protecci\u00f3n Civil y Bomberos de Amecamec son referente de valor a\u00fan en los riesgos - Volcanes","og_description":"Amecameca, Estado de M\u00e9xico.- A sus escasos 22 a\u00f1os, Emily Elizabeth Ramos es orgullo de","og_url":"https:\/\/volcanes.net\/?p=12437","og_site_name":"Volcanes","article_publisher":"https:\/\/www.facebook.com\/volcanes.net\/","article_published_time":"2022-03-07T22:31:37+00:00","og_image":[{"width":1280,"height":1280,"url":"https:\/\/volcanes.net\/wp-content\/uploads\/2022\/03\/IMG-20220307-WA0007.jpg","type":"image\/jpeg"}],"author":"admin","twitter_card":"summary_large_image","twitter_misc":{"Escrito por":"admin","Tiempo de lectura":"3 minutos"},"schema":{"@context":"https:\/\/schema.org","@graph":[{"@type":"Article","@id":"https:\/\/volcanes.net\/?p=12437#article","isPartOf":{"@id":"https:\/\/volcanes.net\/?p=12437"},"author":{"name":"admin","@id":"https:\/\/volcanes.net\/#\/schema\/person\/4bf0f383940966a4abd53f5048c0e6b9"},"headline":"Mujeres de Protecci\u00f3n Civil y Bomberos de Amecamec son referente de valor a\u00fan en los riesgos","datePublished":"2022-03-07T22:31:37+00:00","mainEntityOfPage":{"@id":"https:\/\/volcanes.net\/?p=12437"},"wordCount":554,"commentCount":0,"publisher":{"@id":"https:\/\/volcanes.net\/#organization"},"image":{"@id":"https:\/\/volcanes.net\/?p=12437#primaryimage"},"thumbnailUrl":"https:\/\/volcanes.net\/wp-content\/uploads\/2022\/03\/IMG-20220307-WA0007.jpg","keywords":["Amecameca"],"articleSection":["Municipales"],"inLanguage":"es","potentialAction":[{"@type":"CommentAction","name":"Comment","target":["https:\/\/volcanes.net\/?p=12437#respond"]}]},{"@type":"WebPage","@id":"https:\/\/volcanes.net\/?p=12437","url":"https:\/\/volcanes.net\/?p=12437","name":"Mujeres de Protecci\u00f3n Civil y Bomberos de Amecamec son referente de valor a\u00fan en los riesgos - Volcanes","isPartOf":{"@id":"https:\/\/volcanes.net\/#website"},"primaryImageOfPage":{"@id":"https:\/\/volcanes.net\/?p=12437#primaryimage"},"image":{"@id":"https:\/\/volcanes.net\/?p=12437#primaryimage"},"thumbnailUrl":"https:\/\/volcanes.net\/wp-content\/uploads\/2022\/03\/IMG-20220307-WA0007.jpg","datePublished":"2022-03-07T22:31:37+00:00","breadcrumb":{"@id":"https:\/\/volcanes.net\/?p=12437#breadcrumb"},"inLanguage":"es","potentialAction":[{"@type":"ReadAction","target":["https:\/\/volcanes.net\/?p=12437"]}]},{"@type":"ImageObject","inLanguage":"es","@id":"https:\/\/volcanes.net\/?p=12437#primaryimage","url":"https:\/\/volcanes.net\/wp-content\/uploads\/2022\/03\/IMG-20220307-WA0007.jpg","contentUrl":"https:\/\/volcanes.net\/wp-content\/uploads\/2022\/03\/IMG-20220307-WA0007.jpg","width":1280,"height":1280},{"@type":"BreadcrumbList","@id":"https:\/\/volcanes.net\/?p=12437#breadcrumb","itemListElement":[{"@type":"ListItem","position":1,"name":"Portada","item":"https:\/\/volcanes.net\/"},{"@type":"ListItem","position":2,"name":"Mujeres de Protecci\u00f3n Civil y Bomberos de Amecamec son referente de valor a\u00fan en los riesgos"}]},{"@type":"WebSite","@id":"https:\/\/volcanes.net\/#website","url":"https:\/\/volcanes.net\/","name":"Volcanes.Net","description":"Periodismo Profesional","publisher":{"@id":"https:\/\/volcanes.net\/#organization"},"potentialAction":[{"@type":"SearchAction","target":{"@type":"EntryPoint","urlTemplate":"https:\/\/volcanes.net\/?s={search_term_string}"},"query-input":{"@type":"PropertyValueSpecification","valueRequired":true,"valueName":"search_term_string"}}],"inLanguage":"es"},{"@type":"Organization","@id":"https:\/\/volcanes.net\/#organization","name":"Grupo Volcanes","url":"https:\/\/volcanes.net\/","logo":{"@type":"ImageObject","inLanguage":"es","@id":"https:\/\/volcanes.net\/#\/schema\/logo\/image\/","url":"http:\/\/volcanes.net\/wp-content\/uploads\/2017\/12\/Avatar2.jpg","contentUrl":"http:\/\/volcanes.net\/wp-content\/uploads\/2017\/12\/Avatar2.jpg","width":378,"height":378,"caption":"Grupo Volcanes"},"image":{"@id":"https:\/\/volcanes.net\/#\/schema\/logo\/image\/"},"sameAs":["https:\/\/www.facebook.com\/volcanes.net\/"]},{"@type":"Person","@id":"https:\/\/volcanes.net\/#\/schema\/person\/4bf0f383940966a4abd53f5048c0e6b9","name":"admin","image":{"@type":"ImageObject","inLanguage":"es","@id":"https:\/\/volcanes.net\/#\/schema\/person\/image\/","url":"https:\/\/secure.gravatar.com\/avatar\/ca004e6cba8462b8cb7abc86e382930c?s=96&d=mm&r=g","contentUrl":"https:\/\/secure.gravatar.com\/avatar\/ca004e6cba8462b8cb7abc86e382930c?s=96&d=mm&r=g","caption":"admin"}}]}},"_links":{"self":[{"href":"https:\/\/volcanes.net\/index.php?rest_route=\/wp\/v2\/posts\/12437"}],"collection":[{"href":"https:\/\/volcanes.net\/index.php?rest_route=\/wp\/v2\/posts"}],"about":[{"href":"https:\/\/volcanes.net\/index.php?rest_route=\/wp\/v2\/types\/post"}],"author":[{"embeddable":true,"href":"https:\/\/volcanes.net\/index.php?rest_route=\/wp\/v2\/users\/1"}],"replies":[{"embeddable":true,"href":"https:\/\/volcanes.net\/index.php?rest_route=%2Fwp%2Fv2%2Fcomments&post=12437"}],"version-history":[{"count":1,"href":"https:\/\/volcanes.net\/index.php?rest_route=\/wp\/v2\/posts\/12437\/revisions"}],"predecessor-version":[{"id":12439,"href":"https:\/\/volcanes.net\/index.php?rest_route=\/wp\/v2\/posts\/12437\/revisions\/12439"}],"wp:featuredmedia":[{"embeddable":true,"href":"https:\/\/volcanes.net\/index.php?rest_route=\/wp\/v2\/media\/12438"}],"wp:attachment":[{"href":"https:\/\/volcanes.net\/index.php?rest_route=%2Fwp%2Fv2%2Fmedia&parent=12437"}],"wp:term":[{"taxonomy":"category","embeddable":true,"href":"https:\/\/volcanes.net\/index.php?rest_route=%2Fwp%2Fv2%2Fcategories&post=12437"},{"taxonomy":"post_tag","embeddable":true,"href":"https:\/\/volcanes.net\/index.php?rest_route=%2Fwp%2Fv2%2Ftags&post=12437"}],"curies":[{"name":"wp","href":"https:\/\/api.w.org\/{rel}","templated":true}]}}