{"id":12441,"date":"2022-03-08T14:06:12","date_gmt":"2022-03-08T20:06:12","guid":{"rendered":"http:\/\/volcanes.net\/?p=12441"},"modified":"2022-03-08T14:06:12","modified_gmt":"2022-03-08T20:06:12","slug":"amecameca-contara-con-primer-refugio-regional-para-mujeres-violentadas","status":"publish","type":"post","link":"https:\/\/volcanes.net\/?p=12441","title":{"rendered":"Amecameca contar\u00e1 con Primer Refugio Regional para Mujeres Violentadas"},"content":{"rendered":"<div style=\"margin-top: 0px; margin-bottom: 0px;\" class=\"sharethis-inline-share-buttons\" ><\/div><ul>\n<li>Imparten mega clase defensa personal<\/li>\n<\/ul>\n<p>&nbsp;<\/p>\n<p>Amecameca, Estado de M\u00e9xico.-\u00a0La presidenta municipal, Ivette Topete Garc\u00eda asisti\u00f3 a la mega clase de defensa personal en la explanada municipal donde anunci\u00f3 que Amecameca contar\u00e1 con el primer Albergue Regional para Mujeres violentados.<\/p>\n<p>El objetivo es que haya un lugar donde puedan estar con sus hijos, reciban ayuda legal y psicol\u00f3gica para salir adelante sin presiones de sus parejas.<\/p>\n<p>Por otro lado, este d\u00eda participaron m\u00e1s de 200 mujeres en la Mega Clase de Defensa Personal, organizada por el gobierno municipal a trav\u00e9s de la Direcci\u00f3n de la Mujer y el Instituto Municipal de Cultura F\u00edsica y Deporte, donde aprendieron diferentes t\u00e9cnicas para actuar ante cualquier amenaza.<\/p>\n<p>Aprender a defenderse le a la poblaci\u00f3n femenina protegerse, pero tambi\u00e9n eleva su autoestima, sobre todo en aquellas que han sufrido acoso y viven con miedo en todo momento de ser violentadas, asegur\u00f3 la presidenta municipal, Ivette Topete Garc\u00eda.<\/p>\n<p>Desafortunadamente seguimos escuchando a diario de noticias sobre violencia de g\u00e9nero o agresiones a mujeres en diferentes situaciones cotidianas y en la mayor\u00eda de los casos las mujeres se encuentran en una posici\u00f3n de \u201cdebilidad\u201d al enfrentarse con atacantes m\u00e1s fuertes f\u00edsicamente, por ello es importante aprender t\u00e9cnicas de defensa personal, puntualiz\u00f3.<\/p>\n<p>Destac\u00f3 que en el marco del D\u00eda Internacional de la Mujer es importante el llamado que hacen los diferentes grupos a la no violencia, pero mientras, es importante que las mujeres sepan defenderse cuando la agresi\u00f3n es inevitable.<\/p>\n<p>La mega clase fue impartida por Gerardo Mart\u00ednez Fern\u00e1ndez, instructor de artes marciales mixtas y algunos de sus alumnos quienes apoyaron a las damas a desarrollar bien las t\u00e9cnicas aprendidas.<\/p>\n<p>En su oportunidad, el instructor mencion\u00f3 que la defensa personal se debe entender como la habilidad de vencer a un atacante sin importar la fuerza f\u00edsica del mismo y para ello, es importante mejorar la velocidad de respuesta.<\/p>\n<p>El objetivo de esta disciplina es ense\u00f1arles c\u00f3mo actuar en situaciones de peligro, defendi\u00e9ndose mediante el uso de su propia fuerza sin necesidad de utilizar armas, incluso aprenden a utilizar la fuerza del atacante en su contra.<\/p>\n<p>Todos y todas nos hemos encontrado alguna vez en alguna situaci\u00f3n as\u00ed, en la que no nos hemos sentido seguros en relaci\u00f3n con nuestro entorno, as\u00ed que debemos estar alertas y evitar las situaciones de riesgo, pero tambi\u00e9n saber defendernos en caso necesario, puntualiz\u00f3.<\/p>\n","protected":false},"excerpt":{"rendered":"<p>Imparten mega clase defensa personal &nbsp; Amecameca, Estado de M\u00e9xico.-\u00a0La presidenta municipal, Ivette Topete Garc\u00eda<\/p>\n","protected":false},"author":1,"featured_media":12442,"comment_status":"open","ping_status":"open","sticky":false,"template":"","format":"standard","meta":{"footnotes":""},"categories":[1],"tags":[7],"class_list":["post-12441","post","type-post","status-publish","format-standard","has-post-thumbnail","hentry","category-municipales","tag-amecameca"],"yoast_head":"<!-- This site is optimized with the Yoast SEO plugin v25.3 - https:\/\/yoast.com\/wordpress\/plugins\/seo\/ -->\n<title>Amecameca contar\u00e1 con Primer Refugio Regional para Mujeres Violentadas - Volcanes<\/title>\n<meta name=\"robots\" content=\"index, follow, max-snippet:-1, max-image-preview:large, max-video-preview:-1\" \/>\n<link rel=\"canonical\" href=\"https:\/\/volcanes.net\/?p=12441\" \/>\n<meta property=\"og:locale\" content=\"es_MX\" \/>\n<meta property=\"og:type\" content=\"article\" \/>\n<meta property=\"og:title\" content=\"Amecameca contar\u00e1 con Primer Refugio Regional para Mujeres Violentadas - Volcanes\" \/>\n<meta property=\"og:description\" content=\"Imparten mega clase defensa personal &nbsp; Amecameca, Estado de M\u00e9xico.-\u00a0La presidenta municipal, Ivette Topete Garc\u00eda\" \/>\n<meta property=\"og:url\" content=\"https:\/\/volcanes.net\/?p=12441\" \/>\n<meta property=\"og:site_name\" content=\"Volcanes\" \/>\n<meta property=\"article:publisher\" content=\"https:\/\/www.facebook.com\/volcanes.net\/\" \/>\n<meta property=\"article:published_time\" content=\"2022-03-08T20:06:12+00:00\" \/>\n<meta property=\"og:image\" content=\"https:\/\/volcanes.net\/wp-content\/uploads\/2022\/03\/IMG-20220308-WA0006.jpg\" \/>\n\t<meta property=\"og:image:width\" content=\"1280\" \/>\n\t<meta property=\"og:image:height\" content=\"853\" \/>\n\t<meta property=\"og:image:type\" content=\"image\/jpeg\" \/>\n<meta name=\"author\" content=\"admin\" \/>\n<meta name=\"twitter:card\" content=\"summary_large_image\" \/>\n<meta name=\"twitter:label1\" content=\"Escrito por\" \/>\n\t<meta name=\"twitter:data1\" content=\"admin\" \/>\n\t<meta name=\"twitter:label2\" content=\"Tiempo de lectura\" \/>\n\t<meta name=\"twitter:data2\" content=\"2 minutos\" \/>\n<script type=\"application\/ld+json\" class=\"yoast-schema-graph\">{\"@context\":\"https:\/\/schema.org\",\"@graph\":[{\"@type\":\"Article\",\"@id\":\"https:\/\/volcanes.net\/?p=12441#article\",\"isPartOf\":{\"@id\":\"https:\/\/volcanes.net\/?p=12441\"},\"author\":{\"name\":\"admin\",\"@id\":\"https:\/\/volcanes.net\/#\/schema\/person\/4bf0f383940966a4abd53f5048c0e6b9\"},\"headline\":\"Amecameca contar\u00e1 con Primer Refugio Regional para Mujeres Violentadas\",\"datePublished\":\"2022-03-08T20:06:12+00:00\",\"mainEntityOfPage\":{\"@id\":\"https:\/\/volcanes.net\/?p=12441\"},\"wordCount\":432,\"commentCount\":0,\"publisher\":{\"@id\":\"https:\/\/volcanes.net\/#organization\"},\"image\":{\"@id\":\"https:\/\/volcanes.net\/?p=12441#primaryimage\"},\"thumbnailUrl\":\"https:\/\/volcanes.net\/wp-content\/uploads\/2022\/03\/IMG-20220308-WA0006.jpg\",\"keywords\":[\"Amecameca\"],\"articleSection\":[\"Municipales\"],\"inLanguage\":\"es\",\"potentialAction\":[{\"@type\":\"CommentAction\",\"name\":\"Comment\",\"target\":[\"https:\/\/volcanes.net\/?p=12441#respond\"]}]},{\"@type\":\"WebPage\",\"@id\":\"https:\/\/volcanes.net\/?p=12441\",\"url\":\"https:\/\/volcanes.net\/?p=12441\",\"name\":\"Amecameca contar\u00e1 con Primer Refugio Regional para Mujeres Violentadas - Volcanes\",\"isPartOf\":{\"@id\":\"https:\/\/volcanes.net\/#website\"},\"primaryImageOfPage\":{\"@id\":\"https:\/\/volcanes.net\/?p=12441#primaryimage\"},\"image\":{\"@id\":\"https:\/\/volcanes.net\/?p=12441#primaryimage\"},\"thumbnailUrl\":\"https:\/\/volcanes.net\/wp-content\/uploads\/2022\/03\/IMG-20220308-WA0006.jpg\",\"datePublished\":\"2022-03-08T20:06:12+00:00\",\"breadcrumb\":{\"@id\":\"https:\/\/volcanes.net\/?p=12441#breadcrumb\"},\"inLanguage\":\"es\",\"potentialAction\":[{\"@type\":\"ReadAction\",\"target\":[\"https:\/\/volcanes.net\/?p=12441\"]}]},{\"@type\":\"ImageObject\",\"inLanguage\":\"es\",\"@id\":\"https:\/\/volcanes.net\/?p=12441#primaryimage\",\"url\":\"https:\/\/volcanes.net\/wp-content\/uploads\/2022\/03\/IMG-20220308-WA0006.jpg\",\"contentUrl\":\"https:\/\/volcanes.net\/wp-content\/uploads\/2022\/03\/IMG-20220308-WA0006.jpg\",\"width\":1280,\"height\":853},{\"@type\":\"BreadcrumbList\",\"@id\":\"https:\/\/volcanes.net\/?p=12441#breadcrumb\",\"itemListElement\":[{\"@type\":\"ListItem\",\"position\":1,\"name\":\"Portada\",\"item\":\"https:\/\/volcanes.net\/\"},{\"@type\":\"ListItem\",\"position\":2,\"name\":\"Amecameca contar\u00e1 con Primer Refugio Regional para Mujeres Violentadas\"}]},{\"@type\":\"WebSite\",\"@id\":\"https:\/\/volcanes.net\/#website\",\"url\":\"https:\/\/volcanes.net\/\",\"name\":\"Volcanes.Net\",\"description\":\"Periodismo Profesional\",\"publisher\":{\"@id\":\"https:\/\/volcanes.net\/#organization\"},\"potentialAction\":[{\"@type\":\"SearchAction\",\"target\":{\"@type\":\"EntryPoint\",\"urlTemplate\":\"https:\/\/volcanes.net\/?s={search_term_string}\"},\"query-input\":{\"@type\":\"PropertyValueSpecification\",\"valueRequired\":true,\"valueName\":\"search_term_string\"}}],\"inLanguage\":\"es\"},{\"@type\":\"Organization\",\"@id\":\"https:\/\/volcanes.net\/#organization\",\"name\":\"Grupo Volcanes\",\"url\":\"https:\/\/volcanes.net\/\",\"logo\":{\"@type\":\"ImageObject\",\"inLanguage\":\"es\",\"@id\":\"https:\/\/volcanes.net\/#\/schema\/logo\/image\/\",\"url\":\"http:\/\/volcanes.net\/wp-content\/uploads\/2017\/12\/Avatar2.jpg\",\"contentUrl\":\"http:\/\/volcanes.net\/wp-content\/uploads\/2017\/12\/Avatar2.jpg\",\"width\":378,\"height\":378,\"caption\":\"Grupo Volcanes\"},\"image\":{\"@id\":\"https:\/\/volcanes.net\/#\/schema\/logo\/image\/\"},\"sameAs\":[\"https:\/\/www.facebook.com\/volcanes.net\/\"]},{\"@type\":\"Person\",\"@id\":\"https:\/\/volcanes.net\/#\/schema\/person\/4bf0f383940966a4abd53f5048c0e6b9\",\"name\":\"admin\",\"image\":{\"@type\":\"ImageObject\",\"inLanguage\":\"es\",\"@id\":\"https:\/\/volcanes.net\/#\/schema\/person\/image\/\",\"url\":\"https:\/\/secure.gravatar.com\/avatar\/ca004e6cba8462b8cb7abc86e382930c?s=96&d=mm&r=g\",\"contentUrl\":\"https:\/\/secure.gravatar.com\/avatar\/ca004e6cba8462b8cb7abc86e382930c?s=96&d=mm&r=g\",\"caption\":\"admin\"}}]}<\/script>\n<!-- \/ Yoast SEO plugin. -->","yoast_head_json":{"title":"Amecameca contar\u00e1 con Primer Refugio Regional para Mujeres Violentadas - Volcanes","robots":{"index":"index","follow":"follow","max-snippet":"max-snippet:-1","max-image-preview":"max-image-preview:large","max-video-preview":"max-video-preview:-1"},"canonical":"https:\/\/volcanes.net\/?p=12441","og_locale":"es_MX","og_type":"article","og_title":"Amecameca contar\u00e1 con Primer Refugio Regional para Mujeres Violentadas - Volcanes","og_description":"Imparten mega clase defensa personal &nbsp; Amecameca, Estado de M\u00e9xico.-\u00a0La presidenta municipal, Ivette Topete Garc\u00eda","og_url":"https:\/\/volcanes.net\/?p=12441","og_site_name":"Volcanes","article_publisher":"https:\/\/www.facebook.com\/volcanes.net\/","article_published_time":"2022-03-08T20:06:12+00:00","og_image":[{"width":1280,"height":853,"url":"https:\/\/volcanes.net\/wp-content\/uploads\/2022\/03\/IMG-20220308-WA0006.jpg","type":"image\/jpeg"}],"author":"admin","twitter_card":"summary_large_image","twitter_misc":{"Escrito por":"admin","Tiempo de lectura":"2 minutos"},"schema":{"@context":"https:\/\/schema.org","@graph":[{"@type":"Article","@id":"https:\/\/volcanes.net\/?p=12441#article","isPartOf":{"@id":"https:\/\/volcanes.net\/?p=12441"},"author":{"name":"admin","@id":"https:\/\/volcanes.net\/#\/schema\/person\/4bf0f383940966a4abd53f5048c0e6b9"},"headline":"Amecameca contar\u00e1 con Primer Refugio Regional para Mujeres Violentadas","datePublished":"2022-03-08T20:06:12+00:00","mainEntityOfPage":{"@id":"https:\/\/volcanes.net\/?p=12441"},"wordCount":432,"commentCount":0,"publisher":{"@id":"https:\/\/volcanes.net\/#organization"},"image":{"@id":"https:\/\/volcanes.net\/?p=12441#primaryimage"},"thumbnailUrl":"https:\/\/volcanes.net\/wp-content\/uploads\/2022\/03\/IMG-20220308-WA0006.jpg","keywords":["Amecameca"],"articleSection":["Municipales"],"inLanguage":"es","potentialAction":[{"@type":"CommentAction","name":"Comment","target":["https:\/\/volcanes.net\/?p=12441#respond"]}]},{"@type":"WebPage","@id":"https:\/\/volcanes.net\/?p=12441","url":"https:\/\/volcanes.net\/?p=12441","name":"Amecameca contar\u00e1 con Primer Refugio Regional para Mujeres Violentadas - Volcanes","isPartOf":{"@id":"https:\/\/volcanes.net\/#website"},"primaryImageOfPage":{"@id":"https:\/\/volcanes.net\/?p=12441#primaryimage"},"image":{"@id":"https:\/\/volcanes.net\/?p=12441#primaryimage"},"thumbnailUrl":"https:\/\/volcanes.net\/wp-content\/uploads\/2022\/03\/IMG-20220308-WA0006.jpg","datePublished":"2022-03-08T20:06:12+00:00","breadcrumb":{"@id":"https:\/\/volcanes.net\/?p=12441#breadcrumb"},"inLanguage":"es","potentialAction":[{"@type":"ReadAction","target":["https:\/\/volcanes.net\/?p=12441"]}]},{"@type":"ImageObject","inLanguage":"es","@id":"https:\/\/volcanes.net\/?p=12441#primaryimage","url":"https:\/\/volcanes.net\/wp-content\/uploads\/2022\/03\/IMG-20220308-WA0006.jpg","contentUrl":"https:\/\/volcanes.net\/wp-content\/uploads\/2022\/03\/IMG-20220308-WA0006.jpg","width":1280,"height":853},{"@type":"BreadcrumbList","@id":"https:\/\/volcanes.net\/?p=12441#breadcrumb","itemListElement":[{"@type":"ListItem","position":1,"name":"Portada","item":"https:\/\/volcanes.net\/"},{"@type":"ListItem","position":2,"name":"Amecameca contar\u00e1 con Primer Refugio Regional para Mujeres Violentadas"}]},{"@type":"WebSite","@id":"https:\/\/volcanes.net\/#website","url":"https:\/\/volcanes.net\/","name":"Volcanes.Net","description":"Periodismo Profesional","publisher":{"@id":"https:\/\/volcanes.net\/#organization"},"potentialAction":[{"@type":"SearchAction","target":{"@type":"EntryPoint","urlTemplate":"https:\/\/volcanes.net\/?s={search_term_string}"},"query-input":{"@type":"PropertyValueSpecification","valueRequired":true,"valueName":"search_term_string"}}],"inLanguage":"es"},{"@type":"Organization","@id":"https:\/\/volcanes.net\/#organization","name":"Grupo Volcanes","url":"https:\/\/volcanes.net\/","logo":{"@type":"ImageObject","inLanguage":"es","@id":"https:\/\/volcanes.net\/#\/schema\/logo\/image\/","url":"http:\/\/volcanes.net\/wp-content\/uploads\/2017\/12\/Avatar2.jpg","contentUrl":"http:\/\/volcanes.net\/wp-content\/uploads\/2017\/12\/Avatar2.jpg","width":378,"height":378,"caption":"Grupo Volcanes"},"image":{"@id":"https:\/\/volcanes.net\/#\/schema\/logo\/image\/"},"sameAs":["https:\/\/www.facebook.com\/volcanes.net\/"]},{"@type":"Person","@id":"https:\/\/volcanes.net\/#\/schema\/person\/4bf0f383940966a4abd53f5048c0e6b9","name":"admin","image":{"@type":"ImageObject","inLanguage":"es","@id":"https:\/\/volcanes.net\/#\/schema\/person\/image\/","url":"https:\/\/secure.gravatar.com\/avatar\/ca004e6cba8462b8cb7abc86e382930c?s=96&d=mm&r=g","contentUrl":"https:\/\/secure.gravatar.com\/avatar\/ca004e6cba8462b8cb7abc86e382930c?s=96&d=mm&r=g","caption":"admin"}}]}},"_links":{"self":[{"href":"https:\/\/volcanes.net\/index.php?rest_route=\/wp\/v2\/posts\/12441"}],"collection":[{"href":"https:\/\/volcanes.net\/index.php?rest_route=\/wp\/v2\/posts"}],"about":[{"href":"https:\/\/volcanes.net\/index.php?rest_route=\/wp\/v2\/types\/post"}],"author":[{"embeddable":true,"href":"https:\/\/volcanes.net\/index.php?rest_route=\/wp\/v2\/users\/1"}],"replies":[{"embeddable":true,"href":"https:\/\/volcanes.net\/index.php?rest_route=%2Fwp%2Fv2%2Fcomments&post=12441"}],"version-history":[{"count":1,"href":"https:\/\/volcanes.net\/index.php?rest_route=\/wp\/v2\/posts\/12441\/revisions"}],"predecessor-version":[{"id":12443,"href":"https:\/\/volcanes.net\/index.php?rest_route=\/wp\/v2\/posts\/12441\/revisions\/12443"}],"wp:featuredmedia":[{"embeddable":true,"href":"https:\/\/volcanes.net\/index.php?rest_route=\/wp\/v2\/media\/12442"}],"wp:attachment":[{"href":"https:\/\/volcanes.net\/index.php?rest_route=%2Fwp%2Fv2%2Fmedia&parent=12441"}],"wp:term":[{"taxonomy":"category","embeddable":true,"href":"https:\/\/volcanes.net\/index.php?rest_route=%2Fwp%2Fv2%2Fcategories&post=12441"},{"taxonomy":"post_tag","embeddable":true,"href":"https:\/\/volcanes.net\/index.php?rest_route=%2Fwp%2Fv2%2Ftags&post=12441"}],"curies":[{"name":"wp","href":"https:\/\/api.w.org\/{rel}","templated":true}]}}