{"id":12452,"date":"2022-03-10T13:58:39","date_gmt":"2022-03-10T19:58:39","guid":{"rendered":"http:\/\/volcanes.net\/?p=12452"},"modified":"2022-03-10T13:58:39","modified_gmt":"2022-03-10T19:58:39","slug":"convocatoria-abierta-para-eleccion-de-delegados-y-copacis-de-ecatzingo","status":"publish","type":"post","link":"https:\/\/volcanes.net\/?p=12452","title":{"rendered":"Convocatoria abierta para Elecci\u00f3n de Delegados y COPACIS de Ecatzingo"},"content":{"rendered":"<div style=\"margin-top: 0px; margin-bottom: 0px;\" class=\"sharethis-inline-share-buttons\" ><\/div><p>Ecatzingo, Estado de M\u00e9xico.- Oscar Armando S\u00e1nchez Rivera, Secretario del Ayuntamiento de Ecatzingo, anunci\u00f3 que ya se aprob\u00f3 y se public\u00f3 la convocatoria para elegir a las autoridades municipales auxiliares como Delegados, Subdelegados y COPACIS, la cual se encuentra dirigida a cualquier ciudadano que cumpla con los requisitos.<\/p>\n<p>El pasado viernes 04 de marzo se expidi\u00f3 esta convocatoria que fue aprobada por el Cabildo y publicada tanto en las dos Delegaciones de San Marcos Tecomaxusco y San Juan Tlacotompa; as\u00ed como en los estrados de la Presidencia Municipal y est\u00e1 dirigida a todo el p\u00fablico que desee participar, subray\u00f3 S\u00e1nchez Rivera, en entrevista para Volcanes Televisi\u00f3n, quien explic\u00f3 que son dos delegados y COPACIS los cargos a ocupar.<\/p>\n<p>El Secretario del Ayuntamiento explic\u00f3 que durante la semana del 07 al 11 de marzo ser\u00e1 el periodo de registro de planillas, las cuales se estar\u00e1n recibiendo en las instalaciones del Palacio Municipal. La elecci\u00f3n ser\u00e1 el d\u00eda 27 de marzo, en la que se elegir\u00e1n a los dos delegados de manera simult\u00e1nea en cada Delegaci\u00f3n, para lo que la Comisi\u00f3n Electoral integrada por miembros del Ayuntamiento vigilar\u00e1 que en el proceso electoral se cumpla con el estricto respeto de los usos y costumbres de cada Comunidad. El 15 de abril las autoridades electas tomar\u00e1n la Protesta de Ley. \u201cEn La ley org\u00e1nica municipal se encuentran bien especificadas las funciones que realizar\u00e1n en estos tres a\u00f1os correspondientes al periodo 2022-2024\u201d, subray\u00f3.<\/p>\n<p>Finalmente, S\u00e1nchez Rivera hizo una atenta invitaci\u00f3n a la ciudadan\u00eda a participar de manera activa en el municipio a trav\u00e9s de esta convocatoria.<\/p>\n<p>&nbsp;<\/p>\n","protected":false},"excerpt":{"rendered":"<p>Ecatzingo, Estado de M\u00e9xico.- Oscar Armando S\u00e1nchez Rivera, Secretario del Ayuntamiento de Ecatzingo, anunci\u00f3 que<\/p>\n","protected":false},"author":1,"featured_media":12453,"comment_status":"open","ping_status":"open","sticky":false,"template":"","format":"standard","meta":{"footnotes":""},"categories":[1],"tags":[15],"class_list":["post-12452","post","type-post","status-publish","format-standard","has-post-thumbnail","hentry","category-municipales","tag-ecatzingo"],"yoast_head":"<!-- This site is optimized with the Yoast SEO plugin v25.3 - https:\/\/yoast.com\/wordpress\/plugins\/seo\/ -->\n<title>Convocatoria abierta para Elecci\u00f3n de Delegados y COPACIS de Ecatzingo - Volcanes<\/title>\n<meta name=\"robots\" content=\"index, follow, max-snippet:-1, max-image-preview:large, max-video-preview:-1\" \/>\n<link rel=\"canonical\" href=\"https:\/\/volcanes.net\/?p=12452\" \/>\n<meta property=\"og:locale\" content=\"es_MX\" \/>\n<meta property=\"og:type\" content=\"article\" \/>\n<meta property=\"og:title\" content=\"Convocatoria abierta para Elecci\u00f3n de Delegados y COPACIS de Ecatzingo - Volcanes\" \/>\n<meta property=\"og:description\" content=\"Ecatzingo, Estado de M\u00e9xico.- Oscar Armando S\u00e1nchez Rivera, Secretario del Ayuntamiento de Ecatzingo, anunci\u00f3 que\" \/>\n<meta property=\"og:url\" content=\"https:\/\/volcanes.net\/?p=12452\" \/>\n<meta property=\"og:site_name\" content=\"Volcanes\" \/>\n<meta property=\"article:publisher\" content=\"https:\/\/www.facebook.com\/volcanes.net\/\" \/>\n<meta property=\"article:published_time\" content=\"2022-03-10T19:58:39+00:00\" \/>\n<meta property=\"og:image\" content=\"https:\/\/volcanes.net\/wp-content\/uploads\/2022\/03\/Screenshot_20220310-135219_WhatsApp.jpg\" \/>\n\t<meta property=\"og:image:width\" content=\"1080\" \/>\n\t<meta property=\"og:image:height\" content=\"576\" \/>\n\t<meta property=\"og:image:type\" content=\"image\/jpeg\" \/>\n<meta name=\"author\" content=\"admin\" \/>\n<meta name=\"twitter:card\" content=\"summary_large_image\" \/>\n<meta name=\"twitter:label1\" content=\"Escrito por\" \/>\n\t<meta name=\"twitter:data1\" content=\"admin\" \/>\n\t<meta name=\"twitter:label2\" content=\"Tiempo de lectura\" \/>\n\t<meta name=\"twitter:data2\" content=\"2 minutos\" \/>\n<script type=\"application\/ld+json\" class=\"yoast-schema-graph\">{\"@context\":\"https:\/\/schema.org\",\"@graph\":[{\"@type\":\"Article\",\"@id\":\"https:\/\/volcanes.net\/?p=12452#article\",\"isPartOf\":{\"@id\":\"https:\/\/volcanes.net\/?p=12452\"},\"author\":{\"name\":\"admin\",\"@id\":\"https:\/\/volcanes.net\/#\/schema\/person\/4bf0f383940966a4abd53f5048c0e6b9\"},\"headline\":\"Convocatoria abierta para Elecci\u00f3n de Delegados y COPACIS de Ecatzingo\",\"datePublished\":\"2022-03-10T19:58:39+00:00\",\"mainEntityOfPage\":{\"@id\":\"https:\/\/volcanes.net\/?p=12452\"},\"wordCount\":290,\"commentCount\":0,\"publisher\":{\"@id\":\"https:\/\/volcanes.net\/#organization\"},\"image\":{\"@id\":\"https:\/\/volcanes.net\/?p=12452#primaryimage\"},\"thumbnailUrl\":\"https:\/\/volcanes.net\/wp-content\/uploads\/2022\/03\/Screenshot_20220310-135219_WhatsApp.jpg\",\"keywords\":[\"Ecatzingo\"],\"articleSection\":[\"Municipales\"],\"inLanguage\":\"es\",\"potentialAction\":[{\"@type\":\"CommentAction\",\"name\":\"Comment\",\"target\":[\"https:\/\/volcanes.net\/?p=12452#respond\"]}]},{\"@type\":\"WebPage\",\"@id\":\"https:\/\/volcanes.net\/?p=12452\",\"url\":\"https:\/\/volcanes.net\/?p=12452\",\"name\":\"Convocatoria abierta para Elecci\u00f3n de Delegados y COPACIS de Ecatzingo - Volcanes\",\"isPartOf\":{\"@id\":\"https:\/\/volcanes.net\/#website\"},\"primaryImageOfPage\":{\"@id\":\"https:\/\/volcanes.net\/?p=12452#primaryimage\"},\"image\":{\"@id\":\"https:\/\/volcanes.net\/?p=12452#primaryimage\"},\"thumbnailUrl\":\"https:\/\/volcanes.net\/wp-content\/uploads\/2022\/03\/Screenshot_20220310-135219_WhatsApp.jpg\",\"datePublished\":\"2022-03-10T19:58:39+00:00\",\"breadcrumb\":{\"@id\":\"https:\/\/volcanes.net\/?p=12452#breadcrumb\"},\"inLanguage\":\"es\",\"potentialAction\":[{\"@type\":\"ReadAction\",\"target\":[\"https:\/\/volcanes.net\/?p=12452\"]}]},{\"@type\":\"ImageObject\",\"inLanguage\":\"es\",\"@id\":\"https:\/\/volcanes.net\/?p=12452#primaryimage\",\"url\":\"https:\/\/volcanes.net\/wp-content\/uploads\/2022\/03\/Screenshot_20220310-135219_WhatsApp.jpg\",\"contentUrl\":\"https:\/\/volcanes.net\/wp-content\/uploads\/2022\/03\/Screenshot_20220310-135219_WhatsApp.jpg\",\"width\":1080,\"height\":576},{\"@type\":\"BreadcrumbList\",\"@id\":\"https:\/\/volcanes.net\/?p=12452#breadcrumb\",\"itemListElement\":[{\"@type\":\"ListItem\",\"position\":1,\"name\":\"Portada\",\"item\":\"https:\/\/volcanes.net\/\"},{\"@type\":\"ListItem\",\"position\":2,\"name\":\"Convocatoria abierta para Elecci\u00f3n de Delegados y COPACIS de Ecatzingo\"}]},{\"@type\":\"WebSite\",\"@id\":\"https:\/\/volcanes.net\/#website\",\"url\":\"https:\/\/volcanes.net\/\",\"name\":\"Volcanes.Net\",\"description\":\"Periodismo Profesional\",\"publisher\":{\"@id\":\"https:\/\/volcanes.net\/#organization\"},\"potentialAction\":[{\"@type\":\"SearchAction\",\"target\":{\"@type\":\"EntryPoint\",\"urlTemplate\":\"https:\/\/volcanes.net\/?s={search_term_string}\"},\"query-input\":{\"@type\":\"PropertyValueSpecification\",\"valueRequired\":true,\"valueName\":\"search_term_string\"}}],\"inLanguage\":\"es\"},{\"@type\":\"Organization\",\"@id\":\"https:\/\/volcanes.net\/#organization\",\"name\":\"Grupo Volcanes\",\"url\":\"https:\/\/volcanes.net\/\",\"logo\":{\"@type\":\"ImageObject\",\"inLanguage\":\"es\",\"@id\":\"https:\/\/volcanes.net\/#\/schema\/logo\/image\/\",\"url\":\"http:\/\/volcanes.net\/wp-content\/uploads\/2017\/12\/Avatar2.jpg\",\"contentUrl\":\"http:\/\/volcanes.net\/wp-content\/uploads\/2017\/12\/Avatar2.jpg\",\"width\":378,\"height\":378,\"caption\":\"Grupo Volcanes\"},\"image\":{\"@id\":\"https:\/\/volcanes.net\/#\/schema\/logo\/image\/\"},\"sameAs\":[\"https:\/\/www.facebook.com\/volcanes.net\/\"]},{\"@type\":\"Person\",\"@id\":\"https:\/\/volcanes.net\/#\/schema\/person\/4bf0f383940966a4abd53f5048c0e6b9\",\"name\":\"admin\",\"image\":{\"@type\":\"ImageObject\",\"inLanguage\":\"es\",\"@id\":\"https:\/\/volcanes.net\/#\/schema\/person\/image\/\",\"url\":\"https:\/\/secure.gravatar.com\/avatar\/ca004e6cba8462b8cb7abc86e382930c?s=96&d=mm&r=g\",\"contentUrl\":\"https:\/\/secure.gravatar.com\/avatar\/ca004e6cba8462b8cb7abc86e382930c?s=96&d=mm&r=g\",\"caption\":\"admin\"}}]}<\/script>\n<!-- \/ Yoast SEO plugin. -->","yoast_head_json":{"title":"Convocatoria abierta para Elecci\u00f3n de Delegados y COPACIS de Ecatzingo - Volcanes","robots":{"index":"index","follow":"follow","max-snippet":"max-snippet:-1","max-image-preview":"max-image-preview:large","max-video-preview":"max-video-preview:-1"},"canonical":"https:\/\/volcanes.net\/?p=12452","og_locale":"es_MX","og_type":"article","og_title":"Convocatoria abierta para Elecci\u00f3n de Delegados y COPACIS de Ecatzingo - Volcanes","og_description":"Ecatzingo, Estado de M\u00e9xico.- Oscar Armando S\u00e1nchez Rivera, Secretario del Ayuntamiento de Ecatzingo, anunci\u00f3 que","og_url":"https:\/\/volcanes.net\/?p=12452","og_site_name":"Volcanes","article_publisher":"https:\/\/www.facebook.com\/volcanes.net\/","article_published_time":"2022-03-10T19:58:39+00:00","og_image":[{"width":1080,"height":576,"url":"https:\/\/volcanes.net\/wp-content\/uploads\/2022\/03\/Screenshot_20220310-135219_WhatsApp.jpg","type":"image\/jpeg"}],"author":"admin","twitter_card":"summary_large_image","twitter_misc":{"Escrito por":"admin","Tiempo de lectura":"2 minutos"},"schema":{"@context":"https:\/\/schema.org","@graph":[{"@type":"Article","@id":"https:\/\/volcanes.net\/?p=12452#article","isPartOf":{"@id":"https:\/\/volcanes.net\/?p=12452"},"author":{"name":"admin","@id":"https:\/\/volcanes.net\/#\/schema\/person\/4bf0f383940966a4abd53f5048c0e6b9"},"headline":"Convocatoria abierta para Elecci\u00f3n de Delegados y COPACIS de Ecatzingo","datePublished":"2022-03-10T19:58:39+00:00","mainEntityOfPage":{"@id":"https:\/\/volcanes.net\/?p=12452"},"wordCount":290,"commentCount":0,"publisher":{"@id":"https:\/\/volcanes.net\/#organization"},"image":{"@id":"https:\/\/volcanes.net\/?p=12452#primaryimage"},"thumbnailUrl":"https:\/\/volcanes.net\/wp-content\/uploads\/2022\/03\/Screenshot_20220310-135219_WhatsApp.jpg","keywords":["Ecatzingo"],"articleSection":["Municipales"],"inLanguage":"es","potentialAction":[{"@type":"CommentAction","name":"Comment","target":["https:\/\/volcanes.net\/?p=12452#respond"]}]},{"@type":"WebPage","@id":"https:\/\/volcanes.net\/?p=12452","url":"https:\/\/volcanes.net\/?p=12452","name":"Convocatoria abierta para Elecci\u00f3n de Delegados y COPACIS de Ecatzingo - Volcanes","isPartOf":{"@id":"https:\/\/volcanes.net\/#website"},"primaryImageOfPage":{"@id":"https:\/\/volcanes.net\/?p=12452#primaryimage"},"image":{"@id":"https:\/\/volcanes.net\/?p=12452#primaryimage"},"thumbnailUrl":"https:\/\/volcanes.net\/wp-content\/uploads\/2022\/03\/Screenshot_20220310-135219_WhatsApp.jpg","datePublished":"2022-03-10T19:58:39+00:00","breadcrumb":{"@id":"https:\/\/volcanes.net\/?p=12452#breadcrumb"},"inLanguage":"es","potentialAction":[{"@type":"ReadAction","target":["https:\/\/volcanes.net\/?p=12452"]}]},{"@type":"ImageObject","inLanguage":"es","@id":"https:\/\/volcanes.net\/?p=12452#primaryimage","url":"https:\/\/volcanes.net\/wp-content\/uploads\/2022\/03\/Screenshot_20220310-135219_WhatsApp.jpg","contentUrl":"https:\/\/volcanes.net\/wp-content\/uploads\/2022\/03\/Screenshot_20220310-135219_WhatsApp.jpg","width":1080,"height":576},{"@type":"BreadcrumbList","@id":"https:\/\/volcanes.net\/?p=12452#breadcrumb","itemListElement":[{"@type":"ListItem","position":1,"name":"Portada","item":"https:\/\/volcanes.net\/"},{"@type":"ListItem","position":2,"name":"Convocatoria abierta para Elecci\u00f3n de Delegados y COPACIS de Ecatzingo"}]},{"@type":"WebSite","@id":"https:\/\/volcanes.net\/#website","url":"https:\/\/volcanes.net\/","name":"Volcanes.Net","description":"Periodismo Profesional","publisher":{"@id":"https:\/\/volcanes.net\/#organization"},"potentialAction":[{"@type":"SearchAction","target":{"@type":"EntryPoint","urlTemplate":"https:\/\/volcanes.net\/?s={search_term_string}"},"query-input":{"@type":"PropertyValueSpecification","valueRequired":true,"valueName":"search_term_string"}}],"inLanguage":"es"},{"@type":"Organization","@id":"https:\/\/volcanes.net\/#organization","name":"Grupo Volcanes","url":"https:\/\/volcanes.net\/","logo":{"@type":"ImageObject","inLanguage":"es","@id":"https:\/\/volcanes.net\/#\/schema\/logo\/image\/","url":"http:\/\/volcanes.net\/wp-content\/uploads\/2017\/12\/Avatar2.jpg","contentUrl":"http:\/\/volcanes.net\/wp-content\/uploads\/2017\/12\/Avatar2.jpg","width":378,"height":378,"caption":"Grupo Volcanes"},"image":{"@id":"https:\/\/volcanes.net\/#\/schema\/logo\/image\/"},"sameAs":["https:\/\/www.facebook.com\/volcanes.net\/"]},{"@type":"Person","@id":"https:\/\/volcanes.net\/#\/schema\/person\/4bf0f383940966a4abd53f5048c0e6b9","name":"admin","image":{"@type":"ImageObject","inLanguage":"es","@id":"https:\/\/volcanes.net\/#\/schema\/person\/image\/","url":"https:\/\/secure.gravatar.com\/avatar\/ca004e6cba8462b8cb7abc86e382930c?s=96&d=mm&r=g","contentUrl":"https:\/\/secure.gravatar.com\/avatar\/ca004e6cba8462b8cb7abc86e382930c?s=96&d=mm&r=g","caption":"admin"}}]}},"_links":{"self":[{"href":"https:\/\/volcanes.net\/index.php?rest_route=\/wp\/v2\/posts\/12452"}],"collection":[{"href":"https:\/\/volcanes.net\/index.php?rest_route=\/wp\/v2\/posts"}],"about":[{"href":"https:\/\/volcanes.net\/index.php?rest_route=\/wp\/v2\/types\/post"}],"author":[{"embeddable":true,"href":"https:\/\/volcanes.net\/index.php?rest_route=\/wp\/v2\/users\/1"}],"replies":[{"embeddable":true,"href":"https:\/\/volcanes.net\/index.php?rest_route=%2Fwp%2Fv2%2Fcomments&post=12452"}],"version-history":[{"count":1,"href":"https:\/\/volcanes.net\/index.php?rest_route=\/wp\/v2\/posts\/12452\/revisions"}],"predecessor-version":[{"id":12454,"href":"https:\/\/volcanes.net\/index.php?rest_route=\/wp\/v2\/posts\/12452\/revisions\/12454"}],"wp:featuredmedia":[{"embeddable":true,"href":"https:\/\/volcanes.net\/index.php?rest_route=\/wp\/v2\/media\/12453"}],"wp:attachment":[{"href":"https:\/\/volcanes.net\/index.php?rest_route=%2Fwp%2Fv2%2Fmedia&parent=12452"}],"wp:term":[{"taxonomy":"category","embeddable":true,"href":"https:\/\/volcanes.net\/index.php?rest_route=%2Fwp%2Fv2%2Fcategories&post=12452"},{"taxonomy":"post_tag","embeddable":true,"href":"https:\/\/volcanes.net\/index.php?rest_route=%2Fwp%2Fv2%2Ftags&post=12452"}],"curies":[{"name":"wp","href":"https:\/\/api.w.org\/{rel}","templated":true}]}}