{"id":12468,"date":"2022-03-10T19:39:02","date_gmt":"2022-03-11T01:39:02","guid":{"rendered":"http:\/\/volcanes.net\/?p=12468"},"modified":"2022-03-10T19:53:59","modified_gmt":"2022-03-11T01:53:59","slug":"conmemoran-el-dia-internacional-de-la-mujer-con-diversas-actividades-en-ecatzingo","status":"publish","type":"post","link":"https:\/\/volcanes.net\/?p=12468","title":{"rendered":"Conmemoran el D\u00eda Internacional de la Mujer con diversas actividades en Ecatzingo"},"content":{"rendered":"<div style=\"margin-top: 0px; margin-bottom: 0px;\" class=\"sharethis-inline-share-buttons\" ><\/div><p>Ecatzingo, Estado de M\u00e9xico.- El pasado 8 de marzo se conmemor\u00f3 el D\u00eda Internacional de la Mujer y el municipio de Ecatzingo no se qued\u00f3 atr\u00e1s, pues desde el d\u00eda lunes comenz\u00f3 con las actividades para esta fecha tan importante.<\/p>\n<p>La primera actividad fue un peri\u00f3dico mural que ten\u00eda por objetivo hacer concientizaci\u00f3n sobre la violencia de g\u00e9nero que cientos o miles de mujeres viven a diario. Se cont\u00f3 con la participaci\u00f3n de Ayuntamiento y diversas personas, a quienes se les hizo la cordial invitaci\u00f3n de vestir una prenda morada el 8M.<\/p>\n<p>&#8220;Tuvimos una peque\u00f1a actividad sobre el D\u00eda de la Mujer, se coloc\u00f3 un mo\u00f1o en color morado en la puerta principal de Palacio Municipal as\u00ed como tambi\u00e9n asistimos con prendas de este color. Se repartieron globos, folletos; adem\u00e1s se tuvo una pl\u00e1tica sobre igualdad y equidad de g\u00e9nero&#8221;, destac\u00f3 Marcela Vergara Mart\u00ednez, Directora de Equidad de G\u00e9nero y Apoyo del municipio.<\/p>\n<p>Durante todo el mes se seguir\u00e1 trabajando, principalmente los d\u00edas 25 de cada a\u00f1o, en la concientizaci\u00f3n de esta problem\u00e1tica que aqueja a todos.<\/p>\n<p>Se otorgan pl\u00e1ticas a planteles escolares, con locatarias y a toda persona se le invita a participar en el pr\u00f3ximo D\u00eda Naranja.<\/p>\n","protected":false},"excerpt":{"rendered":"<p>Ecatzingo, Estado de M\u00e9xico.- El pasado 8 de marzo se conmemor\u00f3 el D\u00eda Internacional de<\/p>\n","protected":false},"author":1,"featured_media":12469,"comment_status":"open","ping_status":"open","sticky":false,"template":"","format":"standard","meta":{"footnotes":""},"categories":[1],"tags":[15],"class_list":["post-12468","post","type-post","status-publish","format-standard","has-post-thumbnail","hentry","category-municipales","tag-ecatzingo"],"yoast_head":"<!-- This site is optimized with the Yoast SEO plugin v25.3 - https:\/\/yoast.com\/wordpress\/plugins\/seo\/ -->\n<title>Conmemoran el D\u00eda Internacional de la Mujer con diversas actividades en Ecatzingo - Volcanes<\/title>\n<meta name=\"robots\" content=\"index, follow, max-snippet:-1, max-image-preview:large, max-video-preview:-1\" \/>\n<link rel=\"canonical\" href=\"https:\/\/volcanes.net\/?p=12468\" \/>\n<meta property=\"og:locale\" content=\"es_MX\" \/>\n<meta property=\"og:type\" content=\"article\" \/>\n<meta property=\"og:title\" content=\"Conmemoran el D\u00eda Internacional de la Mujer con diversas actividades en Ecatzingo - Volcanes\" \/>\n<meta property=\"og:description\" content=\"Ecatzingo, Estado de M\u00e9xico.- El pasado 8 de marzo se conmemor\u00f3 el D\u00eda Internacional de\" \/>\n<meta property=\"og:url\" content=\"https:\/\/volcanes.net\/?p=12468\" \/>\n<meta property=\"og:site_name\" content=\"Volcanes\" \/>\n<meta property=\"article:publisher\" content=\"https:\/\/www.facebook.com\/volcanes.net\/\" \/>\n<meta property=\"article:published_time\" content=\"2022-03-11T01:39:02+00:00\" \/>\n<meta property=\"article:modified_time\" content=\"2022-03-11T01:53:59+00:00\" \/>\n<meta property=\"og:image\" content=\"https:\/\/volcanes.net\/wp-content\/uploads\/2022\/03\/Screenshot_20220310-193256_WhatsApp.jpg\" \/>\n\t<meta property=\"og:image:width\" content=\"1080\" \/>\n\t<meta property=\"og:image:height\" content=\"594\" \/>\n\t<meta property=\"og:image:type\" content=\"image\/jpeg\" \/>\n<meta name=\"author\" content=\"admin\" \/>\n<meta name=\"twitter:card\" content=\"summary_large_image\" \/>\n<meta name=\"twitter:label1\" content=\"Escrito por\" \/>\n\t<meta name=\"twitter:data1\" content=\"admin\" \/>\n\t<meta name=\"twitter:label2\" content=\"Tiempo de lectura\" \/>\n\t<meta name=\"twitter:data2\" content=\"1 minuto\" \/>\n<script type=\"application\/ld+json\" class=\"yoast-schema-graph\">{\"@context\":\"https:\/\/schema.org\",\"@graph\":[{\"@type\":\"Article\",\"@id\":\"https:\/\/volcanes.net\/?p=12468#article\",\"isPartOf\":{\"@id\":\"https:\/\/volcanes.net\/?p=12468\"},\"author\":{\"name\":\"admin\",\"@id\":\"https:\/\/volcanes.net\/#\/schema\/person\/4bf0f383940966a4abd53f5048c0e6b9\"},\"headline\":\"Conmemoran el D\u00eda Internacional de la Mujer con diversas actividades en Ecatzingo\",\"datePublished\":\"2022-03-11T01:39:02+00:00\",\"dateModified\":\"2022-03-11T01:53:59+00:00\",\"mainEntityOfPage\":{\"@id\":\"https:\/\/volcanes.net\/?p=12468\"},\"wordCount\":237,\"commentCount\":0,\"publisher\":{\"@id\":\"https:\/\/volcanes.net\/#organization\"},\"image\":{\"@id\":\"https:\/\/volcanes.net\/?p=12468#primaryimage\"},\"thumbnailUrl\":\"https:\/\/volcanes.net\/wp-content\/uploads\/2022\/03\/Screenshot_20220310-193256_WhatsApp.jpg\",\"keywords\":[\"Ecatzingo\"],\"articleSection\":[\"Municipales\"],\"inLanguage\":\"es\",\"potentialAction\":[{\"@type\":\"CommentAction\",\"name\":\"Comment\",\"target\":[\"https:\/\/volcanes.net\/?p=12468#respond\"]}]},{\"@type\":\"WebPage\",\"@id\":\"https:\/\/volcanes.net\/?p=12468\",\"url\":\"https:\/\/volcanes.net\/?p=12468\",\"name\":\"Conmemoran el D\u00eda Internacional de la Mujer con diversas actividades en Ecatzingo - Volcanes\",\"isPartOf\":{\"@id\":\"https:\/\/volcanes.net\/#website\"},\"primaryImageOfPage\":{\"@id\":\"https:\/\/volcanes.net\/?p=12468#primaryimage\"},\"image\":{\"@id\":\"https:\/\/volcanes.net\/?p=12468#primaryimage\"},\"thumbnailUrl\":\"https:\/\/volcanes.net\/wp-content\/uploads\/2022\/03\/Screenshot_20220310-193256_WhatsApp.jpg\",\"datePublished\":\"2022-03-11T01:39:02+00:00\",\"dateModified\":\"2022-03-11T01:53:59+00:00\",\"breadcrumb\":{\"@id\":\"https:\/\/volcanes.net\/?p=12468#breadcrumb\"},\"inLanguage\":\"es\",\"potentialAction\":[{\"@type\":\"ReadAction\",\"target\":[\"https:\/\/volcanes.net\/?p=12468\"]}]},{\"@type\":\"ImageObject\",\"inLanguage\":\"es\",\"@id\":\"https:\/\/volcanes.net\/?p=12468#primaryimage\",\"url\":\"https:\/\/volcanes.net\/wp-content\/uploads\/2022\/03\/Screenshot_20220310-193256_WhatsApp.jpg\",\"contentUrl\":\"https:\/\/volcanes.net\/wp-content\/uploads\/2022\/03\/Screenshot_20220310-193256_WhatsApp.jpg\",\"width\":1080,\"height\":594},{\"@type\":\"BreadcrumbList\",\"@id\":\"https:\/\/volcanes.net\/?p=12468#breadcrumb\",\"itemListElement\":[{\"@type\":\"ListItem\",\"position\":1,\"name\":\"Portada\",\"item\":\"https:\/\/volcanes.net\/\"},{\"@type\":\"ListItem\",\"position\":2,\"name\":\"Conmemoran el D\u00eda Internacional de la Mujer con diversas actividades en Ecatzingo\"}]},{\"@type\":\"WebSite\",\"@id\":\"https:\/\/volcanes.net\/#website\",\"url\":\"https:\/\/volcanes.net\/\",\"name\":\"Volcanes.Net\",\"description\":\"Periodismo Profesional\",\"publisher\":{\"@id\":\"https:\/\/volcanes.net\/#organization\"},\"potentialAction\":[{\"@type\":\"SearchAction\",\"target\":{\"@type\":\"EntryPoint\",\"urlTemplate\":\"https:\/\/volcanes.net\/?s={search_term_string}\"},\"query-input\":{\"@type\":\"PropertyValueSpecification\",\"valueRequired\":true,\"valueName\":\"search_term_string\"}}],\"inLanguage\":\"es\"},{\"@type\":\"Organization\",\"@id\":\"https:\/\/volcanes.net\/#organization\",\"name\":\"Grupo Volcanes\",\"url\":\"https:\/\/volcanes.net\/\",\"logo\":{\"@type\":\"ImageObject\",\"inLanguage\":\"es\",\"@id\":\"https:\/\/volcanes.net\/#\/schema\/logo\/image\/\",\"url\":\"http:\/\/volcanes.net\/wp-content\/uploads\/2017\/12\/Avatar2.jpg\",\"contentUrl\":\"http:\/\/volcanes.net\/wp-content\/uploads\/2017\/12\/Avatar2.jpg\",\"width\":378,\"height\":378,\"caption\":\"Grupo Volcanes\"},\"image\":{\"@id\":\"https:\/\/volcanes.net\/#\/schema\/logo\/image\/\"},\"sameAs\":[\"https:\/\/www.facebook.com\/volcanes.net\/\"]},{\"@type\":\"Person\",\"@id\":\"https:\/\/volcanes.net\/#\/schema\/person\/4bf0f383940966a4abd53f5048c0e6b9\",\"name\":\"admin\",\"image\":{\"@type\":\"ImageObject\",\"inLanguage\":\"es\",\"@id\":\"https:\/\/volcanes.net\/#\/schema\/person\/image\/\",\"url\":\"https:\/\/secure.gravatar.com\/avatar\/ca004e6cba8462b8cb7abc86e382930c?s=96&d=mm&r=g\",\"contentUrl\":\"https:\/\/secure.gravatar.com\/avatar\/ca004e6cba8462b8cb7abc86e382930c?s=96&d=mm&r=g\",\"caption\":\"admin\"}}]}<\/script>\n<!-- \/ Yoast SEO plugin. -->","yoast_head_json":{"title":"Conmemoran el D\u00eda Internacional de la Mujer con diversas actividades en Ecatzingo - Volcanes","robots":{"index":"index","follow":"follow","max-snippet":"max-snippet:-1","max-image-preview":"max-image-preview:large","max-video-preview":"max-video-preview:-1"},"canonical":"https:\/\/volcanes.net\/?p=12468","og_locale":"es_MX","og_type":"article","og_title":"Conmemoran el D\u00eda Internacional de la Mujer con diversas actividades en Ecatzingo - Volcanes","og_description":"Ecatzingo, Estado de M\u00e9xico.- El pasado 8 de marzo se conmemor\u00f3 el D\u00eda Internacional de","og_url":"https:\/\/volcanes.net\/?p=12468","og_site_name":"Volcanes","article_publisher":"https:\/\/www.facebook.com\/volcanes.net\/","article_published_time":"2022-03-11T01:39:02+00:00","article_modified_time":"2022-03-11T01:53:59+00:00","og_image":[{"width":1080,"height":594,"url":"https:\/\/volcanes.net\/wp-content\/uploads\/2022\/03\/Screenshot_20220310-193256_WhatsApp.jpg","type":"image\/jpeg"}],"author":"admin","twitter_card":"summary_large_image","twitter_misc":{"Escrito por":"admin","Tiempo de lectura":"1 minuto"},"schema":{"@context":"https:\/\/schema.org","@graph":[{"@type":"Article","@id":"https:\/\/volcanes.net\/?p=12468#article","isPartOf":{"@id":"https:\/\/volcanes.net\/?p=12468"},"author":{"name":"admin","@id":"https:\/\/volcanes.net\/#\/schema\/person\/4bf0f383940966a4abd53f5048c0e6b9"},"headline":"Conmemoran el D\u00eda Internacional de la Mujer con diversas actividades en Ecatzingo","datePublished":"2022-03-11T01:39:02+00:00","dateModified":"2022-03-11T01:53:59+00:00","mainEntityOfPage":{"@id":"https:\/\/volcanes.net\/?p=12468"},"wordCount":237,"commentCount":0,"publisher":{"@id":"https:\/\/volcanes.net\/#organization"},"image":{"@id":"https:\/\/volcanes.net\/?p=12468#primaryimage"},"thumbnailUrl":"https:\/\/volcanes.net\/wp-content\/uploads\/2022\/03\/Screenshot_20220310-193256_WhatsApp.jpg","keywords":["Ecatzingo"],"articleSection":["Municipales"],"inLanguage":"es","potentialAction":[{"@type":"CommentAction","name":"Comment","target":["https:\/\/volcanes.net\/?p=12468#respond"]}]},{"@type":"WebPage","@id":"https:\/\/volcanes.net\/?p=12468","url":"https:\/\/volcanes.net\/?p=12468","name":"Conmemoran el D\u00eda Internacional de la Mujer con diversas actividades en Ecatzingo - Volcanes","isPartOf":{"@id":"https:\/\/volcanes.net\/#website"},"primaryImageOfPage":{"@id":"https:\/\/volcanes.net\/?p=12468#primaryimage"},"image":{"@id":"https:\/\/volcanes.net\/?p=12468#primaryimage"},"thumbnailUrl":"https:\/\/volcanes.net\/wp-content\/uploads\/2022\/03\/Screenshot_20220310-193256_WhatsApp.jpg","datePublished":"2022-03-11T01:39:02+00:00","dateModified":"2022-03-11T01:53:59+00:00","breadcrumb":{"@id":"https:\/\/volcanes.net\/?p=12468#breadcrumb"},"inLanguage":"es","potentialAction":[{"@type":"ReadAction","target":["https:\/\/volcanes.net\/?p=12468"]}]},{"@type":"ImageObject","inLanguage":"es","@id":"https:\/\/volcanes.net\/?p=12468#primaryimage","url":"https:\/\/volcanes.net\/wp-content\/uploads\/2022\/03\/Screenshot_20220310-193256_WhatsApp.jpg","contentUrl":"https:\/\/volcanes.net\/wp-content\/uploads\/2022\/03\/Screenshot_20220310-193256_WhatsApp.jpg","width":1080,"height":594},{"@type":"BreadcrumbList","@id":"https:\/\/volcanes.net\/?p=12468#breadcrumb","itemListElement":[{"@type":"ListItem","position":1,"name":"Portada","item":"https:\/\/volcanes.net\/"},{"@type":"ListItem","position":2,"name":"Conmemoran el D\u00eda Internacional de la Mujer con diversas actividades en Ecatzingo"}]},{"@type":"WebSite","@id":"https:\/\/volcanes.net\/#website","url":"https:\/\/volcanes.net\/","name":"Volcanes.Net","description":"Periodismo Profesional","publisher":{"@id":"https:\/\/volcanes.net\/#organization"},"potentialAction":[{"@type":"SearchAction","target":{"@type":"EntryPoint","urlTemplate":"https:\/\/volcanes.net\/?s={search_term_string}"},"query-input":{"@type":"PropertyValueSpecification","valueRequired":true,"valueName":"search_term_string"}}],"inLanguage":"es"},{"@type":"Organization","@id":"https:\/\/volcanes.net\/#organization","name":"Grupo Volcanes","url":"https:\/\/volcanes.net\/","logo":{"@type":"ImageObject","inLanguage":"es","@id":"https:\/\/volcanes.net\/#\/schema\/logo\/image\/","url":"http:\/\/volcanes.net\/wp-content\/uploads\/2017\/12\/Avatar2.jpg","contentUrl":"http:\/\/volcanes.net\/wp-content\/uploads\/2017\/12\/Avatar2.jpg","width":378,"height":378,"caption":"Grupo Volcanes"},"image":{"@id":"https:\/\/volcanes.net\/#\/schema\/logo\/image\/"},"sameAs":["https:\/\/www.facebook.com\/volcanes.net\/"]},{"@type":"Person","@id":"https:\/\/volcanes.net\/#\/schema\/person\/4bf0f383940966a4abd53f5048c0e6b9","name":"admin","image":{"@type":"ImageObject","inLanguage":"es","@id":"https:\/\/volcanes.net\/#\/schema\/person\/image\/","url":"https:\/\/secure.gravatar.com\/avatar\/ca004e6cba8462b8cb7abc86e382930c?s=96&d=mm&r=g","contentUrl":"https:\/\/secure.gravatar.com\/avatar\/ca004e6cba8462b8cb7abc86e382930c?s=96&d=mm&r=g","caption":"admin"}}]}},"_links":{"self":[{"href":"https:\/\/volcanes.net\/index.php?rest_route=\/wp\/v2\/posts\/12468"}],"collection":[{"href":"https:\/\/volcanes.net\/index.php?rest_route=\/wp\/v2\/posts"}],"about":[{"href":"https:\/\/volcanes.net\/index.php?rest_route=\/wp\/v2\/types\/post"}],"author":[{"embeddable":true,"href":"https:\/\/volcanes.net\/index.php?rest_route=\/wp\/v2\/users\/1"}],"replies":[{"embeddable":true,"href":"https:\/\/volcanes.net\/index.php?rest_route=%2Fwp%2Fv2%2Fcomments&post=12468"}],"version-history":[{"count":2,"href":"https:\/\/volcanes.net\/index.php?rest_route=\/wp\/v2\/posts\/12468\/revisions"}],"predecessor-version":[{"id":12472,"href":"https:\/\/volcanes.net\/index.php?rest_route=\/wp\/v2\/posts\/12468\/revisions\/12472"}],"wp:featuredmedia":[{"embeddable":true,"href":"https:\/\/volcanes.net\/index.php?rest_route=\/wp\/v2\/media\/12469"}],"wp:attachment":[{"href":"https:\/\/volcanes.net\/index.php?rest_route=%2Fwp%2Fv2%2Fmedia&parent=12468"}],"wp:term":[{"taxonomy":"category","embeddable":true,"href":"https:\/\/volcanes.net\/index.php?rest_route=%2Fwp%2Fv2%2Fcategories&post=12468"},{"taxonomy":"post_tag","embeddable":true,"href":"https:\/\/volcanes.net\/index.php?rest_route=%2Fwp%2Fv2%2Ftags&post=12468"}],"curies":[{"name":"wp","href":"https:\/\/api.w.org\/{rel}","templated":true}]}}