{"id":12478,"date":"2022-03-12T14:33:40","date_gmt":"2022-03-12T20:33:40","guid":{"rendered":"http:\/\/volcanes.net\/?p=12478"},"modified":"2022-03-12T14:33:40","modified_gmt":"2022-03-12T20:33:40","slug":"proteccion-civil-de-amecameca-atiende-al-menos-un-incendio-forestal-cada-tercer-dia","status":"publish","type":"post","link":"https:\/\/volcanes.net\/?p=12478","title":{"rendered":"Protecci\u00f3n Civil de Amecameca atiende al menos un incendio forestal cada tercer d\u00eda"},"content":{"rendered":"<div style=\"margin-top: 0px; margin-bottom: 0px;\" class=\"sharethis-inline-share-buttons\" ><\/div><ul>\n<li>Llama Protecci\u00f3n Civil y Bomberos de Amecameca a evitar riesgos de incendios<\/li>\n<\/ul>\n<p>Amecameca, Estado de M\u00e9xico.-\u00a0El gobierno de Amecameca a trav\u00e9s de la Coordinaci\u00f3n de Protecci\u00f3n Civil y Bomberos hizo un llamado a la poblaci\u00f3n a evitar riesgos de incendio, pues tan s\u00f3lo en los primeros 60 d\u00edas del presente a\u00f1o se presentaron 40 incendios de pastizales, cuatro forestales y cuatro en domicilios particulares.<\/p>\n<p>El fuego ha provocado la p\u00e9rdida de al menos 130 hect\u00e1reas de bosques y 20 hect\u00e1reas de terrenos de pastizal, por lo que es muy importante participar todos en las medidas de prevenci\u00f3n, dijo el coordinador de Protecci\u00f3n Civil y Bomberos de Amecameca, Oscar Mel\u00e9ndez Delgado.<\/p>\n<p>Destac\u00f3 que muchos siniestros se pueden evitar, sobre todo aquellos de pastizales que son provocados por trabajadores del campo con el prop\u00f3sito de limpiar los terrenos de cultivo, pero se les salen de control.<\/p>\n<p>En otros casos, las colillas de cigarro mal apagadas provocan fuego y las botellas de vidrio funcionan como generadoras del calor con los rayos del sol. Por ello es importante crear conciencia entre la gente para evitar estos factores de riesgo.<\/p>\n<p>En cuanto a turismo se refiere, el funcionario enfatiz\u00f3 que cientos de paseantes llegan a los bosques en familia para pasar un d\u00eda de campo, sobre todo los fines de semana; en este caso el llamado es, en caso de hacer fogatas o utilizar braseros para preparar alimentos, que verifiquen que las brasas hayan sido apagadas por completo antes de retirarse.<\/p>\n<p>Respecto a los incendios atendidos en casas, Oscar Mel\u00e9ndez recomend\u00f3 verificar constantemente que las conexiones el\u00e9ctricas se encuentren en \u00f3ptimas condiciones para evitar calentamientos o cortos circuitos, mientras que la instalaci\u00f3n de gas tambi\u00e9n debe ser revisada de manera cotidiana.<\/p>\n<p>En el caso de los hogares donde se acostumbra a colocar veladoras en altares, tener cuidado de no dejarlas prendidas al salir de casa o apagarlas antes de que se consuma por completo la parafina, puntualiz\u00f3.<\/p>\n","protected":false},"excerpt":{"rendered":"<p>Llama Protecci\u00f3n Civil y Bomberos de Amecameca a evitar riesgos de incendios Amecameca, Estado de<\/p>\n","protected":false},"author":1,"featured_media":12479,"comment_status":"open","ping_status":"open","sticky":false,"template":"","format":"standard","meta":{"footnotes":""},"categories":[1],"tags":[7],"class_list":["post-12478","post","type-post","status-publish","format-standard","has-post-thumbnail","hentry","category-municipales","tag-amecameca"],"yoast_head":"<!-- This site is optimized with the Yoast SEO plugin v25.3 - https:\/\/yoast.com\/wordpress\/plugins\/seo\/ -->\n<title>Protecci\u00f3n Civil de Amecameca atiende al menos un incendio forestal cada tercer d\u00eda - Volcanes<\/title>\n<meta name=\"robots\" content=\"index, follow, max-snippet:-1, max-image-preview:large, max-video-preview:-1\" \/>\n<link rel=\"canonical\" href=\"https:\/\/volcanes.net\/?p=12478\" \/>\n<meta property=\"og:locale\" content=\"es_MX\" \/>\n<meta property=\"og:type\" content=\"article\" \/>\n<meta property=\"og:title\" content=\"Protecci\u00f3n Civil de Amecameca atiende al menos un incendio forestal cada tercer d\u00eda - Volcanes\" \/>\n<meta property=\"og:description\" content=\"Llama Protecci\u00f3n Civil y Bomberos de Amecameca a evitar riesgos de incendios Amecameca, Estado de\" \/>\n<meta property=\"og:url\" content=\"https:\/\/volcanes.net\/?p=12478\" \/>\n<meta property=\"og:site_name\" content=\"Volcanes\" \/>\n<meta property=\"article:publisher\" content=\"https:\/\/www.facebook.com\/volcanes.net\/\" \/>\n<meta property=\"article:published_time\" content=\"2022-03-12T20:33:40+00:00\" \/>\n<meta property=\"og:image\" content=\"https:\/\/volcanes.net\/wp-content\/uploads\/2022\/03\/IMG-20220312-WA0003.jpg\" \/>\n\t<meta property=\"og:image:width\" content=\"1280\" \/>\n\t<meta property=\"og:image:height\" content=\"960\" \/>\n\t<meta property=\"og:image:type\" content=\"image\/jpeg\" \/>\n<meta name=\"author\" content=\"admin\" \/>\n<meta name=\"twitter:card\" content=\"summary_large_image\" \/>\n<meta name=\"twitter:label1\" content=\"Escrito por\" \/>\n\t<meta name=\"twitter:data1\" content=\"admin\" \/>\n\t<meta name=\"twitter:label2\" content=\"Tiempo de lectura\" \/>\n\t<meta name=\"twitter:data2\" content=\"2 minutos\" \/>\n<script type=\"application\/ld+json\" class=\"yoast-schema-graph\">{\"@context\":\"https:\/\/schema.org\",\"@graph\":[{\"@type\":\"Article\",\"@id\":\"https:\/\/volcanes.net\/?p=12478#article\",\"isPartOf\":{\"@id\":\"https:\/\/volcanes.net\/?p=12478\"},\"author\":{\"name\":\"admin\",\"@id\":\"https:\/\/volcanes.net\/#\/schema\/person\/4bf0f383940966a4abd53f5048c0e6b9\"},\"headline\":\"Protecci\u00f3n Civil de Amecameca atiende al menos un incendio forestal cada tercer d\u00eda\",\"datePublished\":\"2022-03-12T20:33:40+00:00\",\"mainEntityOfPage\":{\"@id\":\"https:\/\/volcanes.net\/?p=12478\"},\"wordCount\":356,\"commentCount\":0,\"publisher\":{\"@id\":\"https:\/\/volcanes.net\/#organization\"},\"image\":{\"@id\":\"https:\/\/volcanes.net\/?p=12478#primaryimage\"},\"thumbnailUrl\":\"https:\/\/volcanes.net\/wp-content\/uploads\/2022\/03\/IMG-20220312-WA0003.jpg\",\"keywords\":[\"Amecameca\"],\"articleSection\":[\"Municipales\"],\"inLanguage\":\"es\",\"potentialAction\":[{\"@type\":\"CommentAction\",\"name\":\"Comment\",\"target\":[\"https:\/\/volcanes.net\/?p=12478#respond\"]}]},{\"@type\":\"WebPage\",\"@id\":\"https:\/\/volcanes.net\/?p=12478\",\"url\":\"https:\/\/volcanes.net\/?p=12478\",\"name\":\"Protecci\u00f3n Civil de Amecameca atiende al menos un incendio forestal cada tercer d\u00eda - Volcanes\",\"isPartOf\":{\"@id\":\"https:\/\/volcanes.net\/#website\"},\"primaryImageOfPage\":{\"@id\":\"https:\/\/volcanes.net\/?p=12478#primaryimage\"},\"image\":{\"@id\":\"https:\/\/volcanes.net\/?p=12478#primaryimage\"},\"thumbnailUrl\":\"https:\/\/volcanes.net\/wp-content\/uploads\/2022\/03\/IMG-20220312-WA0003.jpg\",\"datePublished\":\"2022-03-12T20:33:40+00:00\",\"breadcrumb\":{\"@id\":\"https:\/\/volcanes.net\/?p=12478#breadcrumb\"},\"inLanguage\":\"es\",\"potentialAction\":[{\"@type\":\"ReadAction\",\"target\":[\"https:\/\/volcanes.net\/?p=12478\"]}]},{\"@type\":\"ImageObject\",\"inLanguage\":\"es\",\"@id\":\"https:\/\/volcanes.net\/?p=12478#primaryimage\",\"url\":\"https:\/\/volcanes.net\/wp-content\/uploads\/2022\/03\/IMG-20220312-WA0003.jpg\",\"contentUrl\":\"https:\/\/volcanes.net\/wp-content\/uploads\/2022\/03\/IMG-20220312-WA0003.jpg\",\"width\":1280,\"height\":960},{\"@type\":\"BreadcrumbList\",\"@id\":\"https:\/\/volcanes.net\/?p=12478#breadcrumb\",\"itemListElement\":[{\"@type\":\"ListItem\",\"position\":1,\"name\":\"Portada\",\"item\":\"https:\/\/volcanes.net\/\"},{\"@type\":\"ListItem\",\"position\":2,\"name\":\"Protecci\u00f3n Civil de Amecameca atiende al menos un incendio forestal cada tercer d\u00eda\"}]},{\"@type\":\"WebSite\",\"@id\":\"https:\/\/volcanes.net\/#website\",\"url\":\"https:\/\/volcanes.net\/\",\"name\":\"Volcanes.Net\",\"description\":\"Periodismo Profesional\",\"publisher\":{\"@id\":\"https:\/\/volcanes.net\/#organization\"},\"potentialAction\":[{\"@type\":\"SearchAction\",\"target\":{\"@type\":\"EntryPoint\",\"urlTemplate\":\"https:\/\/volcanes.net\/?s={search_term_string}\"},\"query-input\":{\"@type\":\"PropertyValueSpecification\",\"valueRequired\":true,\"valueName\":\"search_term_string\"}}],\"inLanguage\":\"es\"},{\"@type\":\"Organization\",\"@id\":\"https:\/\/volcanes.net\/#organization\",\"name\":\"Grupo Volcanes\",\"url\":\"https:\/\/volcanes.net\/\",\"logo\":{\"@type\":\"ImageObject\",\"inLanguage\":\"es\",\"@id\":\"https:\/\/volcanes.net\/#\/schema\/logo\/image\/\",\"url\":\"http:\/\/volcanes.net\/wp-content\/uploads\/2017\/12\/Avatar2.jpg\",\"contentUrl\":\"http:\/\/volcanes.net\/wp-content\/uploads\/2017\/12\/Avatar2.jpg\",\"width\":378,\"height\":378,\"caption\":\"Grupo Volcanes\"},\"image\":{\"@id\":\"https:\/\/volcanes.net\/#\/schema\/logo\/image\/\"},\"sameAs\":[\"https:\/\/www.facebook.com\/volcanes.net\/\"]},{\"@type\":\"Person\",\"@id\":\"https:\/\/volcanes.net\/#\/schema\/person\/4bf0f383940966a4abd53f5048c0e6b9\",\"name\":\"admin\",\"image\":{\"@type\":\"ImageObject\",\"inLanguage\":\"es\",\"@id\":\"https:\/\/volcanes.net\/#\/schema\/person\/image\/\",\"url\":\"https:\/\/secure.gravatar.com\/avatar\/ca004e6cba8462b8cb7abc86e382930c?s=96&d=mm&r=g\",\"contentUrl\":\"https:\/\/secure.gravatar.com\/avatar\/ca004e6cba8462b8cb7abc86e382930c?s=96&d=mm&r=g\",\"caption\":\"admin\"}}]}<\/script>\n<!-- \/ Yoast SEO plugin. -->","yoast_head_json":{"title":"Protecci\u00f3n Civil de Amecameca atiende al menos un incendio forestal cada tercer d\u00eda - Volcanes","robots":{"index":"index","follow":"follow","max-snippet":"max-snippet:-1","max-image-preview":"max-image-preview:large","max-video-preview":"max-video-preview:-1"},"canonical":"https:\/\/volcanes.net\/?p=12478","og_locale":"es_MX","og_type":"article","og_title":"Protecci\u00f3n Civil de Amecameca atiende al menos un incendio forestal cada tercer d\u00eda - Volcanes","og_description":"Llama Protecci\u00f3n Civil y Bomberos de Amecameca a evitar riesgos de incendios Amecameca, Estado de","og_url":"https:\/\/volcanes.net\/?p=12478","og_site_name":"Volcanes","article_publisher":"https:\/\/www.facebook.com\/volcanes.net\/","article_published_time":"2022-03-12T20:33:40+00:00","og_image":[{"width":1280,"height":960,"url":"https:\/\/volcanes.net\/wp-content\/uploads\/2022\/03\/IMG-20220312-WA0003.jpg","type":"image\/jpeg"}],"author":"admin","twitter_card":"summary_large_image","twitter_misc":{"Escrito por":"admin","Tiempo de lectura":"2 minutos"},"schema":{"@context":"https:\/\/schema.org","@graph":[{"@type":"Article","@id":"https:\/\/volcanes.net\/?p=12478#article","isPartOf":{"@id":"https:\/\/volcanes.net\/?p=12478"},"author":{"name":"admin","@id":"https:\/\/volcanes.net\/#\/schema\/person\/4bf0f383940966a4abd53f5048c0e6b9"},"headline":"Protecci\u00f3n Civil de Amecameca atiende al menos un incendio forestal cada tercer d\u00eda","datePublished":"2022-03-12T20:33:40+00:00","mainEntityOfPage":{"@id":"https:\/\/volcanes.net\/?p=12478"},"wordCount":356,"commentCount":0,"publisher":{"@id":"https:\/\/volcanes.net\/#organization"},"image":{"@id":"https:\/\/volcanes.net\/?p=12478#primaryimage"},"thumbnailUrl":"https:\/\/volcanes.net\/wp-content\/uploads\/2022\/03\/IMG-20220312-WA0003.jpg","keywords":["Amecameca"],"articleSection":["Municipales"],"inLanguage":"es","potentialAction":[{"@type":"CommentAction","name":"Comment","target":["https:\/\/volcanes.net\/?p=12478#respond"]}]},{"@type":"WebPage","@id":"https:\/\/volcanes.net\/?p=12478","url":"https:\/\/volcanes.net\/?p=12478","name":"Protecci\u00f3n Civil de Amecameca atiende al menos un incendio forestal cada tercer d\u00eda - Volcanes","isPartOf":{"@id":"https:\/\/volcanes.net\/#website"},"primaryImageOfPage":{"@id":"https:\/\/volcanes.net\/?p=12478#primaryimage"},"image":{"@id":"https:\/\/volcanes.net\/?p=12478#primaryimage"},"thumbnailUrl":"https:\/\/volcanes.net\/wp-content\/uploads\/2022\/03\/IMG-20220312-WA0003.jpg","datePublished":"2022-03-12T20:33:40+00:00","breadcrumb":{"@id":"https:\/\/volcanes.net\/?p=12478#breadcrumb"},"inLanguage":"es","potentialAction":[{"@type":"ReadAction","target":["https:\/\/volcanes.net\/?p=12478"]}]},{"@type":"ImageObject","inLanguage":"es","@id":"https:\/\/volcanes.net\/?p=12478#primaryimage","url":"https:\/\/volcanes.net\/wp-content\/uploads\/2022\/03\/IMG-20220312-WA0003.jpg","contentUrl":"https:\/\/volcanes.net\/wp-content\/uploads\/2022\/03\/IMG-20220312-WA0003.jpg","width":1280,"height":960},{"@type":"BreadcrumbList","@id":"https:\/\/volcanes.net\/?p=12478#breadcrumb","itemListElement":[{"@type":"ListItem","position":1,"name":"Portada","item":"https:\/\/volcanes.net\/"},{"@type":"ListItem","position":2,"name":"Protecci\u00f3n Civil de Amecameca atiende al menos un incendio forestal cada tercer d\u00eda"}]},{"@type":"WebSite","@id":"https:\/\/volcanes.net\/#website","url":"https:\/\/volcanes.net\/","name":"Volcanes.Net","description":"Periodismo Profesional","publisher":{"@id":"https:\/\/volcanes.net\/#organization"},"potentialAction":[{"@type":"SearchAction","target":{"@type":"EntryPoint","urlTemplate":"https:\/\/volcanes.net\/?s={search_term_string}"},"query-input":{"@type":"PropertyValueSpecification","valueRequired":true,"valueName":"search_term_string"}}],"inLanguage":"es"},{"@type":"Organization","@id":"https:\/\/volcanes.net\/#organization","name":"Grupo Volcanes","url":"https:\/\/volcanes.net\/","logo":{"@type":"ImageObject","inLanguage":"es","@id":"https:\/\/volcanes.net\/#\/schema\/logo\/image\/","url":"http:\/\/volcanes.net\/wp-content\/uploads\/2017\/12\/Avatar2.jpg","contentUrl":"http:\/\/volcanes.net\/wp-content\/uploads\/2017\/12\/Avatar2.jpg","width":378,"height":378,"caption":"Grupo Volcanes"},"image":{"@id":"https:\/\/volcanes.net\/#\/schema\/logo\/image\/"},"sameAs":["https:\/\/www.facebook.com\/volcanes.net\/"]},{"@type":"Person","@id":"https:\/\/volcanes.net\/#\/schema\/person\/4bf0f383940966a4abd53f5048c0e6b9","name":"admin","image":{"@type":"ImageObject","inLanguage":"es","@id":"https:\/\/volcanes.net\/#\/schema\/person\/image\/","url":"https:\/\/secure.gravatar.com\/avatar\/ca004e6cba8462b8cb7abc86e382930c?s=96&d=mm&r=g","contentUrl":"https:\/\/secure.gravatar.com\/avatar\/ca004e6cba8462b8cb7abc86e382930c?s=96&d=mm&r=g","caption":"admin"}}]}},"_links":{"self":[{"href":"https:\/\/volcanes.net\/index.php?rest_route=\/wp\/v2\/posts\/12478"}],"collection":[{"href":"https:\/\/volcanes.net\/index.php?rest_route=\/wp\/v2\/posts"}],"about":[{"href":"https:\/\/volcanes.net\/index.php?rest_route=\/wp\/v2\/types\/post"}],"author":[{"embeddable":true,"href":"https:\/\/volcanes.net\/index.php?rest_route=\/wp\/v2\/users\/1"}],"replies":[{"embeddable":true,"href":"https:\/\/volcanes.net\/index.php?rest_route=%2Fwp%2Fv2%2Fcomments&post=12478"}],"version-history":[{"count":2,"href":"https:\/\/volcanes.net\/index.php?rest_route=\/wp\/v2\/posts\/12478\/revisions"}],"predecessor-version":[{"id":12481,"href":"https:\/\/volcanes.net\/index.php?rest_route=\/wp\/v2\/posts\/12478\/revisions\/12481"}],"wp:featuredmedia":[{"embeddable":true,"href":"https:\/\/volcanes.net\/index.php?rest_route=\/wp\/v2\/media\/12479"}],"wp:attachment":[{"href":"https:\/\/volcanes.net\/index.php?rest_route=%2Fwp%2Fv2%2Fmedia&parent=12478"}],"wp:term":[{"taxonomy":"category","embeddable":true,"href":"https:\/\/volcanes.net\/index.php?rest_route=%2Fwp%2Fv2%2Fcategories&post=12478"},{"taxonomy":"post_tag","embeddable":true,"href":"https:\/\/volcanes.net\/index.php?rest_route=%2Fwp%2Fv2%2Ftags&post=12478"}],"curies":[{"name":"wp","href":"https:\/\/api.w.org\/{rel}","templated":true}]}}