{"id":12484,"date":"2022-03-12T17:01:26","date_gmt":"2022-03-12T23:01:26","guid":{"rendered":"http:\/\/volcanes.net\/?p=12484"},"modified":"2022-03-12T17:01:26","modified_gmt":"2022-03-12T23:01:26","slug":"realizan-bodas-comunitarias-en-caravanas-por-la-justicia-en-temamatla","status":"publish","type":"post","link":"https:\/\/volcanes.net\/?p=12484","title":{"rendered":"Realizan bodas comunitarias en Caravanas por la Justicia en Temamatla"},"content":{"rendered":"<div style=\"margin-top: 0px; margin-bottom: 0px;\" class=\"sharethis-inline-share-buttons\" ><\/div><p>Temamatla, Estado de M\u00e9xico.- Con un buen \u00e1nimo, los habitantes de Temamatla aprovecharon las Caravanas por la Justicia que este s\u00e1bado llegaron al municipio de Temamatla, un apoyo gubernamental y que tiene por objetivo hacer m\u00e1s r\u00e1pidos ciertos tr\u00e1mites para los ciudadanos.<\/p>\n<p>El presidente municipal, Jos\u00e9 Antonio Vallejo Gama y su esposa Socorro V\u00e1zquez Orozco, presidenta del Sistema Municipal DIF, acudieron a las bodas comunitarias realizadas durante esta Caravana.<\/p>\n<p>Este evento tiene como fecha l\u00edmite el d\u00eda domingo 13 de marzo, siendo la segunda ocasi\u00f3n en que llegan a este municipio.<\/p>\n<p>&#8220;Todav\u00eda nos queda un d\u00eda y espero que las personas que tengan un problema o necesidad, ser\u00e1n atendidos de manera tranquila en este m\u00f3dulo de atenci\u00f3n&#8221;, destac\u00f3.<\/p>\n","protected":false},"excerpt":{"rendered":"<p>Temamatla, Estado de M\u00e9xico.- Con un buen \u00e1nimo, los habitantes de Temamatla aprovecharon las Caravanas<\/p>\n","protected":false},"author":1,"featured_media":12485,"comment_status":"open","ping_status":"open","sticky":false,"template":"","format":"standard","meta":{"footnotes":""},"categories":[1],"tags":[236],"class_list":["post-12484","post","type-post","status-publish","format-standard","has-post-thumbnail","hentry","category-municipales","tag-temamatla"],"yoast_head":"<!-- This site is optimized with the Yoast SEO plugin v25.3 - https:\/\/yoast.com\/wordpress\/plugins\/seo\/ -->\n<title>Realizan bodas comunitarias en Caravanas por la Justicia en Temamatla - Volcanes<\/title>\n<meta name=\"robots\" content=\"index, follow, max-snippet:-1, max-image-preview:large, max-video-preview:-1\" \/>\n<link rel=\"canonical\" href=\"https:\/\/volcanes.net\/?p=12484\" \/>\n<meta property=\"og:locale\" content=\"es_MX\" \/>\n<meta property=\"og:type\" content=\"article\" \/>\n<meta property=\"og:title\" content=\"Realizan bodas comunitarias en Caravanas por la Justicia en Temamatla - Volcanes\" \/>\n<meta property=\"og:description\" content=\"Temamatla, Estado de M\u00e9xico.- Con un buen \u00e1nimo, los habitantes de Temamatla aprovecharon las Caravanas\" \/>\n<meta property=\"og:url\" content=\"https:\/\/volcanes.net\/?p=12484\" \/>\n<meta property=\"og:site_name\" content=\"Volcanes\" \/>\n<meta property=\"article:publisher\" content=\"https:\/\/www.facebook.com\/volcanes.net\/\" \/>\n<meta property=\"article:published_time\" content=\"2022-03-12T23:01:26+00:00\" \/>\n<meta property=\"og:image\" content=\"https:\/\/volcanes.net\/wp-content\/uploads\/2022\/03\/Screenshot_20220312-165843_Facebook.jpg\" \/>\n\t<meta property=\"og:image:width\" content=\"1080\" \/>\n\t<meta property=\"og:image:height\" content=\"588\" \/>\n\t<meta property=\"og:image:type\" content=\"image\/jpeg\" \/>\n<meta name=\"author\" content=\"admin\" \/>\n<meta name=\"twitter:card\" content=\"summary_large_image\" \/>\n<meta name=\"twitter:label1\" content=\"Escrito por\" \/>\n\t<meta name=\"twitter:data1\" content=\"admin\" \/>\n\t<meta name=\"twitter:label2\" content=\"Tiempo de lectura\" \/>\n\t<meta name=\"twitter:data2\" content=\"1 minuto\" \/>\n<script type=\"application\/ld+json\" class=\"yoast-schema-graph\">{\"@context\":\"https:\/\/schema.org\",\"@graph\":[{\"@type\":\"Article\",\"@id\":\"https:\/\/volcanes.net\/?p=12484#article\",\"isPartOf\":{\"@id\":\"https:\/\/volcanes.net\/?p=12484\"},\"author\":{\"name\":\"admin\",\"@id\":\"https:\/\/volcanes.net\/#\/schema\/person\/4bf0f383940966a4abd53f5048c0e6b9\"},\"headline\":\"Realizan bodas comunitarias en Caravanas por la Justicia en Temamatla\",\"datePublished\":\"2022-03-12T23:01:26+00:00\",\"mainEntityOfPage\":{\"@id\":\"https:\/\/volcanes.net\/?p=12484\"},\"wordCount\":142,\"commentCount\":0,\"publisher\":{\"@id\":\"https:\/\/volcanes.net\/#organization\"},\"image\":{\"@id\":\"https:\/\/volcanes.net\/?p=12484#primaryimage\"},\"thumbnailUrl\":\"https:\/\/volcanes.net\/wp-content\/uploads\/2022\/03\/Screenshot_20220312-165843_Facebook.jpg\",\"keywords\":[\"Temamatla\"],\"articleSection\":[\"Municipales\"],\"inLanguage\":\"es\",\"potentialAction\":[{\"@type\":\"CommentAction\",\"name\":\"Comment\",\"target\":[\"https:\/\/volcanes.net\/?p=12484#respond\"]}]},{\"@type\":\"WebPage\",\"@id\":\"https:\/\/volcanes.net\/?p=12484\",\"url\":\"https:\/\/volcanes.net\/?p=12484\",\"name\":\"Realizan bodas comunitarias en Caravanas por la Justicia en Temamatla - Volcanes\",\"isPartOf\":{\"@id\":\"https:\/\/volcanes.net\/#website\"},\"primaryImageOfPage\":{\"@id\":\"https:\/\/volcanes.net\/?p=12484#primaryimage\"},\"image\":{\"@id\":\"https:\/\/volcanes.net\/?p=12484#primaryimage\"},\"thumbnailUrl\":\"https:\/\/volcanes.net\/wp-content\/uploads\/2022\/03\/Screenshot_20220312-165843_Facebook.jpg\",\"datePublished\":\"2022-03-12T23:01:26+00:00\",\"breadcrumb\":{\"@id\":\"https:\/\/volcanes.net\/?p=12484#breadcrumb\"},\"inLanguage\":\"es\",\"potentialAction\":[{\"@type\":\"ReadAction\",\"target\":[\"https:\/\/volcanes.net\/?p=12484\"]}]},{\"@type\":\"ImageObject\",\"inLanguage\":\"es\",\"@id\":\"https:\/\/volcanes.net\/?p=12484#primaryimage\",\"url\":\"https:\/\/volcanes.net\/wp-content\/uploads\/2022\/03\/Screenshot_20220312-165843_Facebook.jpg\",\"contentUrl\":\"https:\/\/volcanes.net\/wp-content\/uploads\/2022\/03\/Screenshot_20220312-165843_Facebook.jpg\",\"width\":1080,\"height\":588},{\"@type\":\"BreadcrumbList\",\"@id\":\"https:\/\/volcanes.net\/?p=12484#breadcrumb\",\"itemListElement\":[{\"@type\":\"ListItem\",\"position\":1,\"name\":\"Portada\",\"item\":\"https:\/\/volcanes.net\/\"},{\"@type\":\"ListItem\",\"position\":2,\"name\":\"Realizan bodas comunitarias en Caravanas por la Justicia en Temamatla\"}]},{\"@type\":\"WebSite\",\"@id\":\"https:\/\/volcanes.net\/#website\",\"url\":\"https:\/\/volcanes.net\/\",\"name\":\"Volcanes.Net\",\"description\":\"Periodismo Profesional\",\"publisher\":{\"@id\":\"https:\/\/volcanes.net\/#organization\"},\"potentialAction\":[{\"@type\":\"SearchAction\",\"target\":{\"@type\":\"EntryPoint\",\"urlTemplate\":\"https:\/\/volcanes.net\/?s={search_term_string}\"},\"query-input\":{\"@type\":\"PropertyValueSpecification\",\"valueRequired\":true,\"valueName\":\"search_term_string\"}}],\"inLanguage\":\"es\"},{\"@type\":\"Organization\",\"@id\":\"https:\/\/volcanes.net\/#organization\",\"name\":\"Grupo Volcanes\",\"url\":\"https:\/\/volcanes.net\/\",\"logo\":{\"@type\":\"ImageObject\",\"inLanguage\":\"es\",\"@id\":\"https:\/\/volcanes.net\/#\/schema\/logo\/image\/\",\"url\":\"http:\/\/volcanes.net\/wp-content\/uploads\/2017\/12\/Avatar2.jpg\",\"contentUrl\":\"http:\/\/volcanes.net\/wp-content\/uploads\/2017\/12\/Avatar2.jpg\",\"width\":378,\"height\":378,\"caption\":\"Grupo Volcanes\"},\"image\":{\"@id\":\"https:\/\/volcanes.net\/#\/schema\/logo\/image\/\"},\"sameAs\":[\"https:\/\/www.facebook.com\/volcanes.net\/\"]},{\"@type\":\"Person\",\"@id\":\"https:\/\/volcanes.net\/#\/schema\/person\/4bf0f383940966a4abd53f5048c0e6b9\",\"name\":\"admin\",\"image\":{\"@type\":\"ImageObject\",\"inLanguage\":\"es\",\"@id\":\"https:\/\/volcanes.net\/#\/schema\/person\/image\/\",\"url\":\"https:\/\/secure.gravatar.com\/avatar\/ca004e6cba8462b8cb7abc86e382930c?s=96&d=mm&r=g\",\"contentUrl\":\"https:\/\/secure.gravatar.com\/avatar\/ca004e6cba8462b8cb7abc86e382930c?s=96&d=mm&r=g\",\"caption\":\"admin\"}}]}<\/script>\n<!-- \/ Yoast SEO plugin. -->","yoast_head_json":{"title":"Realizan bodas comunitarias en Caravanas por la Justicia en Temamatla - Volcanes","robots":{"index":"index","follow":"follow","max-snippet":"max-snippet:-1","max-image-preview":"max-image-preview:large","max-video-preview":"max-video-preview:-1"},"canonical":"https:\/\/volcanes.net\/?p=12484","og_locale":"es_MX","og_type":"article","og_title":"Realizan bodas comunitarias en Caravanas por la Justicia en Temamatla - Volcanes","og_description":"Temamatla, Estado de M\u00e9xico.- Con un buen \u00e1nimo, los habitantes de Temamatla aprovecharon las Caravanas","og_url":"https:\/\/volcanes.net\/?p=12484","og_site_name":"Volcanes","article_publisher":"https:\/\/www.facebook.com\/volcanes.net\/","article_published_time":"2022-03-12T23:01:26+00:00","og_image":[{"width":1080,"height":588,"url":"https:\/\/volcanes.net\/wp-content\/uploads\/2022\/03\/Screenshot_20220312-165843_Facebook.jpg","type":"image\/jpeg"}],"author":"admin","twitter_card":"summary_large_image","twitter_misc":{"Escrito por":"admin","Tiempo de lectura":"1 minuto"},"schema":{"@context":"https:\/\/schema.org","@graph":[{"@type":"Article","@id":"https:\/\/volcanes.net\/?p=12484#article","isPartOf":{"@id":"https:\/\/volcanes.net\/?p=12484"},"author":{"name":"admin","@id":"https:\/\/volcanes.net\/#\/schema\/person\/4bf0f383940966a4abd53f5048c0e6b9"},"headline":"Realizan bodas comunitarias en Caravanas por la Justicia en Temamatla","datePublished":"2022-03-12T23:01:26+00:00","mainEntityOfPage":{"@id":"https:\/\/volcanes.net\/?p=12484"},"wordCount":142,"commentCount":0,"publisher":{"@id":"https:\/\/volcanes.net\/#organization"},"image":{"@id":"https:\/\/volcanes.net\/?p=12484#primaryimage"},"thumbnailUrl":"https:\/\/volcanes.net\/wp-content\/uploads\/2022\/03\/Screenshot_20220312-165843_Facebook.jpg","keywords":["Temamatla"],"articleSection":["Municipales"],"inLanguage":"es","potentialAction":[{"@type":"CommentAction","name":"Comment","target":["https:\/\/volcanes.net\/?p=12484#respond"]}]},{"@type":"WebPage","@id":"https:\/\/volcanes.net\/?p=12484","url":"https:\/\/volcanes.net\/?p=12484","name":"Realizan bodas comunitarias en Caravanas por la Justicia en Temamatla - Volcanes","isPartOf":{"@id":"https:\/\/volcanes.net\/#website"},"primaryImageOfPage":{"@id":"https:\/\/volcanes.net\/?p=12484#primaryimage"},"image":{"@id":"https:\/\/volcanes.net\/?p=12484#primaryimage"},"thumbnailUrl":"https:\/\/volcanes.net\/wp-content\/uploads\/2022\/03\/Screenshot_20220312-165843_Facebook.jpg","datePublished":"2022-03-12T23:01:26+00:00","breadcrumb":{"@id":"https:\/\/volcanes.net\/?p=12484#breadcrumb"},"inLanguage":"es","potentialAction":[{"@type":"ReadAction","target":["https:\/\/volcanes.net\/?p=12484"]}]},{"@type":"ImageObject","inLanguage":"es","@id":"https:\/\/volcanes.net\/?p=12484#primaryimage","url":"https:\/\/volcanes.net\/wp-content\/uploads\/2022\/03\/Screenshot_20220312-165843_Facebook.jpg","contentUrl":"https:\/\/volcanes.net\/wp-content\/uploads\/2022\/03\/Screenshot_20220312-165843_Facebook.jpg","width":1080,"height":588},{"@type":"BreadcrumbList","@id":"https:\/\/volcanes.net\/?p=12484#breadcrumb","itemListElement":[{"@type":"ListItem","position":1,"name":"Portada","item":"https:\/\/volcanes.net\/"},{"@type":"ListItem","position":2,"name":"Realizan bodas comunitarias en Caravanas por la Justicia en Temamatla"}]},{"@type":"WebSite","@id":"https:\/\/volcanes.net\/#website","url":"https:\/\/volcanes.net\/","name":"Volcanes.Net","description":"Periodismo Profesional","publisher":{"@id":"https:\/\/volcanes.net\/#organization"},"potentialAction":[{"@type":"SearchAction","target":{"@type":"EntryPoint","urlTemplate":"https:\/\/volcanes.net\/?s={search_term_string}"},"query-input":{"@type":"PropertyValueSpecification","valueRequired":true,"valueName":"search_term_string"}}],"inLanguage":"es"},{"@type":"Organization","@id":"https:\/\/volcanes.net\/#organization","name":"Grupo Volcanes","url":"https:\/\/volcanes.net\/","logo":{"@type":"ImageObject","inLanguage":"es","@id":"https:\/\/volcanes.net\/#\/schema\/logo\/image\/","url":"http:\/\/volcanes.net\/wp-content\/uploads\/2017\/12\/Avatar2.jpg","contentUrl":"http:\/\/volcanes.net\/wp-content\/uploads\/2017\/12\/Avatar2.jpg","width":378,"height":378,"caption":"Grupo Volcanes"},"image":{"@id":"https:\/\/volcanes.net\/#\/schema\/logo\/image\/"},"sameAs":["https:\/\/www.facebook.com\/volcanes.net\/"]},{"@type":"Person","@id":"https:\/\/volcanes.net\/#\/schema\/person\/4bf0f383940966a4abd53f5048c0e6b9","name":"admin","image":{"@type":"ImageObject","inLanguage":"es","@id":"https:\/\/volcanes.net\/#\/schema\/person\/image\/","url":"https:\/\/secure.gravatar.com\/avatar\/ca004e6cba8462b8cb7abc86e382930c?s=96&d=mm&r=g","contentUrl":"https:\/\/secure.gravatar.com\/avatar\/ca004e6cba8462b8cb7abc86e382930c?s=96&d=mm&r=g","caption":"admin"}}]}},"_links":{"self":[{"href":"https:\/\/volcanes.net\/index.php?rest_route=\/wp\/v2\/posts\/12484"}],"collection":[{"href":"https:\/\/volcanes.net\/index.php?rest_route=\/wp\/v2\/posts"}],"about":[{"href":"https:\/\/volcanes.net\/index.php?rest_route=\/wp\/v2\/types\/post"}],"author":[{"embeddable":true,"href":"https:\/\/volcanes.net\/index.php?rest_route=\/wp\/v2\/users\/1"}],"replies":[{"embeddable":true,"href":"https:\/\/volcanes.net\/index.php?rest_route=%2Fwp%2Fv2%2Fcomments&post=12484"}],"version-history":[{"count":1,"href":"https:\/\/volcanes.net\/index.php?rest_route=\/wp\/v2\/posts\/12484\/revisions"}],"predecessor-version":[{"id":12486,"href":"https:\/\/volcanes.net\/index.php?rest_route=\/wp\/v2\/posts\/12484\/revisions\/12486"}],"wp:featuredmedia":[{"embeddable":true,"href":"https:\/\/volcanes.net\/index.php?rest_route=\/wp\/v2\/media\/12485"}],"wp:attachment":[{"href":"https:\/\/volcanes.net\/index.php?rest_route=%2Fwp%2Fv2%2Fmedia&parent=12484"}],"wp:term":[{"taxonomy":"category","embeddable":true,"href":"https:\/\/volcanes.net\/index.php?rest_route=%2Fwp%2Fv2%2Fcategories&post=12484"},{"taxonomy":"post_tag","embeddable":true,"href":"https:\/\/volcanes.net\/index.php?rest_route=%2Fwp%2Fv2%2Ftags&post=12484"}],"curies":[{"name":"wp","href":"https:\/\/api.w.org\/{rel}","templated":true}]}}