{"id":12490,"date":"2022-03-13T19:08:58","date_gmt":"2022-03-14T01:08:58","guid":{"rendered":"http:\/\/volcanes.net\/?p=12490"},"modified":"2022-03-13T19:08:58","modified_gmt":"2022-03-14T01:08:58","slug":"fuerte-incendio-incendio-en-una-bodega-de-bodega-de-cuijingo","status":"publish","type":"post","link":"https:\/\/volcanes.net\/?p=12490","title":{"rendered":"Fuerte incendio incendio en una bodega de bodega de Cuijingo"},"content":{"rendered":"<div style=\"margin-top: 0px; margin-bottom: 0px;\" class=\"sharethis-inline-share-buttons\" ><\/div><p>Elementos de Protecci\u00f3n Civil y Bomberos de Amecameca, Ozumba, Tepetlixpa, Tenango del Aire y Chalco laboraron por m\u00e1s de ocho horas para controlar el incendio en una bodega de bodega de productos agr\u00edcolas ubicada sobre la carretera Juchitepec-Cuijingo.<\/p>\n<p>El incendio fue reportado a las 4 de la madrugada de este domingo y ante la magnitud, autoridades de Juchitepec solicitaron apoyo a las corporaciones de Bomberos cercanas para controlar el fuego en la bodega donde se guardaban alrededor de 20 toneladas de trigo, ma\u00edz, fertilizantes y T\u00e9 de manzanilla.<br \/>\nOscar Mel\u00e9ndez Delgado, coordinador de Protecci\u00f3n Civil de Amecameca inform\u00f3 que al medio d\u00eda de este domingo el siniestro estaba controlado en un 95 por ciento y solo estaban en las labores de remoci\u00f3n de escombro para evitar que el fuego se reavive con alguna brasa si no se apagaba por completo.<br \/>\nElementos de Amecameca acudieron al combate de este incendio en la bodega de aproximadamente 600 metros cuadrados y aunque se desconoce el origen del fuego, afortunadamente solo se registraron p\u00e9rdidas materiales.<br \/>\nEn el siniestro laboraron m\u00e1s de 30 personas de las corporaciones antes mencionadas con 15 unidades de carros de bomberos y pipas. De acuerdo con los informes oficiales fue necesario utilizar m\u00e1s de 69 mil litros de agua.<\/p>\n","protected":false},"excerpt":{"rendered":"<p>Elementos de Protecci\u00f3n Civil y Bomberos de Amecameca, Ozumba, Tepetlixpa, Tenango del Aire y Chalco<\/p>\n","protected":false},"author":1,"featured_media":12493,"comment_status":"open","ping_status":"open","sticky":false,"template":"","format":"standard","meta":{"footnotes":""},"categories":[1],"tags":[179],"class_list":["post-12490","post","type-post","status-publish","format-standard","has-post-thumbnail","hentry","category-municipales","tag-juchitepec"],"yoast_head":"<!-- This site is optimized with the Yoast SEO plugin v25.3 - https:\/\/yoast.com\/wordpress\/plugins\/seo\/ -->\n<title>Fuerte incendio incendio en una bodega de bodega de Cuijingo - Volcanes<\/title>\n<meta name=\"description\" content=\"Elementos de Amecameca acudieron al combate de este incendio en la bodega de aproximadamente 600 metros cuadrados y aunque se desconoce el origen del fuego, afortunadamente solo se registraron p\u00e9rdidas materiales.\" \/>\n<meta name=\"robots\" content=\"index, follow, max-snippet:-1, max-image-preview:large, max-video-preview:-1\" \/>\n<link rel=\"canonical\" href=\"https:\/\/volcanes.net\/?p=12490\" \/>\n<meta property=\"og:locale\" content=\"es_MX\" \/>\n<meta property=\"og:type\" content=\"article\" \/>\n<meta property=\"og:title\" content=\"Fuerte incendio incendio en una bodega de bodega de Cuijingo - Volcanes\" \/>\n<meta property=\"og:description\" content=\"Elementos de Amecameca acudieron al combate de este incendio en la bodega de aproximadamente 600 metros cuadrados y aunque se desconoce el origen del fuego, afortunadamente solo se registraron p\u00e9rdidas materiales.\" \/>\n<meta property=\"og:url\" content=\"https:\/\/volcanes.net\/?p=12490\" \/>\n<meta property=\"og:site_name\" content=\"Volcanes\" \/>\n<meta property=\"article:publisher\" content=\"https:\/\/www.facebook.com\/volcanes.net\/\" \/>\n<meta property=\"article:published_time\" content=\"2022-03-14T01:08:58+00:00\" \/>\n<meta property=\"og:image\" content=\"https:\/\/volcanes.net\/wp-content\/uploads\/2022\/03\/IMG-20220313-WA0080.jpg\" \/>\n\t<meta property=\"og:image:width\" content=\"1280\" \/>\n\t<meta property=\"og:image:height\" content=\"720\" \/>\n\t<meta property=\"og:image:type\" content=\"image\/jpeg\" \/>\n<meta name=\"author\" content=\"admin\" \/>\n<meta name=\"twitter:card\" content=\"summary_large_image\" \/>\n<meta name=\"twitter:label1\" content=\"Escrito por\" \/>\n\t<meta name=\"twitter:data1\" content=\"admin\" \/>\n\t<meta name=\"twitter:label2\" content=\"Tiempo de lectura\" \/>\n\t<meta name=\"twitter:data2\" content=\"1 minuto\" \/>\n<script type=\"application\/ld+json\" class=\"yoast-schema-graph\">{\"@context\":\"https:\/\/schema.org\",\"@graph\":[{\"@type\":\"Article\",\"@id\":\"https:\/\/volcanes.net\/?p=12490#article\",\"isPartOf\":{\"@id\":\"https:\/\/volcanes.net\/?p=12490\"},\"author\":{\"name\":\"admin\",\"@id\":\"https:\/\/volcanes.net\/#\/schema\/person\/4bf0f383940966a4abd53f5048c0e6b9\"},\"headline\":\"Fuerte incendio incendio en una bodega de bodega de Cuijingo\",\"datePublished\":\"2022-03-14T01:08:58+00:00\",\"mainEntityOfPage\":{\"@id\":\"https:\/\/volcanes.net\/?p=12490\"},\"wordCount\":223,\"commentCount\":0,\"publisher\":{\"@id\":\"https:\/\/volcanes.net\/#organization\"},\"image\":{\"@id\":\"https:\/\/volcanes.net\/?p=12490#primaryimage\"},\"thumbnailUrl\":\"https:\/\/volcanes.net\/wp-content\/uploads\/2022\/03\/IMG-20220313-WA0080.jpg\",\"keywords\":[\"Juchitepec\"],\"articleSection\":[\"Municipales\"],\"inLanguage\":\"es\",\"potentialAction\":[{\"@type\":\"CommentAction\",\"name\":\"Comment\",\"target\":[\"https:\/\/volcanes.net\/?p=12490#respond\"]}]},{\"@type\":\"WebPage\",\"@id\":\"https:\/\/volcanes.net\/?p=12490\",\"url\":\"https:\/\/volcanes.net\/?p=12490\",\"name\":\"Fuerte incendio incendio en una bodega de bodega de Cuijingo - Volcanes\",\"isPartOf\":{\"@id\":\"https:\/\/volcanes.net\/#website\"},\"primaryImageOfPage\":{\"@id\":\"https:\/\/volcanes.net\/?p=12490#primaryimage\"},\"image\":{\"@id\":\"https:\/\/volcanes.net\/?p=12490#primaryimage\"},\"thumbnailUrl\":\"https:\/\/volcanes.net\/wp-content\/uploads\/2022\/03\/IMG-20220313-WA0080.jpg\",\"datePublished\":\"2022-03-14T01:08:58+00:00\",\"description\":\"Elementos de Amecameca acudieron al combate de este incendio en la bodega de aproximadamente 600 metros cuadrados y aunque se desconoce el origen del fuego, afortunadamente solo se registraron p\u00e9rdidas materiales.\",\"breadcrumb\":{\"@id\":\"https:\/\/volcanes.net\/?p=12490#breadcrumb\"},\"inLanguage\":\"es\",\"potentialAction\":[{\"@type\":\"ReadAction\",\"target\":[\"https:\/\/volcanes.net\/?p=12490\"]}]},{\"@type\":\"ImageObject\",\"inLanguage\":\"es\",\"@id\":\"https:\/\/volcanes.net\/?p=12490#primaryimage\",\"url\":\"https:\/\/volcanes.net\/wp-content\/uploads\/2022\/03\/IMG-20220313-WA0080.jpg\",\"contentUrl\":\"https:\/\/volcanes.net\/wp-content\/uploads\/2022\/03\/IMG-20220313-WA0080.jpg\",\"width\":1280,\"height\":720},{\"@type\":\"BreadcrumbList\",\"@id\":\"https:\/\/volcanes.net\/?p=12490#breadcrumb\",\"itemListElement\":[{\"@type\":\"ListItem\",\"position\":1,\"name\":\"Portada\",\"item\":\"https:\/\/volcanes.net\/\"},{\"@type\":\"ListItem\",\"position\":2,\"name\":\"Fuerte incendio incendio en una bodega de bodega de Cuijingo\"}]},{\"@type\":\"WebSite\",\"@id\":\"https:\/\/volcanes.net\/#website\",\"url\":\"https:\/\/volcanes.net\/\",\"name\":\"Volcanes.Net\",\"description\":\"Periodismo Profesional\",\"publisher\":{\"@id\":\"https:\/\/volcanes.net\/#organization\"},\"potentialAction\":[{\"@type\":\"SearchAction\",\"target\":{\"@type\":\"EntryPoint\",\"urlTemplate\":\"https:\/\/volcanes.net\/?s={search_term_string}\"},\"query-input\":{\"@type\":\"PropertyValueSpecification\",\"valueRequired\":true,\"valueName\":\"search_term_string\"}}],\"inLanguage\":\"es\"},{\"@type\":\"Organization\",\"@id\":\"https:\/\/volcanes.net\/#organization\",\"name\":\"Grupo Volcanes\",\"url\":\"https:\/\/volcanes.net\/\",\"logo\":{\"@type\":\"ImageObject\",\"inLanguage\":\"es\",\"@id\":\"https:\/\/volcanes.net\/#\/schema\/logo\/image\/\",\"url\":\"http:\/\/volcanes.net\/wp-content\/uploads\/2017\/12\/Avatar2.jpg\",\"contentUrl\":\"http:\/\/volcanes.net\/wp-content\/uploads\/2017\/12\/Avatar2.jpg\",\"width\":378,\"height\":378,\"caption\":\"Grupo Volcanes\"},\"image\":{\"@id\":\"https:\/\/volcanes.net\/#\/schema\/logo\/image\/\"},\"sameAs\":[\"https:\/\/www.facebook.com\/volcanes.net\/\"]},{\"@type\":\"Person\",\"@id\":\"https:\/\/volcanes.net\/#\/schema\/person\/4bf0f383940966a4abd53f5048c0e6b9\",\"name\":\"admin\",\"image\":{\"@type\":\"ImageObject\",\"inLanguage\":\"es\",\"@id\":\"https:\/\/volcanes.net\/#\/schema\/person\/image\/\",\"url\":\"https:\/\/secure.gravatar.com\/avatar\/ca004e6cba8462b8cb7abc86e382930c?s=96&d=mm&r=g\",\"contentUrl\":\"https:\/\/secure.gravatar.com\/avatar\/ca004e6cba8462b8cb7abc86e382930c?s=96&d=mm&r=g\",\"caption\":\"admin\"}}]}<\/script>\n<!-- \/ Yoast SEO plugin. -->","yoast_head_json":{"title":"Fuerte incendio incendio en una bodega de bodega de Cuijingo - Volcanes","description":"Elementos de Amecameca acudieron al combate de este incendio en la bodega de aproximadamente 600 metros cuadrados y aunque se desconoce el origen del fuego, afortunadamente solo se registraron p\u00e9rdidas materiales.","robots":{"index":"index","follow":"follow","max-snippet":"max-snippet:-1","max-image-preview":"max-image-preview:large","max-video-preview":"max-video-preview:-1"},"canonical":"https:\/\/volcanes.net\/?p=12490","og_locale":"es_MX","og_type":"article","og_title":"Fuerte incendio incendio en una bodega de bodega de Cuijingo - Volcanes","og_description":"Elementos de Amecameca acudieron al combate de este incendio en la bodega de aproximadamente 600 metros cuadrados y aunque se desconoce el origen del fuego, afortunadamente solo se registraron p\u00e9rdidas materiales.","og_url":"https:\/\/volcanes.net\/?p=12490","og_site_name":"Volcanes","article_publisher":"https:\/\/www.facebook.com\/volcanes.net\/","article_published_time":"2022-03-14T01:08:58+00:00","og_image":[{"width":1280,"height":720,"url":"https:\/\/volcanes.net\/wp-content\/uploads\/2022\/03\/IMG-20220313-WA0080.jpg","type":"image\/jpeg"}],"author":"admin","twitter_card":"summary_large_image","twitter_misc":{"Escrito por":"admin","Tiempo de lectura":"1 minuto"},"schema":{"@context":"https:\/\/schema.org","@graph":[{"@type":"Article","@id":"https:\/\/volcanes.net\/?p=12490#article","isPartOf":{"@id":"https:\/\/volcanes.net\/?p=12490"},"author":{"name":"admin","@id":"https:\/\/volcanes.net\/#\/schema\/person\/4bf0f383940966a4abd53f5048c0e6b9"},"headline":"Fuerte incendio incendio en una bodega de bodega de Cuijingo","datePublished":"2022-03-14T01:08:58+00:00","mainEntityOfPage":{"@id":"https:\/\/volcanes.net\/?p=12490"},"wordCount":223,"commentCount":0,"publisher":{"@id":"https:\/\/volcanes.net\/#organization"},"image":{"@id":"https:\/\/volcanes.net\/?p=12490#primaryimage"},"thumbnailUrl":"https:\/\/volcanes.net\/wp-content\/uploads\/2022\/03\/IMG-20220313-WA0080.jpg","keywords":["Juchitepec"],"articleSection":["Municipales"],"inLanguage":"es","potentialAction":[{"@type":"CommentAction","name":"Comment","target":["https:\/\/volcanes.net\/?p=12490#respond"]}]},{"@type":"WebPage","@id":"https:\/\/volcanes.net\/?p=12490","url":"https:\/\/volcanes.net\/?p=12490","name":"Fuerte incendio incendio en una bodega de bodega de Cuijingo - Volcanes","isPartOf":{"@id":"https:\/\/volcanes.net\/#website"},"primaryImageOfPage":{"@id":"https:\/\/volcanes.net\/?p=12490#primaryimage"},"image":{"@id":"https:\/\/volcanes.net\/?p=12490#primaryimage"},"thumbnailUrl":"https:\/\/volcanes.net\/wp-content\/uploads\/2022\/03\/IMG-20220313-WA0080.jpg","datePublished":"2022-03-14T01:08:58+00:00","description":"Elementos de Amecameca acudieron al combate de este incendio en la bodega de aproximadamente 600 metros cuadrados y aunque se desconoce el origen del fuego, afortunadamente solo se registraron p\u00e9rdidas materiales.","breadcrumb":{"@id":"https:\/\/volcanes.net\/?p=12490#breadcrumb"},"inLanguage":"es","potentialAction":[{"@type":"ReadAction","target":["https:\/\/volcanes.net\/?p=12490"]}]},{"@type":"ImageObject","inLanguage":"es","@id":"https:\/\/volcanes.net\/?p=12490#primaryimage","url":"https:\/\/volcanes.net\/wp-content\/uploads\/2022\/03\/IMG-20220313-WA0080.jpg","contentUrl":"https:\/\/volcanes.net\/wp-content\/uploads\/2022\/03\/IMG-20220313-WA0080.jpg","width":1280,"height":720},{"@type":"BreadcrumbList","@id":"https:\/\/volcanes.net\/?p=12490#breadcrumb","itemListElement":[{"@type":"ListItem","position":1,"name":"Portada","item":"https:\/\/volcanes.net\/"},{"@type":"ListItem","position":2,"name":"Fuerte incendio incendio en una bodega de bodega de Cuijingo"}]},{"@type":"WebSite","@id":"https:\/\/volcanes.net\/#website","url":"https:\/\/volcanes.net\/","name":"Volcanes.Net","description":"Periodismo Profesional","publisher":{"@id":"https:\/\/volcanes.net\/#organization"},"potentialAction":[{"@type":"SearchAction","target":{"@type":"EntryPoint","urlTemplate":"https:\/\/volcanes.net\/?s={search_term_string}"},"query-input":{"@type":"PropertyValueSpecification","valueRequired":true,"valueName":"search_term_string"}}],"inLanguage":"es"},{"@type":"Organization","@id":"https:\/\/volcanes.net\/#organization","name":"Grupo Volcanes","url":"https:\/\/volcanes.net\/","logo":{"@type":"ImageObject","inLanguage":"es","@id":"https:\/\/volcanes.net\/#\/schema\/logo\/image\/","url":"http:\/\/volcanes.net\/wp-content\/uploads\/2017\/12\/Avatar2.jpg","contentUrl":"http:\/\/volcanes.net\/wp-content\/uploads\/2017\/12\/Avatar2.jpg","width":378,"height":378,"caption":"Grupo Volcanes"},"image":{"@id":"https:\/\/volcanes.net\/#\/schema\/logo\/image\/"},"sameAs":["https:\/\/www.facebook.com\/volcanes.net\/"]},{"@type":"Person","@id":"https:\/\/volcanes.net\/#\/schema\/person\/4bf0f383940966a4abd53f5048c0e6b9","name":"admin","image":{"@type":"ImageObject","inLanguage":"es","@id":"https:\/\/volcanes.net\/#\/schema\/person\/image\/","url":"https:\/\/secure.gravatar.com\/avatar\/ca004e6cba8462b8cb7abc86e382930c?s=96&d=mm&r=g","contentUrl":"https:\/\/secure.gravatar.com\/avatar\/ca004e6cba8462b8cb7abc86e382930c?s=96&d=mm&r=g","caption":"admin"}}]}},"_links":{"self":[{"href":"https:\/\/volcanes.net\/index.php?rest_route=\/wp\/v2\/posts\/12490"}],"collection":[{"href":"https:\/\/volcanes.net\/index.php?rest_route=\/wp\/v2\/posts"}],"about":[{"href":"https:\/\/volcanes.net\/index.php?rest_route=\/wp\/v2\/types\/post"}],"author":[{"embeddable":true,"href":"https:\/\/volcanes.net\/index.php?rest_route=\/wp\/v2\/users\/1"}],"replies":[{"embeddable":true,"href":"https:\/\/volcanes.net\/index.php?rest_route=%2Fwp%2Fv2%2Fcomments&post=12490"}],"version-history":[{"count":1,"href":"https:\/\/volcanes.net\/index.php?rest_route=\/wp\/v2\/posts\/12490\/revisions"}],"predecessor-version":[{"id":12494,"href":"https:\/\/volcanes.net\/index.php?rest_route=\/wp\/v2\/posts\/12490\/revisions\/12494"}],"wp:featuredmedia":[{"embeddable":true,"href":"https:\/\/volcanes.net\/index.php?rest_route=\/wp\/v2\/media\/12493"}],"wp:attachment":[{"href":"https:\/\/volcanes.net\/index.php?rest_route=%2Fwp%2Fv2%2Fmedia&parent=12490"}],"wp:term":[{"taxonomy":"category","embeddable":true,"href":"https:\/\/volcanes.net\/index.php?rest_route=%2Fwp%2Fv2%2Fcategories&post=12490"},{"taxonomy":"post_tag","embeddable":true,"href":"https:\/\/volcanes.net\/index.php?rest_route=%2Fwp%2Fv2%2Ftags&post=12490"}],"curies":[{"name":"wp","href":"https:\/\/api.w.org\/{rel}","templated":true}]}}