{"id":12499,"date":"2022-03-15T01:26:20","date_gmt":"2022-03-15T07:26:20","guid":{"rendered":"http:\/\/volcanes.net\/?p=12499"},"modified":"2022-03-15T01:26:20","modified_gmt":"2022-03-15T07:26:20","slug":"el-enemigo-no-es-el-gobierno-pueblo-valentin-martinez","status":"publish","type":"post","link":"https:\/\/volcanes.net\/?p=12499","title":{"rendered":"&#8220;El enemigo no es el gobierno-pueblo&#8221;: Valent\u00edn Mart\u00ednez"},"content":{"rendered":"<div style=\"margin-top: 0px; margin-bottom: 0px;\" class=\"sharethis-inline-share-buttons\" ><\/div><p>Ozumba, Estado de M\u00e9xico.- En el marco de la Ceremonia c\u00edvica por la celebraci\u00f3n anticipada al 84 aniversario de la expropiaci\u00f3n petrolera, este lunes 14 de marzo, Valent\u00edn Mart\u00ednez Castillo hizo un atento llamado a la unidad, tanto a la ciudadan\u00eda como a los servidores p\u00fablicos, y a no dejarse llevar por los intereses partidistas con razones \u201celectoreras\u201d \u201cEl enemigo no est\u00e1 aqu\u00ed; no es gobierno-pueblo, porque al final somos ciudadanos, hay situaciones todav\u00eda m\u00e1s adversas fuera de nuestro entorno\u201d, enfatiz\u00f3.<\/p>\n<p>\u201cYo quisiera que as\u00ed como ven a otros municipios, el nuestro fuera visto, y que con el mismo grado de responsabilidad, los recursos descendieran para satisfacer las necesidades de nuestra poblaci\u00f3n, pero esto no es as\u00ed\u201d, manifest\u00f3 Mart\u00ednez Castillo, quien habl\u00f3 sobre los ataques, se\u00f1alamientos y difamaciones que diferentes actores pol\u00edticos realizan en torno a las pr\u00f3ximas elecciones con la finalidad de descalificar y descartar las acciones y obras que su gobierno viene realizando en beneficio de la poblaci\u00f3n ozumbense. Sin embargo, anim\u00f3 e invit\u00f3 a los servidores p\u00fablicos que forman parte de su administraci\u00f3n a hacer caso omiso a esos ataques y concentrarse en prestar un servicio de calidad \u201cNo entremos en comodidad, la comodidad no es buena. Obligu\u00e9monos a dar mejores resultados, a dejar los malos vicios, a dejar inconformidades, el orgullo, el ego\u00edsmo, dejemos de lado todo aquello que perturba el buen trato a los dem\u00e1s\u201d, subray\u00f3.<\/p>\n<p>De igual forma, record\u00f3 que pr\u00f3ximo 18 de marzo se celebra que L\u00e1zaro C\u00e1rdenas hiciera posible que en 1838 se expropiaran todos los bienes que formaban parte de las empresas petroleras y se entregaran en manos del Estado, surgiendo lo que hoy conocemos como Petr\u00f3leos Mexicanos, \u201cy yo lo asemejo con lo que est\u00e1 pasando en la actualidad; hab\u00eda una guerra en Europa, y estaban a la alza los precios de los combustibles. Actualmente enfrentamos algo similar, se encarecen los precios de los combustibles, principalmente de la gasolina y el disel, que son imprescindibles para el transporte y la movilidad\u201d, explic\u00f3.<\/p>\n<p>\u201cSin embargo, somos testigos de que tenemos estabilidad, no nos ha impactado la escalada de precios internacionales de los combustibles. Pues mientras que en otros pa\u00edses de Europa el litro de la gasolina est\u00e1 costando 2 euros, lo que equivale a 45 pesos con 80 centavos mexicanos; en Estados Unidos alcanz\u00f3 los 5.41 d\u00f3lares, lo que equivale a 29.52 pesos; en nuestro pa\u00eds se mantiene en 22 pesos, gracias a un subsidio que ha sido otorgado por las autoridades del pa\u00eds, mismo que se cubre con excedentes generados por la venta internacional de petr\u00f3leo mexicano, lo que significa que no se endeuda el pa\u00eds para otorgar este beneficio. Lo que genera un clima de estabilidad\u201d.<\/p>\n<p>As\u00ed tambi\u00e9n expuso que por primera vez en 20 a\u00f1os, de 2018 a la fecha se han reducido la importaci\u00f3n de barriles de petr\u00f3leo diarios, gracias a la adquisici\u00f3n de la refiner\u00eda Deer Park en Texas, M\u00e9xico produce ya la totalidad del disel que consume en el pa\u00eds. Lo que significa una estabilidad econ\u00f3mica tambi\u00e9n en los municipios.<\/p>\n<p>Por otra parte, dio a conocer que ya son 85 millones, 376 mil 554 personas ya vacunadas contra el Covid 19, en una acci\u00f3n conjunta entre los tres niveles del gobierno, lo que representa el 91% de la poblaci\u00f3n que se encuentra inmunizada.<\/p>\n<p>\u201cS\u00e9 que falta mucho por hacer, pero se respira un ambiente de calma\u201d, expres\u00f3 Mart\u00ednez Castillo, \u201cEl pa\u00eds ha atravesado por fuertes transformaciones, y s\u00e9 que para muchos es como una ofensa, hablar que estamos en una cuarta trasformaci\u00f3n. Pero perm\u00edtanme recordar que la primera se dio con la Independencia, cuando nuestro pueblo trat\u00f3 de quitarse el yugo de m\u00e1s de 300 a\u00f1os (1810-1821). La segunda trasformaci\u00f3n es la Reforma; la guerra entre liberales y conservadores (1858-1861), en la que se destaca la separaci\u00f3n del Estado con la Iglesia, en la que uno de los protagonistas de esta segunda trasformaci\u00f3n es un personaje admirado y respetado por nuestro actual mandatario cuyas palabras resuenan en nuestros d\u00edas \u201cel respeto al derecho ajeno es la paz\u201d. La tercera es la Revoluci\u00f3n, (1910-1917), para terminar con la dictadura de Porfirio D\u00edaz, concluyendo con la promulgaci\u00f3n de la Constituci\u00f3n de 1917.Y en el 2018, tras m\u00e1s de 90 a\u00f1os del mismo r\u00e9gimen, cay\u00f3 gracias a la decisi\u00f3n del pueblo mexicano\u201d.<\/p>\n<p>\u201cPero nadie reconocer\u00e1 que la estabilidad econ\u00f3mica por la que atraviesa el pa\u00eds depende de las buenas decisiones. Lo que no hubiese sido posible si se hubiera seguido gobernando como antes. Es importante que la gente abra los ojos\u201d, recalc\u00f3.<\/p>\n<p>Asegur\u00f3 que actualmente su administraci\u00f3n se encuentra trabajando en varios proyectos que se ver\u00e1n reflejados en beneficio de los ozumbenses, sobre todo en el rubro de Seguridad P\u00fablica, en la que se encuentran dando soluci\u00f3n a diversas peticiones de la ciudadan\u00eda \u201cEn la zona de los volcanes somos de los municipios que est\u00e1n trabajando e acciones concretas para que se evite la inseguridad\u201d.<\/p>\n<p>Finalmente exhort\u00f3 a los servidores p\u00fablicos a cambiar su actitud para mejorar el servicio que prestan \u201cNo todo el tiempo vamos a estar aqu\u00ed, la cuenta regresiva est\u00e1 en curso. A 73 d\u00edas de la administraci\u00f3n 2022-2024, la lucha apenas comienza, en nosotros est\u00e1 el cambio\u201d.<\/p>\n<p>&nbsp;<\/p>\n","protected":false},"excerpt":{"rendered":"<p>Ozumba, Estado de M\u00e9xico.- En el marco de la Ceremonia c\u00edvica por la celebraci\u00f3n anticipada<\/p>\n","protected":false},"author":1,"featured_media":12500,"comment_status":"open","ping_status":"open","sticky":false,"template":"","format":"standard","meta":{"footnotes":""},"categories":[1],"tags":[14],"class_list":["post-12499","post","type-post","status-publish","format-standard","has-post-thumbnail","hentry","category-municipales","tag-ozumba"],"yoast_head":"<!-- This site is optimized with the Yoast SEO plugin v25.3 - https:\/\/yoast.com\/wordpress\/plugins\/seo\/ -->\n<title>&quot;El enemigo no es el gobierno-pueblo&quot;: Valent\u00edn Mart\u00ednez - Volcanes<\/title>\n<meta name=\"robots\" content=\"index, follow, max-snippet:-1, max-image-preview:large, max-video-preview:-1\" \/>\n<link rel=\"canonical\" href=\"https:\/\/volcanes.net\/?p=12499\" \/>\n<meta property=\"og:locale\" content=\"es_MX\" \/>\n<meta property=\"og:type\" content=\"article\" \/>\n<meta property=\"og:title\" content=\"&quot;El enemigo no es el gobierno-pueblo&quot;: Valent\u00edn Mart\u00ednez - Volcanes\" \/>\n<meta property=\"og:description\" content=\"Ozumba, Estado de M\u00e9xico.- En el marco de la Ceremonia c\u00edvica por la celebraci\u00f3n anticipada\" \/>\n<meta property=\"og:url\" content=\"https:\/\/volcanes.net\/?p=12499\" \/>\n<meta property=\"og:site_name\" content=\"Volcanes\" \/>\n<meta property=\"article:publisher\" content=\"https:\/\/www.facebook.com\/volcanes.net\/\" \/>\n<meta property=\"article:published_time\" content=\"2022-03-15T07:26:20+00:00\" \/>\n<meta property=\"og:image\" content=\"https:\/\/volcanes.net\/wp-content\/uploads\/2022\/03\/Screenshot_20220315-011856_Facebook.jpg\" \/>\n\t<meta property=\"og:image:width\" content=\"1881\" \/>\n\t<meta property=\"og:image:height\" content=\"1080\" \/>\n\t<meta property=\"og:image:type\" content=\"image\/jpeg\" \/>\n<meta name=\"author\" content=\"admin\" \/>\n<meta name=\"twitter:card\" content=\"summary_large_image\" \/>\n<meta name=\"twitter:label1\" content=\"Escrito por\" \/>\n\t<meta name=\"twitter:data1\" content=\"admin\" \/>\n\t<meta name=\"twitter:label2\" content=\"Tiempo de lectura\" \/>\n\t<meta name=\"twitter:data2\" content=\"4 minutos\" \/>\n<script type=\"application\/ld+json\" class=\"yoast-schema-graph\">{\"@context\":\"https:\/\/schema.org\",\"@graph\":[{\"@type\":\"Article\",\"@id\":\"https:\/\/volcanes.net\/?p=12499#article\",\"isPartOf\":{\"@id\":\"https:\/\/volcanes.net\/?p=12499\"},\"author\":{\"name\":\"admin\",\"@id\":\"https:\/\/volcanes.net\/#\/schema\/person\/4bf0f383940966a4abd53f5048c0e6b9\"},\"headline\":\"&#8220;El enemigo no es el gobierno-pueblo&#8221;: Valent\u00edn Mart\u00ednez\",\"datePublished\":\"2022-03-15T07:26:20+00:00\",\"mainEntityOfPage\":{\"@id\":\"https:\/\/volcanes.net\/?p=12499\"},\"wordCount\":927,\"commentCount\":0,\"publisher\":{\"@id\":\"https:\/\/volcanes.net\/#organization\"},\"image\":{\"@id\":\"https:\/\/volcanes.net\/?p=12499#primaryimage\"},\"thumbnailUrl\":\"https:\/\/volcanes.net\/wp-content\/uploads\/2022\/03\/Screenshot_20220315-011856_Facebook.jpg\",\"keywords\":[\"Ozumba\"],\"articleSection\":[\"Municipales\"],\"inLanguage\":\"es\",\"potentialAction\":[{\"@type\":\"CommentAction\",\"name\":\"Comment\",\"target\":[\"https:\/\/volcanes.net\/?p=12499#respond\"]}]},{\"@type\":\"WebPage\",\"@id\":\"https:\/\/volcanes.net\/?p=12499\",\"url\":\"https:\/\/volcanes.net\/?p=12499\",\"name\":\"\\\"El enemigo no es el gobierno-pueblo\\\": Valent\u00edn Mart\u00ednez - Volcanes\",\"isPartOf\":{\"@id\":\"https:\/\/volcanes.net\/#website\"},\"primaryImageOfPage\":{\"@id\":\"https:\/\/volcanes.net\/?p=12499#primaryimage\"},\"image\":{\"@id\":\"https:\/\/volcanes.net\/?p=12499#primaryimage\"},\"thumbnailUrl\":\"https:\/\/volcanes.net\/wp-content\/uploads\/2022\/03\/Screenshot_20220315-011856_Facebook.jpg\",\"datePublished\":\"2022-03-15T07:26:20+00:00\",\"breadcrumb\":{\"@id\":\"https:\/\/volcanes.net\/?p=12499#breadcrumb\"},\"inLanguage\":\"es\",\"potentialAction\":[{\"@type\":\"ReadAction\",\"target\":[\"https:\/\/volcanes.net\/?p=12499\"]}]},{\"@type\":\"ImageObject\",\"inLanguage\":\"es\",\"@id\":\"https:\/\/volcanes.net\/?p=12499#primaryimage\",\"url\":\"https:\/\/volcanes.net\/wp-content\/uploads\/2022\/03\/Screenshot_20220315-011856_Facebook.jpg\",\"contentUrl\":\"https:\/\/volcanes.net\/wp-content\/uploads\/2022\/03\/Screenshot_20220315-011856_Facebook.jpg\",\"width\":1881,\"height\":1080},{\"@type\":\"BreadcrumbList\",\"@id\":\"https:\/\/volcanes.net\/?p=12499#breadcrumb\",\"itemListElement\":[{\"@type\":\"ListItem\",\"position\":1,\"name\":\"Portada\",\"item\":\"https:\/\/volcanes.net\/\"},{\"@type\":\"ListItem\",\"position\":2,\"name\":\"&#8220;El enemigo no es el gobierno-pueblo&#8221;: Valent\u00edn Mart\u00ednez\"}]},{\"@type\":\"WebSite\",\"@id\":\"https:\/\/volcanes.net\/#website\",\"url\":\"https:\/\/volcanes.net\/\",\"name\":\"Volcanes.Net\",\"description\":\"Periodismo Profesional\",\"publisher\":{\"@id\":\"https:\/\/volcanes.net\/#organization\"},\"potentialAction\":[{\"@type\":\"SearchAction\",\"target\":{\"@type\":\"EntryPoint\",\"urlTemplate\":\"https:\/\/volcanes.net\/?s={search_term_string}\"},\"query-input\":{\"@type\":\"PropertyValueSpecification\",\"valueRequired\":true,\"valueName\":\"search_term_string\"}}],\"inLanguage\":\"es\"},{\"@type\":\"Organization\",\"@id\":\"https:\/\/volcanes.net\/#organization\",\"name\":\"Grupo Volcanes\",\"url\":\"https:\/\/volcanes.net\/\",\"logo\":{\"@type\":\"ImageObject\",\"inLanguage\":\"es\",\"@id\":\"https:\/\/volcanes.net\/#\/schema\/logo\/image\/\",\"url\":\"http:\/\/volcanes.net\/wp-content\/uploads\/2017\/12\/Avatar2.jpg\",\"contentUrl\":\"http:\/\/volcanes.net\/wp-content\/uploads\/2017\/12\/Avatar2.jpg\",\"width\":378,\"height\":378,\"caption\":\"Grupo Volcanes\"},\"image\":{\"@id\":\"https:\/\/volcanes.net\/#\/schema\/logo\/image\/\"},\"sameAs\":[\"https:\/\/www.facebook.com\/volcanes.net\/\"]},{\"@type\":\"Person\",\"@id\":\"https:\/\/volcanes.net\/#\/schema\/person\/4bf0f383940966a4abd53f5048c0e6b9\",\"name\":\"admin\",\"image\":{\"@type\":\"ImageObject\",\"inLanguage\":\"es\",\"@id\":\"https:\/\/volcanes.net\/#\/schema\/person\/image\/\",\"url\":\"https:\/\/secure.gravatar.com\/avatar\/ca004e6cba8462b8cb7abc86e382930c?s=96&d=mm&r=g\",\"contentUrl\":\"https:\/\/secure.gravatar.com\/avatar\/ca004e6cba8462b8cb7abc86e382930c?s=96&d=mm&r=g\",\"caption\":\"admin\"}}]}<\/script>\n<!-- \/ Yoast SEO plugin. -->","yoast_head_json":{"title":"\"El enemigo no es el gobierno-pueblo\": Valent\u00edn Mart\u00ednez - Volcanes","robots":{"index":"index","follow":"follow","max-snippet":"max-snippet:-1","max-image-preview":"max-image-preview:large","max-video-preview":"max-video-preview:-1"},"canonical":"https:\/\/volcanes.net\/?p=12499","og_locale":"es_MX","og_type":"article","og_title":"\"El enemigo no es el gobierno-pueblo\": Valent\u00edn Mart\u00ednez - Volcanes","og_description":"Ozumba, Estado de M\u00e9xico.- En el marco de la Ceremonia c\u00edvica por la celebraci\u00f3n anticipada","og_url":"https:\/\/volcanes.net\/?p=12499","og_site_name":"Volcanes","article_publisher":"https:\/\/www.facebook.com\/volcanes.net\/","article_published_time":"2022-03-15T07:26:20+00:00","og_image":[{"width":1881,"height":1080,"url":"https:\/\/volcanes.net\/wp-content\/uploads\/2022\/03\/Screenshot_20220315-011856_Facebook.jpg","type":"image\/jpeg"}],"author":"admin","twitter_card":"summary_large_image","twitter_misc":{"Escrito por":"admin","Tiempo de lectura":"4 minutos"},"schema":{"@context":"https:\/\/schema.org","@graph":[{"@type":"Article","@id":"https:\/\/volcanes.net\/?p=12499#article","isPartOf":{"@id":"https:\/\/volcanes.net\/?p=12499"},"author":{"name":"admin","@id":"https:\/\/volcanes.net\/#\/schema\/person\/4bf0f383940966a4abd53f5048c0e6b9"},"headline":"&#8220;El enemigo no es el gobierno-pueblo&#8221;: Valent\u00edn Mart\u00ednez","datePublished":"2022-03-15T07:26:20+00:00","mainEntityOfPage":{"@id":"https:\/\/volcanes.net\/?p=12499"},"wordCount":927,"commentCount":0,"publisher":{"@id":"https:\/\/volcanes.net\/#organization"},"image":{"@id":"https:\/\/volcanes.net\/?p=12499#primaryimage"},"thumbnailUrl":"https:\/\/volcanes.net\/wp-content\/uploads\/2022\/03\/Screenshot_20220315-011856_Facebook.jpg","keywords":["Ozumba"],"articleSection":["Municipales"],"inLanguage":"es","potentialAction":[{"@type":"CommentAction","name":"Comment","target":["https:\/\/volcanes.net\/?p=12499#respond"]}]},{"@type":"WebPage","@id":"https:\/\/volcanes.net\/?p=12499","url":"https:\/\/volcanes.net\/?p=12499","name":"\"El enemigo no es el gobierno-pueblo\": Valent\u00edn Mart\u00ednez - Volcanes","isPartOf":{"@id":"https:\/\/volcanes.net\/#website"},"primaryImageOfPage":{"@id":"https:\/\/volcanes.net\/?p=12499#primaryimage"},"image":{"@id":"https:\/\/volcanes.net\/?p=12499#primaryimage"},"thumbnailUrl":"https:\/\/volcanes.net\/wp-content\/uploads\/2022\/03\/Screenshot_20220315-011856_Facebook.jpg","datePublished":"2022-03-15T07:26:20+00:00","breadcrumb":{"@id":"https:\/\/volcanes.net\/?p=12499#breadcrumb"},"inLanguage":"es","potentialAction":[{"@type":"ReadAction","target":["https:\/\/volcanes.net\/?p=12499"]}]},{"@type":"ImageObject","inLanguage":"es","@id":"https:\/\/volcanes.net\/?p=12499#primaryimage","url":"https:\/\/volcanes.net\/wp-content\/uploads\/2022\/03\/Screenshot_20220315-011856_Facebook.jpg","contentUrl":"https:\/\/volcanes.net\/wp-content\/uploads\/2022\/03\/Screenshot_20220315-011856_Facebook.jpg","width":1881,"height":1080},{"@type":"BreadcrumbList","@id":"https:\/\/volcanes.net\/?p=12499#breadcrumb","itemListElement":[{"@type":"ListItem","position":1,"name":"Portada","item":"https:\/\/volcanes.net\/"},{"@type":"ListItem","position":2,"name":"&#8220;El enemigo no es el gobierno-pueblo&#8221;: Valent\u00edn Mart\u00ednez"}]},{"@type":"WebSite","@id":"https:\/\/volcanes.net\/#website","url":"https:\/\/volcanes.net\/","name":"Volcanes.Net","description":"Periodismo Profesional","publisher":{"@id":"https:\/\/volcanes.net\/#organization"},"potentialAction":[{"@type":"SearchAction","target":{"@type":"EntryPoint","urlTemplate":"https:\/\/volcanes.net\/?s={search_term_string}"},"query-input":{"@type":"PropertyValueSpecification","valueRequired":true,"valueName":"search_term_string"}}],"inLanguage":"es"},{"@type":"Organization","@id":"https:\/\/volcanes.net\/#organization","name":"Grupo Volcanes","url":"https:\/\/volcanes.net\/","logo":{"@type":"ImageObject","inLanguage":"es","@id":"https:\/\/volcanes.net\/#\/schema\/logo\/image\/","url":"http:\/\/volcanes.net\/wp-content\/uploads\/2017\/12\/Avatar2.jpg","contentUrl":"http:\/\/volcanes.net\/wp-content\/uploads\/2017\/12\/Avatar2.jpg","width":378,"height":378,"caption":"Grupo Volcanes"},"image":{"@id":"https:\/\/volcanes.net\/#\/schema\/logo\/image\/"},"sameAs":["https:\/\/www.facebook.com\/volcanes.net\/"]},{"@type":"Person","@id":"https:\/\/volcanes.net\/#\/schema\/person\/4bf0f383940966a4abd53f5048c0e6b9","name":"admin","image":{"@type":"ImageObject","inLanguage":"es","@id":"https:\/\/volcanes.net\/#\/schema\/person\/image\/","url":"https:\/\/secure.gravatar.com\/avatar\/ca004e6cba8462b8cb7abc86e382930c?s=96&d=mm&r=g","contentUrl":"https:\/\/secure.gravatar.com\/avatar\/ca004e6cba8462b8cb7abc86e382930c?s=96&d=mm&r=g","caption":"admin"}}]}},"_links":{"self":[{"href":"https:\/\/volcanes.net\/index.php?rest_route=\/wp\/v2\/posts\/12499"}],"collection":[{"href":"https:\/\/volcanes.net\/index.php?rest_route=\/wp\/v2\/posts"}],"about":[{"href":"https:\/\/volcanes.net\/index.php?rest_route=\/wp\/v2\/types\/post"}],"author":[{"embeddable":true,"href":"https:\/\/volcanes.net\/index.php?rest_route=\/wp\/v2\/users\/1"}],"replies":[{"embeddable":true,"href":"https:\/\/volcanes.net\/index.php?rest_route=%2Fwp%2Fv2%2Fcomments&post=12499"}],"version-history":[{"count":2,"href":"https:\/\/volcanes.net\/index.php?rest_route=\/wp\/v2\/posts\/12499\/revisions"}],"predecessor-version":[{"id":12502,"href":"https:\/\/volcanes.net\/index.php?rest_route=\/wp\/v2\/posts\/12499\/revisions\/12502"}],"wp:featuredmedia":[{"embeddable":true,"href":"https:\/\/volcanes.net\/index.php?rest_route=\/wp\/v2\/media\/12500"}],"wp:attachment":[{"href":"https:\/\/volcanes.net\/index.php?rest_route=%2Fwp%2Fv2%2Fmedia&parent=12499"}],"wp:term":[{"taxonomy":"category","embeddable":true,"href":"https:\/\/volcanes.net\/index.php?rest_route=%2Fwp%2Fv2%2Fcategories&post=12499"},{"taxonomy":"post_tag","embeddable":true,"href":"https:\/\/volcanes.net\/index.php?rest_route=%2Fwp%2Fv2%2Ftags&post=12499"}],"curies":[{"name":"wp","href":"https:\/\/api.w.org\/{rel}","templated":true}]}}