{"id":12503,"date":"2022-03-15T18:15:35","date_gmt":"2022-03-16T00:15:35","guid":{"rendered":"http:\/\/volcanes.net\/?p=12503"},"modified":"2022-03-15T18:31:05","modified_gmt":"2022-03-16T00:31:05","slug":"conmemoran-lciv-aniversario-de-la-ereccion-de-ecatzingo-con-acto-civico","status":"publish","type":"post","link":"https:\/\/volcanes.net\/?p=12503","title":{"rendered":"Conmemoran CLIV Aniversario de la Erecci\u00f3n de Ecatzingo con acto c\u00edvico"},"content":{"rendered":"<div style=\"margin-top: 0px; margin-bottom: 0px;\" class=\"sharethis-inline-share-buttons\" ><\/div><p>Ecatzingo, Estado de M\u00e9xico.- Con buen \u00e1nimo se celebr\u00f3 el LCIV Aniversario de un pueblo que particip\u00f3 en luchas armadas, por lo que la Presidenta Municipal, Rebeca P\u00e9rez Mart\u00ednez destac\u00f3 su felicidad por tal fecha, mencionando que su municipio sigue d\u00eda con d\u00eda de pie.<\/p>\n<p>&#8220;Estamos luchando, haciendo lo propio para que las cosas salgan bien. Reconocer la lucha y el trabajo de cada integrante de la administraci\u00f3n no es f\u00e1cil, pero la voluntad aqu\u00ed est\u00e1&#8221;, mencion\u00f3 durante una entrevista para Volcanes Televisi\u00f3n.<\/p>\n<p>Afirma que solo unidos podr\u00e1n sacar al municipio a adelante, siendo el apoyo de la poblaci\u00f3n una parte importante para ello.<\/p>\n<p>&#8220;Muchas felicidades a todos los ecatzinguenses&#8221;, finaliz\u00f3.<\/p>\n","protected":false},"excerpt":{"rendered":"<p>Ecatzingo, Estado de M\u00e9xico.- Con buen \u00e1nimo se celebr\u00f3 el LCIV Aniversario de un pueblo<\/p>\n","protected":false},"author":1,"featured_media":12504,"comment_status":"open","ping_status":"open","sticky":false,"template":"","format":"standard","meta":{"footnotes":""},"categories":[1],"tags":[15],"class_list":["post-12503","post","type-post","status-publish","format-standard","has-post-thumbnail","hentry","category-municipales","tag-ecatzingo"],"yoast_head":"<!-- This site is optimized with the Yoast SEO plugin v25.3 - https:\/\/yoast.com\/wordpress\/plugins\/seo\/ -->\n<title>Conmemoran CLIV Aniversario de la Erecci\u00f3n de Ecatzingo con acto c\u00edvico - Volcanes<\/title>\n<meta name=\"robots\" content=\"index, follow, max-snippet:-1, max-image-preview:large, max-video-preview:-1\" \/>\n<link rel=\"canonical\" href=\"https:\/\/volcanes.net\/?p=12503\" \/>\n<meta property=\"og:locale\" content=\"es_MX\" \/>\n<meta property=\"og:type\" content=\"article\" \/>\n<meta property=\"og:title\" content=\"Conmemoran CLIV Aniversario de la Erecci\u00f3n de Ecatzingo con acto c\u00edvico - Volcanes\" \/>\n<meta property=\"og:description\" content=\"Ecatzingo, Estado de M\u00e9xico.- Con buen \u00e1nimo se celebr\u00f3 el LCIV Aniversario de un pueblo\" \/>\n<meta property=\"og:url\" content=\"https:\/\/volcanes.net\/?p=12503\" \/>\n<meta property=\"og:site_name\" content=\"Volcanes\" \/>\n<meta property=\"article:publisher\" content=\"https:\/\/www.facebook.com\/volcanes.net\/\" \/>\n<meta property=\"article:published_time\" content=\"2022-03-16T00:15:35+00:00\" \/>\n<meta property=\"article:modified_time\" content=\"2022-03-16T00:31:05+00:00\" \/>\n<meta property=\"og:image\" content=\"https:\/\/volcanes.net\/wp-content\/uploads\/2022\/03\/Screenshot_20220315-181135_Facebook.jpg\" \/>\n\t<meta property=\"og:image:width\" content=\"1080\" \/>\n\t<meta property=\"og:image:height\" content=\"571\" \/>\n\t<meta property=\"og:image:type\" content=\"image\/jpeg\" \/>\n<meta name=\"author\" content=\"admin\" \/>\n<meta name=\"twitter:card\" content=\"summary_large_image\" \/>\n<meta name=\"twitter:label1\" content=\"Escrito por\" \/>\n\t<meta name=\"twitter:data1\" content=\"admin\" \/>\n\t<meta name=\"twitter:label2\" content=\"Tiempo de lectura\" \/>\n\t<meta name=\"twitter:data2\" content=\"1 minuto\" \/>\n<script type=\"application\/ld+json\" class=\"yoast-schema-graph\">{\"@context\":\"https:\/\/schema.org\",\"@graph\":[{\"@type\":\"Article\",\"@id\":\"https:\/\/volcanes.net\/?p=12503#article\",\"isPartOf\":{\"@id\":\"https:\/\/volcanes.net\/?p=12503\"},\"author\":{\"name\":\"admin\",\"@id\":\"https:\/\/volcanes.net\/#\/schema\/person\/4bf0f383940966a4abd53f5048c0e6b9\"},\"headline\":\"Conmemoran CLIV Aniversario de la Erecci\u00f3n de Ecatzingo con acto c\u00edvico\",\"datePublished\":\"2022-03-16T00:15:35+00:00\",\"dateModified\":\"2022-03-16T00:31:05+00:00\",\"mainEntityOfPage\":{\"@id\":\"https:\/\/volcanes.net\/?p=12503\"},\"wordCount\":135,\"commentCount\":0,\"publisher\":{\"@id\":\"https:\/\/volcanes.net\/#organization\"},\"image\":{\"@id\":\"https:\/\/volcanes.net\/?p=12503#primaryimage\"},\"thumbnailUrl\":\"https:\/\/volcanes.net\/wp-content\/uploads\/2022\/03\/Screenshot_20220315-181135_Facebook.jpg\",\"keywords\":[\"Ecatzingo\"],\"articleSection\":[\"Municipales\"],\"inLanguage\":\"es\",\"potentialAction\":[{\"@type\":\"CommentAction\",\"name\":\"Comment\",\"target\":[\"https:\/\/volcanes.net\/?p=12503#respond\"]}]},{\"@type\":\"WebPage\",\"@id\":\"https:\/\/volcanes.net\/?p=12503\",\"url\":\"https:\/\/volcanes.net\/?p=12503\",\"name\":\"Conmemoran CLIV Aniversario de la Erecci\u00f3n de Ecatzingo con acto c\u00edvico - Volcanes\",\"isPartOf\":{\"@id\":\"https:\/\/volcanes.net\/#website\"},\"primaryImageOfPage\":{\"@id\":\"https:\/\/volcanes.net\/?p=12503#primaryimage\"},\"image\":{\"@id\":\"https:\/\/volcanes.net\/?p=12503#primaryimage\"},\"thumbnailUrl\":\"https:\/\/volcanes.net\/wp-content\/uploads\/2022\/03\/Screenshot_20220315-181135_Facebook.jpg\",\"datePublished\":\"2022-03-16T00:15:35+00:00\",\"dateModified\":\"2022-03-16T00:31:05+00:00\",\"breadcrumb\":{\"@id\":\"https:\/\/volcanes.net\/?p=12503#breadcrumb\"},\"inLanguage\":\"es\",\"potentialAction\":[{\"@type\":\"ReadAction\",\"target\":[\"https:\/\/volcanes.net\/?p=12503\"]}]},{\"@type\":\"ImageObject\",\"inLanguage\":\"es\",\"@id\":\"https:\/\/volcanes.net\/?p=12503#primaryimage\",\"url\":\"https:\/\/volcanes.net\/wp-content\/uploads\/2022\/03\/Screenshot_20220315-181135_Facebook.jpg\",\"contentUrl\":\"https:\/\/volcanes.net\/wp-content\/uploads\/2022\/03\/Screenshot_20220315-181135_Facebook.jpg\",\"width\":1080,\"height\":571},{\"@type\":\"BreadcrumbList\",\"@id\":\"https:\/\/volcanes.net\/?p=12503#breadcrumb\",\"itemListElement\":[{\"@type\":\"ListItem\",\"position\":1,\"name\":\"Portada\",\"item\":\"https:\/\/volcanes.net\/\"},{\"@type\":\"ListItem\",\"position\":2,\"name\":\"Conmemoran CLIV Aniversario de la Erecci\u00f3n de Ecatzingo con acto c\u00edvico\"}]},{\"@type\":\"WebSite\",\"@id\":\"https:\/\/volcanes.net\/#website\",\"url\":\"https:\/\/volcanes.net\/\",\"name\":\"Volcanes.Net\",\"description\":\"Periodismo Profesional\",\"publisher\":{\"@id\":\"https:\/\/volcanes.net\/#organization\"},\"potentialAction\":[{\"@type\":\"SearchAction\",\"target\":{\"@type\":\"EntryPoint\",\"urlTemplate\":\"https:\/\/volcanes.net\/?s={search_term_string}\"},\"query-input\":{\"@type\":\"PropertyValueSpecification\",\"valueRequired\":true,\"valueName\":\"search_term_string\"}}],\"inLanguage\":\"es\"},{\"@type\":\"Organization\",\"@id\":\"https:\/\/volcanes.net\/#organization\",\"name\":\"Grupo Volcanes\",\"url\":\"https:\/\/volcanes.net\/\",\"logo\":{\"@type\":\"ImageObject\",\"inLanguage\":\"es\",\"@id\":\"https:\/\/volcanes.net\/#\/schema\/logo\/image\/\",\"url\":\"http:\/\/volcanes.net\/wp-content\/uploads\/2017\/12\/Avatar2.jpg\",\"contentUrl\":\"http:\/\/volcanes.net\/wp-content\/uploads\/2017\/12\/Avatar2.jpg\",\"width\":378,\"height\":378,\"caption\":\"Grupo Volcanes\"},\"image\":{\"@id\":\"https:\/\/volcanes.net\/#\/schema\/logo\/image\/\"},\"sameAs\":[\"https:\/\/www.facebook.com\/volcanes.net\/\"]},{\"@type\":\"Person\",\"@id\":\"https:\/\/volcanes.net\/#\/schema\/person\/4bf0f383940966a4abd53f5048c0e6b9\",\"name\":\"admin\",\"image\":{\"@type\":\"ImageObject\",\"inLanguage\":\"es\",\"@id\":\"https:\/\/volcanes.net\/#\/schema\/person\/image\/\",\"url\":\"https:\/\/secure.gravatar.com\/avatar\/ca004e6cba8462b8cb7abc86e382930c?s=96&d=mm&r=g\",\"contentUrl\":\"https:\/\/secure.gravatar.com\/avatar\/ca004e6cba8462b8cb7abc86e382930c?s=96&d=mm&r=g\",\"caption\":\"admin\"}}]}<\/script>\n<!-- \/ Yoast SEO plugin. -->","yoast_head_json":{"title":"Conmemoran CLIV Aniversario de la Erecci\u00f3n de Ecatzingo con acto c\u00edvico - Volcanes","robots":{"index":"index","follow":"follow","max-snippet":"max-snippet:-1","max-image-preview":"max-image-preview:large","max-video-preview":"max-video-preview:-1"},"canonical":"https:\/\/volcanes.net\/?p=12503","og_locale":"es_MX","og_type":"article","og_title":"Conmemoran CLIV Aniversario de la Erecci\u00f3n de Ecatzingo con acto c\u00edvico - Volcanes","og_description":"Ecatzingo, Estado de M\u00e9xico.- Con buen \u00e1nimo se celebr\u00f3 el LCIV Aniversario de un pueblo","og_url":"https:\/\/volcanes.net\/?p=12503","og_site_name":"Volcanes","article_publisher":"https:\/\/www.facebook.com\/volcanes.net\/","article_published_time":"2022-03-16T00:15:35+00:00","article_modified_time":"2022-03-16T00:31:05+00:00","og_image":[{"width":1080,"height":571,"url":"https:\/\/volcanes.net\/wp-content\/uploads\/2022\/03\/Screenshot_20220315-181135_Facebook.jpg","type":"image\/jpeg"}],"author":"admin","twitter_card":"summary_large_image","twitter_misc":{"Escrito por":"admin","Tiempo de lectura":"1 minuto"},"schema":{"@context":"https:\/\/schema.org","@graph":[{"@type":"Article","@id":"https:\/\/volcanes.net\/?p=12503#article","isPartOf":{"@id":"https:\/\/volcanes.net\/?p=12503"},"author":{"name":"admin","@id":"https:\/\/volcanes.net\/#\/schema\/person\/4bf0f383940966a4abd53f5048c0e6b9"},"headline":"Conmemoran CLIV Aniversario de la Erecci\u00f3n de Ecatzingo con acto c\u00edvico","datePublished":"2022-03-16T00:15:35+00:00","dateModified":"2022-03-16T00:31:05+00:00","mainEntityOfPage":{"@id":"https:\/\/volcanes.net\/?p=12503"},"wordCount":135,"commentCount":0,"publisher":{"@id":"https:\/\/volcanes.net\/#organization"},"image":{"@id":"https:\/\/volcanes.net\/?p=12503#primaryimage"},"thumbnailUrl":"https:\/\/volcanes.net\/wp-content\/uploads\/2022\/03\/Screenshot_20220315-181135_Facebook.jpg","keywords":["Ecatzingo"],"articleSection":["Municipales"],"inLanguage":"es","potentialAction":[{"@type":"CommentAction","name":"Comment","target":["https:\/\/volcanes.net\/?p=12503#respond"]}]},{"@type":"WebPage","@id":"https:\/\/volcanes.net\/?p=12503","url":"https:\/\/volcanes.net\/?p=12503","name":"Conmemoran CLIV Aniversario de la Erecci\u00f3n de Ecatzingo con acto c\u00edvico - Volcanes","isPartOf":{"@id":"https:\/\/volcanes.net\/#website"},"primaryImageOfPage":{"@id":"https:\/\/volcanes.net\/?p=12503#primaryimage"},"image":{"@id":"https:\/\/volcanes.net\/?p=12503#primaryimage"},"thumbnailUrl":"https:\/\/volcanes.net\/wp-content\/uploads\/2022\/03\/Screenshot_20220315-181135_Facebook.jpg","datePublished":"2022-03-16T00:15:35+00:00","dateModified":"2022-03-16T00:31:05+00:00","breadcrumb":{"@id":"https:\/\/volcanes.net\/?p=12503#breadcrumb"},"inLanguage":"es","potentialAction":[{"@type":"ReadAction","target":["https:\/\/volcanes.net\/?p=12503"]}]},{"@type":"ImageObject","inLanguage":"es","@id":"https:\/\/volcanes.net\/?p=12503#primaryimage","url":"https:\/\/volcanes.net\/wp-content\/uploads\/2022\/03\/Screenshot_20220315-181135_Facebook.jpg","contentUrl":"https:\/\/volcanes.net\/wp-content\/uploads\/2022\/03\/Screenshot_20220315-181135_Facebook.jpg","width":1080,"height":571},{"@type":"BreadcrumbList","@id":"https:\/\/volcanes.net\/?p=12503#breadcrumb","itemListElement":[{"@type":"ListItem","position":1,"name":"Portada","item":"https:\/\/volcanes.net\/"},{"@type":"ListItem","position":2,"name":"Conmemoran CLIV Aniversario de la Erecci\u00f3n de Ecatzingo con acto c\u00edvico"}]},{"@type":"WebSite","@id":"https:\/\/volcanes.net\/#website","url":"https:\/\/volcanes.net\/","name":"Volcanes.Net","description":"Periodismo Profesional","publisher":{"@id":"https:\/\/volcanes.net\/#organization"},"potentialAction":[{"@type":"SearchAction","target":{"@type":"EntryPoint","urlTemplate":"https:\/\/volcanes.net\/?s={search_term_string}"},"query-input":{"@type":"PropertyValueSpecification","valueRequired":true,"valueName":"search_term_string"}}],"inLanguage":"es"},{"@type":"Organization","@id":"https:\/\/volcanes.net\/#organization","name":"Grupo Volcanes","url":"https:\/\/volcanes.net\/","logo":{"@type":"ImageObject","inLanguage":"es","@id":"https:\/\/volcanes.net\/#\/schema\/logo\/image\/","url":"http:\/\/volcanes.net\/wp-content\/uploads\/2017\/12\/Avatar2.jpg","contentUrl":"http:\/\/volcanes.net\/wp-content\/uploads\/2017\/12\/Avatar2.jpg","width":378,"height":378,"caption":"Grupo Volcanes"},"image":{"@id":"https:\/\/volcanes.net\/#\/schema\/logo\/image\/"},"sameAs":["https:\/\/www.facebook.com\/volcanes.net\/"]},{"@type":"Person","@id":"https:\/\/volcanes.net\/#\/schema\/person\/4bf0f383940966a4abd53f5048c0e6b9","name":"admin","image":{"@type":"ImageObject","inLanguage":"es","@id":"https:\/\/volcanes.net\/#\/schema\/person\/image\/","url":"https:\/\/secure.gravatar.com\/avatar\/ca004e6cba8462b8cb7abc86e382930c?s=96&d=mm&r=g","contentUrl":"https:\/\/secure.gravatar.com\/avatar\/ca004e6cba8462b8cb7abc86e382930c?s=96&d=mm&r=g","caption":"admin"}}]}},"_links":{"self":[{"href":"https:\/\/volcanes.net\/index.php?rest_route=\/wp\/v2\/posts\/12503"}],"collection":[{"href":"https:\/\/volcanes.net\/index.php?rest_route=\/wp\/v2\/posts"}],"about":[{"href":"https:\/\/volcanes.net\/index.php?rest_route=\/wp\/v2\/types\/post"}],"author":[{"embeddable":true,"href":"https:\/\/volcanes.net\/index.php?rest_route=\/wp\/v2\/users\/1"}],"replies":[{"embeddable":true,"href":"https:\/\/volcanes.net\/index.php?rest_route=%2Fwp%2Fv2%2Fcomments&post=12503"}],"version-history":[{"count":2,"href":"https:\/\/volcanes.net\/index.php?rest_route=\/wp\/v2\/posts\/12503\/revisions"}],"predecessor-version":[{"id":12506,"href":"https:\/\/volcanes.net\/index.php?rest_route=\/wp\/v2\/posts\/12503\/revisions\/12506"}],"wp:featuredmedia":[{"embeddable":true,"href":"https:\/\/volcanes.net\/index.php?rest_route=\/wp\/v2\/media\/12504"}],"wp:attachment":[{"href":"https:\/\/volcanes.net\/index.php?rest_route=%2Fwp%2Fv2%2Fmedia&parent=12503"}],"wp:term":[{"taxonomy":"category","embeddable":true,"href":"https:\/\/volcanes.net\/index.php?rest_route=%2Fwp%2Fv2%2Fcategories&post=12503"},{"taxonomy":"post_tag","embeddable":true,"href":"https:\/\/volcanes.net\/index.php?rest_route=%2Fwp%2Fv2%2Ftags&post=12503"}],"curies":[{"name":"wp","href":"https:\/\/api.w.org\/{rel}","templated":true}]}}