{"id":12558,"date":"2022-03-21T08:05:11","date_gmt":"2022-03-21T14:05:11","guid":{"rendered":"https:\/\/volcanes.net\/?p=12558"},"modified":"2022-03-21T08:05:11","modified_gmt":"2022-03-21T14:05:11","slug":"benito-juarez-el-hombre-que-encabezo-la-segunda-transformacion-del-pais-valentin-martinez-castillo","status":"publish","type":"post","link":"https:\/\/volcanes.net\/?p=12558","title":{"rendered":"\u201cBenito Ju\u00e1rez, el Hombre que Encabez\u00f3 la Segunda Transformaci\u00f3n del Pa\u00eds\u201d: Valent\u00edn Mart\u00ednez Castillo."},"content":{"rendered":"<div style=\"margin-top: 0px; margin-bottom: 0px;\" class=\"sharethis-inline-share-buttons\" ><\/div><p>&nbsp;<\/p>\n<ul>\n<li aria-level=\"1\"><b>\u201cSi un presidente conoce los dolores y las enfermedades que padece la gente, tiene sensibilidad y la visi\u00f3n clara para ayudar a su pueblo\u201d, expres\u00f3 el edil ozumbense durante la Conmemoraci\u00f3n del Natalicio de Benito Ju\u00e1rez.<\/b><\/li>\n<\/ul>\n<p><b>Ozumba Edom\u00e9x.<\/b> Este 20 de marzo se llev\u00f3 a cabo la conmemoraci\u00f3n del natalicio de Benito Ju\u00e1rez en el municipio de Ozumba, en la Plaza Estado de M\u00e9xico donde el alcalde de este municipio Valent\u00edn Mart\u00ednez Castillo, expres\u00f3 un emotivo mensaje sobre el legado de este gran personaje hist\u00f3rico que transform\u00f3 la vida de nuestro pa\u00eds; \u201cMucho de lo que ocurre en nuestros d\u00edas se lo debemos a este hombre que encabez\u00f3 la segunda transformaci\u00f3n del pa\u00eds\u201d, subray\u00f3.<\/p>\n<p>Explic\u00f3 que a pesar de que este 21 de marzo se celebra el Natalicio de Benito Ju\u00e1rez con la entrada de la primavera, lo m\u00e1s importante que se debe conmemorar y recordar son los resultados de la lucha del \u201cBenem\u00e9rito de las Am\u00e9ricas\u201d, quien tras la batalla con la intervenci\u00f3n francesa forj\u00f3 un pensamiento que dar\u00eda a los hombres la libertad de adorar lo que deseen conforme a los dictados de su coraz\u00f3n. \u201csu lucha no ha sido en vano, respiramos los resultados de ella. Hoy no importa d\u00f3nde estemos situados en el mapa; donde haya ciudadanos mexicanos, todos tenemos la oportunidad de ser educados, de recibir instrucci\u00f3n\u201d.<\/p>\n<p>\u201cSi un presidente conoce los dolores y las enfermedades que padece la gente, tiene sensibilidad y la visi\u00f3n clara para ayudar a su pueblo\u201d, asever\u00f3 Mart\u00ednez Castillo quien record\u00f3 que Jos\u00e9 Benito Ju\u00e1rez Garc\u00eda, de origen zapoteca, clasificado como indio, hu\u00e9rfano a los tres a\u00f1os, desde peque\u00f1o se form\u00f3 en medio de la tribulaci\u00f3n, conociendo perfectamente la carencia humana y la que viv\u00eda en su natal San Pablo Guelatao, pero con una mente brillante, receptiva e inspirada busc\u00f3 transformar la condici\u00f3n de nuestra naci\u00f3n, \u201cno es de extra\u00f1arse que haya buscado reformar la vida p\u00fablica de nuestra naci\u00f3n. Es el padre de la libertad de expresi\u00f3n y de la libertad religiosa\u201d, recalc\u00f3.<\/p>\n<p>Agradeci\u00f3 la participaci\u00f3n de los peque\u00f1os alumnos de la Colonia Alzate, quienes declamaron un poema a Benito Ju\u00e1rez; as\u00ed como la presentaci\u00f3n del Ballet folcl\u00f3rico Juana De Asbaje, y la Orquesta Sinf\u00f3nica de Nezahualc\u00f3yotl. Y al finalizar el evento se llev\u00f3 a cabo un torneo de futbol en el que participaron equipos de j\u00f3venes quienes tuvieron la oportunidad de llevarse premios. \u201cEstamos buscando resaltar la cultura, los valores y que se marque una pauta distinta en la mente de nuestros j\u00f3venes ozumbenses\u201d, subray\u00f3 el alcalde en entrevista para este medio informativo.<\/p>\n<p>\u201cQue cambie nuestra mentalidad y nuestra vida para ser mejores y ser una naci\u00f3n poderosa. Un pueblo informado sabe hacia d\u00f3nde se dirige. Respeto a Don Benito Ju\u00e1rez Garc\u00eda, exhorto a todos los habitantes a quienes llegue mi voz para que sigamos siendo un municipio unido para que no perdamos de vista que entre familias, entre comunidades, regiones, estados y naciones\u2026 \u201centre los individuos como entre las naciones, el respeto al derecho ajeno es la paz\u201d, concluy\u00f3.<\/p>\n","protected":false},"excerpt":{"rendered":"<p>&nbsp; \u201cSi un presidente conoce los dolores y las enfermedades que padece la gente, tiene<\/p>\n","protected":false},"author":1,"featured_media":12559,"comment_status":"open","ping_status":"open","sticky":false,"template":"","format":"standard","meta":{"footnotes":""},"categories":[3,1],"tags":[14],"class_list":["post-12558","post","type-post","status-publish","format-standard","has-post-thumbnail","hentry","category-estatales","category-municipales","tag-ozumba"],"yoast_head":"<!-- This site is optimized with the Yoast SEO plugin v25.3 - https:\/\/yoast.com\/wordpress\/plugins\/seo\/ -->\n<title>\u201cBenito Ju\u00e1rez, el Hombre que Encabez\u00f3 la Segunda Transformaci\u00f3n del Pa\u00eds\u201d: Valent\u00edn Mart\u00ednez Castillo. - Volcanes<\/title>\n<meta name=\"description\" content=\"Este 20 de marzo se llev\u00f3 a cabo la conmemoraci\u00f3n del natalicio de Benito Ju\u00e1rez en el municipio de Ozumba, en la Plaza Estado de M\u00e9xico.\" \/>\n<meta name=\"robots\" content=\"index, follow, max-snippet:-1, max-image-preview:large, max-video-preview:-1\" \/>\n<link rel=\"canonical\" href=\"https:\/\/volcanes.net\/?p=12558\" \/>\n<meta property=\"og:locale\" content=\"es_MX\" \/>\n<meta property=\"og:type\" content=\"article\" \/>\n<meta property=\"og:title\" content=\"\u201cBenito Ju\u00e1rez, el Hombre que Encabez\u00f3 la Segunda Transformaci\u00f3n del Pa\u00eds\u201d: Valent\u00edn Mart\u00ednez Castillo. - Volcanes\" \/>\n<meta property=\"og:description\" content=\"Este 20 de marzo se llev\u00f3 a cabo la conmemoraci\u00f3n del natalicio de Benito Ju\u00e1rez en el municipio de Ozumba, en la Plaza Estado de M\u00e9xico.\" \/>\n<meta property=\"og:url\" content=\"https:\/\/volcanes.net\/?p=12558\" \/>\n<meta property=\"og:site_name\" content=\"Volcanes\" \/>\n<meta property=\"article:publisher\" content=\"https:\/\/www.facebook.com\/volcanes.net\/\" \/>\n<meta property=\"article:published_time\" content=\"2022-03-21T14:05:11+00:00\" \/>\n<meta property=\"og:image\" content=\"https:\/\/volcanes.net\/wp-content\/uploads\/2022\/03\/Resize_20220321_075555_5980.jpg\" \/>\n\t<meta property=\"og:image:width\" content=\"600\" \/>\n\t<meta property=\"og:image:height\" content=\"270\" \/>\n\t<meta property=\"og:image:type\" content=\"image\/jpeg\" \/>\n<meta name=\"author\" content=\"admin\" \/>\n<meta name=\"twitter:card\" content=\"summary_large_image\" \/>\n<meta name=\"twitter:label1\" content=\"Escrito por\" \/>\n\t<meta name=\"twitter:data1\" content=\"admin\" \/>\n\t<meta name=\"twitter:label2\" content=\"Tiempo de lectura\" \/>\n\t<meta name=\"twitter:data2\" content=\"3 minutos\" \/>\n<script type=\"application\/ld+json\" class=\"yoast-schema-graph\">{\"@context\":\"https:\/\/schema.org\",\"@graph\":[{\"@type\":\"Article\",\"@id\":\"https:\/\/volcanes.net\/?p=12558#article\",\"isPartOf\":{\"@id\":\"https:\/\/volcanes.net\/?p=12558\"},\"author\":{\"name\":\"admin\",\"@id\":\"https:\/\/volcanes.net\/#\/schema\/person\/4bf0f383940966a4abd53f5048c0e6b9\"},\"headline\":\"\u201cBenito Ju\u00e1rez, el Hombre que Encabez\u00f3 la Segunda Transformaci\u00f3n del Pa\u00eds\u201d: Valent\u00edn Mart\u00ednez Castillo.\",\"datePublished\":\"2022-03-21T14:05:11+00:00\",\"mainEntityOfPage\":{\"@id\":\"https:\/\/volcanes.net\/?p=12558\"},\"wordCount\":571,\"commentCount\":0,\"publisher\":{\"@id\":\"https:\/\/volcanes.net\/#organization\"},\"image\":{\"@id\":\"https:\/\/volcanes.net\/?p=12558#primaryimage\"},\"thumbnailUrl\":\"https:\/\/volcanes.net\/wp-content\/uploads\/2022\/03\/Resize_20220321_075555_5980.jpg\",\"keywords\":[\"Ozumba\"],\"articleSection\":[\"Estatales\",\"Municipales\"],\"inLanguage\":\"es\",\"potentialAction\":[{\"@type\":\"CommentAction\",\"name\":\"Comment\",\"target\":[\"https:\/\/volcanes.net\/?p=12558#respond\"]}]},{\"@type\":\"WebPage\",\"@id\":\"https:\/\/volcanes.net\/?p=12558\",\"url\":\"https:\/\/volcanes.net\/?p=12558\",\"name\":\"\u201cBenito Ju\u00e1rez, el Hombre que Encabez\u00f3 la Segunda Transformaci\u00f3n del Pa\u00eds\u201d: Valent\u00edn Mart\u00ednez Castillo. - Volcanes\",\"isPartOf\":{\"@id\":\"https:\/\/volcanes.net\/#website\"},\"primaryImageOfPage\":{\"@id\":\"https:\/\/volcanes.net\/?p=12558#primaryimage\"},\"image\":{\"@id\":\"https:\/\/volcanes.net\/?p=12558#primaryimage\"},\"thumbnailUrl\":\"https:\/\/volcanes.net\/wp-content\/uploads\/2022\/03\/Resize_20220321_075555_5980.jpg\",\"datePublished\":\"2022-03-21T14:05:11+00:00\",\"description\":\"Este 20 de marzo se llev\u00f3 a cabo la conmemoraci\u00f3n del natalicio de Benito Ju\u00e1rez en el municipio de Ozumba, en la Plaza Estado de M\u00e9xico.\",\"breadcrumb\":{\"@id\":\"https:\/\/volcanes.net\/?p=12558#breadcrumb\"},\"inLanguage\":\"es\",\"potentialAction\":[{\"@type\":\"ReadAction\",\"target\":[\"https:\/\/volcanes.net\/?p=12558\"]}]},{\"@type\":\"ImageObject\",\"inLanguage\":\"es\",\"@id\":\"https:\/\/volcanes.net\/?p=12558#primaryimage\",\"url\":\"https:\/\/volcanes.net\/wp-content\/uploads\/2022\/03\/Resize_20220321_075555_5980.jpg\",\"contentUrl\":\"https:\/\/volcanes.net\/wp-content\/uploads\/2022\/03\/Resize_20220321_075555_5980.jpg\",\"width\":600,\"height\":270},{\"@type\":\"BreadcrumbList\",\"@id\":\"https:\/\/volcanes.net\/?p=12558#breadcrumb\",\"itemListElement\":[{\"@type\":\"ListItem\",\"position\":1,\"name\":\"Portada\",\"item\":\"https:\/\/volcanes.net\/\"},{\"@type\":\"ListItem\",\"position\":2,\"name\":\"\u201cBenito Ju\u00e1rez, el Hombre que Encabez\u00f3 la Segunda Transformaci\u00f3n del Pa\u00eds\u201d: Valent\u00edn Mart\u00ednez Castillo.\"}]},{\"@type\":\"WebSite\",\"@id\":\"https:\/\/volcanes.net\/#website\",\"url\":\"https:\/\/volcanes.net\/\",\"name\":\"Volcanes.Net\",\"description\":\"Periodismo Profesional\",\"publisher\":{\"@id\":\"https:\/\/volcanes.net\/#organization\"},\"potentialAction\":[{\"@type\":\"SearchAction\",\"target\":{\"@type\":\"EntryPoint\",\"urlTemplate\":\"https:\/\/volcanes.net\/?s={search_term_string}\"},\"query-input\":{\"@type\":\"PropertyValueSpecification\",\"valueRequired\":true,\"valueName\":\"search_term_string\"}}],\"inLanguage\":\"es\"},{\"@type\":\"Organization\",\"@id\":\"https:\/\/volcanes.net\/#organization\",\"name\":\"Grupo Volcanes\",\"url\":\"https:\/\/volcanes.net\/\",\"logo\":{\"@type\":\"ImageObject\",\"inLanguage\":\"es\",\"@id\":\"https:\/\/volcanes.net\/#\/schema\/logo\/image\/\",\"url\":\"http:\/\/volcanes.net\/wp-content\/uploads\/2017\/12\/Avatar2.jpg\",\"contentUrl\":\"http:\/\/volcanes.net\/wp-content\/uploads\/2017\/12\/Avatar2.jpg\",\"width\":378,\"height\":378,\"caption\":\"Grupo Volcanes\"},\"image\":{\"@id\":\"https:\/\/volcanes.net\/#\/schema\/logo\/image\/\"},\"sameAs\":[\"https:\/\/www.facebook.com\/volcanes.net\/\"]},{\"@type\":\"Person\",\"@id\":\"https:\/\/volcanes.net\/#\/schema\/person\/4bf0f383940966a4abd53f5048c0e6b9\",\"name\":\"admin\",\"image\":{\"@type\":\"ImageObject\",\"inLanguage\":\"es\",\"@id\":\"https:\/\/volcanes.net\/#\/schema\/person\/image\/\",\"url\":\"https:\/\/secure.gravatar.com\/avatar\/ca004e6cba8462b8cb7abc86e382930c?s=96&d=mm&r=g\",\"contentUrl\":\"https:\/\/secure.gravatar.com\/avatar\/ca004e6cba8462b8cb7abc86e382930c?s=96&d=mm&r=g\",\"caption\":\"admin\"}}]}<\/script>\n<!-- \/ Yoast SEO plugin. -->","yoast_head_json":{"title":"\u201cBenito Ju\u00e1rez, el Hombre que Encabez\u00f3 la Segunda Transformaci\u00f3n del Pa\u00eds\u201d: Valent\u00edn Mart\u00ednez Castillo. - Volcanes","description":"Este 20 de marzo se llev\u00f3 a cabo la conmemoraci\u00f3n del natalicio de Benito Ju\u00e1rez en el municipio de Ozumba, en la Plaza Estado de M\u00e9xico.","robots":{"index":"index","follow":"follow","max-snippet":"max-snippet:-1","max-image-preview":"max-image-preview:large","max-video-preview":"max-video-preview:-1"},"canonical":"https:\/\/volcanes.net\/?p=12558","og_locale":"es_MX","og_type":"article","og_title":"\u201cBenito Ju\u00e1rez, el Hombre que Encabez\u00f3 la Segunda Transformaci\u00f3n del Pa\u00eds\u201d: Valent\u00edn Mart\u00ednez Castillo. - Volcanes","og_description":"Este 20 de marzo se llev\u00f3 a cabo la conmemoraci\u00f3n del natalicio de Benito Ju\u00e1rez en el municipio de Ozumba, en la Plaza Estado de M\u00e9xico.","og_url":"https:\/\/volcanes.net\/?p=12558","og_site_name":"Volcanes","article_publisher":"https:\/\/www.facebook.com\/volcanes.net\/","article_published_time":"2022-03-21T14:05:11+00:00","og_image":[{"width":600,"height":270,"url":"https:\/\/volcanes.net\/wp-content\/uploads\/2022\/03\/Resize_20220321_075555_5980.jpg","type":"image\/jpeg"}],"author":"admin","twitter_card":"summary_large_image","twitter_misc":{"Escrito por":"admin","Tiempo de lectura":"3 minutos"},"schema":{"@context":"https:\/\/schema.org","@graph":[{"@type":"Article","@id":"https:\/\/volcanes.net\/?p=12558#article","isPartOf":{"@id":"https:\/\/volcanes.net\/?p=12558"},"author":{"name":"admin","@id":"https:\/\/volcanes.net\/#\/schema\/person\/4bf0f383940966a4abd53f5048c0e6b9"},"headline":"\u201cBenito Ju\u00e1rez, el Hombre que Encabez\u00f3 la Segunda Transformaci\u00f3n del Pa\u00eds\u201d: Valent\u00edn Mart\u00ednez Castillo.","datePublished":"2022-03-21T14:05:11+00:00","mainEntityOfPage":{"@id":"https:\/\/volcanes.net\/?p=12558"},"wordCount":571,"commentCount":0,"publisher":{"@id":"https:\/\/volcanes.net\/#organization"},"image":{"@id":"https:\/\/volcanes.net\/?p=12558#primaryimage"},"thumbnailUrl":"https:\/\/volcanes.net\/wp-content\/uploads\/2022\/03\/Resize_20220321_075555_5980.jpg","keywords":["Ozumba"],"articleSection":["Estatales","Municipales"],"inLanguage":"es","potentialAction":[{"@type":"CommentAction","name":"Comment","target":["https:\/\/volcanes.net\/?p=12558#respond"]}]},{"@type":"WebPage","@id":"https:\/\/volcanes.net\/?p=12558","url":"https:\/\/volcanes.net\/?p=12558","name":"\u201cBenito Ju\u00e1rez, el Hombre que Encabez\u00f3 la Segunda Transformaci\u00f3n del Pa\u00eds\u201d: Valent\u00edn Mart\u00ednez Castillo. - Volcanes","isPartOf":{"@id":"https:\/\/volcanes.net\/#website"},"primaryImageOfPage":{"@id":"https:\/\/volcanes.net\/?p=12558#primaryimage"},"image":{"@id":"https:\/\/volcanes.net\/?p=12558#primaryimage"},"thumbnailUrl":"https:\/\/volcanes.net\/wp-content\/uploads\/2022\/03\/Resize_20220321_075555_5980.jpg","datePublished":"2022-03-21T14:05:11+00:00","description":"Este 20 de marzo se llev\u00f3 a cabo la conmemoraci\u00f3n del natalicio de Benito Ju\u00e1rez en el municipio de Ozumba, en la Plaza Estado de M\u00e9xico.","breadcrumb":{"@id":"https:\/\/volcanes.net\/?p=12558#breadcrumb"},"inLanguage":"es","potentialAction":[{"@type":"ReadAction","target":["https:\/\/volcanes.net\/?p=12558"]}]},{"@type":"ImageObject","inLanguage":"es","@id":"https:\/\/volcanes.net\/?p=12558#primaryimage","url":"https:\/\/volcanes.net\/wp-content\/uploads\/2022\/03\/Resize_20220321_075555_5980.jpg","contentUrl":"https:\/\/volcanes.net\/wp-content\/uploads\/2022\/03\/Resize_20220321_075555_5980.jpg","width":600,"height":270},{"@type":"BreadcrumbList","@id":"https:\/\/volcanes.net\/?p=12558#breadcrumb","itemListElement":[{"@type":"ListItem","position":1,"name":"Portada","item":"https:\/\/volcanes.net\/"},{"@type":"ListItem","position":2,"name":"\u201cBenito Ju\u00e1rez, el Hombre que Encabez\u00f3 la Segunda Transformaci\u00f3n del Pa\u00eds\u201d: Valent\u00edn Mart\u00ednez Castillo."}]},{"@type":"WebSite","@id":"https:\/\/volcanes.net\/#website","url":"https:\/\/volcanes.net\/","name":"Volcanes.Net","description":"Periodismo Profesional","publisher":{"@id":"https:\/\/volcanes.net\/#organization"},"potentialAction":[{"@type":"SearchAction","target":{"@type":"EntryPoint","urlTemplate":"https:\/\/volcanes.net\/?s={search_term_string}"},"query-input":{"@type":"PropertyValueSpecification","valueRequired":true,"valueName":"search_term_string"}}],"inLanguage":"es"},{"@type":"Organization","@id":"https:\/\/volcanes.net\/#organization","name":"Grupo Volcanes","url":"https:\/\/volcanes.net\/","logo":{"@type":"ImageObject","inLanguage":"es","@id":"https:\/\/volcanes.net\/#\/schema\/logo\/image\/","url":"http:\/\/volcanes.net\/wp-content\/uploads\/2017\/12\/Avatar2.jpg","contentUrl":"http:\/\/volcanes.net\/wp-content\/uploads\/2017\/12\/Avatar2.jpg","width":378,"height":378,"caption":"Grupo Volcanes"},"image":{"@id":"https:\/\/volcanes.net\/#\/schema\/logo\/image\/"},"sameAs":["https:\/\/www.facebook.com\/volcanes.net\/"]},{"@type":"Person","@id":"https:\/\/volcanes.net\/#\/schema\/person\/4bf0f383940966a4abd53f5048c0e6b9","name":"admin","image":{"@type":"ImageObject","inLanguage":"es","@id":"https:\/\/volcanes.net\/#\/schema\/person\/image\/","url":"https:\/\/secure.gravatar.com\/avatar\/ca004e6cba8462b8cb7abc86e382930c?s=96&d=mm&r=g","contentUrl":"https:\/\/secure.gravatar.com\/avatar\/ca004e6cba8462b8cb7abc86e382930c?s=96&d=mm&r=g","caption":"admin"}}]}},"_links":{"self":[{"href":"https:\/\/volcanes.net\/index.php?rest_route=\/wp\/v2\/posts\/12558"}],"collection":[{"href":"https:\/\/volcanes.net\/index.php?rest_route=\/wp\/v2\/posts"}],"about":[{"href":"https:\/\/volcanes.net\/index.php?rest_route=\/wp\/v2\/types\/post"}],"author":[{"embeddable":true,"href":"https:\/\/volcanes.net\/index.php?rest_route=\/wp\/v2\/users\/1"}],"replies":[{"embeddable":true,"href":"https:\/\/volcanes.net\/index.php?rest_route=%2Fwp%2Fv2%2Fcomments&post=12558"}],"version-history":[{"count":2,"href":"https:\/\/volcanes.net\/index.php?rest_route=\/wp\/v2\/posts\/12558\/revisions"}],"predecessor-version":[{"id":12561,"href":"https:\/\/volcanes.net\/index.php?rest_route=\/wp\/v2\/posts\/12558\/revisions\/12561"}],"wp:featuredmedia":[{"embeddable":true,"href":"https:\/\/volcanes.net\/index.php?rest_route=\/wp\/v2\/media\/12559"}],"wp:attachment":[{"href":"https:\/\/volcanes.net\/index.php?rest_route=%2Fwp%2Fv2%2Fmedia&parent=12558"}],"wp:term":[{"taxonomy":"category","embeddable":true,"href":"https:\/\/volcanes.net\/index.php?rest_route=%2Fwp%2Fv2%2Fcategories&post=12558"},{"taxonomy":"post_tag","embeddable":true,"href":"https:\/\/volcanes.net\/index.php?rest_route=%2Fwp%2Fv2%2Ftags&post=12558"}],"curies":[{"name":"wp","href":"https:\/\/api.w.org\/{rel}","templated":true}]}}