{"id":12563,"date":"2022-03-21T16:57:23","date_gmt":"2022-03-21T22:57:23","guid":{"rendered":"http:\/\/volcanes.net\/?p=12563"},"modified":"2022-03-21T16:57:23","modified_gmt":"2022-03-21T22:57:23","slug":"localizan-a-mama-de-nino-olvidado-en-transporte-publico","status":"publish","type":"post","link":"https:\/\/volcanes.net\/?p=12563","title":{"rendered":"Localizan a mam\u00e1 de ni\u00f1o olvidado en transporte p\u00fablico"},"content":{"rendered":"<div style=\"margin-top: 0px; margin-bottom: 0px;\" class=\"sharethis-inline-share-buttons\" ><\/div><ul>\n<li>La C\u00e9lula de G\u00e9nero, B\u00fasqueda y Localizaci\u00f3n ubico a la mam\u00e1 del menor<\/li>\n<\/ul>\n<p>&nbsp;<\/p>\n<p>Amecameca, Estado de M\u00e9xico.-\u00a0Un ni\u00f1o de nueve a\u00f1os fue encontrado en una unidad de transporte p\u00fablico, presuntamente olvidado por sus t\u00edos, trabajadores de la ruta de transporte p\u00fablico solicitaron la presencia de la polic\u00eda municipal para hacerse cargo de localizar a la familia del menor.<\/p>\n<p>El comisario de Seguridad P\u00fablica y Tr\u00e1nsito municipal de Amecameca, Miguel Ram\u00edrez Aguilera, inform\u00f3 que en atenci\u00f3n una llamada de auxilio al C2, personal de la unidad 073 se traslad\u00f3 a la base de los Urbanos donde se entrevistaron con la checadora \u00c1ngeles N, quien inform\u00f3 a los polic\u00edas del ni\u00f1o extraviado.<\/p>\n<p>El menor, quien dijo tener 9 a\u00f1os de edad, explic\u00f3 que viajaba con sus familiares, pero no se dio cuenta del momento en que se bajaron, pues se hab\u00eda quedado dormido y despert\u00f3 al llegar la camioneta a la base.<\/p>\n<p>Con los datos proporcionados por el operador y el menor, personal de la C\u00e9lula de G\u00e9nero, B\u00fasqueda y Localizaci\u00f3n de la Polic\u00eda Municipal se dio a la tarea de localizar a la familia del ni\u00f1o.<\/p>\n<p>M\u00e1s tarde se present\u00f3 en la comandancia la se\u00f1ora Marina \u201cN\u201d de 31 a\u00f1os de edad, con domicilio en el municipio de Juchitepec, quien identific\u00f3 al menor como su hijo, acredit\u00e1ndolo con el acta de nacimiento.<\/p>\n<p>Antes de hacer la entrega de ni\u00f1o con su madre, ambos fueron trasladado a las instalaciones del Sistema Municipal DIF, donde Mayra Flores Serrano procuradora municipal de Protecci\u00f3n de Ni\u00f1os Ni\u00f1as y Adolescentes, se hizo cargo de los protocolos correspondientes.<\/p>\n","protected":false},"excerpt":{"rendered":"<p>La C\u00e9lula de G\u00e9nero, B\u00fasqueda y Localizaci\u00f3n ubico a la mam\u00e1 del menor &nbsp; Amecameca,<\/p>\n","protected":false},"author":1,"featured_media":12564,"comment_status":"open","ping_status":"open","sticky":false,"template":"","format":"standard","meta":{"footnotes":""},"categories":[1],"tags":[7],"class_list":["post-12563","post","type-post","status-publish","format-standard","has-post-thumbnail","hentry","category-municipales","tag-amecameca"],"yoast_head":"<!-- This site is optimized with the Yoast SEO plugin v25.3 - https:\/\/yoast.com\/wordpress\/plugins\/seo\/ -->\n<title>Localizan a mam\u00e1 de ni\u00f1o olvidado en transporte p\u00fablico - Volcanes<\/title>\n<meta name=\"robots\" content=\"index, follow, max-snippet:-1, max-image-preview:large, max-video-preview:-1\" \/>\n<link rel=\"canonical\" href=\"https:\/\/volcanes.net\/?p=12563\" \/>\n<meta property=\"og:locale\" content=\"es_MX\" \/>\n<meta property=\"og:type\" content=\"article\" \/>\n<meta property=\"og:title\" content=\"Localizan a mam\u00e1 de ni\u00f1o olvidado en transporte p\u00fablico - Volcanes\" \/>\n<meta property=\"og:description\" content=\"La C\u00e9lula de G\u00e9nero, B\u00fasqueda y Localizaci\u00f3n ubico a la mam\u00e1 del menor &nbsp; Amecameca,\" \/>\n<meta property=\"og:url\" content=\"https:\/\/volcanes.net\/?p=12563\" \/>\n<meta property=\"og:site_name\" content=\"Volcanes\" \/>\n<meta property=\"article:publisher\" content=\"https:\/\/www.facebook.com\/volcanes.net\/\" \/>\n<meta property=\"article:published_time\" content=\"2022-03-21T22:57:23+00:00\" \/>\n<meta property=\"og:image\" content=\"https:\/\/volcanes.net\/wp-content\/uploads\/2022\/03\/IMG-20220321-WA0001.jpg\" \/>\n\t<meta property=\"og:image:width\" content=\"576\" \/>\n\t<meta property=\"og:image:height\" content=\"391\" \/>\n\t<meta property=\"og:image:type\" content=\"image\/jpeg\" \/>\n<meta name=\"author\" content=\"admin\" \/>\n<meta name=\"twitter:card\" content=\"summary_large_image\" \/>\n<meta name=\"twitter:label1\" content=\"Escrito por\" \/>\n\t<meta name=\"twitter:data1\" content=\"admin\" \/>\n\t<meta name=\"twitter:label2\" content=\"Tiempo de lectura\" \/>\n\t<meta name=\"twitter:data2\" content=\"2 minutos\" \/>\n<script type=\"application\/ld+json\" class=\"yoast-schema-graph\">{\"@context\":\"https:\/\/schema.org\",\"@graph\":[{\"@type\":\"Article\",\"@id\":\"https:\/\/volcanes.net\/?p=12563#article\",\"isPartOf\":{\"@id\":\"https:\/\/volcanes.net\/?p=12563\"},\"author\":{\"name\":\"admin\",\"@id\":\"https:\/\/volcanes.net\/#\/schema\/person\/4bf0f383940966a4abd53f5048c0e6b9\"},\"headline\":\"Localizan a mam\u00e1 de ni\u00f1o olvidado en transporte p\u00fablico\",\"datePublished\":\"2022-03-21T22:57:23+00:00\",\"mainEntityOfPage\":{\"@id\":\"https:\/\/volcanes.net\/?p=12563\"},\"wordCount\":305,\"commentCount\":0,\"publisher\":{\"@id\":\"https:\/\/volcanes.net\/#organization\"},\"image\":{\"@id\":\"https:\/\/volcanes.net\/?p=12563#primaryimage\"},\"thumbnailUrl\":\"https:\/\/volcanes.net\/wp-content\/uploads\/2022\/03\/IMG-20220321-WA0001.jpg\",\"keywords\":[\"Amecameca\"],\"articleSection\":[\"Municipales\"],\"inLanguage\":\"es\",\"potentialAction\":[{\"@type\":\"CommentAction\",\"name\":\"Comment\",\"target\":[\"https:\/\/volcanes.net\/?p=12563#respond\"]}]},{\"@type\":\"WebPage\",\"@id\":\"https:\/\/volcanes.net\/?p=12563\",\"url\":\"https:\/\/volcanes.net\/?p=12563\",\"name\":\"Localizan a mam\u00e1 de ni\u00f1o olvidado en transporte p\u00fablico - Volcanes\",\"isPartOf\":{\"@id\":\"https:\/\/volcanes.net\/#website\"},\"primaryImageOfPage\":{\"@id\":\"https:\/\/volcanes.net\/?p=12563#primaryimage\"},\"image\":{\"@id\":\"https:\/\/volcanes.net\/?p=12563#primaryimage\"},\"thumbnailUrl\":\"https:\/\/volcanes.net\/wp-content\/uploads\/2022\/03\/IMG-20220321-WA0001.jpg\",\"datePublished\":\"2022-03-21T22:57:23+00:00\",\"breadcrumb\":{\"@id\":\"https:\/\/volcanes.net\/?p=12563#breadcrumb\"},\"inLanguage\":\"es\",\"potentialAction\":[{\"@type\":\"ReadAction\",\"target\":[\"https:\/\/volcanes.net\/?p=12563\"]}]},{\"@type\":\"ImageObject\",\"inLanguage\":\"es\",\"@id\":\"https:\/\/volcanes.net\/?p=12563#primaryimage\",\"url\":\"https:\/\/volcanes.net\/wp-content\/uploads\/2022\/03\/IMG-20220321-WA0001.jpg\",\"contentUrl\":\"https:\/\/volcanes.net\/wp-content\/uploads\/2022\/03\/IMG-20220321-WA0001.jpg\",\"width\":576,\"height\":391},{\"@type\":\"BreadcrumbList\",\"@id\":\"https:\/\/volcanes.net\/?p=12563#breadcrumb\",\"itemListElement\":[{\"@type\":\"ListItem\",\"position\":1,\"name\":\"Portada\",\"item\":\"https:\/\/volcanes.net\/\"},{\"@type\":\"ListItem\",\"position\":2,\"name\":\"Localizan a mam\u00e1 de ni\u00f1o olvidado en transporte p\u00fablico\"}]},{\"@type\":\"WebSite\",\"@id\":\"https:\/\/volcanes.net\/#website\",\"url\":\"https:\/\/volcanes.net\/\",\"name\":\"Volcanes.Net\",\"description\":\"Periodismo Profesional\",\"publisher\":{\"@id\":\"https:\/\/volcanes.net\/#organization\"},\"potentialAction\":[{\"@type\":\"SearchAction\",\"target\":{\"@type\":\"EntryPoint\",\"urlTemplate\":\"https:\/\/volcanes.net\/?s={search_term_string}\"},\"query-input\":{\"@type\":\"PropertyValueSpecification\",\"valueRequired\":true,\"valueName\":\"search_term_string\"}}],\"inLanguage\":\"es\"},{\"@type\":\"Organization\",\"@id\":\"https:\/\/volcanes.net\/#organization\",\"name\":\"Grupo Volcanes\",\"url\":\"https:\/\/volcanes.net\/\",\"logo\":{\"@type\":\"ImageObject\",\"inLanguage\":\"es\",\"@id\":\"https:\/\/volcanes.net\/#\/schema\/logo\/image\/\",\"url\":\"http:\/\/volcanes.net\/wp-content\/uploads\/2017\/12\/Avatar2.jpg\",\"contentUrl\":\"http:\/\/volcanes.net\/wp-content\/uploads\/2017\/12\/Avatar2.jpg\",\"width\":378,\"height\":378,\"caption\":\"Grupo Volcanes\"},\"image\":{\"@id\":\"https:\/\/volcanes.net\/#\/schema\/logo\/image\/\"},\"sameAs\":[\"https:\/\/www.facebook.com\/volcanes.net\/\"]},{\"@type\":\"Person\",\"@id\":\"https:\/\/volcanes.net\/#\/schema\/person\/4bf0f383940966a4abd53f5048c0e6b9\",\"name\":\"admin\",\"image\":{\"@type\":\"ImageObject\",\"inLanguage\":\"es\",\"@id\":\"https:\/\/volcanes.net\/#\/schema\/person\/image\/\",\"url\":\"https:\/\/secure.gravatar.com\/avatar\/ca004e6cba8462b8cb7abc86e382930c?s=96&d=mm&r=g\",\"contentUrl\":\"https:\/\/secure.gravatar.com\/avatar\/ca004e6cba8462b8cb7abc86e382930c?s=96&d=mm&r=g\",\"caption\":\"admin\"}}]}<\/script>\n<!-- \/ Yoast SEO plugin. -->","yoast_head_json":{"title":"Localizan a mam\u00e1 de ni\u00f1o olvidado en transporte p\u00fablico - Volcanes","robots":{"index":"index","follow":"follow","max-snippet":"max-snippet:-1","max-image-preview":"max-image-preview:large","max-video-preview":"max-video-preview:-1"},"canonical":"https:\/\/volcanes.net\/?p=12563","og_locale":"es_MX","og_type":"article","og_title":"Localizan a mam\u00e1 de ni\u00f1o olvidado en transporte p\u00fablico - Volcanes","og_description":"La C\u00e9lula de G\u00e9nero, B\u00fasqueda y Localizaci\u00f3n ubico a la mam\u00e1 del menor &nbsp; Amecameca,","og_url":"https:\/\/volcanes.net\/?p=12563","og_site_name":"Volcanes","article_publisher":"https:\/\/www.facebook.com\/volcanes.net\/","article_published_time":"2022-03-21T22:57:23+00:00","og_image":[{"width":576,"height":391,"url":"https:\/\/volcanes.net\/wp-content\/uploads\/2022\/03\/IMG-20220321-WA0001.jpg","type":"image\/jpeg"}],"author":"admin","twitter_card":"summary_large_image","twitter_misc":{"Escrito por":"admin","Tiempo de lectura":"2 minutos"},"schema":{"@context":"https:\/\/schema.org","@graph":[{"@type":"Article","@id":"https:\/\/volcanes.net\/?p=12563#article","isPartOf":{"@id":"https:\/\/volcanes.net\/?p=12563"},"author":{"name":"admin","@id":"https:\/\/volcanes.net\/#\/schema\/person\/4bf0f383940966a4abd53f5048c0e6b9"},"headline":"Localizan a mam\u00e1 de ni\u00f1o olvidado en transporte p\u00fablico","datePublished":"2022-03-21T22:57:23+00:00","mainEntityOfPage":{"@id":"https:\/\/volcanes.net\/?p=12563"},"wordCount":305,"commentCount":0,"publisher":{"@id":"https:\/\/volcanes.net\/#organization"},"image":{"@id":"https:\/\/volcanes.net\/?p=12563#primaryimage"},"thumbnailUrl":"https:\/\/volcanes.net\/wp-content\/uploads\/2022\/03\/IMG-20220321-WA0001.jpg","keywords":["Amecameca"],"articleSection":["Municipales"],"inLanguage":"es","potentialAction":[{"@type":"CommentAction","name":"Comment","target":["https:\/\/volcanes.net\/?p=12563#respond"]}]},{"@type":"WebPage","@id":"https:\/\/volcanes.net\/?p=12563","url":"https:\/\/volcanes.net\/?p=12563","name":"Localizan a mam\u00e1 de ni\u00f1o olvidado en transporte p\u00fablico - Volcanes","isPartOf":{"@id":"https:\/\/volcanes.net\/#website"},"primaryImageOfPage":{"@id":"https:\/\/volcanes.net\/?p=12563#primaryimage"},"image":{"@id":"https:\/\/volcanes.net\/?p=12563#primaryimage"},"thumbnailUrl":"https:\/\/volcanes.net\/wp-content\/uploads\/2022\/03\/IMG-20220321-WA0001.jpg","datePublished":"2022-03-21T22:57:23+00:00","breadcrumb":{"@id":"https:\/\/volcanes.net\/?p=12563#breadcrumb"},"inLanguage":"es","potentialAction":[{"@type":"ReadAction","target":["https:\/\/volcanes.net\/?p=12563"]}]},{"@type":"ImageObject","inLanguage":"es","@id":"https:\/\/volcanes.net\/?p=12563#primaryimage","url":"https:\/\/volcanes.net\/wp-content\/uploads\/2022\/03\/IMG-20220321-WA0001.jpg","contentUrl":"https:\/\/volcanes.net\/wp-content\/uploads\/2022\/03\/IMG-20220321-WA0001.jpg","width":576,"height":391},{"@type":"BreadcrumbList","@id":"https:\/\/volcanes.net\/?p=12563#breadcrumb","itemListElement":[{"@type":"ListItem","position":1,"name":"Portada","item":"https:\/\/volcanes.net\/"},{"@type":"ListItem","position":2,"name":"Localizan a mam\u00e1 de ni\u00f1o olvidado en transporte p\u00fablico"}]},{"@type":"WebSite","@id":"https:\/\/volcanes.net\/#website","url":"https:\/\/volcanes.net\/","name":"Volcanes.Net","description":"Periodismo Profesional","publisher":{"@id":"https:\/\/volcanes.net\/#organization"},"potentialAction":[{"@type":"SearchAction","target":{"@type":"EntryPoint","urlTemplate":"https:\/\/volcanes.net\/?s={search_term_string}"},"query-input":{"@type":"PropertyValueSpecification","valueRequired":true,"valueName":"search_term_string"}}],"inLanguage":"es"},{"@type":"Organization","@id":"https:\/\/volcanes.net\/#organization","name":"Grupo Volcanes","url":"https:\/\/volcanes.net\/","logo":{"@type":"ImageObject","inLanguage":"es","@id":"https:\/\/volcanes.net\/#\/schema\/logo\/image\/","url":"http:\/\/volcanes.net\/wp-content\/uploads\/2017\/12\/Avatar2.jpg","contentUrl":"http:\/\/volcanes.net\/wp-content\/uploads\/2017\/12\/Avatar2.jpg","width":378,"height":378,"caption":"Grupo Volcanes"},"image":{"@id":"https:\/\/volcanes.net\/#\/schema\/logo\/image\/"},"sameAs":["https:\/\/www.facebook.com\/volcanes.net\/"]},{"@type":"Person","@id":"https:\/\/volcanes.net\/#\/schema\/person\/4bf0f383940966a4abd53f5048c0e6b9","name":"admin","image":{"@type":"ImageObject","inLanguage":"es","@id":"https:\/\/volcanes.net\/#\/schema\/person\/image\/","url":"https:\/\/secure.gravatar.com\/avatar\/ca004e6cba8462b8cb7abc86e382930c?s=96&d=mm&r=g","contentUrl":"https:\/\/secure.gravatar.com\/avatar\/ca004e6cba8462b8cb7abc86e382930c?s=96&d=mm&r=g","caption":"admin"}}]}},"_links":{"self":[{"href":"https:\/\/volcanes.net\/index.php?rest_route=\/wp\/v2\/posts\/12563"}],"collection":[{"href":"https:\/\/volcanes.net\/index.php?rest_route=\/wp\/v2\/posts"}],"about":[{"href":"https:\/\/volcanes.net\/index.php?rest_route=\/wp\/v2\/types\/post"}],"author":[{"embeddable":true,"href":"https:\/\/volcanes.net\/index.php?rest_route=\/wp\/v2\/users\/1"}],"replies":[{"embeddable":true,"href":"https:\/\/volcanes.net\/index.php?rest_route=%2Fwp%2Fv2%2Fcomments&post=12563"}],"version-history":[{"count":1,"href":"https:\/\/volcanes.net\/index.php?rest_route=\/wp\/v2\/posts\/12563\/revisions"}],"predecessor-version":[{"id":12565,"href":"https:\/\/volcanes.net\/index.php?rest_route=\/wp\/v2\/posts\/12563\/revisions\/12565"}],"wp:featuredmedia":[{"embeddable":true,"href":"https:\/\/volcanes.net\/index.php?rest_route=\/wp\/v2\/media\/12564"}],"wp:attachment":[{"href":"https:\/\/volcanes.net\/index.php?rest_route=%2Fwp%2Fv2%2Fmedia&parent=12563"}],"wp:term":[{"taxonomy":"category","embeddable":true,"href":"https:\/\/volcanes.net\/index.php?rest_route=%2Fwp%2Fv2%2Fcategories&post=12563"},{"taxonomy":"post_tag","embeddable":true,"href":"https:\/\/volcanes.net\/index.php?rest_route=%2Fwp%2Fv2%2Ftags&post=12563"}],"curies":[{"name":"wp","href":"https:\/\/api.w.org\/{rel}","templated":true}]}}