{"id":12566,"date":"2022-03-23T17:33:27","date_gmt":"2022-03-23T23:33:27","guid":{"rendered":"http:\/\/volcanes.net\/?p=12566"},"modified":"2022-03-23T17:33:27","modified_gmt":"2022-03-23T23:33:27","slug":"anuncian-3a-jornada-de-esterilizacion-canina-y-felina-en-amecameca-totalmente-gratuita","status":"publish","type":"post","link":"https:\/\/volcanes.net\/?p=12566","title":{"rendered":"Anuncian 3\u00aa Jornada de Esterilizaci\u00f3n Canina y Felina en Amecameca totalmente gratuita"},"content":{"rendered":"<div style=\"margin-top: 0px; margin-bottom: 0px;\" class=\"sharethis-inline-share-buttons\" ><\/div><p>Amecameca, Estado de M\u00e9xico.-\u00a0El Gobierno de Amecameca est\u00e1 comprometido con el bienestar animal y por eso se llevar\u00e1 a cabo una tercera jornada de esterilizaci\u00f3n canina y felina gratuita, con el prop\u00f3sito de evitar la proliferaci\u00f3n de estos animales en el municipio.<\/p>\n<p>La presidenta municipal, Ivette Topete Garc\u00eda, agradeci\u00f3 el apoyo del Instituto de Salud de Estado de M\u00e9xico y la Fundaci\u00f3n Antonio Haghenbeck y de la Lama IAP, para hacer posibles las dos primeras jornadas donde fueron esterilizadas 200 mascotas.<\/p>\n<p>La alcaldesa destac\u00f3 que las jornadas son el resultado de gestiones realizadas por su administraci\u00f3n en respuesta a la inquietud de la poblaci\u00f3n por evitar la proliferaci\u00f3n de animales callejeros.<\/p>\n<p>Aclar\u00f3 que los animales dom\u00e9sticos tienen derecho a una vida digna, por lo que llam\u00f3 a la poblaci\u00f3n a tratarlos y cuidarlos con responsabilidad para evitar que sufran tras ser abandonados en las calles.<\/p>\n<p>La presidenta municipal, quien gestion\u00f3 que las operaciones fueran gratuitas, constat\u00f3 la organizaci\u00f3n de esta jornada y al dialogar con los due\u00f1os de las mascotas les ofreci\u00f3 que buscar\u00e1 apoyo en las instancias de salud y organismos no gubernamentales para seguir ofreciendo este servicio.<\/p>\n<p>Destac\u00f3 la importancia de este tipo de campa\u00f1as, pues adem\u00e1s de los problemas sociales que genera el incremento de la poblaci\u00f3n canina y felina, los propios animales sufren a falta de alimento y cuidados cuando son m\u00e1s de los que las personas pueden cuidar.<\/p>\n<p>En ese sentido felicit\u00f3 a quienes asistieron a esterilizar a sus gatos y perros pues habla de su sentido de responsabilidad no solo con el bienestar de los animales, sino tambi\u00e9n con la sociedad amecamequenses y reiter\u00f3 su llamado a la poblaci\u00f3n interesada de estar al pendiente para futuras convocatorias.<\/p>\n<p>Personal del ISEM y la Fundaci\u00f3n con el apoyo de trabajadores del Ayuntamiento llevaron a cabo la esterilizaci\u00f3n de 100 animalitos en horario escalonado para respetar la sana distancia entre los asistentes.<\/p>\n<p>Finalmente pidi\u00f3 a los due\u00f1os de mascotas estar al pendiente a la convocatoria en redes sociales para el registro de la tercera jornada en el mes de abril y seguramente habr\u00e1 otras fechas ante la respuesta de la gente.<\/p>\n<p>Los caninos y felinos que se pueden esterilizar deben tener de 3 meses de edad en adelante. Tambi\u00e9n es importante que los animales est\u00e9n cl\u00ednicamente sanos para poder practicarles la operaci\u00f3n. Las mascotas deben estar ba\u00f1adas, con ocho horas de ayuno y presentarse con una cobija limpia donde pueden estar mientras pasa el efecto de la anestesia.<\/p>\n","protected":false},"excerpt":{"rendered":"<p>Amecameca, Estado de M\u00e9xico.-\u00a0El Gobierno de Amecameca est\u00e1 comprometido con el bienestar animal y por<\/p>\n","protected":false},"author":1,"featured_media":12567,"comment_status":"open","ping_status":"open","sticky":false,"template":"","format":"standard","meta":{"footnotes":""},"categories":[1],"tags":[7],"class_list":["post-12566","post","type-post","status-publish","format-standard","has-post-thumbnail","hentry","category-municipales","tag-amecameca"],"yoast_head":"<!-- This site is optimized with the Yoast SEO plugin v25.3 - https:\/\/yoast.com\/wordpress\/plugins\/seo\/ -->\n<title>Anuncian 3\u00aa Jornada de Esterilizaci\u00f3n Canina y Felina en Amecameca totalmente gratuita - Volcanes<\/title>\n<meta name=\"robots\" content=\"index, follow, max-snippet:-1, max-image-preview:large, max-video-preview:-1\" \/>\n<link rel=\"canonical\" href=\"https:\/\/volcanes.net\/?p=12566\" \/>\n<meta property=\"og:locale\" content=\"es_MX\" \/>\n<meta property=\"og:type\" content=\"article\" \/>\n<meta property=\"og:title\" content=\"Anuncian 3\u00aa Jornada de Esterilizaci\u00f3n Canina y Felina en Amecameca totalmente gratuita - Volcanes\" \/>\n<meta property=\"og:description\" content=\"Amecameca, Estado de M\u00e9xico.-\u00a0El Gobierno de Amecameca est\u00e1 comprometido con el bienestar animal y por\" \/>\n<meta property=\"og:url\" content=\"https:\/\/volcanes.net\/?p=12566\" \/>\n<meta property=\"og:site_name\" content=\"Volcanes\" \/>\n<meta property=\"article:publisher\" content=\"https:\/\/www.facebook.com\/volcanes.net\/\" \/>\n<meta property=\"article:published_time\" content=\"2022-03-23T23:33:27+00:00\" \/>\n<meta property=\"og:image\" content=\"https:\/\/volcanes.net\/wp-content\/uploads\/2022\/03\/IMG-20220323-WA0006.jpg\" \/>\n\t<meta property=\"og:image:width\" content=\"1280\" \/>\n\t<meta property=\"og:image:height\" content=\"958\" \/>\n\t<meta property=\"og:image:type\" content=\"image\/jpeg\" \/>\n<meta name=\"author\" content=\"admin\" \/>\n<meta name=\"twitter:card\" content=\"summary_large_image\" \/>\n<meta name=\"twitter:label1\" content=\"Escrito por\" \/>\n\t<meta name=\"twitter:data1\" content=\"admin\" \/>\n\t<meta name=\"twitter:label2\" content=\"Tiempo de lectura\" \/>\n\t<meta name=\"twitter:data2\" content=\"2 minutos\" \/>\n<script type=\"application\/ld+json\" class=\"yoast-schema-graph\">{\"@context\":\"https:\/\/schema.org\",\"@graph\":[{\"@type\":\"Article\",\"@id\":\"https:\/\/volcanes.net\/?p=12566#article\",\"isPartOf\":{\"@id\":\"https:\/\/volcanes.net\/?p=12566\"},\"author\":{\"name\":\"admin\",\"@id\":\"https:\/\/volcanes.net\/#\/schema\/person\/4bf0f383940966a4abd53f5048c0e6b9\"},\"headline\":\"Anuncian 3\u00aa Jornada de Esterilizaci\u00f3n Canina y Felina en Amecameca totalmente gratuita\",\"datePublished\":\"2022-03-23T23:33:27+00:00\",\"mainEntityOfPage\":{\"@id\":\"https:\/\/volcanes.net\/?p=12566\"},\"wordCount\":450,\"commentCount\":0,\"publisher\":{\"@id\":\"https:\/\/volcanes.net\/#organization\"},\"image\":{\"@id\":\"https:\/\/volcanes.net\/?p=12566#primaryimage\"},\"thumbnailUrl\":\"https:\/\/volcanes.net\/wp-content\/uploads\/2022\/03\/IMG-20220323-WA0006.jpg\",\"keywords\":[\"Amecameca\"],\"articleSection\":[\"Municipales\"],\"inLanguage\":\"es\",\"potentialAction\":[{\"@type\":\"CommentAction\",\"name\":\"Comment\",\"target\":[\"https:\/\/volcanes.net\/?p=12566#respond\"]}]},{\"@type\":\"WebPage\",\"@id\":\"https:\/\/volcanes.net\/?p=12566\",\"url\":\"https:\/\/volcanes.net\/?p=12566\",\"name\":\"Anuncian 3\u00aa Jornada de Esterilizaci\u00f3n Canina y Felina en Amecameca totalmente gratuita - Volcanes\",\"isPartOf\":{\"@id\":\"https:\/\/volcanes.net\/#website\"},\"primaryImageOfPage\":{\"@id\":\"https:\/\/volcanes.net\/?p=12566#primaryimage\"},\"image\":{\"@id\":\"https:\/\/volcanes.net\/?p=12566#primaryimage\"},\"thumbnailUrl\":\"https:\/\/volcanes.net\/wp-content\/uploads\/2022\/03\/IMG-20220323-WA0006.jpg\",\"datePublished\":\"2022-03-23T23:33:27+00:00\",\"breadcrumb\":{\"@id\":\"https:\/\/volcanes.net\/?p=12566#breadcrumb\"},\"inLanguage\":\"es\",\"potentialAction\":[{\"@type\":\"ReadAction\",\"target\":[\"https:\/\/volcanes.net\/?p=12566\"]}]},{\"@type\":\"ImageObject\",\"inLanguage\":\"es\",\"@id\":\"https:\/\/volcanes.net\/?p=12566#primaryimage\",\"url\":\"https:\/\/volcanes.net\/wp-content\/uploads\/2022\/03\/IMG-20220323-WA0006.jpg\",\"contentUrl\":\"https:\/\/volcanes.net\/wp-content\/uploads\/2022\/03\/IMG-20220323-WA0006.jpg\",\"width\":1280,\"height\":958},{\"@type\":\"BreadcrumbList\",\"@id\":\"https:\/\/volcanes.net\/?p=12566#breadcrumb\",\"itemListElement\":[{\"@type\":\"ListItem\",\"position\":1,\"name\":\"Portada\",\"item\":\"https:\/\/volcanes.net\/\"},{\"@type\":\"ListItem\",\"position\":2,\"name\":\"Anuncian 3\u00aa Jornada de Esterilizaci\u00f3n Canina y Felina en Amecameca totalmente gratuita\"}]},{\"@type\":\"WebSite\",\"@id\":\"https:\/\/volcanes.net\/#website\",\"url\":\"https:\/\/volcanes.net\/\",\"name\":\"Volcanes.Net\",\"description\":\"Periodismo Profesional\",\"publisher\":{\"@id\":\"https:\/\/volcanes.net\/#organization\"},\"potentialAction\":[{\"@type\":\"SearchAction\",\"target\":{\"@type\":\"EntryPoint\",\"urlTemplate\":\"https:\/\/volcanes.net\/?s={search_term_string}\"},\"query-input\":{\"@type\":\"PropertyValueSpecification\",\"valueRequired\":true,\"valueName\":\"search_term_string\"}}],\"inLanguage\":\"es\"},{\"@type\":\"Organization\",\"@id\":\"https:\/\/volcanes.net\/#organization\",\"name\":\"Grupo Volcanes\",\"url\":\"https:\/\/volcanes.net\/\",\"logo\":{\"@type\":\"ImageObject\",\"inLanguage\":\"es\",\"@id\":\"https:\/\/volcanes.net\/#\/schema\/logo\/image\/\",\"url\":\"http:\/\/volcanes.net\/wp-content\/uploads\/2017\/12\/Avatar2.jpg\",\"contentUrl\":\"http:\/\/volcanes.net\/wp-content\/uploads\/2017\/12\/Avatar2.jpg\",\"width\":378,\"height\":378,\"caption\":\"Grupo Volcanes\"},\"image\":{\"@id\":\"https:\/\/volcanes.net\/#\/schema\/logo\/image\/\"},\"sameAs\":[\"https:\/\/www.facebook.com\/volcanes.net\/\"]},{\"@type\":\"Person\",\"@id\":\"https:\/\/volcanes.net\/#\/schema\/person\/4bf0f383940966a4abd53f5048c0e6b9\",\"name\":\"admin\",\"image\":{\"@type\":\"ImageObject\",\"inLanguage\":\"es\",\"@id\":\"https:\/\/volcanes.net\/#\/schema\/person\/image\/\",\"url\":\"https:\/\/secure.gravatar.com\/avatar\/ca004e6cba8462b8cb7abc86e382930c?s=96&d=mm&r=g\",\"contentUrl\":\"https:\/\/secure.gravatar.com\/avatar\/ca004e6cba8462b8cb7abc86e382930c?s=96&d=mm&r=g\",\"caption\":\"admin\"}}]}<\/script>\n<!-- \/ Yoast SEO plugin. -->","yoast_head_json":{"title":"Anuncian 3\u00aa Jornada de Esterilizaci\u00f3n Canina y Felina en Amecameca totalmente gratuita - Volcanes","robots":{"index":"index","follow":"follow","max-snippet":"max-snippet:-1","max-image-preview":"max-image-preview:large","max-video-preview":"max-video-preview:-1"},"canonical":"https:\/\/volcanes.net\/?p=12566","og_locale":"es_MX","og_type":"article","og_title":"Anuncian 3\u00aa Jornada de Esterilizaci\u00f3n Canina y Felina en Amecameca totalmente gratuita - Volcanes","og_description":"Amecameca, Estado de M\u00e9xico.-\u00a0El Gobierno de Amecameca est\u00e1 comprometido con el bienestar animal y por","og_url":"https:\/\/volcanes.net\/?p=12566","og_site_name":"Volcanes","article_publisher":"https:\/\/www.facebook.com\/volcanes.net\/","article_published_time":"2022-03-23T23:33:27+00:00","og_image":[{"width":1280,"height":958,"url":"https:\/\/volcanes.net\/wp-content\/uploads\/2022\/03\/IMG-20220323-WA0006.jpg","type":"image\/jpeg"}],"author":"admin","twitter_card":"summary_large_image","twitter_misc":{"Escrito por":"admin","Tiempo de lectura":"2 minutos"},"schema":{"@context":"https:\/\/schema.org","@graph":[{"@type":"Article","@id":"https:\/\/volcanes.net\/?p=12566#article","isPartOf":{"@id":"https:\/\/volcanes.net\/?p=12566"},"author":{"name":"admin","@id":"https:\/\/volcanes.net\/#\/schema\/person\/4bf0f383940966a4abd53f5048c0e6b9"},"headline":"Anuncian 3\u00aa Jornada de Esterilizaci\u00f3n Canina y Felina en Amecameca totalmente gratuita","datePublished":"2022-03-23T23:33:27+00:00","mainEntityOfPage":{"@id":"https:\/\/volcanes.net\/?p=12566"},"wordCount":450,"commentCount":0,"publisher":{"@id":"https:\/\/volcanes.net\/#organization"},"image":{"@id":"https:\/\/volcanes.net\/?p=12566#primaryimage"},"thumbnailUrl":"https:\/\/volcanes.net\/wp-content\/uploads\/2022\/03\/IMG-20220323-WA0006.jpg","keywords":["Amecameca"],"articleSection":["Municipales"],"inLanguage":"es","potentialAction":[{"@type":"CommentAction","name":"Comment","target":["https:\/\/volcanes.net\/?p=12566#respond"]}]},{"@type":"WebPage","@id":"https:\/\/volcanes.net\/?p=12566","url":"https:\/\/volcanes.net\/?p=12566","name":"Anuncian 3\u00aa Jornada de Esterilizaci\u00f3n Canina y Felina en Amecameca totalmente gratuita - Volcanes","isPartOf":{"@id":"https:\/\/volcanes.net\/#website"},"primaryImageOfPage":{"@id":"https:\/\/volcanes.net\/?p=12566#primaryimage"},"image":{"@id":"https:\/\/volcanes.net\/?p=12566#primaryimage"},"thumbnailUrl":"https:\/\/volcanes.net\/wp-content\/uploads\/2022\/03\/IMG-20220323-WA0006.jpg","datePublished":"2022-03-23T23:33:27+00:00","breadcrumb":{"@id":"https:\/\/volcanes.net\/?p=12566#breadcrumb"},"inLanguage":"es","potentialAction":[{"@type":"ReadAction","target":["https:\/\/volcanes.net\/?p=12566"]}]},{"@type":"ImageObject","inLanguage":"es","@id":"https:\/\/volcanes.net\/?p=12566#primaryimage","url":"https:\/\/volcanes.net\/wp-content\/uploads\/2022\/03\/IMG-20220323-WA0006.jpg","contentUrl":"https:\/\/volcanes.net\/wp-content\/uploads\/2022\/03\/IMG-20220323-WA0006.jpg","width":1280,"height":958},{"@type":"BreadcrumbList","@id":"https:\/\/volcanes.net\/?p=12566#breadcrumb","itemListElement":[{"@type":"ListItem","position":1,"name":"Portada","item":"https:\/\/volcanes.net\/"},{"@type":"ListItem","position":2,"name":"Anuncian 3\u00aa Jornada de Esterilizaci\u00f3n Canina y Felina en Amecameca totalmente gratuita"}]},{"@type":"WebSite","@id":"https:\/\/volcanes.net\/#website","url":"https:\/\/volcanes.net\/","name":"Volcanes.Net","description":"Periodismo Profesional","publisher":{"@id":"https:\/\/volcanes.net\/#organization"},"potentialAction":[{"@type":"SearchAction","target":{"@type":"EntryPoint","urlTemplate":"https:\/\/volcanes.net\/?s={search_term_string}"},"query-input":{"@type":"PropertyValueSpecification","valueRequired":true,"valueName":"search_term_string"}}],"inLanguage":"es"},{"@type":"Organization","@id":"https:\/\/volcanes.net\/#organization","name":"Grupo Volcanes","url":"https:\/\/volcanes.net\/","logo":{"@type":"ImageObject","inLanguage":"es","@id":"https:\/\/volcanes.net\/#\/schema\/logo\/image\/","url":"http:\/\/volcanes.net\/wp-content\/uploads\/2017\/12\/Avatar2.jpg","contentUrl":"http:\/\/volcanes.net\/wp-content\/uploads\/2017\/12\/Avatar2.jpg","width":378,"height":378,"caption":"Grupo Volcanes"},"image":{"@id":"https:\/\/volcanes.net\/#\/schema\/logo\/image\/"},"sameAs":["https:\/\/www.facebook.com\/volcanes.net\/"]},{"@type":"Person","@id":"https:\/\/volcanes.net\/#\/schema\/person\/4bf0f383940966a4abd53f5048c0e6b9","name":"admin","image":{"@type":"ImageObject","inLanguage":"es","@id":"https:\/\/volcanes.net\/#\/schema\/person\/image\/","url":"https:\/\/secure.gravatar.com\/avatar\/ca004e6cba8462b8cb7abc86e382930c?s=96&d=mm&r=g","contentUrl":"https:\/\/secure.gravatar.com\/avatar\/ca004e6cba8462b8cb7abc86e382930c?s=96&d=mm&r=g","caption":"admin"}}]}},"_links":{"self":[{"href":"https:\/\/volcanes.net\/index.php?rest_route=\/wp\/v2\/posts\/12566"}],"collection":[{"href":"https:\/\/volcanes.net\/index.php?rest_route=\/wp\/v2\/posts"}],"about":[{"href":"https:\/\/volcanes.net\/index.php?rest_route=\/wp\/v2\/types\/post"}],"author":[{"embeddable":true,"href":"https:\/\/volcanes.net\/index.php?rest_route=\/wp\/v2\/users\/1"}],"replies":[{"embeddable":true,"href":"https:\/\/volcanes.net\/index.php?rest_route=%2Fwp%2Fv2%2Fcomments&post=12566"}],"version-history":[{"count":1,"href":"https:\/\/volcanes.net\/index.php?rest_route=\/wp\/v2\/posts\/12566\/revisions"}],"predecessor-version":[{"id":12568,"href":"https:\/\/volcanes.net\/index.php?rest_route=\/wp\/v2\/posts\/12566\/revisions\/12568"}],"wp:featuredmedia":[{"embeddable":true,"href":"https:\/\/volcanes.net\/index.php?rest_route=\/wp\/v2\/media\/12567"}],"wp:attachment":[{"href":"https:\/\/volcanes.net\/index.php?rest_route=%2Fwp%2Fv2%2Fmedia&parent=12566"}],"wp:term":[{"taxonomy":"category","embeddable":true,"href":"https:\/\/volcanes.net\/index.php?rest_route=%2Fwp%2Fv2%2Fcategories&post=12566"},{"taxonomy":"post_tag","embeddable":true,"href":"https:\/\/volcanes.net\/index.php?rest_route=%2Fwp%2Fv2%2Ftags&post=12566"}],"curies":[{"name":"wp","href":"https:\/\/api.w.org\/{rel}","templated":true}]}}