{"id":12626,"date":"2022-04-04T06:29:41","date_gmt":"2022-04-04T12:29:41","guid":{"rendered":"http:\/\/volcanes.net\/?p=12626"},"modified":"2022-04-04T06:29:41","modified_gmt":"2022-04-04T12:29:41","slug":"convocan-a-una-marcha-en-ixtapaluca-por-violencia-en-escuelas","status":"publish","type":"post","link":"https:\/\/volcanes.net\/?p=12626","title":{"rendered":"Convocan a una marcha en Ixtapaluca por violencia en escuelas"},"content":{"rendered":"<div style=\"margin-top: 0px; margin-bottom: 0px;\" class=\"sharethis-inline-share-buttons\" ><\/div><p>Ixtapaluca estado de M\u00e9xico.- Diversas mujeres y colectivas feministas han proclamado su negativa ante cualquier acto de violencia cometido contra toda mujer mexiquense, recalcando que los \u00fanicos responsables de las injusticias son el Estado y sus Instituciones.<\/p>\n<p>Tejiendo Redes Feministas han solicitado la activaci\u00f3n de los Protocolos para la Prevenci\u00f3n, Detecci\u00f3n y Actuaci\u00f3n en caso de Abuso Sexual, Acoso Escolar y Maltrato en Escuelas de Educaci\u00f3n B\u00e1sica, siempre actuando con una perspectiva de g\u00e9nero, esto luego de que se presentar\u00e1n diversas denuncias por estudiantes de la Escuela Secundaria 0594 Tel\u00e9sforo Rold\u00e1n Ya\u00f1ez, ubicada en el municipio de Ixtapaluca.<\/p>\n<p>Autoridades involucradas han minimizado la situaci\u00f3n y revictimizado a las v\u00edctimas, sumando su duda con respecto a sus diversos testimonios.<\/p>\n<p>Las colectivas Libertad Morada, C\u00e1mara Violeta, Red de Mujeres del Oriente Edom\u00e9x, Tejiendo la red de lo diverso; Mujeres Despiertas, Feminismo Zona Oriente Volcanes y Brujas de Chalco exigen respeto a la vida de la mujer, as\u00ed como tambi\u00e9n la intervenci\u00f3n inmediata de las Instituciones P\u00fablicas correspondientes.<\/p>\n","protected":false},"excerpt":{"rendered":"<p>Ixtapaluca estado de M\u00e9xico.- Diversas mujeres y colectivas feministas han proclamado su negativa ante cualquier<\/p>\n","protected":false},"author":1,"featured_media":12627,"comment_status":"open","ping_status":"open","sticky":false,"template":"","format":"standard","meta":{"footnotes":""},"categories":[1],"tags":[6],"class_list":["post-12626","post","type-post","status-publish","format-standard","has-post-thumbnail","hentry","category-municipales","tag-ixtapaluca"],"yoast_head":"<!-- This site is optimized with the Yoast SEO plugin v25.3 - https:\/\/yoast.com\/wordpress\/plugins\/seo\/ -->\n<title>Convocan a una marcha en Ixtapaluca por violencia en escuelas - Volcanes<\/title>\n<meta name=\"robots\" content=\"index, follow, max-snippet:-1, max-image-preview:large, max-video-preview:-1\" \/>\n<link rel=\"canonical\" href=\"https:\/\/volcanes.net\/?p=12626\" \/>\n<meta property=\"og:locale\" content=\"es_MX\" \/>\n<meta property=\"og:type\" content=\"article\" \/>\n<meta property=\"og:title\" content=\"Convocan a una marcha en Ixtapaluca por violencia en escuelas - Volcanes\" \/>\n<meta property=\"og:description\" content=\"Ixtapaluca estado de M\u00e9xico.- Diversas mujeres y colectivas feministas han proclamado su negativa ante cualquier\" \/>\n<meta property=\"og:url\" content=\"https:\/\/volcanes.net\/?p=12626\" \/>\n<meta property=\"og:site_name\" content=\"Volcanes\" \/>\n<meta property=\"article:publisher\" content=\"https:\/\/www.facebook.com\/volcanes.net\/\" \/>\n<meta property=\"article:published_time\" content=\"2022-04-04T12:29:41+00:00\" \/>\n<meta property=\"og:image\" content=\"https:\/\/volcanes.net\/wp-content\/uploads\/2022\/04\/IMG-20220403-WA0001.jpg\" \/>\n\t<meta property=\"og:image:width\" content=\"640\" \/>\n\t<meta property=\"og:image:height\" content=\"457\" \/>\n\t<meta property=\"og:image:type\" content=\"image\/jpeg\" \/>\n<meta name=\"author\" content=\"admin\" \/>\n<meta name=\"twitter:card\" content=\"summary_large_image\" \/>\n<meta name=\"twitter:label1\" content=\"Escrito por\" \/>\n\t<meta name=\"twitter:data1\" content=\"admin\" \/>\n\t<meta name=\"twitter:label2\" content=\"Tiempo de lectura\" \/>\n\t<meta name=\"twitter:data2\" content=\"1 minuto\" \/>\n<script type=\"application\/ld+json\" class=\"yoast-schema-graph\">{\"@context\":\"https:\/\/schema.org\",\"@graph\":[{\"@type\":\"Article\",\"@id\":\"https:\/\/volcanes.net\/?p=12626#article\",\"isPartOf\":{\"@id\":\"https:\/\/volcanes.net\/?p=12626\"},\"author\":{\"name\":\"admin\",\"@id\":\"https:\/\/volcanes.net\/#\/schema\/person\/4bf0f383940966a4abd53f5048c0e6b9\"},\"headline\":\"Convocan a una marcha en Ixtapaluca por violencia en escuelas\",\"datePublished\":\"2022-04-04T12:29:41+00:00\",\"mainEntityOfPage\":{\"@id\":\"https:\/\/volcanes.net\/?p=12626\"},\"wordCount\":194,\"commentCount\":0,\"publisher\":{\"@id\":\"https:\/\/volcanes.net\/#organization\"},\"image\":{\"@id\":\"https:\/\/volcanes.net\/?p=12626#primaryimage\"},\"thumbnailUrl\":\"https:\/\/volcanes.net\/wp-content\/uploads\/2022\/04\/IMG-20220403-WA0001.jpg\",\"keywords\":[\"Ixtapaluca\"],\"articleSection\":[\"Municipales\"],\"inLanguage\":\"es\",\"potentialAction\":[{\"@type\":\"CommentAction\",\"name\":\"Comment\",\"target\":[\"https:\/\/volcanes.net\/?p=12626#respond\"]}]},{\"@type\":\"WebPage\",\"@id\":\"https:\/\/volcanes.net\/?p=12626\",\"url\":\"https:\/\/volcanes.net\/?p=12626\",\"name\":\"Convocan a una marcha en Ixtapaluca por violencia en escuelas - Volcanes\",\"isPartOf\":{\"@id\":\"https:\/\/volcanes.net\/#website\"},\"primaryImageOfPage\":{\"@id\":\"https:\/\/volcanes.net\/?p=12626#primaryimage\"},\"image\":{\"@id\":\"https:\/\/volcanes.net\/?p=12626#primaryimage\"},\"thumbnailUrl\":\"https:\/\/volcanes.net\/wp-content\/uploads\/2022\/04\/IMG-20220403-WA0001.jpg\",\"datePublished\":\"2022-04-04T12:29:41+00:00\",\"breadcrumb\":{\"@id\":\"https:\/\/volcanes.net\/?p=12626#breadcrumb\"},\"inLanguage\":\"es\",\"potentialAction\":[{\"@type\":\"ReadAction\",\"target\":[\"https:\/\/volcanes.net\/?p=12626\"]}]},{\"@type\":\"ImageObject\",\"inLanguage\":\"es\",\"@id\":\"https:\/\/volcanes.net\/?p=12626#primaryimage\",\"url\":\"https:\/\/volcanes.net\/wp-content\/uploads\/2022\/04\/IMG-20220403-WA0001.jpg\",\"contentUrl\":\"https:\/\/volcanes.net\/wp-content\/uploads\/2022\/04\/IMG-20220403-WA0001.jpg\",\"width\":640,\"height\":457},{\"@type\":\"BreadcrumbList\",\"@id\":\"https:\/\/volcanes.net\/?p=12626#breadcrumb\",\"itemListElement\":[{\"@type\":\"ListItem\",\"position\":1,\"name\":\"Portada\",\"item\":\"https:\/\/volcanes.net\/\"},{\"@type\":\"ListItem\",\"position\":2,\"name\":\"Convocan a una marcha en Ixtapaluca por violencia en escuelas\"}]},{\"@type\":\"WebSite\",\"@id\":\"https:\/\/volcanes.net\/#website\",\"url\":\"https:\/\/volcanes.net\/\",\"name\":\"Volcanes.Net\",\"description\":\"Periodismo Profesional\",\"publisher\":{\"@id\":\"https:\/\/volcanes.net\/#organization\"},\"potentialAction\":[{\"@type\":\"SearchAction\",\"target\":{\"@type\":\"EntryPoint\",\"urlTemplate\":\"https:\/\/volcanes.net\/?s={search_term_string}\"},\"query-input\":{\"@type\":\"PropertyValueSpecification\",\"valueRequired\":true,\"valueName\":\"search_term_string\"}}],\"inLanguage\":\"es\"},{\"@type\":\"Organization\",\"@id\":\"https:\/\/volcanes.net\/#organization\",\"name\":\"Grupo Volcanes\",\"url\":\"https:\/\/volcanes.net\/\",\"logo\":{\"@type\":\"ImageObject\",\"inLanguage\":\"es\",\"@id\":\"https:\/\/volcanes.net\/#\/schema\/logo\/image\/\",\"url\":\"http:\/\/volcanes.net\/wp-content\/uploads\/2017\/12\/Avatar2.jpg\",\"contentUrl\":\"http:\/\/volcanes.net\/wp-content\/uploads\/2017\/12\/Avatar2.jpg\",\"width\":378,\"height\":378,\"caption\":\"Grupo Volcanes\"},\"image\":{\"@id\":\"https:\/\/volcanes.net\/#\/schema\/logo\/image\/\"},\"sameAs\":[\"https:\/\/www.facebook.com\/volcanes.net\/\"]},{\"@type\":\"Person\",\"@id\":\"https:\/\/volcanes.net\/#\/schema\/person\/4bf0f383940966a4abd53f5048c0e6b9\",\"name\":\"admin\",\"image\":{\"@type\":\"ImageObject\",\"inLanguage\":\"es\",\"@id\":\"https:\/\/volcanes.net\/#\/schema\/person\/image\/\",\"url\":\"https:\/\/secure.gravatar.com\/avatar\/ca004e6cba8462b8cb7abc86e382930c?s=96&d=mm&r=g\",\"contentUrl\":\"https:\/\/secure.gravatar.com\/avatar\/ca004e6cba8462b8cb7abc86e382930c?s=96&d=mm&r=g\",\"caption\":\"admin\"}}]}<\/script>\n<!-- \/ Yoast SEO plugin. -->","yoast_head_json":{"title":"Convocan a una marcha en Ixtapaluca por violencia en escuelas - Volcanes","robots":{"index":"index","follow":"follow","max-snippet":"max-snippet:-1","max-image-preview":"max-image-preview:large","max-video-preview":"max-video-preview:-1"},"canonical":"https:\/\/volcanes.net\/?p=12626","og_locale":"es_MX","og_type":"article","og_title":"Convocan a una marcha en Ixtapaluca por violencia en escuelas - Volcanes","og_description":"Ixtapaluca estado de M\u00e9xico.- Diversas mujeres y colectivas feministas han proclamado su negativa ante cualquier","og_url":"https:\/\/volcanes.net\/?p=12626","og_site_name":"Volcanes","article_publisher":"https:\/\/www.facebook.com\/volcanes.net\/","article_published_time":"2022-04-04T12:29:41+00:00","og_image":[{"width":640,"height":457,"url":"https:\/\/volcanes.net\/wp-content\/uploads\/2022\/04\/IMG-20220403-WA0001.jpg","type":"image\/jpeg"}],"author":"admin","twitter_card":"summary_large_image","twitter_misc":{"Escrito por":"admin","Tiempo de lectura":"1 minuto"},"schema":{"@context":"https:\/\/schema.org","@graph":[{"@type":"Article","@id":"https:\/\/volcanes.net\/?p=12626#article","isPartOf":{"@id":"https:\/\/volcanes.net\/?p=12626"},"author":{"name":"admin","@id":"https:\/\/volcanes.net\/#\/schema\/person\/4bf0f383940966a4abd53f5048c0e6b9"},"headline":"Convocan a una marcha en Ixtapaluca por violencia en escuelas","datePublished":"2022-04-04T12:29:41+00:00","mainEntityOfPage":{"@id":"https:\/\/volcanes.net\/?p=12626"},"wordCount":194,"commentCount":0,"publisher":{"@id":"https:\/\/volcanes.net\/#organization"},"image":{"@id":"https:\/\/volcanes.net\/?p=12626#primaryimage"},"thumbnailUrl":"https:\/\/volcanes.net\/wp-content\/uploads\/2022\/04\/IMG-20220403-WA0001.jpg","keywords":["Ixtapaluca"],"articleSection":["Municipales"],"inLanguage":"es","potentialAction":[{"@type":"CommentAction","name":"Comment","target":["https:\/\/volcanes.net\/?p=12626#respond"]}]},{"@type":"WebPage","@id":"https:\/\/volcanes.net\/?p=12626","url":"https:\/\/volcanes.net\/?p=12626","name":"Convocan a una marcha en Ixtapaluca por violencia en escuelas - Volcanes","isPartOf":{"@id":"https:\/\/volcanes.net\/#website"},"primaryImageOfPage":{"@id":"https:\/\/volcanes.net\/?p=12626#primaryimage"},"image":{"@id":"https:\/\/volcanes.net\/?p=12626#primaryimage"},"thumbnailUrl":"https:\/\/volcanes.net\/wp-content\/uploads\/2022\/04\/IMG-20220403-WA0001.jpg","datePublished":"2022-04-04T12:29:41+00:00","breadcrumb":{"@id":"https:\/\/volcanes.net\/?p=12626#breadcrumb"},"inLanguage":"es","potentialAction":[{"@type":"ReadAction","target":["https:\/\/volcanes.net\/?p=12626"]}]},{"@type":"ImageObject","inLanguage":"es","@id":"https:\/\/volcanes.net\/?p=12626#primaryimage","url":"https:\/\/volcanes.net\/wp-content\/uploads\/2022\/04\/IMG-20220403-WA0001.jpg","contentUrl":"https:\/\/volcanes.net\/wp-content\/uploads\/2022\/04\/IMG-20220403-WA0001.jpg","width":640,"height":457},{"@type":"BreadcrumbList","@id":"https:\/\/volcanes.net\/?p=12626#breadcrumb","itemListElement":[{"@type":"ListItem","position":1,"name":"Portada","item":"https:\/\/volcanes.net\/"},{"@type":"ListItem","position":2,"name":"Convocan a una marcha en Ixtapaluca por violencia en escuelas"}]},{"@type":"WebSite","@id":"https:\/\/volcanes.net\/#website","url":"https:\/\/volcanes.net\/","name":"Volcanes.Net","description":"Periodismo Profesional","publisher":{"@id":"https:\/\/volcanes.net\/#organization"},"potentialAction":[{"@type":"SearchAction","target":{"@type":"EntryPoint","urlTemplate":"https:\/\/volcanes.net\/?s={search_term_string}"},"query-input":{"@type":"PropertyValueSpecification","valueRequired":true,"valueName":"search_term_string"}}],"inLanguage":"es"},{"@type":"Organization","@id":"https:\/\/volcanes.net\/#organization","name":"Grupo Volcanes","url":"https:\/\/volcanes.net\/","logo":{"@type":"ImageObject","inLanguage":"es","@id":"https:\/\/volcanes.net\/#\/schema\/logo\/image\/","url":"http:\/\/volcanes.net\/wp-content\/uploads\/2017\/12\/Avatar2.jpg","contentUrl":"http:\/\/volcanes.net\/wp-content\/uploads\/2017\/12\/Avatar2.jpg","width":378,"height":378,"caption":"Grupo Volcanes"},"image":{"@id":"https:\/\/volcanes.net\/#\/schema\/logo\/image\/"},"sameAs":["https:\/\/www.facebook.com\/volcanes.net\/"]},{"@type":"Person","@id":"https:\/\/volcanes.net\/#\/schema\/person\/4bf0f383940966a4abd53f5048c0e6b9","name":"admin","image":{"@type":"ImageObject","inLanguage":"es","@id":"https:\/\/volcanes.net\/#\/schema\/person\/image\/","url":"https:\/\/secure.gravatar.com\/avatar\/ca004e6cba8462b8cb7abc86e382930c?s=96&d=mm&r=g","contentUrl":"https:\/\/secure.gravatar.com\/avatar\/ca004e6cba8462b8cb7abc86e382930c?s=96&d=mm&r=g","caption":"admin"}}]}},"_links":{"self":[{"href":"https:\/\/volcanes.net\/index.php?rest_route=\/wp\/v2\/posts\/12626"}],"collection":[{"href":"https:\/\/volcanes.net\/index.php?rest_route=\/wp\/v2\/posts"}],"about":[{"href":"https:\/\/volcanes.net\/index.php?rest_route=\/wp\/v2\/types\/post"}],"author":[{"embeddable":true,"href":"https:\/\/volcanes.net\/index.php?rest_route=\/wp\/v2\/users\/1"}],"replies":[{"embeddable":true,"href":"https:\/\/volcanes.net\/index.php?rest_route=%2Fwp%2Fv2%2Fcomments&post=12626"}],"version-history":[{"count":1,"href":"https:\/\/volcanes.net\/index.php?rest_route=\/wp\/v2\/posts\/12626\/revisions"}],"predecessor-version":[{"id":12628,"href":"https:\/\/volcanes.net\/index.php?rest_route=\/wp\/v2\/posts\/12626\/revisions\/12628"}],"wp:featuredmedia":[{"embeddable":true,"href":"https:\/\/volcanes.net\/index.php?rest_route=\/wp\/v2\/media\/12627"}],"wp:attachment":[{"href":"https:\/\/volcanes.net\/index.php?rest_route=%2Fwp%2Fv2%2Fmedia&parent=12626"}],"wp:term":[{"taxonomy":"category","embeddable":true,"href":"https:\/\/volcanes.net\/index.php?rest_route=%2Fwp%2Fv2%2Fcategories&post=12626"},{"taxonomy":"post_tag","embeddable":true,"href":"https:\/\/volcanes.net\/index.php?rest_route=%2Fwp%2Fv2%2Ftags&post=12626"}],"curies":[{"name":"wp","href":"https:\/\/api.w.org\/{rel}","templated":true}]}}