{"id":12630,"date":"2022-04-04T16:22:09","date_gmt":"2022-04-04T22:22:09","guid":{"rendered":"http:\/\/volcanes.net\/?p=12630"},"modified":"2022-04-04T16:22:09","modified_gmt":"2022-04-04T22:22:09","slug":"inicia-programa-de-noche-medico-hasta-tu-casa-en-amecameca","status":"publish","type":"post","link":"https:\/\/volcanes.net\/?p=12630","title":{"rendered":"Inicia programa &#8220;De Noche M\u00e9dico Hasta Tu Casa&#8221; en Amecameca"},"content":{"rendered":"<div style=\"margin-top: 0px; margin-bottom: 0px;\" class=\"sharethis-inline-share-buttons\" ><\/div><ul>\n<li>Amecameca tendr\u00e1 servicio m\u00e9dico nocturno a domicilio gratuito<\/li>\n<\/ul>\n<p>&nbsp;<\/p>\n<p>Amecameca, Estado de M\u00e9xico.-\u00a0Ante la necesidad de la poblaci\u00f3n de contar con asistencia m\u00e9dica nocturna, el gobierno de Amecameca puso en marcha el programa \u201cDe Noche M\u00e9dico Hasta Tu Casa\u201d, mediante el cual la comunidad contar\u00e1 con orientaci\u00f3n, diagn\u00f3stico y medicamento gratuito a domicilio, as\u00ed como traslado de ser necesario.<\/p>\n<p>La presidenta municipal, Ivette Topete Garc\u00eda, anunci\u00f3 el inicio de este programa tan solicitado por la poblaci\u00f3n y con el cual se comprometi\u00f3 para hacerlo realidad, como una de las prioridades en esta administraci\u00f3n.<\/p>\n<p>Explic\u00f3 que en este municipio se cuenta con cuatro Centros de Salud, una Cl\u00ednica Regional del Instituto Mexicano del Seguro Social, una Cl\u00ednica del Instituto de Seguridad y Servicios Sociales de los Trabajadores del Estado, y una cl\u00ednica del Instituto de Seguridad Social del Estado de M\u00e9xico y Municipios.<\/p>\n<p>Adem\u00e1s, gracias al esfuerzo de esta nueva administraci\u00f3n se reapertura la Unidad M\u00e9dica de Salud de la Mujer, sin embargo, en el municipio no cont\u00e1bamos con un servicio de salud del primer nivel durante la noche para la poblaci\u00f3n que no es derechohabiente en ninguna instituci\u00f3n, destac\u00f3 la titular del ejecutivo local.<\/p>\n<p>De acuerdo con el INEGI, en el 2020 los habitantes de Amecameca eran 53 mil 441 habitantes (47.6% hombres y 52.4% mujeres). En comparaci\u00f3n a 2010, la poblaci\u00f3n creci\u00f3 un 10.4%. Se estima que m\u00e1s del 40 por ciento no es derechohabiente.<\/p>\n<p>Con este antecedente, la alcaldesa se comprometi\u00f3 a impulsar este servicio y ahora los amecamequenses de la cabecera municipal, barrios, colonias, rancher\u00edas o delegaciones no tendr\u00e1n que preocuparse por localizar a un m\u00e9dico en las noches o pensar como trasladarse a un hospital.<\/p>\n<p>Para poder solicitar ayuda en una situaci\u00f3n de salud, el Ayuntamiento habilit\u00f3 el n\u00famero telef\u00f3nico 55 3407 7727, donde el operador que atienda la llamada solicitar\u00e1 algunos datos de identificaci\u00f3n, datos de seguridad y explicar\u00e1 el protocolo de atenci\u00f3n.<\/p>\n<p>De acuerdo con las atenciones programadas, el m\u00e9dico acudir\u00e1 al domicilio, realizar\u00e1 la valoraci\u00f3n y brindar\u00e1 orientaci\u00f3n medica en relaci\u00f3n con todas las patolog\u00edas del primer nivel de atenci\u00f3n. De ser necesario el galeno ordenar\u00e1 el traslado al hospital m\u00e1s cercano que atienda el padecimiento diagnosticado.<\/p>\n<p>Al t\u00e9rmino de la atenci\u00f3n el paciente o familia recibir\u00e1n un correo electr\u00f3nico, para contestar una breve encuesta de satisfacci\u00f3n y poder evaluar el servicio otorgado. El horario de atenci\u00f3n es de 21:00 pm a 05:00 am, los 365 d\u00edas del a\u00f1o.<\/p>\n","protected":false},"excerpt":{"rendered":"<p>Amecameca tendr\u00e1 servicio m\u00e9dico nocturno a domicilio gratuito &nbsp; Amecameca, Estado de M\u00e9xico.-\u00a0Ante la necesidad<\/p>\n","protected":false},"author":1,"featured_media":12631,"comment_status":"open","ping_status":"open","sticky":false,"template":"","format":"standard","meta":{"footnotes":""},"categories":[1],"tags":[7],"class_list":["post-12630","post","type-post","status-publish","format-standard","has-post-thumbnail","hentry","category-municipales","tag-amecameca"],"yoast_head":"<!-- This site is optimized with the Yoast SEO plugin v25.3 - https:\/\/yoast.com\/wordpress\/plugins\/seo\/ -->\n<title>Inicia programa &quot;De Noche M\u00e9dico Hasta Tu Casa&quot; en Amecameca - Volcanes<\/title>\n<meta name=\"robots\" content=\"index, follow, max-snippet:-1, max-image-preview:large, max-video-preview:-1\" \/>\n<link rel=\"canonical\" href=\"https:\/\/volcanes.net\/?p=12630\" \/>\n<meta property=\"og:locale\" content=\"es_MX\" \/>\n<meta property=\"og:type\" content=\"article\" \/>\n<meta property=\"og:title\" content=\"Inicia programa &quot;De Noche M\u00e9dico Hasta Tu Casa&quot; en Amecameca - Volcanes\" \/>\n<meta property=\"og:description\" content=\"Amecameca tendr\u00e1 servicio m\u00e9dico nocturno a domicilio gratuito &nbsp; Amecameca, Estado de M\u00e9xico.-\u00a0Ante la necesidad\" \/>\n<meta property=\"og:url\" content=\"https:\/\/volcanes.net\/?p=12630\" \/>\n<meta property=\"og:site_name\" content=\"Volcanes\" \/>\n<meta property=\"article:publisher\" content=\"https:\/\/www.facebook.com\/volcanes.net\/\" \/>\n<meta property=\"article:published_time\" content=\"2022-04-04T22:22:09+00:00\" \/>\n<meta property=\"og:image\" content=\"https:\/\/volcanes.net\/wp-content\/uploads\/2022\/04\/IMG-20220404-WA0000.jpg\" \/>\n\t<meta property=\"og:image:width\" content=\"1600\" \/>\n\t<meta property=\"og:image:height\" content=\"902\" \/>\n\t<meta property=\"og:image:type\" content=\"image\/jpeg\" \/>\n<meta name=\"author\" content=\"admin\" \/>\n<meta name=\"twitter:card\" content=\"summary_large_image\" \/>\n<meta name=\"twitter:label1\" content=\"Escrito por\" \/>\n\t<meta name=\"twitter:data1\" content=\"admin\" \/>\n\t<meta name=\"twitter:label2\" content=\"Tiempo de lectura\" \/>\n\t<meta name=\"twitter:data2\" content=\"2 minutos\" \/>\n<script type=\"application\/ld+json\" class=\"yoast-schema-graph\">{\"@context\":\"https:\/\/schema.org\",\"@graph\":[{\"@type\":\"Article\",\"@id\":\"https:\/\/volcanes.net\/?p=12630#article\",\"isPartOf\":{\"@id\":\"https:\/\/volcanes.net\/?p=12630\"},\"author\":{\"name\":\"admin\",\"@id\":\"https:\/\/volcanes.net\/#\/schema\/person\/4bf0f383940966a4abd53f5048c0e6b9\"},\"headline\":\"Inicia programa &#8220;De Noche M\u00e9dico Hasta Tu Casa&#8221; en Amecameca\",\"datePublished\":\"2022-04-04T22:22:09+00:00\",\"mainEntityOfPage\":{\"@id\":\"https:\/\/volcanes.net\/?p=12630\"},\"wordCount\":451,\"commentCount\":0,\"publisher\":{\"@id\":\"https:\/\/volcanes.net\/#organization\"},\"image\":{\"@id\":\"https:\/\/volcanes.net\/?p=12630#primaryimage\"},\"thumbnailUrl\":\"https:\/\/volcanes.net\/wp-content\/uploads\/2022\/04\/IMG-20220404-WA0000.jpg\",\"keywords\":[\"Amecameca\"],\"articleSection\":[\"Municipales\"],\"inLanguage\":\"es\",\"potentialAction\":[{\"@type\":\"CommentAction\",\"name\":\"Comment\",\"target\":[\"https:\/\/volcanes.net\/?p=12630#respond\"]}]},{\"@type\":\"WebPage\",\"@id\":\"https:\/\/volcanes.net\/?p=12630\",\"url\":\"https:\/\/volcanes.net\/?p=12630\",\"name\":\"Inicia programa \\\"De Noche M\u00e9dico Hasta Tu Casa\\\" en Amecameca - Volcanes\",\"isPartOf\":{\"@id\":\"https:\/\/volcanes.net\/#website\"},\"primaryImageOfPage\":{\"@id\":\"https:\/\/volcanes.net\/?p=12630#primaryimage\"},\"image\":{\"@id\":\"https:\/\/volcanes.net\/?p=12630#primaryimage\"},\"thumbnailUrl\":\"https:\/\/volcanes.net\/wp-content\/uploads\/2022\/04\/IMG-20220404-WA0000.jpg\",\"datePublished\":\"2022-04-04T22:22:09+00:00\",\"breadcrumb\":{\"@id\":\"https:\/\/volcanes.net\/?p=12630#breadcrumb\"},\"inLanguage\":\"es\",\"potentialAction\":[{\"@type\":\"ReadAction\",\"target\":[\"https:\/\/volcanes.net\/?p=12630\"]}]},{\"@type\":\"ImageObject\",\"inLanguage\":\"es\",\"@id\":\"https:\/\/volcanes.net\/?p=12630#primaryimage\",\"url\":\"https:\/\/volcanes.net\/wp-content\/uploads\/2022\/04\/IMG-20220404-WA0000.jpg\",\"contentUrl\":\"https:\/\/volcanes.net\/wp-content\/uploads\/2022\/04\/IMG-20220404-WA0000.jpg\",\"width\":1600,\"height\":902},{\"@type\":\"BreadcrumbList\",\"@id\":\"https:\/\/volcanes.net\/?p=12630#breadcrumb\",\"itemListElement\":[{\"@type\":\"ListItem\",\"position\":1,\"name\":\"Portada\",\"item\":\"https:\/\/volcanes.net\/\"},{\"@type\":\"ListItem\",\"position\":2,\"name\":\"Inicia programa &#8220;De Noche M\u00e9dico Hasta Tu Casa&#8221; en Amecameca\"}]},{\"@type\":\"WebSite\",\"@id\":\"https:\/\/volcanes.net\/#website\",\"url\":\"https:\/\/volcanes.net\/\",\"name\":\"Volcanes.Net\",\"description\":\"Periodismo Profesional\",\"publisher\":{\"@id\":\"https:\/\/volcanes.net\/#organization\"},\"potentialAction\":[{\"@type\":\"SearchAction\",\"target\":{\"@type\":\"EntryPoint\",\"urlTemplate\":\"https:\/\/volcanes.net\/?s={search_term_string}\"},\"query-input\":{\"@type\":\"PropertyValueSpecification\",\"valueRequired\":true,\"valueName\":\"search_term_string\"}}],\"inLanguage\":\"es\"},{\"@type\":\"Organization\",\"@id\":\"https:\/\/volcanes.net\/#organization\",\"name\":\"Grupo Volcanes\",\"url\":\"https:\/\/volcanes.net\/\",\"logo\":{\"@type\":\"ImageObject\",\"inLanguage\":\"es\",\"@id\":\"https:\/\/volcanes.net\/#\/schema\/logo\/image\/\",\"url\":\"http:\/\/volcanes.net\/wp-content\/uploads\/2017\/12\/Avatar2.jpg\",\"contentUrl\":\"http:\/\/volcanes.net\/wp-content\/uploads\/2017\/12\/Avatar2.jpg\",\"width\":378,\"height\":378,\"caption\":\"Grupo Volcanes\"},\"image\":{\"@id\":\"https:\/\/volcanes.net\/#\/schema\/logo\/image\/\"},\"sameAs\":[\"https:\/\/www.facebook.com\/volcanes.net\/\"]},{\"@type\":\"Person\",\"@id\":\"https:\/\/volcanes.net\/#\/schema\/person\/4bf0f383940966a4abd53f5048c0e6b9\",\"name\":\"admin\",\"image\":{\"@type\":\"ImageObject\",\"inLanguage\":\"es\",\"@id\":\"https:\/\/volcanes.net\/#\/schema\/person\/image\/\",\"url\":\"https:\/\/secure.gravatar.com\/avatar\/ca004e6cba8462b8cb7abc86e382930c?s=96&d=mm&r=g\",\"contentUrl\":\"https:\/\/secure.gravatar.com\/avatar\/ca004e6cba8462b8cb7abc86e382930c?s=96&d=mm&r=g\",\"caption\":\"admin\"}}]}<\/script>\n<!-- \/ Yoast SEO plugin. -->","yoast_head_json":{"title":"Inicia programa \"De Noche M\u00e9dico Hasta Tu Casa\" en Amecameca - Volcanes","robots":{"index":"index","follow":"follow","max-snippet":"max-snippet:-1","max-image-preview":"max-image-preview:large","max-video-preview":"max-video-preview:-1"},"canonical":"https:\/\/volcanes.net\/?p=12630","og_locale":"es_MX","og_type":"article","og_title":"Inicia programa \"De Noche M\u00e9dico Hasta Tu Casa\" en Amecameca - Volcanes","og_description":"Amecameca tendr\u00e1 servicio m\u00e9dico nocturno a domicilio gratuito &nbsp; Amecameca, Estado de M\u00e9xico.-\u00a0Ante la necesidad","og_url":"https:\/\/volcanes.net\/?p=12630","og_site_name":"Volcanes","article_publisher":"https:\/\/www.facebook.com\/volcanes.net\/","article_published_time":"2022-04-04T22:22:09+00:00","og_image":[{"width":1600,"height":902,"url":"https:\/\/volcanes.net\/wp-content\/uploads\/2022\/04\/IMG-20220404-WA0000.jpg","type":"image\/jpeg"}],"author":"admin","twitter_card":"summary_large_image","twitter_misc":{"Escrito por":"admin","Tiempo de lectura":"2 minutos"},"schema":{"@context":"https:\/\/schema.org","@graph":[{"@type":"Article","@id":"https:\/\/volcanes.net\/?p=12630#article","isPartOf":{"@id":"https:\/\/volcanes.net\/?p=12630"},"author":{"name":"admin","@id":"https:\/\/volcanes.net\/#\/schema\/person\/4bf0f383940966a4abd53f5048c0e6b9"},"headline":"Inicia programa &#8220;De Noche M\u00e9dico Hasta Tu Casa&#8221; en Amecameca","datePublished":"2022-04-04T22:22:09+00:00","mainEntityOfPage":{"@id":"https:\/\/volcanes.net\/?p=12630"},"wordCount":451,"commentCount":0,"publisher":{"@id":"https:\/\/volcanes.net\/#organization"},"image":{"@id":"https:\/\/volcanes.net\/?p=12630#primaryimage"},"thumbnailUrl":"https:\/\/volcanes.net\/wp-content\/uploads\/2022\/04\/IMG-20220404-WA0000.jpg","keywords":["Amecameca"],"articleSection":["Municipales"],"inLanguage":"es","potentialAction":[{"@type":"CommentAction","name":"Comment","target":["https:\/\/volcanes.net\/?p=12630#respond"]}]},{"@type":"WebPage","@id":"https:\/\/volcanes.net\/?p=12630","url":"https:\/\/volcanes.net\/?p=12630","name":"Inicia programa \"De Noche M\u00e9dico Hasta Tu Casa\" en Amecameca - Volcanes","isPartOf":{"@id":"https:\/\/volcanes.net\/#website"},"primaryImageOfPage":{"@id":"https:\/\/volcanes.net\/?p=12630#primaryimage"},"image":{"@id":"https:\/\/volcanes.net\/?p=12630#primaryimage"},"thumbnailUrl":"https:\/\/volcanes.net\/wp-content\/uploads\/2022\/04\/IMG-20220404-WA0000.jpg","datePublished":"2022-04-04T22:22:09+00:00","breadcrumb":{"@id":"https:\/\/volcanes.net\/?p=12630#breadcrumb"},"inLanguage":"es","potentialAction":[{"@type":"ReadAction","target":["https:\/\/volcanes.net\/?p=12630"]}]},{"@type":"ImageObject","inLanguage":"es","@id":"https:\/\/volcanes.net\/?p=12630#primaryimage","url":"https:\/\/volcanes.net\/wp-content\/uploads\/2022\/04\/IMG-20220404-WA0000.jpg","contentUrl":"https:\/\/volcanes.net\/wp-content\/uploads\/2022\/04\/IMG-20220404-WA0000.jpg","width":1600,"height":902},{"@type":"BreadcrumbList","@id":"https:\/\/volcanes.net\/?p=12630#breadcrumb","itemListElement":[{"@type":"ListItem","position":1,"name":"Portada","item":"https:\/\/volcanes.net\/"},{"@type":"ListItem","position":2,"name":"Inicia programa &#8220;De Noche M\u00e9dico Hasta Tu Casa&#8221; en Amecameca"}]},{"@type":"WebSite","@id":"https:\/\/volcanes.net\/#website","url":"https:\/\/volcanes.net\/","name":"Volcanes.Net","description":"Periodismo Profesional","publisher":{"@id":"https:\/\/volcanes.net\/#organization"},"potentialAction":[{"@type":"SearchAction","target":{"@type":"EntryPoint","urlTemplate":"https:\/\/volcanes.net\/?s={search_term_string}"},"query-input":{"@type":"PropertyValueSpecification","valueRequired":true,"valueName":"search_term_string"}}],"inLanguage":"es"},{"@type":"Organization","@id":"https:\/\/volcanes.net\/#organization","name":"Grupo Volcanes","url":"https:\/\/volcanes.net\/","logo":{"@type":"ImageObject","inLanguage":"es","@id":"https:\/\/volcanes.net\/#\/schema\/logo\/image\/","url":"http:\/\/volcanes.net\/wp-content\/uploads\/2017\/12\/Avatar2.jpg","contentUrl":"http:\/\/volcanes.net\/wp-content\/uploads\/2017\/12\/Avatar2.jpg","width":378,"height":378,"caption":"Grupo Volcanes"},"image":{"@id":"https:\/\/volcanes.net\/#\/schema\/logo\/image\/"},"sameAs":["https:\/\/www.facebook.com\/volcanes.net\/"]},{"@type":"Person","@id":"https:\/\/volcanes.net\/#\/schema\/person\/4bf0f383940966a4abd53f5048c0e6b9","name":"admin","image":{"@type":"ImageObject","inLanguage":"es","@id":"https:\/\/volcanes.net\/#\/schema\/person\/image\/","url":"https:\/\/secure.gravatar.com\/avatar\/ca004e6cba8462b8cb7abc86e382930c?s=96&d=mm&r=g","contentUrl":"https:\/\/secure.gravatar.com\/avatar\/ca004e6cba8462b8cb7abc86e382930c?s=96&d=mm&r=g","caption":"admin"}}]}},"_links":{"self":[{"href":"https:\/\/volcanes.net\/index.php?rest_route=\/wp\/v2\/posts\/12630"}],"collection":[{"href":"https:\/\/volcanes.net\/index.php?rest_route=\/wp\/v2\/posts"}],"about":[{"href":"https:\/\/volcanes.net\/index.php?rest_route=\/wp\/v2\/types\/post"}],"author":[{"embeddable":true,"href":"https:\/\/volcanes.net\/index.php?rest_route=\/wp\/v2\/users\/1"}],"replies":[{"embeddable":true,"href":"https:\/\/volcanes.net\/index.php?rest_route=%2Fwp%2Fv2%2Fcomments&post=12630"}],"version-history":[{"count":2,"href":"https:\/\/volcanes.net\/index.php?rest_route=\/wp\/v2\/posts\/12630\/revisions"}],"predecessor-version":[{"id":12633,"href":"https:\/\/volcanes.net\/index.php?rest_route=\/wp\/v2\/posts\/12630\/revisions\/12633"}],"wp:featuredmedia":[{"embeddable":true,"href":"https:\/\/volcanes.net\/index.php?rest_route=\/wp\/v2\/media\/12631"}],"wp:attachment":[{"href":"https:\/\/volcanes.net\/index.php?rest_route=%2Fwp%2Fv2%2Fmedia&parent=12630"}],"wp:term":[{"taxonomy":"category","embeddable":true,"href":"https:\/\/volcanes.net\/index.php?rest_route=%2Fwp%2Fv2%2Fcategories&post=12630"},{"taxonomy":"post_tag","embeddable":true,"href":"https:\/\/volcanes.net\/index.php?rest_route=%2Fwp%2Fv2%2Ftags&post=12630"}],"curies":[{"name":"wp","href":"https:\/\/api.w.org\/{rel}","templated":true}]}}