{"id":12646,"date":"2022-04-07T15:08:04","date_gmt":"2022-04-07T21:08:04","guid":{"rendered":"http:\/\/volcanes.net\/?p=12646"},"modified":"2022-04-07T15:08:04","modified_gmt":"2022-04-07T21:08:04","slug":"gobierno-de-amecameca-reitera-su-compromiso-con-la-ecologia","status":"publish","type":"post","link":"https:\/\/volcanes.net\/?p=12646","title":{"rendered":"Gobierno de Amecameca reitera su compromiso con la ecolog\u00eda"},"content":{"rendered":"<div style=\"margin-top: 0px; margin-bottom: 0px;\" class=\"sharethis-inline-share-buttons\" ><\/div><ul>\n<li>Fiscal\u00eda General de Justicia determinar\u00e1 responsables por muerte de canes<\/li>\n<\/ul>\n<p>&nbsp;<\/p>\n<p>Amecameca, Estado de M\u00e9xico.-\u00a0Ante la solicitud del Congreso del Estado de M\u00e9xico al Ayuntamiento de Amecameca, a la Fiscal\u00eda General de Justicia y a la Procuradur\u00eda de Protecci\u00f3n al Ambiente, para que se aclare la muerte de perros en la laguna de lixiviados del Relleno Sanitario y se tomen acciones para evitar situaciones similares.<\/p>\n<p>El gobierno de Amecameca manifiesta lo siguiente:<\/p>\n<p>Desde el inicio de la presente administraci\u00f3n han sido detectadas m\u00faltiples irregularidades en la entrega recepci\u00f3n de varias \u00e1reas del Ayuntamiento y en el caso del Departamento de Limpia las condiciones han sido muy desfavorables.<\/p>\n<p>El gobierno \u201cEcologista\u201d anterior dej\u00f3 de operar el relleno de acuerdo con las normas ambientales, y no se preocup\u00f3 por tener los camiones recolectores ni la maquina compactadora en buenas condiciones.<\/p>\n<p>La maquinaria descompuesta imped\u00eda acomodar la basura de manera correcta, misma que era depositada hasta en el camino de acceso. La malla que cubr\u00eda la laguna de lixiviados se encontraba ca\u00edda, por lo que los perros que habitan el basurero pod\u00edan entrar a buscar agua o comida y ca\u00edan a la fosa.<\/p>\n<p>En ese sentido, desde el momento en que se descubrieron a los animales ahogados se inform\u00f3 a la Procuradur\u00eda de Protecci\u00f3n al Ambiente del Estado de M\u00e9xico, cuyos representantes recomendaron sacar los cad\u00e1veres y enterrarlos para evitar mayor contaminaci\u00f3n del lugar por la descomposici\u00f3n de los cuerpos.<\/p>\n<p>Posteriormente procedimos a reparar la malla para impedir que los perros siguieran entrando con el riesgo de caer a la laguna y ahogarse como hab\u00eda ocurrido durante varios meses de la administraci\u00f3n saliente.<\/p>\n<p>El gobierno municipal, haciendo un esfuerzo presupuestal, puso en funcionamiento los camiones de basura descompuestos y la m\u00e1quina compactadora ya se encuentra en reparaci\u00f3n para darle el tratamiento adecuado a los desechos.<\/p>\n<p>En el caso de la laguna de lixiviados, esta ser\u00e1 dragado en su totalidad, por recomendaci\u00f3n de la Secretar\u00eda del Medio Ambiente del Estado de M\u00e9xico y PROPAEM, cuyos funcionarios han visitado el relleno sanitario en varias ocasiones desde el momento en que se descubrieron los animales muertos.<\/p>\n<p>En su reciente visita, la directora general de Manejo Integral de Residuos del Gobierno del Estado De M\u00e9xico, reconoci\u00f3 el trabajo de las autoridades locales por la pronta respuesta a las recomendaciones en cuanto al tratamiento del sitio para evitar posibles riesgos de contaminaci\u00f3n.<\/p>\n<p>Por otro lado, comprometidos con la transparencia, el gobierno de Amecameca colabora con la Fiscal\u00eda General de Justicia del Estado de M\u00e9xico, la cual inici\u00f3 el 20 de marzo una indagatoria por la muerte de los canes para deslindar responsabilidades.<\/p>\n<p>Actualmente la asociaci\u00f3n Somos Tu Voz atiende a los animalitos que viven en este lugar y presentan sarna, tambi\u00e9n tienen programada una jornada de esterilizaci\u00f3n exclusiva para los animales que viven en el basurero.<\/p>\n<p>El gobierno de Amecameca reitera su compromiso con el cuidado del medio ambiente y la fauna que habita la zona e invita a los legisladores a corroborar personalmente las medidas correctivas que se han hecho en el relleno sanitario desde la llegada de la presente administraci\u00f3n.<\/p>\n<p>Adem\u00e1s, manifiesta su disposici\u00f3n al trabajo conjunto con los legisladores y las autoridades estatales para mejorar los servicios que merecen los Amecamequenses.<\/p>\n","protected":false},"excerpt":{"rendered":"<p>Fiscal\u00eda General de Justicia determinar\u00e1 responsables por muerte de canes &nbsp; Amecameca, Estado de M\u00e9xico.-\u00a0Ante<\/p>\n","protected":false},"author":1,"featured_media":12647,"comment_status":"open","ping_status":"open","sticky":false,"template":"","format":"standard","meta":{"footnotes":""},"categories":[1],"tags":[7],"class_list":["post-12646","post","type-post","status-publish","format-standard","has-post-thumbnail","hentry","category-municipales","tag-amecameca"],"yoast_head":"<!-- This site is optimized with the Yoast SEO plugin v25.3 - https:\/\/yoast.com\/wordpress\/plugins\/seo\/ -->\n<title>Gobierno de Amecameca reitera su compromiso con la ecolog\u00eda - Volcanes<\/title>\n<meta name=\"robots\" content=\"index, follow, max-snippet:-1, max-image-preview:large, max-video-preview:-1\" \/>\n<link rel=\"canonical\" href=\"https:\/\/volcanes.net\/?p=12646\" \/>\n<meta property=\"og:locale\" content=\"es_MX\" \/>\n<meta property=\"og:type\" content=\"article\" \/>\n<meta property=\"og:title\" content=\"Gobierno de Amecameca reitera su compromiso con la ecolog\u00eda - Volcanes\" \/>\n<meta property=\"og:description\" content=\"Fiscal\u00eda General de Justicia determinar\u00e1 responsables por muerte de canes &nbsp; Amecameca, Estado de M\u00e9xico.-\u00a0Ante\" \/>\n<meta property=\"og:url\" content=\"https:\/\/volcanes.net\/?p=12646\" \/>\n<meta property=\"og:site_name\" content=\"Volcanes\" \/>\n<meta property=\"article:publisher\" content=\"https:\/\/www.facebook.com\/volcanes.net\/\" \/>\n<meta property=\"article:published_time\" content=\"2022-04-07T21:08:04+00:00\" \/>\n<meta property=\"og:image\" content=\"https:\/\/volcanes.net\/wp-content\/uploads\/2022\/04\/IMG-20220407-WA0000.jpg\" \/>\n\t<meta property=\"og:image:width\" content=\"1600\" \/>\n\t<meta property=\"og:image:height\" content=\"900\" \/>\n\t<meta property=\"og:image:type\" content=\"image\/jpeg\" \/>\n<meta name=\"author\" content=\"admin\" \/>\n<meta name=\"twitter:card\" content=\"summary_large_image\" \/>\n<meta name=\"twitter:label1\" content=\"Escrito por\" \/>\n\t<meta name=\"twitter:data1\" content=\"admin\" \/>\n\t<meta name=\"twitter:label2\" content=\"Tiempo de lectura\" \/>\n\t<meta name=\"twitter:data2\" content=\"3 minutos\" \/>\n<script type=\"application\/ld+json\" class=\"yoast-schema-graph\">{\"@context\":\"https:\/\/schema.org\",\"@graph\":[{\"@type\":\"Article\",\"@id\":\"https:\/\/volcanes.net\/?p=12646#article\",\"isPartOf\":{\"@id\":\"https:\/\/volcanes.net\/?p=12646\"},\"author\":{\"name\":\"admin\",\"@id\":\"https:\/\/volcanes.net\/#\/schema\/person\/4bf0f383940966a4abd53f5048c0e6b9\"},\"headline\":\"Gobierno de Amecameca reitera su compromiso con la ecolog\u00eda\",\"datePublished\":\"2022-04-07T21:08:04+00:00\",\"mainEntityOfPage\":{\"@id\":\"https:\/\/volcanes.net\/?p=12646\"},\"wordCount\":584,\"commentCount\":0,\"publisher\":{\"@id\":\"https:\/\/volcanes.net\/#organization\"},\"image\":{\"@id\":\"https:\/\/volcanes.net\/?p=12646#primaryimage\"},\"thumbnailUrl\":\"https:\/\/volcanes.net\/wp-content\/uploads\/2022\/04\/IMG-20220407-WA0000.jpg\",\"keywords\":[\"Amecameca\"],\"articleSection\":[\"Municipales\"],\"inLanguage\":\"es\",\"potentialAction\":[{\"@type\":\"CommentAction\",\"name\":\"Comment\",\"target\":[\"https:\/\/volcanes.net\/?p=12646#respond\"]}]},{\"@type\":\"WebPage\",\"@id\":\"https:\/\/volcanes.net\/?p=12646\",\"url\":\"https:\/\/volcanes.net\/?p=12646\",\"name\":\"Gobierno de Amecameca reitera su compromiso con la ecolog\u00eda - Volcanes\",\"isPartOf\":{\"@id\":\"https:\/\/volcanes.net\/#website\"},\"primaryImageOfPage\":{\"@id\":\"https:\/\/volcanes.net\/?p=12646#primaryimage\"},\"image\":{\"@id\":\"https:\/\/volcanes.net\/?p=12646#primaryimage\"},\"thumbnailUrl\":\"https:\/\/volcanes.net\/wp-content\/uploads\/2022\/04\/IMG-20220407-WA0000.jpg\",\"datePublished\":\"2022-04-07T21:08:04+00:00\",\"breadcrumb\":{\"@id\":\"https:\/\/volcanes.net\/?p=12646#breadcrumb\"},\"inLanguage\":\"es\",\"potentialAction\":[{\"@type\":\"ReadAction\",\"target\":[\"https:\/\/volcanes.net\/?p=12646\"]}]},{\"@type\":\"ImageObject\",\"inLanguage\":\"es\",\"@id\":\"https:\/\/volcanes.net\/?p=12646#primaryimage\",\"url\":\"https:\/\/volcanes.net\/wp-content\/uploads\/2022\/04\/IMG-20220407-WA0000.jpg\",\"contentUrl\":\"https:\/\/volcanes.net\/wp-content\/uploads\/2022\/04\/IMG-20220407-WA0000.jpg\",\"width\":1600,\"height\":900},{\"@type\":\"BreadcrumbList\",\"@id\":\"https:\/\/volcanes.net\/?p=12646#breadcrumb\",\"itemListElement\":[{\"@type\":\"ListItem\",\"position\":1,\"name\":\"Portada\",\"item\":\"https:\/\/volcanes.net\/\"},{\"@type\":\"ListItem\",\"position\":2,\"name\":\"Gobierno de Amecameca reitera su compromiso con la ecolog\u00eda\"}]},{\"@type\":\"WebSite\",\"@id\":\"https:\/\/volcanes.net\/#website\",\"url\":\"https:\/\/volcanes.net\/\",\"name\":\"Volcanes.Net\",\"description\":\"Periodismo Profesional\",\"publisher\":{\"@id\":\"https:\/\/volcanes.net\/#organization\"},\"potentialAction\":[{\"@type\":\"SearchAction\",\"target\":{\"@type\":\"EntryPoint\",\"urlTemplate\":\"https:\/\/volcanes.net\/?s={search_term_string}\"},\"query-input\":{\"@type\":\"PropertyValueSpecification\",\"valueRequired\":true,\"valueName\":\"search_term_string\"}}],\"inLanguage\":\"es\"},{\"@type\":\"Organization\",\"@id\":\"https:\/\/volcanes.net\/#organization\",\"name\":\"Grupo Volcanes\",\"url\":\"https:\/\/volcanes.net\/\",\"logo\":{\"@type\":\"ImageObject\",\"inLanguage\":\"es\",\"@id\":\"https:\/\/volcanes.net\/#\/schema\/logo\/image\/\",\"url\":\"http:\/\/volcanes.net\/wp-content\/uploads\/2017\/12\/Avatar2.jpg\",\"contentUrl\":\"http:\/\/volcanes.net\/wp-content\/uploads\/2017\/12\/Avatar2.jpg\",\"width\":378,\"height\":378,\"caption\":\"Grupo Volcanes\"},\"image\":{\"@id\":\"https:\/\/volcanes.net\/#\/schema\/logo\/image\/\"},\"sameAs\":[\"https:\/\/www.facebook.com\/volcanes.net\/\"]},{\"@type\":\"Person\",\"@id\":\"https:\/\/volcanes.net\/#\/schema\/person\/4bf0f383940966a4abd53f5048c0e6b9\",\"name\":\"admin\",\"image\":{\"@type\":\"ImageObject\",\"inLanguage\":\"es\",\"@id\":\"https:\/\/volcanes.net\/#\/schema\/person\/image\/\",\"url\":\"https:\/\/secure.gravatar.com\/avatar\/ca004e6cba8462b8cb7abc86e382930c?s=96&d=mm&r=g\",\"contentUrl\":\"https:\/\/secure.gravatar.com\/avatar\/ca004e6cba8462b8cb7abc86e382930c?s=96&d=mm&r=g\",\"caption\":\"admin\"}}]}<\/script>\n<!-- \/ Yoast SEO plugin. -->","yoast_head_json":{"title":"Gobierno de Amecameca reitera su compromiso con la ecolog\u00eda - Volcanes","robots":{"index":"index","follow":"follow","max-snippet":"max-snippet:-1","max-image-preview":"max-image-preview:large","max-video-preview":"max-video-preview:-1"},"canonical":"https:\/\/volcanes.net\/?p=12646","og_locale":"es_MX","og_type":"article","og_title":"Gobierno de Amecameca reitera su compromiso con la ecolog\u00eda - Volcanes","og_description":"Fiscal\u00eda General de Justicia determinar\u00e1 responsables por muerte de canes &nbsp; Amecameca, Estado de M\u00e9xico.-\u00a0Ante","og_url":"https:\/\/volcanes.net\/?p=12646","og_site_name":"Volcanes","article_publisher":"https:\/\/www.facebook.com\/volcanes.net\/","article_published_time":"2022-04-07T21:08:04+00:00","og_image":[{"width":1600,"height":900,"url":"https:\/\/volcanes.net\/wp-content\/uploads\/2022\/04\/IMG-20220407-WA0000.jpg","type":"image\/jpeg"}],"author":"admin","twitter_card":"summary_large_image","twitter_misc":{"Escrito por":"admin","Tiempo de lectura":"3 minutos"},"schema":{"@context":"https:\/\/schema.org","@graph":[{"@type":"Article","@id":"https:\/\/volcanes.net\/?p=12646#article","isPartOf":{"@id":"https:\/\/volcanes.net\/?p=12646"},"author":{"name":"admin","@id":"https:\/\/volcanes.net\/#\/schema\/person\/4bf0f383940966a4abd53f5048c0e6b9"},"headline":"Gobierno de Amecameca reitera su compromiso con la ecolog\u00eda","datePublished":"2022-04-07T21:08:04+00:00","mainEntityOfPage":{"@id":"https:\/\/volcanes.net\/?p=12646"},"wordCount":584,"commentCount":0,"publisher":{"@id":"https:\/\/volcanes.net\/#organization"},"image":{"@id":"https:\/\/volcanes.net\/?p=12646#primaryimage"},"thumbnailUrl":"https:\/\/volcanes.net\/wp-content\/uploads\/2022\/04\/IMG-20220407-WA0000.jpg","keywords":["Amecameca"],"articleSection":["Municipales"],"inLanguage":"es","potentialAction":[{"@type":"CommentAction","name":"Comment","target":["https:\/\/volcanes.net\/?p=12646#respond"]}]},{"@type":"WebPage","@id":"https:\/\/volcanes.net\/?p=12646","url":"https:\/\/volcanes.net\/?p=12646","name":"Gobierno de Amecameca reitera su compromiso con la ecolog\u00eda - Volcanes","isPartOf":{"@id":"https:\/\/volcanes.net\/#website"},"primaryImageOfPage":{"@id":"https:\/\/volcanes.net\/?p=12646#primaryimage"},"image":{"@id":"https:\/\/volcanes.net\/?p=12646#primaryimage"},"thumbnailUrl":"https:\/\/volcanes.net\/wp-content\/uploads\/2022\/04\/IMG-20220407-WA0000.jpg","datePublished":"2022-04-07T21:08:04+00:00","breadcrumb":{"@id":"https:\/\/volcanes.net\/?p=12646#breadcrumb"},"inLanguage":"es","potentialAction":[{"@type":"ReadAction","target":["https:\/\/volcanes.net\/?p=12646"]}]},{"@type":"ImageObject","inLanguage":"es","@id":"https:\/\/volcanes.net\/?p=12646#primaryimage","url":"https:\/\/volcanes.net\/wp-content\/uploads\/2022\/04\/IMG-20220407-WA0000.jpg","contentUrl":"https:\/\/volcanes.net\/wp-content\/uploads\/2022\/04\/IMG-20220407-WA0000.jpg","width":1600,"height":900},{"@type":"BreadcrumbList","@id":"https:\/\/volcanes.net\/?p=12646#breadcrumb","itemListElement":[{"@type":"ListItem","position":1,"name":"Portada","item":"https:\/\/volcanes.net\/"},{"@type":"ListItem","position":2,"name":"Gobierno de Amecameca reitera su compromiso con la ecolog\u00eda"}]},{"@type":"WebSite","@id":"https:\/\/volcanes.net\/#website","url":"https:\/\/volcanes.net\/","name":"Volcanes.Net","description":"Periodismo Profesional","publisher":{"@id":"https:\/\/volcanes.net\/#organization"},"potentialAction":[{"@type":"SearchAction","target":{"@type":"EntryPoint","urlTemplate":"https:\/\/volcanes.net\/?s={search_term_string}"},"query-input":{"@type":"PropertyValueSpecification","valueRequired":true,"valueName":"search_term_string"}}],"inLanguage":"es"},{"@type":"Organization","@id":"https:\/\/volcanes.net\/#organization","name":"Grupo Volcanes","url":"https:\/\/volcanes.net\/","logo":{"@type":"ImageObject","inLanguage":"es","@id":"https:\/\/volcanes.net\/#\/schema\/logo\/image\/","url":"http:\/\/volcanes.net\/wp-content\/uploads\/2017\/12\/Avatar2.jpg","contentUrl":"http:\/\/volcanes.net\/wp-content\/uploads\/2017\/12\/Avatar2.jpg","width":378,"height":378,"caption":"Grupo Volcanes"},"image":{"@id":"https:\/\/volcanes.net\/#\/schema\/logo\/image\/"},"sameAs":["https:\/\/www.facebook.com\/volcanes.net\/"]},{"@type":"Person","@id":"https:\/\/volcanes.net\/#\/schema\/person\/4bf0f383940966a4abd53f5048c0e6b9","name":"admin","image":{"@type":"ImageObject","inLanguage":"es","@id":"https:\/\/volcanes.net\/#\/schema\/person\/image\/","url":"https:\/\/secure.gravatar.com\/avatar\/ca004e6cba8462b8cb7abc86e382930c?s=96&d=mm&r=g","contentUrl":"https:\/\/secure.gravatar.com\/avatar\/ca004e6cba8462b8cb7abc86e382930c?s=96&d=mm&r=g","caption":"admin"}}]}},"_links":{"self":[{"href":"https:\/\/volcanes.net\/index.php?rest_route=\/wp\/v2\/posts\/12646"}],"collection":[{"href":"https:\/\/volcanes.net\/index.php?rest_route=\/wp\/v2\/posts"}],"about":[{"href":"https:\/\/volcanes.net\/index.php?rest_route=\/wp\/v2\/types\/post"}],"author":[{"embeddable":true,"href":"https:\/\/volcanes.net\/index.php?rest_route=\/wp\/v2\/users\/1"}],"replies":[{"embeddable":true,"href":"https:\/\/volcanes.net\/index.php?rest_route=%2Fwp%2Fv2%2Fcomments&post=12646"}],"version-history":[{"count":1,"href":"https:\/\/volcanes.net\/index.php?rest_route=\/wp\/v2\/posts\/12646\/revisions"}],"predecessor-version":[{"id":12648,"href":"https:\/\/volcanes.net\/index.php?rest_route=\/wp\/v2\/posts\/12646\/revisions\/12648"}],"wp:featuredmedia":[{"embeddable":true,"href":"https:\/\/volcanes.net\/index.php?rest_route=\/wp\/v2\/media\/12647"}],"wp:attachment":[{"href":"https:\/\/volcanes.net\/index.php?rest_route=%2Fwp%2Fv2%2Fmedia&parent=12646"}],"wp:term":[{"taxonomy":"category","embeddable":true,"href":"https:\/\/volcanes.net\/index.php?rest_route=%2Fwp%2Fv2%2Fcategories&post=12646"},{"taxonomy":"post_tag","embeddable":true,"href":"https:\/\/volcanes.net\/index.php?rest_route=%2Fwp%2Fv2%2Ftags&post=12646"}],"curies":[{"name":"wp","href":"https:\/\/api.w.org\/{rel}","templated":true}]}}