{"id":12653,"date":"2022-04-11T16:28:04","date_gmt":"2022-04-11T22:28:04","guid":{"rendered":"http:\/\/volcanes.net\/?p=12653"},"modified":"2022-04-11T16:28:04","modified_gmt":"2022-04-11T22:28:04","slug":"frente-al-respaldo-del-pueblo-al-presidente-de-la-4t-en-las-urnas-la-oposicion-esta-desmoralizada-max-correa","status":"publish","type":"post","link":"https:\/\/volcanes.net\/?p=12653","title":{"rendered":"Frente al respaldo del pueblo al Presidente de la 4T en las urnas la oposici\u00f3n est\u00e1 desmoralizada: Max Correa"},"content":{"rendered":"<div style=\"margin-top: 0px; margin-bottom: 0px;\" class=\"sharethis-inline-share-buttons\" ><\/div><ul>\n<li>Asegura l\u00edder de la Central Campesina Cardenista que tras jornada de Revocaci\u00f3n de Mandato el pueblo de M\u00e9xico gan\u00f3 m\u00e1s soberan\u00eda<\/li>\n<li>Al promover el abstencionismo, el PRI y el PAN defraudaron la ley<\/li>\n<li>Pese a los obst\u00e1culos del INE la ciudadan\u00eda en el medio rural ha sido la de mayor convicci\u00f3n y masivamente sali\u00f3 a las urnas<\/li>\n<\/ul>\n<p>&nbsp;<\/p>\n<p>Tlalnepantla, Estado de M\u00e9xico.- Tras la jornada de Revocaci\u00f3n de Mandato, el pueblo de M\u00e9xico gan\u00f3 m\u00e1s soberan\u00eda, afirm\u00f3 el l\u00edder de la Central Campesina Cardenista, Max Agust\u00edn Correa, a la vez que se\u00f1al\u00f3 que frente a los n\u00fameros contundentes de ayer la oposici\u00f3n est\u00e1 moral y pol\u00edticamente con un severo problema de \u00e1nimo, desmoralizados, confundidos, porque el pueblo respalda firmemente al Presidente Andr\u00e9s Manuel L\u00f3pez Obrador.<\/p>\n<p>Explic\u00f3, el pueblo tiene el inalienable derecho de alterar la forma de su gobierno, las leyes estaban hechas para poner gobernantes con su voto pero no estaban hechas para revocar el mandado de las urnas y acredit\u00f3 que tiene la firme convicci\u00f3n democr\u00e1tica y el pueblo respalda firmemente al Presidente de M\u00e9xico.<\/p>\n<p>Ahora el llamado respetuoso ser\u00eda a los representantes populares a diputados federales y Senadores que rectifiquen, tengo fe que, en la conciencia de muchos diputados del PRI, persistente la esencia nacionalista, revolucionaria de ese sector que en su momento represent\u00f3 el General L\u00e1zaro C\u00e1rdenas y de ese sector que era hegem\u00f3nico dentro del PRI antes de que llegar\u00e1 Salinas y que promovi\u00f3 grandes reformas que hoy disfrutamos los mexicanos.<\/p>\n<p>A los diputados del PAN y del PRI deber\u00eda darles pena y verg\u00fcenza pedirle a la gente que no vaya a votar, como funcionario de un partido pol\u00edtico, si para eso les paga el pueblo, pero si hablamos del PAN, subray\u00f3, estoy seguro que no juntar\u00edan las firmas para acreditar su padr\u00f3n elector.<\/p>\n<p>Los partidos pol\u00edticos con registro que conforman la oposici\u00f3n est\u00e1n defraudando la ley, porque se les dan prerrogativas para promover la cultura democr\u00e1tica y la participaci\u00f3n ciudadana y en lugar de eso promovieron el abstencionismo, en un ejercicio eminentemente democr\u00e1tico, eso es un fraude a la ley, a los mexicanos, porque para eso le pagan todos los mexicanos a los partidos pol\u00edticos para que promuevan los principios democr\u00e1ticos.<\/p>\n<p>Asimismo, afirm\u00f3 que la ciudadan\u00eda en el medio rural ha sido la de mayor convicci\u00f3n y masivamente sali\u00f3 a las urnas, no obstante, las distancias que el Instituto Nacional Electoral impuso como obst\u00e1culos para impedir su participaci\u00f3n, los pueblos ind\u00edgenas se organizaron e hicieron lo que ten\u00edan que hacer.<\/p>\n<p>Agreg\u00f3, que afortunadamente lo que se ve no se juzga, el pueblo vio la conducta del INE, sali\u00f3 muy raspado de este proceso, frente a la ciudadan\u00eda, en particular los consejeros Ciro Murayama y Lorenzo C\u00f3rdova, pero tambi\u00e9n destac\u00f3 su reconocimiento a los trabajadores del INE y ciudadanos, gracias a quienes se pudo llevar a cabo el ejercicio democr\u00e1tico, coment\u00f3 el tambi\u00e9n diputado con licencia, quien observ\u00f3 a muchas personas maduras subiendo los cerros de Tlalnepantla, para colocar los peque\u00f1os distintivos donde se se\u00f1alaba los lugares de votaci\u00f3n, y esa gente no gana las decenas de miles de pesos como los consejeros, pero son quienes tienen una convicci\u00f3n democr\u00e1tica superior.<\/p>\n","protected":false},"excerpt":{"rendered":"<p>Asegura l\u00edder de la Central Campesina Cardenista que tras jornada de Revocaci\u00f3n de Mandato el<\/p>\n","protected":false},"author":1,"featured_media":12654,"comment_status":"open","ping_status":"open","sticky":false,"template":"","format":"standard","meta":{"footnotes":""},"categories":[1],"tags":[309,311,92],"class_list":["post-12653","post","type-post","status-publish","format-standard","has-post-thumbnail","hentry","category-municipales","tag-lxi-legislatura-del-estado-de-mexico","tag-max-correa","tag-tlalnepantla"],"yoast_head":"<!-- This site is optimized with the Yoast SEO plugin v25.3 - https:\/\/yoast.com\/wordpress\/plugins\/seo\/ -->\n<title>Frente al respaldo del pueblo al Presidente de la 4T en las urnas la oposici\u00f3n est\u00e1 desmoralizada: Max Correa - Volcanes<\/title>\n<meta name=\"robots\" content=\"index, follow, max-snippet:-1, max-image-preview:large, max-video-preview:-1\" \/>\n<link rel=\"canonical\" href=\"https:\/\/volcanes.net\/?p=12653\" \/>\n<meta property=\"og:locale\" content=\"es_MX\" \/>\n<meta property=\"og:type\" content=\"article\" \/>\n<meta property=\"og:title\" content=\"Frente al respaldo del pueblo al Presidente de la 4T en las urnas la oposici\u00f3n est\u00e1 desmoralizada: Max Correa - Volcanes\" \/>\n<meta property=\"og:description\" content=\"Asegura l\u00edder de la Central Campesina Cardenista que tras jornada de Revocaci\u00f3n de Mandato el\" \/>\n<meta property=\"og:url\" content=\"https:\/\/volcanes.net\/?p=12653\" \/>\n<meta property=\"og:site_name\" content=\"Volcanes\" \/>\n<meta property=\"article:publisher\" content=\"https:\/\/www.facebook.com\/volcanes.net\/\" \/>\n<meta property=\"article:published_time\" content=\"2022-04-11T22:28:04+00:00\" \/>\n<meta property=\"og:image\" content=\"https:\/\/volcanes.net\/wp-content\/uploads\/2022\/04\/IMG-20220411-WA0003.jpg\" \/>\n\t<meta property=\"og:image:width\" content=\"1500\" \/>\n\t<meta property=\"og:image:height\" content=\"1000\" \/>\n\t<meta property=\"og:image:type\" content=\"image\/jpeg\" \/>\n<meta name=\"author\" content=\"admin\" \/>\n<meta name=\"twitter:card\" content=\"summary_large_image\" \/>\n<meta name=\"twitter:label1\" content=\"Escrito por\" \/>\n\t<meta name=\"twitter:data1\" content=\"admin\" \/>\n\t<meta name=\"twitter:label2\" content=\"Tiempo de lectura\" \/>\n\t<meta name=\"twitter:data2\" content=\"3 minutos\" \/>\n<script type=\"application\/ld+json\" class=\"yoast-schema-graph\">{\"@context\":\"https:\/\/schema.org\",\"@graph\":[{\"@type\":\"Article\",\"@id\":\"https:\/\/volcanes.net\/?p=12653#article\",\"isPartOf\":{\"@id\":\"https:\/\/volcanes.net\/?p=12653\"},\"author\":{\"name\":\"admin\",\"@id\":\"https:\/\/volcanes.net\/#\/schema\/person\/4bf0f383940966a4abd53f5048c0e6b9\"},\"headline\":\"Frente al respaldo del pueblo al Presidente de la 4T en las urnas la oposici\u00f3n est\u00e1 desmoralizada: Max Correa\",\"datePublished\":\"2022-04-11T22:28:04+00:00\",\"mainEntityOfPage\":{\"@id\":\"https:\/\/volcanes.net\/?p=12653\"},\"wordCount\":604,\"commentCount\":0,\"publisher\":{\"@id\":\"https:\/\/volcanes.net\/#organization\"},\"image\":{\"@id\":\"https:\/\/volcanes.net\/?p=12653#primaryimage\"},\"thumbnailUrl\":\"https:\/\/volcanes.net\/wp-content\/uploads\/2022\/04\/IMG-20220411-WA0003.jpg\",\"keywords\":[\"LXI Legislatura del Estado de M\u00e9xico\",\"Max Correa\",\"Tlalnepantla\"],\"articleSection\":[\"Municipales\"],\"inLanguage\":\"es\",\"potentialAction\":[{\"@type\":\"CommentAction\",\"name\":\"Comment\",\"target\":[\"https:\/\/volcanes.net\/?p=12653#respond\"]}]},{\"@type\":\"WebPage\",\"@id\":\"https:\/\/volcanes.net\/?p=12653\",\"url\":\"https:\/\/volcanes.net\/?p=12653\",\"name\":\"Frente al respaldo del pueblo al Presidente de la 4T en las urnas la oposici\u00f3n est\u00e1 desmoralizada: Max Correa - Volcanes\",\"isPartOf\":{\"@id\":\"https:\/\/volcanes.net\/#website\"},\"primaryImageOfPage\":{\"@id\":\"https:\/\/volcanes.net\/?p=12653#primaryimage\"},\"image\":{\"@id\":\"https:\/\/volcanes.net\/?p=12653#primaryimage\"},\"thumbnailUrl\":\"https:\/\/volcanes.net\/wp-content\/uploads\/2022\/04\/IMG-20220411-WA0003.jpg\",\"datePublished\":\"2022-04-11T22:28:04+00:00\",\"breadcrumb\":{\"@id\":\"https:\/\/volcanes.net\/?p=12653#breadcrumb\"},\"inLanguage\":\"es\",\"potentialAction\":[{\"@type\":\"ReadAction\",\"target\":[\"https:\/\/volcanes.net\/?p=12653\"]}]},{\"@type\":\"ImageObject\",\"inLanguage\":\"es\",\"@id\":\"https:\/\/volcanes.net\/?p=12653#primaryimage\",\"url\":\"https:\/\/volcanes.net\/wp-content\/uploads\/2022\/04\/IMG-20220411-WA0003.jpg\",\"contentUrl\":\"https:\/\/volcanes.net\/wp-content\/uploads\/2022\/04\/IMG-20220411-WA0003.jpg\",\"width\":1500,\"height\":1000},{\"@type\":\"BreadcrumbList\",\"@id\":\"https:\/\/volcanes.net\/?p=12653#breadcrumb\",\"itemListElement\":[{\"@type\":\"ListItem\",\"position\":1,\"name\":\"Portada\",\"item\":\"https:\/\/volcanes.net\/\"},{\"@type\":\"ListItem\",\"position\":2,\"name\":\"Frente al respaldo del pueblo al Presidente de la 4T en las urnas la oposici\u00f3n est\u00e1 desmoralizada: Max Correa\"}]},{\"@type\":\"WebSite\",\"@id\":\"https:\/\/volcanes.net\/#website\",\"url\":\"https:\/\/volcanes.net\/\",\"name\":\"Volcanes.Net\",\"description\":\"Periodismo Profesional\",\"publisher\":{\"@id\":\"https:\/\/volcanes.net\/#organization\"},\"potentialAction\":[{\"@type\":\"SearchAction\",\"target\":{\"@type\":\"EntryPoint\",\"urlTemplate\":\"https:\/\/volcanes.net\/?s={search_term_string}\"},\"query-input\":{\"@type\":\"PropertyValueSpecification\",\"valueRequired\":true,\"valueName\":\"search_term_string\"}}],\"inLanguage\":\"es\"},{\"@type\":\"Organization\",\"@id\":\"https:\/\/volcanes.net\/#organization\",\"name\":\"Grupo Volcanes\",\"url\":\"https:\/\/volcanes.net\/\",\"logo\":{\"@type\":\"ImageObject\",\"inLanguage\":\"es\",\"@id\":\"https:\/\/volcanes.net\/#\/schema\/logo\/image\/\",\"url\":\"http:\/\/volcanes.net\/wp-content\/uploads\/2017\/12\/Avatar2.jpg\",\"contentUrl\":\"http:\/\/volcanes.net\/wp-content\/uploads\/2017\/12\/Avatar2.jpg\",\"width\":378,\"height\":378,\"caption\":\"Grupo Volcanes\"},\"image\":{\"@id\":\"https:\/\/volcanes.net\/#\/schema\/logo\/image\/\"},\"sameAs\":[\"https:\/\/www.facebook.com\/volcanes.net\/\"]},{\"@type\":\"Person\",\"@id\":\"https:\/\/volcanes.net\/#\/schema\/person\/4bf0f383940966a4abd53f5048c0e6b9\",\"name\":\"admin\",\"image\":{\"@type\":\"ImageObject\",\"inLanguage\":\"es\",\"@id\":\"https:\/\/volcanes.net\/#\/schema\/person\/image\/\",\"url\":\"https:\/\/secure.gravatar.com\/avatar\/ca004e6cba8462b8cb7abc86e382930c?s=96&d=mm&r=g\",\"contentUrl\":\"https:\/\/secure.gravatar.com\/avatar\/ca004e6cba8462b8cb7abc86e382930c?s=96&d=mm&r=g\",\"caption\":\"admin\"}}]}<\/script>\n<!-- \/ Yoast SEO plugin. -->","yoast_head_json":{"title":"Frente al respaldo del pueblo al Presidente de la 4T en las urnas la oposici\u00f3n est\u00e1 desmoralizada: Max Correa - Volcanes","robots":{"index":"index","follow":"follow","max-snippet":"max-snippet:-1","max-image-preview":"max-image-preview:large","max-video-preview":"max-video-preview:-1"},"canonical":"https:\/\/volcanes.net\/?p=12653","og_locale":"es_MX","og_type":"article","og_title":"Frente al respaldo del pueblo al Presidente de la 4T en las urnas la oposici\u00f3n est\u00e1 desmoralizada: Max Correa - Volcanes","og_description":"Asegura l\u00edder de la Central Campesina Cardenista que tras jornada de Revocaci\u00f3n de Mandato el","og_url":"https:\/\/volcanes.net\/?p=12653","og_site_name":"Volcanes","article_publisher":"https:\/\/www.facebook.com\/volcanes.net\/","article_published_time":"2022-04-11T22:28:04+00:00","og_image":[{"width":1500,"height":1000,"url":"https:\/\/volcanes.net\/wp-content\/uploads\/2022\/04\/IMG-20220411-WA0003.jpg","type":"image\/jpeg"}],"author":"admin","twitter_card":"summary_large_image","twitter_misc":{"Escrito por":"admin","Tiempo de lectura":"3 minutos"},"schema":{"@context":"https:\/\/schema.org","@graph":[{"@type":"Article","@id":"https:\/\/volcanes.net\/?p=12653#article","isPartOf":{"@id":"https:\/\/volcanes.net\/?p=12653"},"author":{"name":"admin","@id":"https:\/\/volcanes.net\/#\/schema\/person\/4bf0f383940966a4abd53f5048c0e6b9"},"headline":"Frente al respaldo del pueblo al Presidente de la 4T en las urnas la oposici\u00f3n est\u00e1 desmoralizada: Max Correa","datePublished":"2022-04-11T22:28:04+00:00","mainEntityOfPage":{"@id":"https:\/\/volcanes.net\/?p=12653"},"wordCount":604,"commentCount":0,"publisher":{"@id":"https:\/\/volcanes.net\/#organization"},"image":{"@id":"https:\/\/volcanes.net\/?p=12653#primaryimage"},"thumbnailUrl":"https:\/\/volcanes.net\/wp-content\/uploads\/2022\/04\/IMG-20220411-WA0003.jpg","keywords":["LXI Legislatura del Estado de M\u00e9xico","Max Correa","Tlalnepantla"],"articleSection":["Municipales"],"inLanguage":"es","potentialAction":[{"@type":"CommentAction","name":"Comment","target":["https:\/\/volcanes.net\/?p=12653#respond"]}]},{"@type":"WebPage","@id":"https:\/\/volcanes.net\/?p=12653","url":"https:\/\/volcanes.net\/?p=12653","name":"Frente al respaldo del pueblo al Presidente de la 4T en las urnas la oposici\u00f3n est\u00e1 desmoralizada: Max Correa - Volcanes","isPartOf":{"@id":"https:\/\/volcanes.net\/#website"},"primaryImageOfPage":{"@id":"https:\/\/volcanes.net\/?p=12653#primaryimage"},"image":{"@id":"https:\/\/volcanes.net\/?p=12653#primaryimage"},"thumbnailUrl":"https:\/\/volcanes.net\/wp-content\/uploads\/2022\/04\/IMG-20220411-WA0003.jpg","datePublished":"2022-04-11T22:28:04+00:00","breadcrumb":{"@id":"https:\/\/volcanes.net\/?p=12653#breadcrumb"},"inLanguage":"es","potentialAction":[{"@type":"ReadAction","target":["https:\/\/volcanes.net\/?p=12653"]}]},{"@type":"ImageObject","inLanguage":"es","@id":"https:\/\/volcanes.net\/?p=12653#primaryimage","url":"https:\/\/volcanes.net\/wp-content\/uploads\/2022\/04\/IMG-20220411-WA0003.jpg","contentUrl":"https:\/\/volcanes.net\/wp-content\/uploads\/2022\/04\/IMG-20220411-WA0003.jpg","width":1500,"height":1000},{"@type":"BreadcrumbList","@id":"https:\/\/volcanes.net\/?p=12653#breadcrumb","itemListElement":[{"@type":"ListItem","position":1,"name":"Portada","item":"https:\/\/volcanes.net\/"},{"@type":"ListItem","position":2,"name":"Frente al respaldo del pueblo al Presidente de la 4T en las urnas la oposici\u00f3n est\u00e1 desmoralizada: Max Correa"}]},{"@type":"WebSite","@id":"https:\/\/volcanes.net\/#website","url":"https:\/\/volcanes.net\/","name":"Volcanes.Net","description":"Periodismo Profesional","publisher":{"@id":"https:\/\/volcanes.net\/#organization"},"potentialAction":[{"@type":"SearchAction","target":{"@type":"EntryPoint","urlTemplate":"https:\/\/volcanes.net\/?s={search_term_string}"},"query-input":{"@type":"PropertyValueSpecification","valueRequired":true,"valueName":"search_term_string"}}],"inLanguage":"es"},{"@type":"Organization","@id":"https:\/\/volcanes.net\/#organization","name":"Grupo Volcanes","url":"https:\/\/volcanes.net\/","logo":{"@type":"ImageObject","inLanguage":"es","@id":"https:\/\/volcanes.net\/#\/schema\/logo\/image\/","url":"http:\/\/volcanes.net\/wp-content\/uploads\/2017\/12\/Avatar2.jpg","contentUrl":"http:\/\/volcanes.net\/wp-content\/uploads\/2017\/12\/Avatar2.jpg","width":378,"height":378,"caption":"Grupo Volcanes"},"image":{"@id":"https:\/\/volcanes.net\/#\/schema\/logo\/image\/"},"sameAs":["https:\/\/www.facebook.com\/volcanes.net\/"]},{"@type":"Person","@id":"https:\/\/volcanes.net\/#\/schema\/person\/4bf0f383940966a4abd53f5048c0e6b9","name":"admin","image":{"@type":"ImageObject","inLanguage":"es","@id":"https:\/\/volcanes.net\/#\/schema\/person\/image\/","url":"https:\/\/secure.gravatar.com\/avatar\/ca004e6cba8462b8cb7abc86e382930c?s=96&d=mm&r=g","contentUrl":"https:\/\/secure.gravatar.com\/avatar\/ca004e6cba8462b8cb7abc86e382930c?s=96&d=mm&r=g","caption":"admin"}}]}},"_links":{"self":[{"href":"https:\/\/volcanes.net\/index.php?rest_route=\/wp\/v2\/posts\/12653"}],"collection":[{"href":"https:\/\/volcanes.net\/index.php?rest_route=\/wp\/v2\/posts"}],"about":[{"href":"https:\/\/volcanes.net\/index.php?rest_route=\/wp\/v2\/types\/post"}],"author":[{"embeddable":true,"href":"https:\/\/volcanes.net\/index.php?rest_route=\/wp\/v2\/users\/1"}],"replies":[{"embeddable":true,"href":"https:\/\/volcanes.net\/index.php?rest_route=%2Fwp%2Fv2%2Fcomments&post=12653"}],"version-history":[{"count":1,"href":"https:\/\/volcanes.net\/index.php?rest_route=\/wp\/v2\/posts\/12653\/revisions"}],"predecessor-version":[{"id":12655,"href":"https:\/\/volcanes.net\/index.php?rest_route=\/wp\/v2\/posts\/12653\/revisions\/12655"}],"wp:featuredmedia":[{"embeddable":true,"href":"https:\/\/volcanes.net\/index.php?rest_route=\/wp\/v2\/media\/12654"}],"wp:attachment":[{"href":"https:\/\/volcanes.net\/index.php?rest_route=%2Fwp%2Fv2%2Fmedia&parent=12653"}],"wp:term":[{"taxonomy":"category","embeddable":true,"href":"https:\/\/volcanes.net\/index.php?rest_route=%2Fwp%2Fv2%2Fcategories&post=12653"},{"taxonomy":"post_tag","embeddable":true,"href":"https:\/\/volcanes.net\/index.php?rest_route=%2Fwp%2Fv2%2Ftags&post=12653"}],"curies":[{"name":"wp","href":"https:\/\/api.w.org\/{rel}","templated":true}]}}