{"id":12672,"date":"2022-04-15T14:11:35","date_gmt":"2022-04-15T20:11:35","guid":{"rendered":"http:\/\/volcanes.net\/?p=12672"},"modified":"2022-04-15T14:11:35","modified_gmt":"2022-04-15T20:11:35","slug":"inauguran-plaza-del-artesano-en-ozumba","status":"publish","type":"post","link":"https:\/\/volcanes.net\/?p=12672","title":{"rendered":"Inauguran Plaza del Artesano en Ozumba"},"content":{"rendered":"<div style=\"margin-top: 0px; margin-bottom: 0px;\" class=\"sharethis-inline-share-buttons\" ><\/div><p>Ozumba, Estado de M\u00e9xico.- El presidente municipal Valent\u00edn Mart\u00ednez Castillo realiz\u00f3 la inauguraci\u00f3n de la Plaza del Artesano, un espacio totalmente dedicado a la promoci\u00f3n de las artesan\u00edas que artesanos producen en este municipio.<\/p>\n<p>Por otra parte, invit\u00f3 a la ciudadan\u00eda a acercarse a la Feria de la Nieve, que regresa a partir de este a\u00f1o, luego de la pandemia por Covid-19. Igualmente, realiz\u00f3 la invitaci\u00f3n a la representaci\u00f3n de la pasi\u00f3n de Cristo que se lleva a cabo en Ozumba.<\/p>\n<p>&#8220;Nuestro municipio fue uno de los que estuvieron buscando soluciones para no verse afectada la econom\u00eda. Hemos estado trabajando en la creaci\u00f3n de espacios con el prop\u00f3sito de fortalecer la situaci\u00f3n econ\u00f3mica del municipio&#8221;, destac\u00f3 Mart\u00ednez Castillo.<\/p>\n<p>El Gobierno Municipal ten\u00eda planeado el atraso de este proyecto; sin embargo, atendi\u00f3 las necesidades de los comerciantes, puesto que se consider\u00f3 que la mayor\u00eda de los habitantes ya cuentan su esquema de vacunaci\u00f3n completo y teniendo una buena condici\u00f3n para ponerlo en marcha.<\/p>\n","protected":false},"excerpt":{"rendered":"<p>Ozumba, Estado de M\u00e9xico.- El presidente municipal Valent\u00edn Mart\u00ednez Castillo realiz\u00f3 la inauguraci\u00f3n de la<\/p>\n","protected":false},"author":1,"featured_media":12673,"comment_status":"open","ping_status":"open","sticky":false,"template":"","format":"standard","meta":{"footnotes":""},"categories":[1],"tags":[14],"class_list":["post-12672","post","type-post","status-publish","format-standard","has-post-thumbnail","hentry","category-municipales","tag-ozumba"],"yoast_head":"<!-- This site is optimized with the Yoast SEO plugin v25.3 - https:\/\/yoast.com\/wordpress\/plugins\/seo\/ -->\n<title>Inauguran Plaza del Artesano en Ozumba - Volcanes<\/title>\n<meta name=\"robots\" content=\"index, follow, max-snippet:-1, max-image-preview:large, max-video-preview:-1\" \/>\n<link rel=\"canonical\" href=\"https:\/\/volcanes.net\/?p=12672\" \/>\n<meta property=\"og:locale\" content=\"es_MX\" \/>\n<meta property=\"og:type\" content=\"article\" \/>\n<meta property=\"og:title\" content=\"Inauguran Plaza del Artesano en Ozumba - Volcanes\" \/>\n<meta property=\"og:description\" content=\"Ozumba, Estado de M\u00e9xico.- El presidente municipal Valent\u00edn Mart\u00ednez Castillo realiz\u00f3 la inauguraci\u00f3n de la\" \/>\n<meta property=\"og:url\" content=\"https:\/\/volcanes.net\/?p=12672\" \/>\n<meta property=\"og:site_name\" content=\"Volcanes\" \/>\n<meta property=\"article:publisher\" content=\"https:\/\/www.facebook.com\/volcanes.net\/\" \/>\n<meta property=\"article:published_time\" content=\"2022-04-15T20:11:35+00:00\" \/>\n<meta property=\"og:image\" content=\"https:\/\/volcanes.net\/wp-content\/uploads\/2022\/04\/Screenshot_20220415-150712_Facebook.jpg\" \/>\n\t<meta property=\"og:image:width\" content=\"1080\" \/>\n\t<meta property=\"og:image:height\" content=\"600\" \/>\n\t<meta property=\"og:image:type\" content=\"image\/jpeg\" \/>\n<meta name=\"author\" content=\"admin\" \/>\n<meta name=\"twitter:card\" content=\"summary_large_image\" \/>\n<meta name=\"twitter:label1\" content=\"Escrito por\" \/>\n\t<meta name=\"twitter:data1\" content=\"admin\" \/>\n\t<meta name=\"twitter:label2\" content=\"Tiempo de lectura\" \/>\n\t<meta name=\"twitter:data2\" content=\"1 minuto\" \/>\n<script type=\"application\/ld+json\" class=\"yoast-schema-graph\">{\"@context\":\"https:\/\/schema.org\",\"@graph\":[{\"@type\":\"Article\",\"@id\":\"https:\/\/volcanes.net\/?p=12672#article\",\"isPartOf\":{\"@id\":\"https:\/\/volcanes.net\/?p=12672\"},\"author\":{\"name\":\"admin\",\"@id\":\"https:\/\/volcanes.net\/#\/schema\/person\/4bf0f383940966a4abd53f5048c0e6b9\"},\"headline\":\"Inauguran Plaza del Artesano en Ozumba\",\"datePublished\":\"2022-04-15T20:11:35+00:00\",\"mainEntityOfPage\":{\"@id\":\"https:\/\/volcanes.net\/?p=12672\"},\"wordCount\":190,\"commentCount\":0,\"publisher\":{\"@id\":\"https:\/\/volcanes.net\/#organization\"},\"image\":{\"@id\":\"https:\/\/volcanes.net\/?p=12672#primaryimage\"},\"thumbnailUrl\":\"https:\/\/volcanes.net\/wp-content\/uploads\/2022\/04\/Screenshot_20220415-150712_Facebook.jpg\",\"keywords\":[\"Ozumba\"],\"articleSection\":[\"Municipales\"],\"inLanguage\":\"es\",\"potentialAction\":[{\"@type\":\"CommentAction\",\"name\":\"Comment\",\"target\":[\"https:\/\/volcanes.net\/?p=12672#respond\"]}]},{\"@type\":\"WebPage\",\"@id\":\"https:\/\/volcanes.net\/?p=12672\",\"url\":\"https:\/\/volcanes.net\/?p=12672\",\"name\":\"Inauguran Plaza del Artesano en Ozumba - Volcanes\",\"isPartOf\":{\"@id\":\"https:\/\/volcanes.net\/#website\"},\"primaryImageOfPage\":{\"@id\":\"https:\/\/volcanes.net\/?p=12672#primaryimage\"},\"image\":{\"@id\":\"https:\/\/volcanes.net\/?p=12672#primaryimage\"},\"thumbnailUrl\":\"https:\/\/volcanes.net\/wp-content\/uploads\/2022\/04\/Screenshot_20220415-150712_Facebook.jpg\",\"datePublished\":\"2022-04-15T20:11:35+00:00\",\"breadcrumb\":{\"@id\":\"https:\/\/volcanes.net\/?p=12672#breadcrumb\"},\"inLanguage\":\"es\",\"potentialAction\":[{\"@type\":\"ReadAction\",\"target\":[\"https:\/\/volcanes.net\/?p=12672\"]}]},{\"@type\":\"ImageObject\",\"inLanguage\":\"es\",\"@id\":\"https:\/\/volcanes.net\/?p=12672#primaryimage\",\"url\":\"https:\/\/volcanes.net\/wp-content\/uploads\/2022\/04\/Screenshot_20220415-150712_Facebook.jpg\",\"contentUrl\":\"https:\/\/volcanes.net\/wp-content\/uploads\/2022\/04\/Screenshot_20220415-150712_Facebook.jpg\",\"width\":1080,\"height\":600},{\"@type\":\"BreadcrumbList\",\"@id\":\"https:\/\/volcanes.net\/?p=12672#breadcrumb\",\"itemListElement\":[{\"@type\":\"ListItem\",\"position\":1,\"name\":\"Portada\",\"item\":\"https:\/\/volcanes.net\/\"},{\"@type\":\"ListItem\",\"position\":2,\"name\":\"Inauguran Plaza del Artesano en Ozumba\"}]},{\"@type\":\"WebSite\",\"@id\":\"https:\/\/volcanes.net\/#website\",\"url\":\"https:\/\/volcanes.net\/\",\"name\":\"Volcanes.Net\",\"description\":\"Periodismo Profesional\",\"publisher\":{\"@id\":\"https:\/\/volcanes.net\/#organization\"},\"potentialAction\":[{\"@type\":\"SearchAction\",\"target\":{\"@type\":\"EntryPoint\",\"urlTemplate\":\"https:\/\/volcanes.net\/?s={search_term_string}\"},\"query-input\":{\"@type\":\"PropertyValueSpecification\",\"valueRequired\":true,\"valueName\":\"search_term_string\"}}],\"inLanguage\":\"es\"},{\"@type\":\"Organization\",\"@id\":\"https:\/\/volcanes.net\/#organization\",\"name\":\"Grupo Volcanes\",\"url\":\"https:\/\/volcanes.net\/\",\"logo\":{\"@type\":\"ImageObject\",\"inLanguage\":\"es\",\"@id\":\"https:\/\/volcanes.net\/#\/schema\/logo\/image\/\",\"url\":\"http:\/\/volcanes.net\/wp-content\/uploads\/2017\/12\/Avatar2.jpg\",\"contentUrl\":\"http:\/\/volcanes.net\/wp-content\/uploads\/2017\/12\/Avatar2.jpg\",\"width\":378,\"height\":378,\"caption\":\"Grupo Volcanes\"},\"image\":{\"@id\":\"https:\/\/volcanes.net\/#\/schema\/logo\/image\/\"},\"sameAs\":[\"https:\/\/www.facebook.com\/volcanes.net\/\"]},{\"@type\":\"Person\",\"@id\":\"https:\/\/volcanes.net\/#\/schema\/person\/4bf0f383940966a4abd53f5048c0e6b9\",\"name\":\"admin\",\"image\":{\"@type\":\"ImageObject\",\"inLanguage\":\"es\",\"@id\":\"https:\/\/volcanes.net\/#\/schema\/person\/image\/\",\"url\":\"https:\/\/secure.gravatar.com\/avatar\/ca004e6cba8462b8cb7abc86e382930c?s=96&d=mm&r=g\",\"contentUrl\":\"https:\/\/secure.gravatar.com\/avatar\/ca004e6cba8462b8cb7abc86e382930c?s=96&d=mm&r=g\",\"caption\":\"admin\"}}]}<\/script>\n<!-- \/ Yoast SEO plugin. -->","yoast_head_json":{"title":"Inauguran Plaza del Artesano en Ozumba - Volcanes","robots":{"index":"index","follow":"follow","max-snippet":"max-snippet:-1","max-image-preview":"max-image-preview:large","max-video-preview":"max-video-preview:-1"},"canonical":"https:\/\/volcanes.net\/?p=12672","og_locale":"es_MX","og_type":"article","og_title":"Inauguran Plaza del Artesano en Ozumba - Volcanes","og_description":"Ozumba, Estado de M\u00e9xico.- El presidente municipal Valent\u00edn Mart\u00ednez Castillo realiz\u00f3 la inauguraci\u00f3n de la","og_url":"https:\/\/volcanes.net\/?p=12672","og_site_name":"Volcanes","article_publisher":"https:\/\/www.facebook.com\/volcanes.net\/","article_published_time":"2022-04-15T20:11:35+00:00","og_image":[{"width":1080,"height":600,"url":"https:\/\/volcanes.net\/wp-content\/uploads\/2022\/04\/Screenshot_20220415-150712_Facebook.jpg","type":"image\/jpeg"}],"author":"admin","twitter_card":"summary_large_image","twitter_misc":{"Escrito por":"admin","Tiempo de lectura":"1 minuto"},"schema":{"@context":"https:\/\/schema.org","@graph":[{"@type":"Article","@id":"https:\/\/volcanes.net\/?p=12672#article","isPartOf":{"@id":"https:\/\/volcanes.net\/?p=12672"},"author":{"name":"admin","@id":"https:\/\/volcanes.net\/#\/schema\/person\/4bf0f383940966a4abd53f5048c0e6b9"},"headline":"Inauguran Plaza del Artesano en Ozumba","datePublished":"2022-04-15T20:11:35+00:00","mainEntityOfPage":{"@id":"https:\/\/volcanes.net\/?p=12672"},"wordCount":190,"commentCount":0,"publisher":{"@id":"https:\/\/volcanes.net\/#organization"},"image":{"@id":"https:\/\/volcanes.net\/?p=12672#primaryimage"},"thumbnailUrl":"https:\/\/volcanes.net\/wp-content\/uploads\/2022\/04\/Screenshot_20220415-150712_Facebook.jpg","keywords":["Ozumba"],"articleSection":["Municipales"],"inLanguage":"es","potentialAction":[{"@type":"CommentAction","name":"Comment","target":["https:\/\/volcanes.net\/?p=12672#respond"]}]},{"@type":"WebPage","@id":"https:\/\/volcanes.net\/?p=12672","url":"https:\/\/volcanes.net\/?p=12672","name":"Inauguran Plaza del Artesano en Ozumba - Volcanes","isPartOf":{"@id":"https:\/\/volcanes.net\/#website"},"primaryImageOfPage":{"@id":"https:\/\/volcanes.net\/?p=12672#primaryimage"},"image":{"@id":"https:\/\/volcanes.net\/?p=12672#primaryimage"},"thumbnailUrl":"https:\/\/volcanes.net\/wp-content\/uploads\/2022\/04\/Screenshot_20220415-150712_Facebook.jpg","datePublished":"2022-04-15T20:11:35+00:00","breadcrumb":{"@id":"https:\/\/volcanes.net\/?p=12672#breadcrumb"},"inLanguage":"es","potentialAction":[{"@type":"ReadAction","target":["https:\/\/volcanes.net\/?p=12672"]}]},{"@type":"ImageObject","inLanguage":"es","@id":"https:\/\/volcanes.net\/?p=12672#primaryimage","url":"https:\/\/volcanes.net\/wp-content\/uploads\/2022\/04\/Screenshot_20220415-150712_Facebook.jpg","contentUrl":"https:\/\/volcanes.net\/wp-content\/uploads\/2022\/04\/Screenshot_20220415-150712_Facebook.jpg","width":1080,"height":600},{"@type":"BreadcrumbList","@id":"https:\/\/volcanes.net\/?p=12672#breadcrumb","itemListElement":[{"@type":"ListItem","position":1,"name":"Portada","item":"https:\/\/volcanes.net\/"},{"@type":"ListItem","position":2,"name":"Inauguran Plaza del Artesano en Ozumba"}]},{"@type":"WebSite","@id":"https:\/\/volcanes.net\/#website","url":"https:\/\/volcanes.net\/","name":"Volcanes.Net","description":"Periodismo Profesional","publisher":{"@id":"https:\/\/volcanes.net\/#organization"},"potentialAction":[{"@type":"SearchAction","target":{"@type":"EntryPoint","urlTemplate":"https:\/\/volcanes.net\/?s={search_term_string}"},"query-input":{"@type":"PropertyValueSpecification","valueRequired":true,"valueName":"search_term_string"}}],"inLanguage":"es"},{"@type":"Organization","@id":"https:\/\/volcanes.net\/#organization","name":"Grupo Volcanes","url":"https:\/\/volcanes.net\/","logo":{"@type":"ImageObject","inLanguage":"es","@id":"https:\/\/volcanes.net\/#\/schema\/logo\/image\/","url":"http:\/\/volcanes.net\/wp-content\/uploads\/2017\/12\/Avatar2.jpg","contentUrl":"http:\/\/volcanes.net\/wp-content\/uploads\/2017\/12\/Avatar2.jpg","width":378,"height":378,"caption":"Grupo Volcanes"},"image":{"@id":"https:\/\/volcanes.net\/#\/schema\/logo\/image\/"},"sameAs":["https:\/\/www.facebook.com\/volcanes.net\/"]},{"@type":"Person","@id":"https:\/\/volcanes.net\/#\/schema\/person\/4bf0f383940966a4abd53f5048c0e6b9","name":"admin","image":{"@type":"ImageObject","inLanguage":"es","@id":"https:\/\/volcanes.net\/#\/schema\/person\/image\/","url":"https:\/\/secure.gravatar.com\/avatar\/ca004e6cba8462b8cb7abc86e382930c?s=96&d=mm&r=g","contentUrl":"https:\/\/secure.gravatar.com\/avatar\/ca004e6cba8462b8cb7abc86e382930c?s=96&d=mm&r=g","caption":"admin"}}]}},"_links":{"self":[{"href":"https:\/\/volcanes.net\/index.php?rest_route=\/wp\/v2\/posts\/12672"}],"collection":[{"href":"https:\/\/volcanes.net\/index.php?rest_route=\/wp\/v2\/posts"}],"about":[{"href":"https:\/\/volcanes.net\/index.php?rest_route=\/wp\/v2\/types\/post"}],"author":[{"embeddable":true,"href":"https:\/\/volcanes.net\/index.php?rest_route=\/wp\/v2\/users\/1"}],"replies":[{"embeddable":true,"href":"https:\/\/volcanes.net\/index.php?rest_route=%2Fwp%2Fv2%2Fcomments&post=12672"}],"version-history":[{"count":1,"href":"https:\/\/volcanes.net\/index.php?rest_route=\/wp\/v2\/posts\/12672\/revisions"}],"predecessor-version":[{"id":12674,"href":"https:\/\/volcanes.net\/index.php?rest_route=\/wp\/v2\/posts\/12672\/revisions\/12674"}],"wp:featuredmedia":[{"embeddable":true,"href":"https:\/\/volcanes.net\/index.php?rest_route=\/wp\/v2\/media\/12673"}],"wp:attachment":[{"href":"https:\/\/volcanes.net\/index.php?rest_route=%2Fwp%2Fv2%2Fmedia&parent=12672"}],"wp:term":[{"taxonomy":"category","embeddable":true,"href":"https:\/\/volcanes.net\/index.php?rest_route=%2Fwp%2Fv2%2Fcategories&post=12672"},{"taxonomy":"post_tag","embeddable":true,"href":"https:\/\/volcanes.net\/index.php?rest_route=%2Fwp%2Fv2%2Ftags&post=12672"}],"curies":[{"name":"wp","href":"https:\/\/api.w.org\/{rel}","templated":true}]}}