{"id":12689,"date":"2022-04-19T17:29:53","date_gmt":"2022-04-19T23:29:53","guid":{"rendered":"http:\/\/volcanes.net\/?p=12689"},"modified":"2022-04-19T17:29:53","modified_gmt":"2022-04-19T23:29:53","slug":"urge-morena-a-detener-tala-inmoderada-en-atlautla","status":"publish","type":"post","link":"https:\/\/volcanes.net\/?p=12689","title":{"rendered":"Urge Morena a detener tala inmoderada en Atlautla"},"content":{"rendered":"<div style=\"margin-top: 0px; margin-bottom: 0px;\" class=\"sharethis-inline-share-buttons\" ><\/div><ul>\n<li>El gobierno estatal no ha cumplido, ni ha emprendido la inspecci\u00f3n y la vigilancia forestal a que est\u00e1 obligado, menos a\u00fan con la prevenci\u00f3n y combate: Mar\u00eda del Carmen de la Rosa<\/li>\n<li>Exhorta a Secretar\u00edas del Medio Ambiente, del Campo, PROPAEM y PROBOSQUE a intervenir y atender denuncias de pobladores<\/li>\n<li>Propone vigilancia coordinada para evitar devastaci\u00f3n, as\u00ed como la creaci\u00f3n de polic\u00edas rurales, m\u00f3dulos de vigilancia forestal y acompa\u00f1amiento de diputados<\/li>\n<\/ul>\n<p>&nbsp;<\/p>\n<p>&nbsp;<\/p>\n<p>Toluca, Estado de M\u00e9xico.- Es urgente detener la tala inmoderada en la Comunidad de San Miguel Atlautla, que el gobierno estatal cumpla con su obligaci\u00f3n de inspecci\u00f3n y vigilancia forestal, y con acciones eficientes de prevenci\u00f3n y de combate a la extracci\u00f3n ilegal, y que las autoridades correspondientes atiendan las denuncias presentadas por vecinos de Atlautla y se castigue a los responsables, afirm\u00f3 la diputada local de Morena, Mar\u00eda del Carmen de la Rosa Mendoza.<\/p>\n<p>La diputada a nombre del Grupo Parlamentario de Morena present\u00f3 el punto de acuerdo mediante el cual se exhorta a los Titulares de la Secretar\u00eda del Medio Ambiente del Estado de M\u00e9xico, de la Procuradur\u00eda de Protecci\u00f3n al Ambiente del Estado de M\u00e9xico (PROPAEM), de la Secretar\u00eda del Campo, de la Protectora de Bosques del Estado de M\u00e9xico (PROBOSQUE), para que, en el \u00e1mbito de sus correspondientes atribuciones, intervengan urgentemente para detener la tala inmoderada en dicha comunidad y atiendan las denuncias presentadas por vecinos del municipio de Atlautla.<\/p>\n<p>Denunci\u00f3 que no se deben buscar causantes, en los da\u00f1os al medio ambiente, como lo es la deforestaci\u00f3n, porque la omisi\u00f3n, irresponsabilidad, el incumplimiento legal y \u00e9tico, la coalici\u00f3n directa o indirecta con grupos delictivos la tenemos junto muy cerca de nosotros, justo aqu\u00ed en el Estado de M\u00e9xico.<\/p>\n<p>La legisladora propuso que se realicen acciones que ayuden a resarcir el da\u00f1o causado, vigilancia coordinada, para evitar devastaci\u00f3n, as\u00ed como la creaci\u00f3n de polic\u00edas rurales, m\u00f3dulos de vigilancia forestal y hasta el acompa\u00f1amiento de los legisladores.<\/p>\n<p>En el pleno, hizo referencia a lo que sucedi\u00f3 el pasado domingo cuando diputados federales del PRI-PAN-PRD rechazaron la reforma energ\u00e9tica y traicionaron al pa\u00eds, por una supuesta defensa de la producci\u00f3n de energ\u00edas limpias, adem\u00e1s cuestion\u00f3 donde est\u00e1n los falsos defensores del medio ambiente, fue la complicidad con grandes capitales, por ello el grave problema del agua, que se pierden por explotaci\u00f3n de bosques y nuevamente cuestion\u00f3 que han hecho para parar la devastaci\u00f3n los defensores de las energ\u00edas limpias. Y revel\u00f3 que unos cuantos siempre hacen negocios a costa de los pobres, hay una doble moral que condujeron a la doble traici\u00f3n de la energ\u00eda el\u00e9ctrica.<\/p>\n<p>El calentamiento global de la cuenca del Valle de M\u00e9xico, puede ser reversible y sus causas saltan a la vista, como las alianzas usureras del PAN-PRI-PRD, han conducido al peligro de la extinci\u00f3n, recordemos que todos pagaremos las consecuencias.<\/p>\n<p>Revel\u00f3 que de acuerdo a PROBOSQUE, en el Estado de M\u00e9xico existen cinco zonas cr\u00edticas por el delito de tala clandestina, que comprenden 21 municipios mexiquenses, como es el caso del Nevado de Tsoluca, Zinacantepec, Coatepec Harinas, Almoloya de Alquisiras, Amecameca, Ozumba, Ecatzingo, Ocuilan, Xalatlaco, Santiago Tianguistenco, Xonacatl\u00e1n, Otzolotepec y en los \u00faltimos tiempos Atlautla.<\/p>\n<p>Ante los distintos sucesos que padecen los pobladores de Atlautla, enfatiz\u00f3, crece la impotencia de quienes reciben amenazas de los taladores, y el gobierno del Estado ha incumplido con sus obligaciones en la materia, establecidas en art\u00edculo 7 de la Ley General del Equilibrio Ecol\u00f3gico y la Protecci\u00f3n al Ambiente, as\u00ed como las enmarcadas en el C\u00f3digo para la Biodiversidad del Estado de M\u00e9xico, ya que ni ha emprendido la inspecci\u00f3n y la vigilancia forestal a que est\u00e1 obligado, menos a\u00fan acciones eficientes y eficaces de prevenci\u00f3n y de combate a la extracci\u00f3n ilegal y tala clandestina de los recursos forestales, abandonando a su suerte incluso a las autoridades municipales en la recurrencia de tales il\u00edcitos.<\/p>\n<p>En tribuna la diputada de Morena, reiter\u00f3 \u201cno es posible prestar o\u00eddos sordos al clamor de nuestros compatriotas y vecinos del municipio de Atlautla, m\u00e1s a\u00fan cuando defienden los pulmones boscosos, que respetan las leyes y las aplican para la debida explotaci\u00f3n maderera, sin perjuicio del medio ambiente y sus beneficios para la vida en toda la regi\u00f3n, el estado, el pa\u00eds y el planeta entero\u201d.<\/p>\n<p>Pese a las denuncias, destac\u00f3 la legisladora, los habitantes de la Comunidad de San Miguel, del Municipio de Atlautla, externan su preocupaci\u00f3n por que ven que no surten efecto para mitigar los continuos hechos delictivos de tala de sus bosques, \u00fanicamente se han declarado como asuntos total y definitivamente concluidos.<\/p>\n<p>Puntualiz\u00f3, que la Comunidad de San Miguel, municipio de Atlautla, incluido en las zonas cr\u00edticas azotadas por el delito de la tala clandestina, aprovechamiento y transportaci\u00f3n de productos maderables forestales, en el paraje denominado \u201cCabeza de Toro\u201d, ha solicitado denodadamente la intervenci\u00f3n de las autoridades estatales, pr\u00e1cticamente sin resultado alguno.<\/p>\n","protected":false},"excerpt":{"rendered":"<p>El gobierno estatal no ha cumplido, ni ha emprendido la inspecci\u00f3n y la vigilancia forestal<\/p>\n","protected":false},"author":1,"featured_media":12690,"comment_status":"open","ping_status":"open","sticky":false,"template":"","format":"standard","meta":{"footnotes":""},"categories":[3],"tags":[80,309,41],"class_list":["post-12689","post","type-post","status-publish","format-standard","has-post-thumbnail","hentry","category-estatales","tag-atlautla","tag-lxi-legislatura-del-estado-de-mexico","tag-toluca"],"yoast_head":"<!-- This site is optimized with the Yoast SEO plugin v25.3 - https:\/\/yoast.com\/wordpress\/plugins\/seo\/ -->\n<title>Urge Morena a detener tala inmoderada en Atlautla - Volcanes<\/title>\n<meta name=\"robots\" content=\"index, follow, max-snippet:-1, max-image-preview:large, max-video-preview:-1\" \/>\n<link rel=\"canonical\" href=\"https:\/\/volcanes.net\/?p=12689\" \/>\n<meta property=\"og:locale\" content=\"es_MX\" \/>\n<meta property=\"og:type\" content=\"article\" \/>\n<meta property=\"og:title\" content=\"Urge Morena a detener tala inmoderada en Atlautla - Volcanes\" \/>\n<meta property=\"og:description\" content=\"El gobierno estatal no ha cumplido, ni ha emprendido la inspecci\u00f3n y la vigilancia forestal\" \/>\n<meta property=\"og:url\" content=\"https:\/\/volcanes.net\/?p=12689\" \/>\n<meta property=\"og:site_name\" content=\"Volcanes\" \/>\n<meta property=\"article:publisher\" content=\"https:\/\/www.facebook.com\/volcanes.net\/\" \/>\n<meta property=\"article:published_time\" content=\"2022-04-19T23:29:53+00:00\" \/>\n<meta property=\"og:image\" content=\"https:\/\/volcanes.net\/wp-content\/uploads\/2022\/04\/IMG-20220419-WA0002.jpg\" \/>\n\t<meta property=\"og:image:width\" content=\"1280\" \/>\n\t<meta property=\"og:image:height\" content=\"960\" \/>\n\t<meta property=\"og:image:type\" content=\"image\/jpeg\" \/>\n<meta name=\"author\" content=\"admin\" \/>\n<meta name=\"twitter:card\" content=\"summary_large_image\" \/>\n<meta name=\"twitter:label1\" content=\"Escrito por\" \/>\n\t<meta name=\"twitter:data1\" content=\"admin\" \/>\n\t<meta name=\"twitter:label2\" content=\"Tiempo de lectura\" \/>\n\t<meta name=\"twitter:data2\" content=\"4 minutos\" \/>\n<script type=\"application\/ld+json\" class=\"yoast-schema-graph\">{\"@context\":\"https:\/\/schema.org\",\"@graph\":[{\"@type\":\"Article\",\"@id\":\"https:\/\/volcanes.net\/?p=12689#article\",\"isPartOf\":{\"@id\":\"https:\/\/volcanes.net\/?p=12689\"},\"author\":{\"name\":\"admin\",\"@id\":\"https:\/\/volcanes.net\/#\/schema\/person\/4bf0f383940966a4abd53f5048c0e6b9\"},\"headline\":\"Urge Morena a detener tala inmoderada en Atlautla\",\"datePublished\":\"2022-04-19T23:29:53+00:00\",\"mainEntityOfPage\":{\"@id\":\"https:\/\/volcanes.net\/?p=12689\"},\"wordCount\":886,\"commentCount\":0,\"publisher\":{\"@id\":\"https:\/\/volcanes.net\/#organization\"},\"image\":{\"@id\":\"https:\/\/volcanes.net\/?p=12689#primaryimage\"},\"thumbnailUrl\":\"https:\/\/volcanes.net\/wp-content\/uploads\/2022\/04\/IMG-20220419-WA0002.jpg\",\"keywords\":[\"Atlautla\",\"LXI Legislatura del Estado de M\u00e9xico\",\"Toluca\"],\"articleSection\":[\"Estatales\"],\"inLanguage\":\"es\",\"potentialAction\":[{\"@type\":\"CommentAction\",\"name\":\"Comment\",\"target\":[\"https:\/\/volcanes.net\/?p=12689#respond\"]}]},{\"@type\":\"WebPage\",\"@id\":\"https:\/\/volcanes.net\/?p=12689\",\"url\":\"https:\/\/volcanes.net\/?p=12689\",\"name\":\"Urge Morena a detener tala inmoderada en Atlautla - Volcanes\",\"isPartOf\":{\"@id\":\"https:\/\/volcanes.net\/#website\"},\"primaryImageOfPage\":{\"@id\":\"https:\/\/volcanes.net\/?p=12689#primaryimage\"},\"image\":{\"@id\":\"https:\/\/volcanes.net\/?p=12689#primaryimage\"},\"thumbnailUrl\":\"https:\/\/volcanes.net\/wp-content\/uploads\/2022\/04\/IMG-20220419-WA0002.jpg\",\"datePublished\":\"2022-04-19T23:29:53+00:00\",\"breadcrumb\":{\"@id\":\"https:\/\/volcanes.net\/?p=12689#breadcrumb\"},\"inLanguage\":\"es\",\"potentialAction\":[{\"@type\":\"ReadAction\",\"target\":[\"https:\/\/volcanes.net\/?p=12689\"]}]},{\"@type\":\"ImageObject\",\"inLanguage\":\"es\",\"@id\":\"https:\/\/volcanes.net\/?p=12689#primaryimage\",\"url\":\"https:\/\/volcanes.net\/wp-content\/uploads\/2022\/04\/IMG-20220419-WA0002.jpg\",\"contentUrl\":\"https:\/\/volcanes.net\/wp-content\/uploads\/2022\/04\/IMG-20220419-WA0002.jpg\",\"width\":1280,\"height\":960},{\"@type\":\"BreadcrumbList\",\"@id\":\"https:\/\/volcanes.net\/?p=12689#breadcrumb\",\"itemListElement\":[{\"@type\":\"ListItem\",\"position\":1,\"name\":\"Portada\",\"item\":\"https:\/\/volcanes.net\/\"},{\"@type\":\"ListItem\",\"position\":2,\"name\":\"Urge Morena a detener tala inmoderada en Atlautla\"}]},{\"@type\":\"WebSite\",\"@id\":\"https:\/\/volcanes.net\/#website\",\"url\":\"https:\/\/volcanes.net\/\",\"name\":\"Volcanes.Net\",\"description\":\"Periodismo Profesional\",\"publisher\":{\"@id\":\"https:\/\/volcanes.net\/#organization\"},\"potentialAction\":[{\"@type\":\"SearchAction\",\"target\":{\"@type\":\"EntryPoint\",\"urlTemplate\":\"https:\/\/volcanes.net\/?s={search_term_string}\"},\"query-input\":{\"@type\":\"PropertyValueSpecification\",\"valueRequired\":true,\"valueName\":\"search_term_string\"}}],\"inLanguage\":\"es\"},{\"@type\":\"Organization\",\"@id\":\"https:\/\/volcanes.net\/#organization\",\"name\":\"Grupo Volcanes\",\"url\":\"https:\/\/volcanes.net\/\",\"logo\":{\"@type\":\"ImageObject\",\"inLanguage\":\"es\",\"@id\":\"https:\/\/volcanes.net\/#\/schema\/logo\/image\/\",\"url\":\"http:\/\/volcanes.net\/wp-content\/uploads\/2017\/12\/Avatar2.jpg\",\"contentUrl\":\"http:\/\/volcanes.net\/wp-content\/uploads\/2017\/12\/Avatar2.jpg\",\"width\":378,\"height\":378,\"caption\":\"Grupo Volcanes\"},\"image\":{\"@id\":\"https:\/\/volcanes.net\/#\/schema\/logo\/image\/\"},\"sameAs\":[\"https:\/\/www.facebook.com\/volcanes.net\/\"]},{\"@type\":\"Person\",\"@id\":\"https:\/\/volcanes.net\/#\/schema\/person\/4bf0f383940966a4abd53f5048c0e6b9\",\"name\":\"admin\",\"image\":{\"@type\":\"ImageObject\",\"inLanguage\":\"es\",\"@id\":\"https:\/\/volcanes.net\/#\/schema\/person\/image\/\",\"url\":\"https:\/\/secure.gravatar.com\/avatar\/ca004e6cba8462b8cb7abc86e382930c?s=96&d=mm&r=g\",\"contentUrl\":\"https:\/\/secure.gravatar.com\/avatar\/ca004e6cba8462b8cb7abc86e382930c?s=96&d=mm&r=g\",\"caption\":\"admin\"}}]}<\/script>\n<!-- \/ Yoast SEO plugin. -->","yoast_head_json":{"title":"Urge Morena a detener tala inmoderada en Atlautla - Volcanes","robots":{"index":"index","follow":"follow","max-snippet":"max-snippet:-1","max-image-preview":"max-image-preview:large","max-video-preview":"max-video-preview:-1"},"canonical":"https:\/\/volcanes.net\/?p=12689","og_locale":"es_MX","og_type":"article","og_title":"Urge Morena a detener tala inmoderada en Atlautla - Volcanes","og_description":"El gobierno estatal no ha cumplido, ni ha emprendido la inspecci\u00f3n y la vigilancia forestal","og_url":"https:\/\/volcanes.net\/?p=12689","og_site_name":"Volcanes","article_publisher":"https:\/\/www.facebook.com\/volcanes.net\/","article_published_time":"2022-04-19T23:29:53+00:00","og_image":[{"width":1280,"height":960,"url":"https:\/\/volcanes.net\/wp-content\/uploads\/2022\/04\/IMG-20220419-WA0002.jpg","type":"image\/jpeg"}],"author":"admin","twitter_card":"summary_large_image","twitter_misc":{"Escrito por":"admin","Tiempo de lectura":"4 minutos"},"schema":{"@context":"https:\/\/schema.org","@graph":[{"@type":"Article","@id":"https:\/\/volcanes.net\/?p=12689#article","isPartOf":{"@id":"https:\/\/volcanes.net\/?p=12689"},"author":{"name":"admin","@id":"https:\/\/volcanes.net\/#\/schema\/person\/4bf0f383940966a4abd53f5048c0e6b9"},"headline":"Urge Morena a detener tala inmoderada en Atlautla","datePublished":"2022-04-19T23:29:53+00:00","mainEntityOfPage":{"@id":"https:\/\/volcanes.net\/?p=12689"},"wordCount":886,"commentCount":0,"publisher":{"@id":"https:\/\/volcanes.net\/#organization"},"image":{"@id":"https:\/\/volcanes.net\/?p=12689#primaryimage"},"thumbnailUrl":"https:\/\/volcanes.net\/wp-content\/uploads\/2022\/04\/IMG-20220419-WA0002.jpg","keywords":["Atlautla","LXI Legislatura del Estado de M\u00e9xico","Toluca"],"articleSection":["Estatales"],"inLanguage":"es","potentialAction":[{"@type":"CommentAction","name":"Comment","target":["https:\/\/volcanes.net\/?p=12689#respond"]}]},{"@type":"WebPage","@id":"https:\/\/volcanes.net\/?p=12689","url":"https:\/\/volcanes.net\/?p=12689","name":"Urge Morena a detener tala inmoderada en Atlautla - Volcanes","isPartOf":{"@id":"https:\/\/volcanes.net\/#website"},"primaryImageOfPage":{"@id":"https:\/\/volcanes.net\/?p=12689#primaryimage"},"image":{"@id":"https:\/\/volcanes.net\/?p=12689#primaryimage"},"thumbnailUrl":"https:\/\/volcanes.net\/wp-content\/uploads\/2022\/04\/IMG-20220419-WA0002.jpg","datePublished":"2022-04-19T23:29:53+00:00","breadcrumb":{"@id":"https:\/\/volcanes.net\/?p=12689#breadcrumb"},"inLanguage":"es","potentialAction":[{"@type":"ReadAction","target":["https:\/\/volcanes.net\/?p=12689"]}]},{"@type":"ImageObject","inLanguage":"es","@id":"https:\/\/volcanes.net\/?p=12689#primaryimage","url":"https:\/\/volcanes.net\/wp-content\/uploads\/2022\/04\/IMG-20220419-WA0002.jpg","contentUrl":"https:\/\/volcanes.net\/wp-content\/uploads\/2022\/04\/IMG-20220419-WA0002.jpg","width":1280,"height":960},{"@type":"BreadcrumbList","@id":"https:\/\/volcanes.net\/?p=12689#breadcrumb","itemListElement":[{"@type":"ListItem","position":1,"name":"Portada","item":"https:\/\/volcanes.net\/"},{"@type":"ListItem","position":2,"name":"Urge Morena a detener tala inmoderada en Atlautla"}]},{"@type":"WebSite","@id":"https:\/\/volcanes.net\/#website","url":"https:\/\/volcanes.net\/","name":"Volcanes.Net","description":"Periodismo Profesional","publisher":{"@id":"https:\/\/volcanes.net\/#organization"},"potentialAction":[{"@type":"SearchAction","target":{"@type":"EntryPoint","urlTemplate":"https:\/\/volcanes.net\/?s={search_term_string}"},"query-input":{"@type":"PropertyValueSpecification","valueRequired":true,"valueName":"search_term_string"}}],"inLanguage":"es"},{"@type":"Organization","@id":"https:\/\/volcanes.net\/#organization","name":"Grupo Volcanes","url":"https:\/\/volcanes.net\/","logo":{"@type":"ImageObject","inLanguage":"es","@id":"https:\/\/volcanes.net\/#\/schema\/logo\/image\/","url":"http:\/\/volcanes.net\/wp-content\/uploads\/2017\/12\/Avatar2.jpg","contentUrl":"http:\/\/volcanes.net\/wp-content\/uploads\/2017\/12\/Avatar2.jpg","width":378,"height":378,"caption":"Grupo Volcanes"},"image":{"@id":"https:\/\/volcanes.net\/#\/schema\/logo\/image\/"},"sameAs":["https:\/\/www.facebook.com\/volcanes.net\/"]},{"@type":"Person","@id":"https:\/\/volcanes.net\/#\/schema\/person\/4bf0f383940966a4abd53f5048c0e6b9","name":"admin","image":{"@type":"ImageObject","inLanguage":"es","@id":"https:\/\/volcanes.net\/#\/schema\/person\/image\/","url":"https:\/\/secure.gravatar.com\/avatar\/ca004e6cba8462b8cb7abc86e382930c?s=96&d=mm&r=g","contentUrl":"https:\/\/secure.gravatar.com\/avatar\/ca004e6cba8462b8cb7abc86e382930c?s=96&d=mm&r=g","caption":"admin"}}]}},"_links":{"self":[{"href":"https:\/\/volcanes.net\/index.php?rest_route=\/wp\/v2\/posts\/12689"}],"collection":[{"href":"https:\/\/volcanes.net\/index.php?rest_route=\/wp\/v2\/posts"}],"about":[{"href":"https:\/\/volcanes.net\/index.php?rest_route=\/wp\/v2\/types\/post"}],"author":[{"embeddable":true,"href":"https:\/\/volcanes.net\/index.php?rest_route=\/wp\/v2\/users\/1"}],"replies":[{"embeddable":true,"href":"https:\/\/volcanes.net\/index.php?rest_route=%2Fwp%2Fv2%2Fcomments&post=12689"}],"version-history":[{"count":1,"href":"https:\/\/volcanes.net\/index.php?rest_route=\/wp\/v2\/posts\/12689\/revisions"}],"predecessor-version":[{"id":12691,"href":"https:\/\/volcanes.net\/index.php?rest_route=\/wp\/v2\/posts\/12689\/revisions\/12691"}],"wp:featuredmedia":[{"embeddable":true,"href":"https:\/\/volcanes.net\/index.php?rest_route=\/wp\/v2\/media\/12690"}],"wp:attachment":[{"href":"https:\/\/volcanes.net\/index.php?rest_route=%2Fwp%2Fv2%2Fmedia&parent=12689"}],"wp:term":[{"taxonomy":"category","embeddable":true,"href":"https:\/\/volcanes.net\/index.php?rest_route=%2Fwp%2Fv2%2Fcategories&post=12689"},{"taxonomy":"post_tag","embeddable":true,"href":"https:\/\/volcanes.net\/index.php?rest_route=%2Fwp%2Fv2%2Ftags&post=12689"}],"curies":[{"name":"wp","href":"https:\/\/api.w.org\/{rel}","templated":true}]}}