{"id":12696,"date":"2022-04-20T18:47:44","date_gmt":"2022-04-21T00:47:44","guid":{"rendered":"http:\/\/volcanes.net\/?p=12696"},"modified":"2022-04-20T18:47:44","modified_gmt":"2022-04-21T00:47:44","slug":"raymundo-martinez-carbajal-encabeza-faena-de-rehabilitacion-de-espacios-deportivos-y-juegos-infantiles","status":"publish","type":"post","link":"https:\/\/volcanes.net\/?p=12696","title":{"rendered":"Raymundo Mart\u00ednez Carbajal encabeza Faena de Rehabilitaci\u00f3n de Espacios Deportivos y Juegos Infantiles"},"content":{"rendered":"<div style=\"margin-top: 0px; margin-bottom: 0px;\" class=\"sharethis-inline-share-buttons\" ><\/div><ul>\n<li>Entrega patrullas para la Polic\u00eda Municipal en Las Palomas<\/li>\n<li>Realizan poda de \u00e1rboles y c\u00e9sped, pintura de juegos y canchas<\/li>\n<li>Con trabajo comunitario entre Polic\u00eda Pie a Tierra y vecinos, se recuperan espacios p\u00fablicos<\/li>\n<\/ul>\n<p>&nbsp;<\/p>\n<p>Toluca, Estado de M\u00e9xico.- En la delegaci\u00f3n Metropolitana, el Presidente Municipal de Toluca, Raymundo Mart\u00ednez Carbajal, encabez\u00f3 la entrega de patrullas para la Polic\u00eda Municipal, as\u00ed como la Rehabilitaci\u00f3n de Espacios Deportivos y Juegos Infantiles, trabajos a los que se sumaron los vecinos.<\/p>\n<p>Acompa\u00f1ado por la Presidenta del Sistema Municipal DIF Toluca, Dra. Viridiana Rodr\u00edguez Rico, el alcalde dijo a los presentes que deben organizarse en comunidad con la Polic\u00eda Pie a Tierra para recuperar cada espacio p\u00fablico, \u00e1rea verde y deportiva, en beneficio de la ni\u00f1ez y en general de todos los vecinos.<\/p>\n<p>Al iniciar la faena, que consisti\u00f3 en poda de \u00e1rboles y c\u00e9sped, aplicaci\u00f3n de pintura en la cancha y juegos infantiles, encalado de \u00e1rboles y barrido manual, Mart\u00ednez Carbajal destac\u00f3 que hoy el reto es acostumbrarse al trabajo Pie a Tierra, y que la poblaci\u00f3n tenga claro que la oficina del gobierno es la calle.<\/p>\n<p>Por ello, la jornada de rehabilitaci\u00f3n inici\u00f3 en el jard\u00edn que es apreciado por la comunidad de Las Palomas.<\/p>\n<p>Refiri\u00f3 que pronto percibir\u00e1n los trabajos de bacheo, recolecci\u00f3n de residuos y alumbrado p\u00fablico, y anunci\u00f3 que en un par de meses se recuperar\u00e1 la normalidad m\u00ednima que merece Toluca.<\/p>\n<p>Acompa\u00f1ado por el Secretario del Ayuntamiento, Marco Antonio Sandoval, integrantes del Cabildo y directores generales, Mart\u00ednez Carbajal se\u00f1al\u00f3 que se trata de formar un equipo de trabajo en el que la comunidad tenga confianza para informar a la polic\u00eda lo malo que pase en sus colonias, ya que nadie conoce mejor la din\u00e1mica diaria que los propios habitantes.<\/p>\n<p>Pidi\u00f3 apreciar y valorar el trabajo de nuestra polic\u00eda porque, cuando salen a trabajar, ponen en riesgo su vida, y lo que se quiere es que sepan que la polic\u00eda estar\u00e1 muy cerca, de modo tal que lograremos convertir a Toluca en la ciudad m\u00e1s segura.<\/p>\n<p>El mun\u00edcipe explic\u00f3 que mediante la estrategia de Polic\u00eda Pie a Tierra, los elementos se acercan a la poblaci\u00f3n y hasta hoy han visitado m\u00e1s de 200 mil casas habitaci\u00f3n y negocios, por lo que ya es una polic\u00eda que se integra socialmente a las comunidades.<\/p>\n<p>Por su parte, el delegado, Javier Ju\u00e1rez Calder\u00f3n, expres\u00f3 que es un gusto trabajar con un alcalde que cumple su palabra trabajando Pie a Tierra y, como muestra, se hizo la rehabilitaci\u00f3n del parque Las Palomas, acci\u00f3n que la ni\u00f1ez y los vecinos agradecen.<\/p>\n","protected":false},"excerpt":{"rendered":"<p>Entrega patrullas para la Polic\u00eda Municipal en Las Palomas Realizan poda de \u00e1rboles y c\u00e9sped,<\/p>\n","protected":false},"author":1,"featured_media":12697,"comment_status":"open","ping_status":"open","sticky":false,"template":"","format":"standard","meta":{"footnotes":""},"categories":[1],"tags":[41],"class_list":["post-12696","post","type-post","status-publish","format-standard","has-post-thumbnail","hentry","category-municipales","tag-toluca"],"yoast_head":"<!-- This site is optimized with the Yoast SEO plugin v25.3 - https:\/\/yoast.com\/wordpress\/plugins\/seo\/ -->\n<title>Raymundo Mart\u00ednez Carbajal encabeza Faena de Rehabilitaci\u00f3n de Espacios Deportivos y Juegos Infantiles - Volcanes<\/title>\n<meta name=\"robots\" content=\"index, follow, max-snippet:-1, max-image-preview:large, max-video-preview:-1\" \/>\n<link rel=\"canonical\" href=\"https:\/\/volcanes.net\/?p=12696\" \/>\n<meta property=\"og:locale\" content=\"es_MX\" \/>\n<meta property=\"og:type\" content=\"article\" \/>\n<meta property=\"og:title\" content=\"Raymundo Mart\u00ednez Carbajal encabeza Faena de Rehabilitaci\u00f3n de Espacios Deportivos y Juegos Infantiles - Volcanes\" \/>\n<meta property=\"og:description\" content=\"Entrega patrullas para la Polic\u00eda Municipal en Las Palomas Realizan poda de \u00e1rboles y c\u00e9sped,\" \/>\n<meta property=\"og:url\" content=\"https:\/\/volcanes.net\/?p=12696\" \/>\n<meta property=\"og:site_name\" content=\"Volcanes\" \/>\n<meta property=\"article:publisher\" content=\"https:\/\/www.facebook.com\/volcanes.net\/\" \/>\n<meta property=\"article:published_time\" content=\"2022-04-21T00:47:44+00:00\" \/>\n<meta property=\"og:image\" content=\"https:\/\/volcanes.net\/wp-content\/uploads\/2022\/04\/IMG-20220420-WA0009.jpg\" \/>\n\t<meta property=\"og:image:width\" content=\"1600\" \/>\n\t<meta property=\"og:image:height\" content=\"1066\" \/>\n\t<meta property=\"og:image:type\" content=\"image\/jpeg\" \/>\n<meta name=\"author\" content=\"admin\" \/>\n<meta name=\"twitter:card\" content=\"summary_large_image\" \/>\n<meta name=\"twitter:label1\" content=\"Escrito por\" \/>\n\t<meta name=\"twitter:data1\" content=\"admin\" \/>\n\t<meta name=\"twitter:label2\" content=\"Tiempo de lectura\" \/>\n\t<meta name=\"twitter:data2\" content=\"2 minutos\" \/>\n<script type=\"application\/ld+json\" class=\"yoast-schema-graph\">{\"@context\":\"https:\/\/schema.org\",\"@graph\":[{\"@type\":\"Article\",\"@id\":\"https:\/\/volcanes.net\/?p=12696#article\",\"isPartOf\":{\"@id\":\"https:\/\/volcanes.net\/?p=12696\"},\"author\":{\"name\":\"admin\",\"@id\":\"https:\/\/volcanes.net\/#\/schema\/person\/4bf0f383940966a4abd53f5048c0e6b9\"},\"headline\":\"Raymundo Mart\u00ednez Carbajal encabeza Faena de Rehabilitaci\u00f3n de Espacios Deportivos y Juegos Infantiles\",\"datePublished\":\"2022-04-21T00:47:44+00:00\",\"mainEntityOfPage\":{\"@id\":\"https:\/\/volcanes.net\/?p=12696\"},\"wordCount\":485,\"commentCount\":0,\"publisher\":{\"@id\":\"https:\/\/volcanes.net\/#organization\"},\"image\":{\"@id\":\"https:\/\/volcanes.net\/?p=12696#primaryimage\"},\"thumbnailUrl\":\"https:\/\/volcanes.net\/wp-content\/uploads\/2022\/04\/IMG-20220420-WA0009.jpg\",\"keywords\":[\"Toluca\"],\"articleSection\":[\"Municipales\"],\"inLanguage\":\"es\",\"potentialAction\":[{\"@type\":\"CommentAction\",\"name\":\"Comment\",\"target\":[\"https:\/\/volcanes.net\/?p=12696#respond\"]}]},{\"@type\":\"WebPage\",\"@id\":\"https:\/\/volcanes.net\/?p=12696\",\"url\":\"https:\/\/volcanes.net\/?p=12696\",\"name\":\"Raymundo Mart\u00ednez Carbajal encabeza Faena de Rehabilitaci\u00f3n de Espacios Deportivos y Juegos Infantiles - Volcanes\",\"isPartOf\":{\"@id\":\"https:\/\/volcanes.net\/#website\"},\"primaryImageOfPage\":{\"@id\":\"https:\/\/volcanes.net\/?p=12696#primaryimage\"},\"image\":{\"@id\":\"https:\/\/volcanes.net\/?p=12696#primaryimage\"},\"thumbnailUrl\":\"https:\/\/volcanes.net\/wp-content\/uploads\/2022\/04\/IMG-20220420-WA0009.jpg\",\"datePublished\":\"2022-04-21T00:47:44+00:00\",\"breadcrumb\":{\"@id\":\"https:\/\/volcanes.net\/?p=12696#breadcrumb\"},\"inLanguage\":\"es\",\"potentialAction\":[{\"@type\":\"ReadAction\",\"target\":[\"https:\/\/volcanes.net\/?p=12696\"]}]},{\"@type\":\"ImageObject\",\"inLanguage\":\"es\",\"@id\":\"https:\/\/volcanes.net\/?p=12696#primaryimage\",\"url\":\"https:\/\/volcanes.net\/wp-content\/uploads\/2022\/04\/IMG-20220420-WA0009.jpg\",\"contentUrl\":\"https:\/\/volcanes.net\/wp-content\/uploads\/2022\/04\/IMG-20220420-WA0009.jpg\",\"width\":1600,\"height\":1066},{\"@type\":\"BreadcrumbList\",\"@id\":\"https:\/\/volcanes.net\/?p=12696#breadcrumb\",\"itemListElement\":[{\"@type\":\"ListItem\",\"position\":1,\"name\":\"Portada\",\"item\":\"https:\/\/volcanes.net\/\"},{\"@type\":\"ListItem\",\"position\":2,\"name\":\"Raymundo Mart\u00ednez Carbajal encabeza Faena de Rehabilitaci\u00f3n de Espacios Deportivos y Juegos Infantiles\"}]},{\"@type\":\"WebSite\",\"@id\":\"https:\/\/volcanes.net\/#website\",\"url\":\"https:\/\/volcanes.net\/\",\"name\":\"Volcanes.Net\",\"description\":\"Periodismo Profesional\",\"publisher\":{\"@id\":\"https:\/\/volcanes.net\/#organization\"},\"potentialAction\":[{\"@type\":\"SearchAction\",\"target\":{\"@type\":\"EntryPoint\",\"urlTemplate\":\"https:\/\/volcanes.net\/?s={search_term_string}\"},\"query-input\":{\"@type\":\"PropertyValueSpecification\",\"valueRequired\":true,\"valueName\":\"search_term_string\"}}],\"inLanguage\":\"es\"},{\"@type\":\"Organization\",\"@id\":\"https:\/\/volcanes.net\/#organization\",\"name\":\"Grupo Volcanes\",\"url\":\"https:\/\/volcanes.net\/\",\"logo\":{\"@type\":\"ImageObject\",\"inLanguage\":\"es\",\"@id\":\"https:\/\/volcanes.net\/#\/schema\/logo\/image\/\",\"url\":\"http:\/\/volcanes.net\/wp-content\/uploads\/2017\/12\/Avatar2.jpg\",\"contentUrl\":\"http:\/\/volcanes.net\/wp-content\/uploads\/2017\/12\/Avatar2.jpg\",\"width\":378,\"height\":378,\"caption\":\"Grupo Volcanes\"},\"image\":{\"@id\":\"https:\/\/volcanes.net\/#\/schema\/logo\/image\/\"},\"sameAs\":[\"https:\/\/www.facebook.com\/volcanes.net\/\"]},{\"@type\":\"Person\",\"@id\":\"https:\/\/volcanes.net\/#\/schema\/person\/4bf0f383940966a4abd53f5048c0e6b9\",\"name\":\"admin\",\"image\":{\"@type\":\"ImageObject\",\"inLanguage\":\"es\",\"@id\":\"https:\/\/volcanes.net\/#\/schema\/person\/image\/\",\"url\":\"https:\/\/secure.gravatar.com\/avatar\/ca004e6cba8462b8cb7abc86e382930c?s=96&d=mm&r=g\",\"contentUrl\":\"https:\/\/secure.gravatar.com\/avatar\/ca004e6cba8462b8cb7abc86e382930c?s=96&d=mm&r=g\",\"caption\":\"admin\"}}]}<\/script>\n<!-- \/ Yoast SEO plugin. -->","yoast_head_json":{"title":"Raymundo Mart\u00ednez Carbajal encabeza Faena de Rehabilitaci\u00f3n de Espacios Deportivos y Juegos Infantiles - Volcanes","robots":{"index":"index","follow":"follow","max-snippet":"max-snippet:-1","max-image-preview":"max-image-preview:large","max-video-preview":"max-video-preview:-1"},"canonical":"https:\/\/volcanes.net\/?p=12696","og_locale":"es_MX","og_type":"article","og_title":"Raymundo Mart\u00ednez Carbajal encabeza Faena de Rehabilitaci\u00f3n de Espacios Deportivos y Juegos Infantiles - Volcanes","og_description":"Entrega patrullas para la Polic\u00eda Municipal en Las Palomas Realizan poda de \u00e1rboles y c\u00e9sped,","og_url":"https:\/\/volcanes.net\/?p=12696","og_site_name":"Volcanes","article_publisher":"https:\/\/www.facebook.com\/volcanes.net\/","article_published_time":"2022-04-21T00:47:44+00:00","og_image":[{"width":1600,"height":1066,"url":"https:\/\/volcanes.net\/wp-content\/uploads\/2022\/04\/IMG-20220420-WA0009.jpg","type":"image\/jpeg"}],"author":"admin","twitter_card":"summary_large_image","twitter_misc":{"Escrito por":"admin","Tiempo de lectura":"2 minutos"},"schema":{"@context":"https:\/\/schema.org","@graph":[{"@type":"Article","@id":"https:\/\/volcanes.net\/?p=12696#article","isPartOf":{"@id":"https:\/\/volcanes.net\/?p=12696"},"author":{"name":"admin","@id":"https:\/\/volcanes.net\/#\/schema\/person\/4bf0f383940966a4abd53f5048c0e6b9"},"headline":"Raymundo Mart\u00ednez Carbajal encabeza Faena de Rehabilitaci\u00f3n de Espacios Deportivos y Juegos Infantiles","datePublished":"2022-04-21T00:47:44+00:00","mainEntityOfPage":{"@id":"https:\/\/volcanes.net\/?p=12696"},"wordCount":485,"commentCount":0,"publisher":{"@id":"https:\/\/volcanes.net\/#organization"},"image":{"@id":"https:\/\/volcanes.net\/?p=12696#primaryimage"},"thumbnailUrl":"https:\/\/volcanes.net\/wp-content\/uploads\/2022\/04\/IMG-20220420-WA0009.jpg","keywords":["Toluca"],"articleSection":["Municipales"],"inLanguage":"es","potentialAction":[{"@type":"CommentAction","name":"Comment","target":["https:\/\/volcanes.net\/?p=12696#respond"]}]},{"@type":"WebPage","@id":"https:\/\/volcanes.net\/?p=12696","url":"https:\/\/volcanes.net\/?p=12696","name":"Raymundo Mart\u00ednez Carbajal encabeza Faena de Rehabilitaci\u00f3n de Espacios Deportivos y Juegos Infantiles - Volcanes","isPartOf":{"@id":"https:\/\/volcanes.net\/#website"},"primaryImageOfPage":{"@id":"https:\/\/volcanes.net\/?p=12696#primaryimage"},"image":{"@id":"https:\/\/volcanes.net\/?p=12696#primaryimage"},"thumbnailUrl":"https:\/\/volcanes.net\/wp-content\/uploads\/2022\/04\/IMG-20220420-WA0009.jpg","datePublished":"2022-04-21T00:47:44+00:00","breadcrumb":{"@id":"https:\/\/volcanes.net\/?p=12696#breadcrumb"},"inLanguage":"es","potentialAction":[{"@type":"ReadAction","target":["https:\/\/volcanes.net\/?p=12696"]}]},{"@type":"ImageObject","inLanguage":"es","@id":"https:\/\/volcanes.net\/?p=12696#primaryimage","url":"https:\/\/volcanes.net\/wp-content\/uploads\/2022\/04\/IMG-20220420-WA0009.jpg","contentUrl":"https:\/\/volcanes.net\/wp-content\/uploads\/2022\/04\/IMG-20220420-WA0009.jpg","width":1600,"height":1066},{"@type":"BreadcrumbList","@id":"https:\/\/volcanes.net\/?p=12696#breadcrumb","itemListElement":[{"@type":"ListItem","position":1,"name":"Portada","item":"https:\/\/volcanes.net\/"},{"@type":"ListItem","position":2,"name":"Raymundo Mart\u00ednez Carbajal encabeza Faena de Rehabilitaci\u00f3n de Espacios Deportivos y Juegos Infantiles"}]},{"@type":"WebSite","@id":"https:\/\/volcanes.net\/#website","url":"https:\/\/volcanes.net\/","name":"Volcanes.Net","description":"Periodismo Profesional","publisher":{"@id":"https:\/\/volcanes.net\/#organization"},"potentialAction":[{"@type":"SearchAction","target":{"@type":"EntryPoint","urlTemplate":"https:\/\/volcanes.net\/?s={search_term_string}"},"query-input":{"@type":"PropertyValueSpecification","valueRequired":true,"valueName":"search_term_string"}}],"inLanguage":"es"},{"@type":"Organization","@id":"https:\/\/volcanes.net\/#organization","name":"Grupo Volcanes","url":"https:\/\/volcanes.net\/","logo":{"@type":"ImageObject","inLanguage":"es","@id":"https:\/\/volcanes.net\/#\/schema\/logo\/image\/","url":"http:\/\/volcanes.net\/wp-content\/uploads\/2017\/12\/Avatar2.jpg","contentUrl":"http:\/\/volcanes.net\/wp-content\/uploads\/2017\/12\/Avatar2.jpg","width":378,"height":378,"caption":"Grupo Volcanes"},"image":{"@id":"https:\/\/volcanes.net\/#\/schema\/logo\/image\/"},"sameAs":["https:\/\/www.facebook.com\/volcanes.net\/"]},{"@type":"Person","@id":"https:\/\/volcanes.net\/#\/schema\/person\/4bf0f383940966a4abd53f5048c0e6b9","name":"admin","image":{"@type":"ImageObject","inLanguage":"es","@id":"https:\/\/volcanes.net\/#\/schema\/person\/image\/","url":"https:\/\/secure.gravatar.com\/avatar\/ca004e6cba8462b8cb7abc86e382930c?s=96&d=mm&r=g","contentUrl":"https:\/\/secure.gravatar.com\/avatar\/ca004e6cba8462b8cb7abc86e382930c?s=96&d=mm&r=g","caption":"admin"}}]}},"_links":{"self":[{"href":"https:\/\/volcanes.net\/index.php?rest_route=\/wp\/v2\/posts\/12696"}],"collection":[{"href":"https:\/\/volcanes.net\/index.php?rest_route=\/wp\/v2\/posts"}],"about":[{"href":"https:\/\/volcanes.net\/index.php?rest_route=\/wp\/v2\/types\/post"}],"author":[{"embeddable":true,"href":"https:\/\/volcanes.net\/index.php?rest_route=\/wp\/v2\/users\/1"}],"replies":[{"embeddable":true,"href":"https:\/\/volcanes.net\/index.php?rest_route=%2Fwp%2Fv2%2Fcomments&post=12696"}],"version-history":[{"count":2,"href":"https:\/\/volcanes.net\/index.php?rest_route=\/wp\/v2\/posts\/12696\/revisions"}],"predecessor-version":[{"id":12699,"href":"https:\/\/volcanes.net\/index.php?rest_route=\/wp\/v2\/posts\/12696\/revisions\/12699"}],"wp:featuredmedia":[{"embeddable":true,"href":"https:\/\/volcanes.net\/index.php?rest_route=\/wp\/v2\/media\/12697"}],"wp:attachment":[{"href":"https:\/\/volcanes.net\/index.php?rest_route=%2Fwp%2Fv2%2Fmedia&parent=12696"}],"wp:term":[{"taxonomy":"category","embeddable":true,"href":"https:\/\/volcanes.net\/index.php?rest_route=%2Fwp%2Fv2%2Fcategories&post=12696"},{"taxonomy":"post_tag","embeddable":true,"href":"https:\/\/volcanes.net\/index.php?rest_route=%2Fwp%2Fv2%2Ftags&post=12696"}],"curies":[{"name":"wp","href":"https:\/\/api.w.org\/{rel}","templated":true}]}}