{"id":12712,"date":"2022-04-22T17:52:25","date_gmt":"2022-04-22T23:52:25","guid":{"rendered":"http:\/\/volcanes.net\/?p=12712"},"modified":"2022-04-22T17:52:25","modified_gmt":"2022-04-22T23:52:25","slug":"region-de-los-volcanes-realiza-foro-sobre-la-ley-de-turismo-sostenible-y-desarrollo-artesanal-del-edomex","status":"publish","type":"post","link":"https:\/\/volcanes.net\/?p=12712","title":{"rendered":"Regi\u00f3n de los Volcanes realiza Foro sobre la Ley de Turismo Sostenible y Desarrollo Artesanal del Edom\u00e9x"},"content":{"rendered":"<div style=\"margin-top: 0px; margin-bottom: 0px;\" class=\"sharethis-inline-share-buttons\" ><\/div><ul>\n<li>Acuden representantes de 14 municipios de la regi\u00f3n para conocer la Ley aprobada el 6 de enero del 2021<\/li>\n<li>Resaltan destinos tur\u00edsticos como la Ruta de Sor Juana In\u00e9s de la Cruz, la Ruta de los Quesos en Ayapango y la Feria de la Nuez en Amecameca, principalmente.<\/li>\n<\/ul>\n<p>&nbsp;<\/p>\n<p>Ixtapaluca, Estado de M\u00e9xico.- Con el prop\u00f3sito de dar a conocer la Ley de Turismo Sostenible y Desarrollo Artesanal del Estado de M\u00e9xico las diputadas Anais Burgos Hern\u00e1ndez, Rosa Mar\u00eda Zetina y Mar\u00eda del Rosario Elizalde, presidieron un foro en la Regi\u00f3n de los Volcanes, donde fueron convocados representantes de 14 municipios.<\/p>\n<p>As\u00ed, en el municipio de Ixtapaluca, donde se dieron cita los presidentes municipales Valent\u00edn Mart\u00ednez Castillo de Ozumba, Abelardo Rodr\u00edguez Garc\u00eda de Tepetlixpa y el anfitri\u00f3n Felipe Arvizu de la Luz, as\u00ed como representantes de los alcaldes de la regi\u00f3n, junto con artesanas y artesanos, adem\u00e1s de representantes de pueblos ind\u00edgenas, las legisladoras de Morena, resaltaron la importancia de la Ley que fue aprobada el 6 de enero del 2021 y que busca la promoci\u00f3n del turismo en los 125 municipios e impulsa el desarrollo artesanal, para fomentar la reactivaci\u00f3n econ\u00f3mica de los mexiquenses.<\/p>\n<p>Tras realizarse una ceremonia prehisp\u00e1nica, la diputada Anais Burgos se\u00f1al\u00f3 que la Regi\u00f3n de los Volcanes tiene una gran vocaci\u00f3n tur\u00edstica y artesanal, con la Ruta de Sor Juana In\u00e9s de la Cruz, la Ruta de los Quesos en Ayapango, la Feria de la Nuez en Amecameca y los temazcales de Chalco, por s\u00f3lo mencionar algunos atractivos; sin embargo, muchas personas los desconocen. Por lo que es necesario visibilizar y presumir los destinos.<\/p>\n<p>Manifest\u00f3 que el turismo y desarrollo artesanal no solo se trabaja de manera municipal, sino que se deben de establecer estrategias intermunicipales. \u201cTenemos que unirnos y conformar redes para poder hacer crecer nuestra regi\u00f3n de los volcanes en materia tur\u00edstica artesanal\u201d.<\/p>\n<p>Y enfatiz\u00f3 que \u201cnunca m\u00e1s un artesano al piso\u201d.<\/p>\n<p>A su vez, la diputada de Ixtapaluca, Rosa Mar\u00eda Zetina, detall\u00f3 que la importancia del evento radica en que la Ley de Turismo Sostenible y Desarrollo Artesanal del Estado de M\u00e9xico se d\u00e9 a conocer entre la poblaci\u00f3n, por lo que convoc\u00f3 a esparcir la informaci\u00f3n, a la vez que detall\u00f3 que las y los diputados de Morena trabajan para beneficio de los mexiquenses.<\/p>\n<p>Mientras que la presidenta de la Comisi\u00f3n Legislativa de Turismo y Desarrollo Artesanal, Mar\u00eda de Rosario Elizalde V\u00e1zquez, record\u00f3 que este marco normativo es el resultado de un gran esfuerzo, es el fruto de 2 a\u00f1os de trabajo colectivo durante los cuales se integraron las aportaciones de acad\u00e9micos, prestadores de servicios tur\u00edsticos, artesanas y artesanos, as\u00ed como operadores tur\u00edsticos y la sociedad en general, que participaron en los 21 foros de Parlamento Abierto que se llevaron a cabo en las diversas regiones administrativas\u201d.<\/p>\n<p>La ley contempla mecanismos de inclusi\u00f3n en donde los operadores de la norma tendr\u00e1n que contribuir para que las personas puedan disfrutar de los beneficios del turismo sin da\u00f1ar el medio ambiente, por lo que los turistas deber\u00e1n de dar cumplimiento al dec\u00e1logo de visitantes responsables y ser copart\u00edcipes de la conservaci\u00f3n de las riquezas naturales, arqueol\u00f3gicas, arquitect\u00f3nicas y culturales bajo un criterio de sostenibilidad.<\/p>\n<p>Una virtud de esta ley, a\u00f1adi\u00f3, es que por primera vez se contempla a las artesanas y los artesanos como actores fundamentales del sector tur\u00edstico, que contribuyen con su enorme esfuerzo y gran maestr\u00eda al desarrollo econ\u00f3mico de nuestra entidad. As\u00ed, la norma propone salvaguardar e impulsar las artesan\u00edas mexiquenses y que nunca m\u00e1s las personas artesanas se vean marginadas.<\/p>\n<p>Por su parte los alcaldes Valent\u00edn Mart\u00ednez Castillo de Ozumba, Abelardo Rodr\u00edguez Garc\u00eda de Tepetlixpa y Felipe Arvizu de la Luz de Ixtapaluca, resaltaron la riqueza tur\u00edstica de sus municipios y las acciones que llevan a cabo para respaldar a los artesanos; no obstante, coincidieron en que con la Ley de Turismo Sostenible y Desarrollo Artesanal del Estado de M\u00e9xico se abre un panorama m\u00e1s amplio que beneficiar\u00e1 a los habitantes de esta regi\u00f3n.<\/p>\n","protected":false},"excerpt":{"rendered":"<p>Acuden representantes de 14 municipios de la regi\u00f3n para conocer la Ley aprobada el 6<\/p>\n","protected":false},"author":1,"featured_media":12713,"comment_status":"open","ping_status":"open","sticky":false,"template":"","format":"standard","meta":{"footnotes":""},"categories":[1],"tags":[6,307],"class_list":["post-12712","post","type-post","status-publish","format-standard","has-post-thumbnail","hentry","category-municipales","tag-ixtapaluca","tag-zona-de-los-volcanes"],"yoast_head":"<!-- This site is optimized with the Yoast SEO plugin v25.3 - https:\/\/yoast.com\/wordpress\/plugins\/seo\/ -->\n<title>Regi\u00f3n de los Volcanes realiza Foro sobre la Ley de Turismo Sostenible y Desarrollo Artesanal del Edom\u00e9x - Volcanes<\/title>\n<meta name=\"robots\" content=\"index, follow, max-snippet:-1, max-image-preview:large, max-video-preview:-1\" \/>\n<link rel=\"canonical\" href=\"https:\/\/volcanes.net\/?p=12712\" \/>\n<meta property=\"og:locale\" content=\"es_MX\" \/>\n<meta property=\"og:type\" content=\"article\" \/>\n<meta property=\"og:title\" content=\"Regi\u00f3n de los Volcanes realiza Foro sobre la Ley de Turismo Sostenible y Desarrollo Artesanal del Edom\u00e9x - Volcanes\" \/>\n<meta property=\"og:description\" content=\"Acuden representantes de 14 municipios de la regi\u00f3n para conocer la Ley aprobada el 6\" \/>\n<meta property=\"og:url\" content=\"https:\/\/volcanes.net\/?p=12712\" \/>\n<meta property=\"og:site_name\" content=\"Volcanes\" \/>\n<meta property=\"article:publisher\" content=\"https:\/\/www.facebook.com\/volcanes.net\/\" \/>\n<meta property=\"article:published_time\" content=\"2022-04-22T23:52:25+00:00\" \/>\n<meta property=\"og:image\" content=\"https:\/\/volcanes.net\/wp-content\/uploads\/2022\/04\/IMG-20220422-WA0003.jpg\" \/>\n\t<meta property=\"og:image:width\" content=\"1600\" \/>\n\t<meta property=\"og:image:height\" content=\"1600\" \/>\n\t<meta property=\"og:image:type\" content=\"image\/jpeg\" \/>\n<meta name=\"author\" content=\"admin\" \/>\n<meta name=\"twitter:card\" content=\"summary_large_image\" \/>\n<meta name=\"twitter:label1\" content=\"Escrito por\" \/>\n\t<meta name=\"twitter:data1\" content=\"admin\" \/>\n\t<meta name=\"twitter:label2\" content=\"Tiempo de lectura\" \/>\n\t<meta name=\"twitter:data2\" content=\"4 minutos\" \/>\n<script type=\"application\/ld+json\" class=\"yoast-schema-graph\">{\"@context\":\"https:\/\/schema.org\",\"@graph\":[{\"@type\":\"Article\",\"@id\":\"https:\/\/volcanes.net\/?p=12712#article\",\"isPartOf\":{\"@id\":\"https:\/\/volcanes.net\/?p=12712\"},\"author\":{\"name\":\"admin\",\"@id\":\"https:\/\/volcanes.net\/#\/schema\/person\/4bf0f383940966a4abd53f5048c0e6b9\"},\"headline\":\"Regi\u00f3n de los Volcanes realiza Foro sobre la Ley de Turismo Sostenible y Desarrollo Artesanal del Edom\u00e9x\",\"datePublished\":\"2022-04-22T23:52:25+00:00\",\"mainEntityOfPage\":{\"@id\":\"https:\/\/volcanes.net\/?p=12712\"},\"wordCount\":740,\"commentCount\":0,\"publisher\":{\"@id\":\"https:\/\/volcanes.net\/#organization\"},\"image\":{\"@id\":\"https:\/\/volcanes.net\/?p=12712#primaryimage\"},\"thumbnailUrl\":\"https:\/\/volcanes.net\/wp-content\/uploads\/2022\/04\/IMG-20220422-WA0003.jpg\",\"keywords\":[\"Ixtapaluca\",\"Zona de los Volcanes\"],\"articleSection\":[\"Municipales\"],\"inLanguage\":\"es\",\"potentialAction\":[{\"@type\":\"CommentAction\",\"name\":\"Comment\",\"target\":[\"https:\/\/volcanes.net\/?p=12712#respond\"]}]},{\"@type\":\"WebPage\",\"@id\":\"https:\/\/volcanes.net\/?p=12712\",\"url\":\"https:\/\/volcanes.net\/?p=12712\",\"name\":\"Regi\u00f3n de los Volcanes realiza Foro sobre la Ley de Turismo Sostenible y Desarrollo Artesanal del Edom\u00e9x - Volcanes\",\"isPartOf\":{\"@id\":\"https:\/\/volcanes.net\/#website\"},\"primaryImageOfPage\":{\"@id\":\"https:\/\/volcanes.net\/?p=12712#primaryimage\"},\"image\":{\"@id\":\"https:\/\/volcanes.net\/?p=12712#primaryimage\"},\"thumbnailUrl\":\"https:\/\/volcanes.net\/wp-content\/uploads\/2022\/04\/IMG-20220422-WA0003.jpg\",\"datePublished\":\"2022-04-22T23:52:25+00:00\",\"breadcrumb\":{\"@id\":\"https:\/\/volcanes.net\/?p=12712#breadcrumb\"},\"inLanguage\":\"es\",\"potentialAction\":[{\"@type\":\"ReadAction\",\"target\":[\"https:\/\/volcanes.net\/?p=12712\"]}]},{\"@type\":\"ImageObject\",\"inLanguage\":\"es\",\"@id\":\"https:\/\/volcanes.net\/?p=12712#primaryimage\",\"url\":\"https:\/\/volcanes.net\/wp-content\/uploads\/2022\/04\/IMG-20220422-WA0003.jpg\",\"contentUrl\":\"https:\/\/volcanes.net\/wp-content\/uploads\/2022\/04\/IMG-20220422-WA0003.jpg\",\"width\":1600,\"height\":1600},{\"@type\":\"BreadcrumbList\",\"@id\":\"https:\/\/volcanes.net\/?p=12712#breadcrumb\",\"itemListElement\":[{\"@type\":\"ListItem\",\"position\":1,\"name\":\"Portada\",\"item\":\"https:\/\/volcanes.net\/\"},{\"@type\":\"ListItem\",\"position\":2,\"name\":\"Regi\u00f3n de los Volcanes realiza Foro sobre la Ley de Turismo Sostenible y Desarrollo Artesanal del Edom\u00e9x\"}]},{\"@type\":\"WebSite\",\"@id\":\"https:\/\/volcanes.net\/#website\",\"url\":\"https:\/\/volcanes.net\/\",\"name\":\"Volcanes.Net\",\"description\":\"Periodismo Profesional\",\"publisher\":{\"@id\":\"https:\/\/volcanes.net\/#organization\"},\"potentialAction\":[{\"@type\":\"SearchAction\",\"target\":{\"@type\":\"EntryPoint\",\"urlTemplate\":\"https:\/\/volcanes.net\/?s={search_term_string}\"},\"query-input\":{\"@type\":\"PropertyValueSpecification\",\"valueRequired\":true,\"valueName\":\"search_term_string\"}}],\"inLanguage\":\"es\"},{\"@type\":\"Organization\",\"@id\":\"https:\/\/volcanes.net\/#organization\",\"name\":\"Grupo Volcanes\",\"url\":\"https:\/\/volcanes.net\/\",\"logo\":{\"@type\":\"ImageObject\",\"inLanguage\":\"es\",\"@id\":\"https:\/\/volcanes.net\/#\/schema\/logo\/image\/\",\"url\":\"http:\/\/volcanes.net\/wp-content\/uploads\/2017\/12\/Avatar2.jpg\",\"contentUrl\":\"http:\/\/volcanes.net\/wp-content\/uploads\/2017\/12\/Avatar2.jpg\",\"width\":378,\"height\":378,\"caption\":\"Grupo Volcanes\"},\"image\":{\"@id\":\"https:\/\/volcanes.net\/#\/schema\/logo\/image\/\"},\"sameAs\":[\"https:\/\/www.facebook.com\/volcanes.net\/\"]},{\"@type\":\"Person\",\"@id\":\"https:\/\/volcanes.net\/#\/schema\/person\/4bf0f383940966a4abd53f5048c0e6b9\",\"name\":\"admin\",\"image\":{\"@type\":\"ImageObject\",\"inLanguage\":\"es\",\"@id\":\"https:\/\/volcanes.net\/#\/schema\/person\/image\/\",\"url\":\"https:\/\/secure.gravatar.com\/avatar\/ca004e6cba8462b8cb7abc86e382930c?s=96&d=mm&r=g\",\"contentUrl\":\"https:\/\/secure.gravatar.com\/avatar\/ca004e6cba8462b8cb7abc86e382930c?s=96&d=mm&r=g\",\"caption\":\"admin\"}}]}<\/script>\n<!-- \/ Yoast SEO plugin. -->","yoast_head_json":{"title":"Regi\u00f3n de los Volcanes realiza Foro sobre la Ley de Turismo Sostenible y Desarrollo Artesanal del Edom\u00e9x - Volcanes","robots":{"index":"index","follow":"follow","max-snippet":"max-snippet:-1","max-image-preview":"max-image-preview:large","max-video-preview":"max-video-preview:-1"},"canonical":"https:\/\/volcanes.net\/?p=12712","og_locale":"es_MX","og_type":"article","og_title":"Regi\u00f3n de los Volcanes realiza Foro sobre la Ley de Turismo Sostenible y Desarrollo Artesanal del Edom\u00e9x - Volcanes","og_description":"Acuden representantes de 14 municipios de la regi\u00f3n para conocer la Ley aprobada el 6","og_url":"https:\/\/volcanes.net\/?p=12712","og_site_name":"Volcanes","article_publisher":"https:\/\/www.facebook.com\/volcanes.net\/","article_published_time":"2022-04-22T23:52:25+00:00","og_image":[{"width":1600,"height":1600,"url":"https:\/\/volcanes.net\/wp-content\/uploads\/2022\/04\/IMG-20220422-WA0003.jpg","type":"image\/jpeg"}],"author":"admin","twitter_card":"summary_large_image","twitter_misc":{"Escrito por":"admin","Tiempo de lectura":"4 minutos"},"schema":{"@context":"https:\/\/schema.org","@graph":[{"@type":"Article","@id":"https:\/\/volcanes.net\/?p=12712#article","isPartOf":{"@id":"https:\/\/volcanes.net\/?p=12712"},"author":{"name":"admin","@id":"https:\/\/volcanes.net\/#\/schema\/person\/4bf0f383940966a4abd53f5048c0e6b9"},"headline":"Regi\u00f3n de los Volcanes realiza Foro sobre la Ley de Turismo Sostenible y Desarrollo Artesanal del Edom\u00e9x","datePublished":"2022-04-22T23:52:25+00:00","mainEntityOfPage":{"@id":"https:\/\/volcanes.net\/?p=12712"},"wordCount":740,"commentCount":0,"publisher":{"@id":"https:\/\/volcanes.net\/#organization"},"image":{"@id":"https:\/\/volcanes.net\/?p=12712#primaryimage"},"thumbnailUrl":"https:\/\/volcanes.net\/wp-content\/uploads\/2022\/04\/IMG-20220422-WA0003.jpg","keywords":["Ixtapaluca","Zona de los Volcanes"],"articleSection":["Municipales"],"inLanguage":"es","potentialAction":[{"@type":"CommentAction","name":"Comment","target":["https:\/\/volcanes.net\/?p=12712#respond"]}]},{"@type":"WebPage","@id":"https:\/\/volcanes.net\/?p=12712","url":"https:\/\/volcanes.net\/?p=12712","name":"Regi\u00f3n de los Volcanes realiza Foro sobre la Ley de Turismo Sostenible y Desarrollo Artesanal del Edom\u00e9x - Volcanes","isPartOf":{"@id":"https:\/\/volcanes.net\/#website"},"primaryImageOfPage":{"@id":"https:\/\/volcanes.net\/?p=12712#primaryimage"},"image":{"@id":"https:\/\/volcanes.net\/?p=12712#primaryimage"},"thumbnailUrl":"https:\/\/volcanes.net\/wp-content\/uploads\/2022\/04\/IMG-20220422-WA0003.jpg","datePublished":"2022-04-22T23:52:25+00:00","breadcrumb":{"@id":"https:\/\/volcanes.net\/?p=12712#breadcrumb"},"inLanguage":"es","potentialAction":[{"@type":"ReadAction","target":["https:\/\/volcanes.net\/?p=12712"]}]},{"@type":"ImageObject","inLanguage":"es","@id":"https:\/\/volcanes.net\/?p=12712#primaryimage","url":"https:\/\/volcanes.net\/wp-content\/uploads\/2022\/04\/IMG-20220422-WA0003.jpg","contentUrl":"https:\/\/volcanes.net\/wp-content\/uploads\/2022\/04\/IMG-20220422-WA0003.jpg","width":1600,"height":1600},{"@type":"BreadcrumbList","@id":"https:\/\/volcanes.net\/?p=12712#breadcrumb","itemListElement":[{"@type":"ListItem","position":1,"name":"Portada","item":"https:\/\/volcanes.net\/"},{"@type":"ListItem","position":2,"name":"Regi\u00f3n de los Volcanes realiza Foro sobre la Ley de Turismo Sostenible y Desarrollo Artesanal del Edom\u00e9x"}]},{"@type":"WebSite","@id":"https:\/\/volcanes.net\/#website","url":"https:\/\/volcanes.net\/","name":"Volcanes.Net","description":"Periodismo Profesional","publisher":{"@id":"https:\/\/volcanes.net\/#organization"},"potentialAction":[{"@type":"SearchAction","target":{"@type":"EntryPoint","urlTemplate":"https:\/\/volcanes.net\/?s={search_term_string}"},"query-input":{"@type":"PropertyValueSpecification","valueRequired":true,"valueName":"search_term_string"}}],"inLanguage":"es"},{"@type":"Organization","@id":"https:\/\/volcanes.net\/#organization","name":"Grupo Volcanes","url":"https:\/\/volcanes.net\/","logo":{"@type":"ImageObject","inLanguage":"es","@id":"https:\/\/volcanes.net\/#\/schema\/logo\/image\/","url":"http:\/\/volcanes.net\/wp-content\/uploads\/2017\/12\/Avatar2.jpg","contentUrl":"http:\/\/volcanes.net\/wp-content\/uploads\/2017\/12\/Avatar2.jpg","width":378,"height":378,"caption":"Grupo Volcanes"},"image":{"@id":"https:\/\/volcanes.net\/#\/schema\/logo\/image\/"},"sameAs":["https:\/\/www.facebook.com\/volcanes.net\/"]},{"@type":"Person","@id":"https:\/\/volcanes.net\/#\/schema\/person\/4bf0f383940966a4abd53f5048c0e6b9","name":"admin","image":{"@type":"ImageObject","inLanguage":"es","@id":"https:\/\/volcanes.net\/#\/schema\/person\/image\/","url":"https:\/\/secure.gravatar.com\/avatar\/ca004e6cba8462b8cb7abc86e382930c?s=96&d=mm&r=g","contentUrl":"https:\/\/secure.gravatar.com\/avatar\/ca004e6cba8462b8cb7abc86e382930c?s=96&d=mm&r=g","caption":"admin"}}]}},"_links":{"self":[{"href":"https:\/\/volcanes.net\/index.php?rest_route=\/wp\/v2\/posts\/12712"}],"collection":[{"href":"https:\/\/volcanes.net\/index.php?rest_route=\/wp\/v2\/posts"}],"about":[{"href":"https:\/\/volcanes.net\/index.php?rest_route=\/wp\/v2\/types\/post"}],"author":[{"embeddable":true,"href":"https:\/\/volcanes.net\/index.php?rest_route=\/wp\/v2\/users\/1"}],"replies":[{"embeddable":true,"href":"https:\/\/volcanes.net\/index.php?rest_route=%2Fwp%2Fv2%2Fcomments&post=12712"}],"version-history":[{"count":1,"href":"https:\/\/volcanes.net\/index.php?rest_route=\/wp\/v2\/posts\/12712\/revisions"}],"predecessor-version":[{"id":12714,"href":"https:\/\/volcanes.net\/index.php?rest_route=\/wp\/v2\/posts\/12712\/revisions\/12714"}],"wp:featuredmedia":[{"embeddable":true,"href":"https:\/\/volcanes.net\/index.php?rest_route=\/wp\/v2\/media\/12713"}],"wp:attachment":[{"href":"https:\/\/volcanes.net\/index.php?rest_route=%2Fwp%2Fv2%2Fmedia&parent=12712"}],"wp:term":[{"taxonomy":"category","embeddable":true,"href":"https:\/\/volcanes.net\/index.php?rest_route=%2Fwp%2Fv2%2Fcategories&post=12712"},{"taxonomy":"post_tag","embeddable":true,"href":"https:\/\/volcanes.net\/index.php?rest_route=%2Fwp%2Fv2%2Ftags&post=12712"}],"curies":[{"name":"wp","href":"https:\/\/api.w.org\/{rel}","templated":true}]}}