{"id":12729,"date":"2022-04-27T14:35:41","date_gmt":"2022-04-27T20:35:41","guid":{"rendered":"http:\/\/volcanes.net\/?p=12729"},"modified":"2022-04-27T14:35:41","modified_gmt":"2022-04-27T20:35:41","slug":"carmen-carreno-inicia-campana-solicitando-a-conagua-y-caem-mejorar-abastecimiento-de-agua-en-atlautla","status":"publish","type":"post","link":"https:\/\/volcanes.net\/?p=12729","title":{"rendered":"Carmen Carre\u00f1o inicia campa\u00f1a solicitando a CONAGUA y CAEM mejorar abastecimiento de AGUA en Atlautla"},"content":{"rendered":"<div style=\"margin-top: 0px; margin-bottom: 0px;\" class=\"sharethis-inline-share-buttons\" ><\/div><p>Atlautla, Estado de M\u00e9xico.-\u00a0La ampliaci\u00f3n de la red de agua potable para viviendas de zonas rurales del municipio de Atlautla, incremento de cobertura con programa PROAGUA, la construcci\u00f3n de una caja de almacenamiento, as\u00ed como la construcci\u00f3n de sistemas de captaci\u00f3n de agua de lluvia y perforaci\u00f3n de un pozo, fueron parte de las peticiones encabezadas por CARMEN CARRE\u00d1O y un grupo de ciudadanos del municipio, ante la Comisi\u00f3n de Agua del Estado de M\u00e9xico (CAEM) y la Comisi\u00f3n Nacional del Agua (CONAGUA), con la que arranca la Campa\u00f1a por la Presidencia Municipal de Atlautla, por parte de la Coalici\u00f3n \u201cVa por Atlautla\u201d, poniendo al AGUA y el mejoramiento de su distribuci\u00f3n como una de las m\u00e1s importantes prioridades de su campa\u00f1a.<\/p>\n<p>La candidata, Carmen Carre\u00f1o, asegur\u00f3: \u201cCon la convicci\u00f3n de gesti\u00f3n social que durante toda mi vida he practicado y ante la dif\u00edcil situaci\u00f3n que enfrenta nuestro municipio, debido a la carencia de agua y la urgente necesidad de unir esfuerzos para garantizar la disponibilidad de este vital l\u00edquido, su saneamiento y gesti\u00f3n sostenible, acudimos, algunos vecinos del municipio de Atlautla, en nuestra calidad de ciudadanos, a la CONAGUA y CAEM a realizar gestiones como:<\/p>\n<ul>\n<li>La implementaci\u00f3n del programa de Agua Potable, Alcantarillado y Saneamiento (PROAGUA) con el prop\u00f3sito de apoyar el fortalecimiento e incremento de dicha cobertura en el municipio de Atlautla.<\/li>\n<li>La construcci\u00f3n de una caja de almacenamiento de agua, pues debido al crecimiento exponencial de la poblaci\u00f3n, ya no se abastece de manera suficiente.<\/li>\n<li>La ampliaci\u00f3n de la red de distribuci\u00f3n de agua potable en viviendas de zonas rurales del municipio de Atlautla.<\/li>\n<li>Autorizar un recurso para reducir las fugas en el sistema de distribuci\u00f3n del Municipio.<\/li>\n<li>La construcci\u00f3n de sistemas de captaci\u00f3n de agua de lluvia.<\/li>\n<li>Implementar en el Municipio de Atlautla los programas de Escuela del Agua, Voluntarios CAEM y Cultura H\u00eddrica.<\/li>\n<li>Perforaci\u00f3n de un pozo de agua potable\u201d.<\/li>\n<\/ul>\n<p>Dichas gestiones se realizaron en el marco de la actual crisis de agua que desde hace m\u00e1s de tres meses se suscita en este municipio, por lo que se convierte en un acto trascendental el que se hayan tomado acciones frente al complejo escenario.<\/p>\n","protected":false},"excerpt":{"rendered":"<p>Atlautla, Estado de M\u00e9xico.-\u00a0La ampliaci\u00f3n de la red de agua potable para viviendas de zonas<\/p>\n","protected":false},"author":1,"featured_media":12730,"comment_status":"open","ping_status":"open","sticky":false,"template":"","format":"standard","meta":{"footnotes":""},"categories":[1],"tags":[80],"class_list":["post-12729","post","type-post","status-publish","format-standard","has-post-thumbnail","hentry","category-municipales","tag-atlautla"],"yoast_head":"<!-- This site is optimized with the Yoast SEO plugin v25.3 - https:\/\/yoast.com\/wordpress\/plugins\/seo\/ -->\n<title>Carmen Carre\u00f1o inicia campa\u00f1a solicitando a CONAGUA y CAEM mejorar abastecimiento de AGUA en Atlautla - Volcanes<\/title>\n<meta name=\"robots\" content=\"index, follow, max-snippet:-1, max-image-preview:large, max-video-preview:-1\" \/>\n<link rel=\"canonical\" href=\"https:\/\/volcanes.net\/?p=12729\" \/>\n<meta property=\"og:locale\" content=\"es_MX\" \/>\n<meta property=\"og:type\" content=\"article\" \/>\n<meta property=\"og:title\" content=\"Carmen Carre\u00f1o inicia campa\u00f1a solicitando a CONAGUA y CAEM mejorar abastecimiento de AGUA en Atlautla - Volcanes\" \/>\n<meta property=\"og:description\" content=\"Atlautla, Estado de M\u00e9xico.-\u00a0La ampliaci\u00f3n de la red de agua potable para viviendas de zonas\" \/>\n<meta property=\"og:url\" content=\"https:\/\/volcanes.net\/?p=12729\" \/>\n<meta property=\"og:site_name\" content=\"Volcanes\" \/>\n<meta property=\"article:publisher\" content=\"https:\/\/www.facebook.com\/volcanes.net\/\" \/>\n<meta property=\"article:published_time\" content=\"2022-04-27T20:35:41+00:00\" \/>\n<meta property=\"og:image\" content=\"https:\/\/volcanes.net\/wp-content\/uploads\/2022\/04\/IMG-20220427-WA0001.jpg\" \/>\n\t<meta property=\"og:image:width\" content=\"923\" \/>\n\t<meta property=\"og:image:height\" content=\"731\" \/>\n\t<meta property=\"og:image:type\" content=\"image\/jpeg\" \/>\n<meta name=\"author\" content=\"admin\" \/>\n<meta name=\"twitter:card\" content=\"summary_large_image\" \/>\n<meta name=\"twitter:label1\" content=\"Escrito por\" \/>\n\t<meta name=\"twitter:data1\" content=\"admin\" \/>\n\t<meta name=\"twitter:label2\" content=\"Tiempo de lectura\" \/>\n\t<meta name=\"twitter:data2\" content=\"2 minutos\" \/>\n<script type=\"application\/ld+json\" class=\"yoast-schema-graph\">{\"@context\":\"https:\/\/schema.org\",\"@graph\":[{\"@type\":\"Article\",\"@id\":\"https:\/\/volcanes.net\/?p=12729#article\",\"isPartOf\":{\"@id\":\"https:\/\/volcanes.net\/?p=12729\"},\"author\":{\"name\":\"admin\",\"@id\":\"https:\/\/volcanes.net\/#\/schema\/person\/4bf0f383940966a4abd53f5048c0e6b9\"},\"headline\":\"Carmen Carre\u00f1o inicia campa\u00f1a solicitando a CONAGUA y CAEM mejorar abastecimiento de AGUA en Atlautla\",\"datePublished\":\"2022-04-27T20:35:41+00:00\",\"mainEntityOfPage\":{\"@id\":\"https:\/\/volcanes.net\/?p=12729\"},\"wordCount\":412,\"commentCount\":0,\"publisher\":{\"@id\":\"https:\/\/volcanes.net\/#organization\"},\"image\":{\"@id\":\"https:\/\/volcanes.net\/?p=12729#primaryimage\"},\"thumbnailUrl\":\"https:\/\/volcanes.net\/wp-content\/uploads\/2022\/04\/IMG-20220427-WA0001.jpg\",\"keywords\":[\"Atlautla\"],\"articleSection\":[\"Municipales\"],\"inLanguage\":\"es\",\"potentialAction\":[{\"@type\":\"CommentAction\",\"name\":\"Comment\",\"target\":[\"https:\/\/volcanes.net\/?p=12729#respond\"]}]},{\"@type\":\"WebPage\",\"@id\":\"https:\/\/volcanes.net\/?p=12729\",\"url\":\"https:\/\/volcanes.net\/?p=12729\",\"name\":\"Carmen Carre\u00f1o inicia campa\u00f1a solicitando a CONAGUA y CAEM mejorar abastecimiento de AGUA en Atlautla - Volcanes\",\"isPartOf\":{\"@id\":\"https:\/\/volcanes.net\/#website\"},\"primaryImageOfPage\":{\"@id\":\"https:\/\/volcanes.net\/?p=12729#primaryimage\"},\"image\":{\"@id\":\"https:\/\/volcanes.net\/?p=12729#primaryimage\"},\"thumbnailUrl\":\"https:\/\/volcanes.net\/wp-content\/uploads\/2022\/04\/IMG-20220427-WA0001.jpg\",\"datePublished\":\"2022-04-27T20:35:41+00:00\",\"breadcrumb\":{\"@id\":\"https:\/\/volcanes.net\/?p=12729#breadcrumb\"},\"inLanguage\":\"es\",\"potentialAction\":[{\"@type\":\"ReadAction\",\"target\":[\"https:\/\/volcanes.net\/?p=12729\"]}]},{\"@type\":\"ImageObject\",\"inLanguage\":\"es\",\"@id\":\"https:\/\/volcanes.net\/?p=12729#primaryimage\",\"url\":\"https:\/\/volcanes.net\/wp-content\/uploads\/2022\/04\/IMG-20220427-WA0001.jpg\",\"contentUrl\":\"https:\/\/volcanes.net\/wp-content\/uploads\/2022\/04\/IMG-20220427-WA0001.jpg\",\"width\":923,\"height\":731},{\"@type\":\"BreadcrumbList\",\"@id\":\"https:\/\/volcanes.net\/?p=12729#breadcrumb\",\"itemListElement\":[{\"@type\":\"ListItem\",\"position\":1,\"name\":\"Portada\",\"item\":\"https:\/\/volcanes.net\/\"},{\"@type\":\"ListItem\",\"position\":2,\"name\":\"Carmen Carre\u00f1o inicia campa\u00f1a solicitando a CONAGUA y CAEM mejorar abastecimiento de AGUA en Atlautla\"}]},{\"@type\":\"WebSite\",\"@id\":\"https:\/\/volcanes.net\/#website\",\"url\":\"https:\/\/volcanes.net\/\",\"name\":\"Volcanes.Net\",\"description\":\"Periodismo Profesional\",\"publisher\":{\"@id\":\"https:\/\/volcanes.net\/#organization\"},\"potentialAction\":[{\"@type\":\"SearchAction\",\"target\":{\"@type\":\"EntryPoint\",\"urlTemplate\":\"https:\/\/volcanes.net\/?s={search_term_string}\"},\"query-input\":{\"@type\":\"PropertyValueSpecification\",\"valueRequired\":true,\"valueName\":\"search_term_string\"}}],\"inLanguage\":\"es\"},{\"@type\":\"Organization\",\"@id\":\"https:\/\/volcanes.net\/#organization\",\"name\":\"Grupo Volcanes\",\"url\":\"https:\/\/volcanes.net\/\",\"logo\":{\"@type\":\"ImageObject\",\"inLanguage\":\"es\",\"@id\":\"https:\/\/volcanes.net\/#\/schema\/logo\/image\/\",\"url\":\"http:\/\/volcanes.net\/wp-content\/uploads\/2017\/12\/Avatar2.jpg\",\"contentUrl\":\"http:\/\/volcanes.net\/wp-content\/uploads\/2017\/12\/Avatar2.jpg\",\"width\":378,\"height\":378,\"caption\":\"Grupo Volcanes\"},\"image\":{\"@id\":\"https:\/\/volcanes.net\/#\/schema\/logo\/image\/\"},\"sameAs\":[\"https:\/\/www.facebook.com\/volcanes.net\/\"]},{\"@type\":\"Person\",\"@id\":\"https:\/\/volcanes.net\/#\/schema\/person\/4bf0f383940966a4abd53f5048c0e6b9\",\"name\":\"admin\",\"image\":{\"@type\":\"ImageObject\",\"inLanguage\":\"es\",\"@id\":\"https:\/\/volcanes.net\/#\/schema\/person\/image\/\",\"url\":\"https:\/\/secure.gravatar.com\/avatar\/ca004e6cba8462b8cb7abc86e382930c?s=96&d=mm&r=g\",\"contentUrl\":\"https:\/\/secure.gravatar.com\/avatar\/ca004e6cba8462b8cb7abc86e382930c?s=96&d=mm&r=g\",\"caption\":\"admin\"}}]}<\/script>\n<!-- \/ Yoast SEO plugin. -->","yoast_head_json":{"title":"Carmen Carre\u00f1o inicia campa\u00f1a solicitando a CONAGUA y CAEM mejorar abastecimiento de AGUA en Atlautla - Volcanes","robots":{"index":"index","follow":"follow","max-snippet":"max-snippet:-1","max-image-preview":"max-image-preview:large","max-video-preview":"max-video-preview:-1"},"canonical":"https:\/\/volcanes.net\/?p=12729","og_locale":"es_MX","og_type":"article","og_title":"Carmen Carre\u00f1o inicia campa\u00f1a solicitando a CONAGUA y CAEM mejorar abastecimiento de AGUA en Atlautla - Volcanes","og_description":"Atlautla, Estado de M\u00e9xico.-\u00a0La ampliaci\u00f3n de la red de agua potable para viviendas de zonas","og_url":"https:\/\/volcanes.net\/?p=12729","og_site_name":"Volcanes","article_publisher":"https:\/\/www.facebook.com\/volcanes.net\/","article_published_time":"2022-04-27T20:35:41+00:00","og_image":[{"width":923,"height":731,"url":"https:\/\/volcanes.net\/wp-content\/uploads\/2022\/04\/IMG-20220427-WA0001.jpg","type":"image\/jpeg"}],"author":"admin","twitter_card":"summary_large_image","twitter_misc":{"Escrito por":"admin","Tiempo de lectura":"2 minutos"},"schema":{"@context":"https:\/\/schema.org","@graph":[{"@type":"Article","@id":"https:\/\/volcanes.net\/?p=12729#article","isPartOf":{"@id":"https:\/\/volcanes.net\/?p=12729"},"author":{"name":"admin","@id":"https:\/\/volcanes.net\/#\/schema\/person\/4bf0f383940966a4abd53f5048c0e6b9"},"headline":"Carmen Carre\u00f1o inicia campa\u00f1a solicitando a CONAGUA y CAEM mejorar abastecimiento de AGUA en Atlautla","datePublished":"2022-04-27T20:35:41+00:00","mainEntityOfPage":{"@id":"https:\/\/volcanes.net\/?p=12729"},"wordCount":412,"commentCount":0,"publisher":{"@id":"https:\/\/volcanes.net\/#organization"},"image":{"@id":"https:\/\/volcanes.net\/?p=12729#primaryimage"},"thumbnailUrl":"https:\/\/volcanes.net\/wp-content\/uploads\/2022\/04\/IMG-20220427-WA0001.jpg","keywords":["Atlautla"],"articleSection":["Municipales"],"inLanguage":"es","potentialAction":[{"@type":"CommentAction","name":"Comment","target":["https:\/\/volcanes.net\/?p=12729#respond"]}]},{"@type":"WebPage","@id":"https:\/\/volcanes.net\/?p=12729","url":"https:\/\/volcanes.net\/?p=12729","name":"Carmen Carre\u00f1o inicia campa\u00f1a solicitando a CONAGUA y CAEM mejorar abastecimiento de AGUA en Atlautla - Volcanes","isPartOf":{"@id":"https:\/\/volcanes.net\/#website"},"primaryImageOfPage":{"@id":"https:\/\/volcanes.net\/?p=12729#primaryimage"},"image":{"@id":"https:\/\/volcanes.net\/?p=12729#primaryimage"},"thumbnailUrl":"https:\/\/volcanes.net\/wp-content\/uploads\/2022\/04\/IMG-20220427-WA0001.jpg","datePublished":"2022-04-27T20:35:41+00:00","breadcrumb":{"@id":"https:\/\/volcanes.net\/?p=12729#breadcrumb"},"inLanguage":"es","potentialAction":[{"@type":"ReadAction","target":["https:\/\/volcanes.net\/?p=12729"]}]},{"@type":"ImageObject","inLanguage":"es","@id":"https:\/\/volcanes.net\/?p=12729#primaryimage","url":"https:\/\/volcanes.net\/wp-content\/uploads\/2022\/04\/IMG-20220427-WA0001.jpg","contentUrl":"https:\/\/volcanes.net\/wp-content\/uploads\/2022\/04\/IMG-20220427-WA0001.jpg","width":923,"height":731},{"@type":"BreadcrumbList","@id":"https:\/\/volcanes.net\/?p=12729#breadcrumb","itemListElement":[{"@type":"ListItem","position":1,"name":"Portada","item":"https:\/\/volcanes.net\/"},{"@type":"ListItem","position":2,"name":"Carmen Carre\u00f1o inicia campa\u00f1a solicitando a CONAGUA y CAEM mejorar abastecimiento de AGUA en Atlautla"}]},{"@type":"WebSite","@id":"https:\/\/volcanes.net\/#website","url":"https:\/\/volcanes.net\/","name":"Volcanes.Net","description":"Periodismo Profesional","publisher":{"@id":"https:\/\/volcanes.net\/#organization"},"potentialAction":[{"@type":"SearchAction","target":{"@type":"EntryPoint","urlTemplate":"https:\/\/volcanes.net\/?s={search_term_string}"},"query-input":{"@type":"PropertyValueSpecification","valueRequired":true,"valueName":"search_term_string"}}],"inLanguage":"es"},{"@type":"Organization","@id":"https:\/\/volcanes.net\/#organization","name":"Grupo Volcanes","url":"https:\/\/volcanes.net\/","logo":{"@type":"ImageObject","inLanguage":"es","@id":"https:\/\/volcanes.net\/#\/schema\/logo\/image\/","url":"http:\/\/volcanes.net\/wp-content\/uploads\/2017\/12\/Avatar2.jpg","contentUrl":"http:\/\/volcanes.net\/wp-content\/uploads\/2017\/12\/Avatar2.jpg","width":378,"height":378,"caption":"Grupo Volcanes"},"image":{"@id":"https:\/\/volcanes.net\/#\/schema\/logo\/image\/"},"sameAs":["https:\/\/www.facebook.com\/volcanes.net\/"]},{"@type":"Person","@id":"https:\/\/volcanes.net\/#\/schema\/person\/4bf0f383940966a4abd53f5048c0e6b9","name":"admin","image":{"@type":"ImageObject","inLanguage":"es","@id":"https:\/\/volcanes.net\/#\/schema\/person\/image\/","url":"https:\/\/secure.gravatar.com\/avatar\/ca004e6cba8462b8cb7abc86e382930c?s=96&d=mm&r=g","contentUrl":"https:\/\/secure.gravatar.com\/avatar\/ca004e6cba8462b8cb7abc86e382930c?s=96&d=mm&r=g","caption":"admin"}}]}},"_links":{"self":[{"href":"https:\/\/volcanes.net\/index.php?rest_route=\/wp\/v2\/posts\/12729"}],"collection":[{"href":"https:\/\/volcanes.net\/index.php?rest_route=\/wp\/v2\/posts"}],"about":[{"href":"https:\/\/volcanes.net\/index.php?rest_route=\/wp\/v2\/types\/post"}],"author":[{"embeddable":true,"href":"https:\/\/volcanes.net\/index.php?rest_route=\/wp\/v2\/users\/1"}],"replies":[{"embeddable":true,"href":"https:\/\/volcanes.net\/index.php?rest_route=%2Fwp%2Fv2%2Fcomments&post=12729"}],"version-history":[{"count":1,"href":"https:\/\/volcanes.net\/index.php?rest_route=\/wp\/v2\/posts\/12729\/revisions"}],"predecessor-version":[{"id":12731,"href":"https:\/\/volcanes.net\/index.php?rest_route=\/wp\/v2\/posts\/12729\/revisions\/12731"}],"wp:featuredmedia":[{"embeddable":true,"href":"https:\/\/volcanes.net\/index.php?rest_route=\/wp\/v2\/media\/12730"}],"wp:attachment":[{"href":"https:\/\/volcanes.net\/index.php?rest_route=%2Fwp%2Fv2%2Fmedia&parent=12729"}],"wp:term":[{"taxonomy":"category","embeddable":true,"href":"https:\/\/volcanes.net\/index.php?rest_route=%2Fwp%2Fv2%2Fcategories&post=12729"},{"taxonomy":"post_tag","embeddable":true,"href":"https:\/\/volcanes.net\/index.php?rest_route=%2Fwp%2Fv2%2Ftags&post=12729"}],"curies":[{"name":"wp","href":"https:\/\/api.w.org\/{rel}","templated":true}]}}