{"id":12733,"date":"2022-04-28T17:18:46","date_gmt":"2022-04-28T23:18:46","guid":{"rendered":"http:\/\/volcanes.net\/?p=12733"},"modified":"2022-04-28T17:18:46","modified_gmt":"2022-04-28T23:18:46","slug":"inicia-el-proceso-de-consolidacion-de-un-proyecto-que-inicio-hace-mas-de-tres-anos-hermenegildo-lozada","status":"publish","type":"post","link":"https:\/\/volcanes.net\/?p=12733","title":{"rendered":"Inicia el proceso de consolidaci\u00f3n de un proyecto que inici\u00f3 hace m\u00e1s de tres a\u00f1os: Hermenegildo Lozada"},"content":{"rendered":"<div style=\"margin-top: 0px; margin-bottom: 0px;\" class=\"sharethis-inline-share-buttons\" ><\/div><p style=\"text-align: justify;\">Atlautla, Estado de M\u00e9xico.- Hermenegildo Lozada Amaro, candidato de la coalici\u00f3n Juntos Haremos Historia conformada por los partidos MORENA y PT para presidente municipal.<\/p>\n<p style=\"text-align: justify;\">Durante su discurso el candidato enfatiz\u00f3 que se rehabilitaron y ampliaron las redes en cabecera municipal y delegaciones, nuestros esfuerzos no quedaron ah\u00ed, la gesti\u00f3n nos permiti\u00f3 rehabilitar el pozo de San Juan Tehuixtitl\u00e1n inoperante despu\u00e9s del sismo de 2017, le dimos mantenimiento al pozo de la comunidad de Tlalamac, en Tepecoculco siguen los trabajos para la construcci\u00f3n de la nueva red de agua potable que garantice la provisi\u00f3n del servicio durante muchos a\u00f1os, porque nuestra visi\u00f3n es a largo plazo.<\/p>\n<p style=\"text-align: justify;\">\u201cLo digo con mucho orgullo, tuve una gesti\u00f3n que afront\u00f3 y super\u00f3 los retos que el municipio ten\u00eda, sin embargo, mi compromiso de mejorar las condiciones del municipio no puede quedar ah\u00ed, pues el sue\u00f1o que tengo y que me impulsa va m\u00e1s all\u00e1 de cumplir, insisto quiero dejar un legado que sea recordado por generaciones, por eso es que hoy inicio junto con mi planilla esta campa\u00f1a\u201d, aclar\u00f3 Lozada Amaro.<\/p>\n<p style=\"text-align: justify;\">De manera clara y contundente dijo que condicionar el Salario Rosa a cambio del voto, tambi\u00e9n es violencia de g\u00e9nero.<\/p>\n<p style=\"text-align: justify;\">Hermenegildo Lozada Amaro dijo que es muy importante tomar el ejemplo del Presidente de la Rep\u00fablica, el licenciado Andr\u00e9s Manuel L\u00f3pez Obrador, \u201cel mejor presidente que hemos tenido en d\u00e9cadas, pues su gobierno ha dejado evidencia de que la pol\u00edtica social de un gobierno debe tener una visi\u00f3n incluyente y sin discriminaci\u00f3n.<\/p>\n<p style=\"text-align: justify;\">Dijo que pol\u00edtica social debe ser sin presi\u00f3n y sin condicionamiento, sin utilizar el poder pol\u00edtico en beneficio del poder econ\u00f3mico de unos cuantos. \u201dUstedes saben muy bien quienes se han enriquecido a costa del pueblo de Atlautla\u201d, Puntualiz\u00f3 el candidato de la coalici\u00f3n Juntos Haremos Historia.<\/p>\n<p style=\"text-align: justify;\">Por su parte la senadora Martha Guerrero durante su discurso pidi\u00f3 al gobierno del estado de M\u00e9xico a sacar las manos de los comicios electorales, pues recrimin\u00f3 que el secretario general de gobierno Ernesto Nemer \u00c1lvarez anda visit\u00e1ndolos municipios.<\/p>\n<p>Martha Guerrero, pidi\u00f3 a las mujeres de Atlautla a participar de manera conciente en este proceso electoral. \u201cNo queremos sus cochinas tarjetas rosas\u201d, puntualiz\u00f3 la senadora de la rep\u00fablica.<\/p>\n<p>En tanto la senadora y secretaria general del comit\u00e9 ejecutivo de MORENA, Citlalli Hern\u00e1ndez, dijo que esta no es una elecci\u00f3n m\u00e1s, sino que \u201cser\u00e1 un buen augurio para la gran batalla del pr\u00f3ximo a\u00f1o\u201d.<\/p>\n<p>\u201cGanar Atlautla nuevamente para nuestro movimiento es seguir ganando camino para el pr\u00f3ximo a\u00f1o MORENA por fin llegue a la gubernatura del estado\u2026 vamos a seguir haciendo historia y vamos a ganar, \u00a1Que viva nuestro movimiento, que viva Atlautla; y que viva Mere!\u201d. Ponder\u00f3 la senadora Citlalli Hern\u00e1ndez.<\/p>\n<p>En su mensaje, la diputada local, Anais Miriam Burgos Hern\u00e1ndez , inici\u00f3 su discurso subrayando que viene la 4T a gobernar a Atlautla, \u201ces muy importante que todos los ciudadanos y ciudadanas que habitan el municipio de Atlautla puedan tomar una decisi\u00f3n sumamente importante, consolidar la cuarta transformaci\u00f3n en este bello municipio\u201d. Dijo la legisladora.<\/p>\n<p>Burgos Hern\u00e1ndez precis\u00f3 que los dem\u00e1s partidos \u201caunque ahora no van juntos en esta elecci\u00f3n, son lo mismo, nos lo demostraron con la reforma el\u00e9ctrica\u201d.<\/p>\n<p>\u201cSegura estoy que nuestro pr\u00f3ximo presidente municipal que entrar\u00e1 en junio, ser\u00e1 Hermenegildo Lozada\u201d recalc\u00f3 Anais Burgos Hern\u00e1ndez.<\/p>\n","protected":false},"excerpt":{"rendered":"<p>Atlautla, Estado de M\u00e9xico.- Hermenegildo Lozada Amaro, candidato de la coalici\u00f3n Juntos Haremos Historia conformada<\/p>\n","protected":false},"author":1,"featured_media":12734,"comment_status":"open","ping_status":"open","sticky":false,"template":"","format":"standard","meta":{"footnotes":""},"categories":[1],"tags":[80],"class_list":["post-12733","post","type-post","status-publish","format-standard","has-post-thumbnail","hentry","category-municipales","tag-atlautla"],"yoast_head":"<!-- This site is optimized with the Yoast SEO plugin v25.3 - https:\/\/yoast.com\/wordpress\/plugins\/seo\/ -->\n<title>Inicia el proceso de consolidaci\u00f3n de un proyecto que inici\u00f3 hace m\u00e1s de tres a\u00f1os: Hermenegildo Lozada - Volcanes<\/title>\n<meta name=\"robots\" content=\"index, follow, max-snippet:-1, max-image-preview:large, max-video-preview:-1\" \/>\n<link rel=\"canonical\" href=\"https:\/\/volcanes.net\/?p=12733\" \/>\n<meta property=\"og:locale\" content=\"es_MX\" \/>\n<meta property=\"og:type\" content=\"article\" \/>\n<meta property=\"og:title\" content=\"Inicia el proceso de consolidaci\u00f3n de un proyecto que inici\u00f3 hace m\u00e1s de tres a\u00f1os: Hermenegildo Lozada - Volcanes\" \/>\n<meta property=\"og:description\" content=\"Atlautla, Estado de M\u00e9xico.- Hermenegildo Lozada Amaro, candidato de la coalici\u00f3n Juntos Haremos Historia conformada\" \/>\n<meta property=\"og:url\" content=\"https:\/\/volcanes.net\/?p=12733\" \/>\n<meta property=\"og:site_name\" content=\"Volcanes\" \/>\n<meta property=\"article:publisher\" content=\"https:\/\/www.facebook.com\/volcanes.net\/\" \/>\n<meta property=\"article:published_time\" content=\"2022-04-28T23:18:46+00:00\" \/>\n<meta property=\"og:image\" content=\"https:\/\/volcanes.net\/wp-content\/uploads\/2022\/04\/IMG-20220428-WA0007.jpg\" \/>\n\t<meta property=\"og:image:width\" content=\"720\" \/>\n\t<meta property=\"og:image:height\" content=\"480\" \/>\n\t<meta property=\"og:image:type\" content=\"image\/jpeg\" \/>\n<meta name=\"author\" content=\"admin\" \/>\n<meta name=\"twitter:card\" content=\"summary_large_image\" \/>\n<meta name=\"twitter:label1\" content=\"Escrito por\" \/>\n\t<meta name=\"twitter:data1\" content=\"admin\" \/>\n\t<meta name=\"twitter:label2\" content=\"Tiempo de lectura\" \/>\n\t<meta name=\"twitter:data2\" content=\"3 minutos\" \/>\n<script type=\"application\/ld+json\" class=\"yoast-schema-graph\">{\"@context\":\"https:\/\/schema.org\",\"@graph\":[{\"@type\":\"Article\",\"@id\":\"https:\/\/volcanes.net\/?p=12733#article\",\"isPartOf\":{\"@id\":\"https:\/\/volcanes.net\/?p=12733\"},\"author\":{\"name\":\"admin\",\"@id\":\"https:\/\/volcanes.net\/#\/schema\/person\/4bf0f383940966a4abd53f5048c0e6b9\"},\"headline\":\"Inicia el proceso de consolidaci\u00f3n de un proyecto que inici\u00f3 hace m\u00e1s de tres a\u00f1os: Hermenegildo Lozada\",\"datePublished\":\"2022-04-28T23:18:46+00:00\",\"mainEntityOfPage\":{\"@id\":\"https:\/\/volcanes.net\/?p=12733\"},\"wordCount\":611,\"commentCount\":0,\"publisher\":{\"@id\":\"https:\/\/volcanes.net\/#organization\"},\"image\":{\"@id\":\"https:\/\/volcanes.net\/?p=12733#primaryimage\"},\"thumbnailUrl\":\"https:\/\/volcanes.net\/wp-content\/uploads\/2022\/04\/IMG-20220428-WA0007.jpg\",\"keywords\":[\"Atlautla\"],\"articleSection\":[\"Municipales\"],\"inLanguage\":\"es\",\"potentialAction\":[{\"@type\":\"CommentAction\",\"name\":\"Comment\",\"target\":[\"https:\/\/volcanes.net\/?p=12733#respond\"]}]},{\"@type\":\"WebPage\",\"@id\":\"https:\/\/volcanes.net\/?p=12733\",\"url\":\"https:\/\/volcanes.net\/?p=12733\",\"name\":\"Inicia el proceso de consolidaci\u00f3n de un proyecto que inici\u00f3 hace m\u00e1s de tres a\u00f1os: Hermenegildo Lozada - Volcanes\",\"isPartOf\":{\"@id\":\"https:\/\/volcanes.net\/#website\"},\"primaryImageOfPage\":{\"@id\":\"https:\/\/volcanes.net\/?p=12733#primaryimage\"},\"image\":{\"@id\":\"https:\/\/volcanes.net\/?p=12733#primaryimage\"},\"thumbnailUrl\":\"https:\/\/volcanes.net\/wp-content\/uploads\/2022\/04\/IMG-20220428-WA0007.jpg\",\"datePublished\":\"2022-04-28T23:18:46+00:00\",\"breadcrumb\":{\"@id\":\"https:\/\/volcanes.net\/?p=12733#breadcrumb\"},\"inLanguage\":\"es\",\"potentialAction\":[{\"@type\":\"ReadAction\",\"target\":[\"https:\/\/volcanes.net\/?p=12733\"]}]},{\"@type\":\"ImageObject\",\"inLanguage\":\"es\",\"@id\":\"https:\/\/volcanes.net\/?p=12733#primaryimage\",\"url\":\"https:\/\/volcanes.net\/wp-content\/uploads\/2022\/04\/IMG-20220428-WA0007.jpg\",\"contentUrl\":\"https:\/\/volcanes.net\/wp-content\/uploads\/2022\/04\/IMG-20220428-WA0007.jpg\",\"width\":720,\"height\":480},{\"@type\":\"BreadcrumbList\",\"@id\":\"https:\/\/volcanes.net\/?p=12733#breadcrumb\",\"itemListElement\":[{\"@type\":\"ListItem\",\"position\":1,\"name\":\"Portada\",\"item\":\"https:\/\/volcanes.net\/\"},{\"@type\":\"ListItem\",\"position\":2,\"name\":\"Inicia el proceso de consolidaci\u00f3n de un proyecto que inici\u00f3 hace m\u00e1s de tres a\u00f1os: Hermenegildo Lozada\"}]},{\"@type\":\"WebSite\",\"@id\":\"https:\/\/volcanes.net\/#website\",\"url\":\"https:\/\/volcanes.net\/\",\"name\":\"Volcanes.Net\",\"description\":\"Periodismo Profesional\",\"publisher\":{\"@id\":\"https:\/\/volcanes.net\/#organization\"},\"potentialAction\":[{\"@type\":\"SearchAction\",\"target\":{\"@type\":\"EntryPoint\",\"urlTemplate\":\"https:\/\/volcanes.net\/?s={search_term_string}\"},\"query-input\":{\"@type\":\"PropertyValueSpecification\",\"valueRequired\":true,\"valueName\":\"search_term_string\"}}],\"inLanguage\":\"es\"},{\"@type\":\"Organization\",\"@id\":\"https:\/\/volcanes.net\/#organization\",\"name\":\"Grupo Volcanes\",\"url\":\"https:\/\/volcanes.net\/\",\"logo\":{\"@type\":\"ImageObject\",\"inLanguage\":\"es\",\"@id\":\"https:\/\/volcanes.net\/#\/schema\/logo\/image\/\",\"url\":\"http:\/\/volcanes.net\/wp-content\/uploads\/2017\/12\/Avatar2.jpg\",\"contentUrl\":\"http:\/\/volcanes.net\/wp-content\/uploads\/2017\/12\/Avatar2.jpg\",\"width\":378,\"height\":378,\"caption\":\"Grupo Volcanes\"},\"image\":{\"@id\":\"https:\/\/volcanes.net\/#\/schema\/logo\/image\/\"},\"sameAs\":[\"https:\/\/www.facebook.com\/volcanes.net\/\"]},{\"@type\":\"Person\",\"@id\":\"https:\/\/volcanes.net\/#\/schema\/person\/4bf0f383940966a4abd53f5048c0e6b9\",\"name\":\"admin\",\"image\":{\"@type\":\"ImageObject\",\"inLanguage\":\"es\",\"@id\":\"https:\/\/volcanes.net\/#\/schema\/person\/image\/\",\"url\":\"https:\/\/secure.gravatar.com\/avatar\/ca004e6cba8462b8cb7abc86e382930c?s=96&d=mm&r=g\",\"contentUrl\":\"https:\/\/secure.gravatar.com\/avatar\/ca004e6cba8462b8cb7abc86e382930c?s=96&d=mm&r=g\",\"caption\":\"admin\"}}]}<\/script>\n<!-- \/ Yoast SEO plugin. -->","yoast_head_json":{"title":"Inicia el proceso de consolidaci\u00f3n de un proyecto que inici\u00f3 hace m\u00e1s de tres a\u00f1os: Hermenegildo Lozada - Volcanes","robots":{"index":"index","follow":"follow","max-snippet":"max-snippet:-1","max-image-preview":"max-image-preview:large","max-video-preview":"max-video-preview:-1"},"canonical":"https:\/\/volcanes.net\/?p=12733","og_locale":"es_MX","og_type":"article","og_title":"Inicia el proceso de consolidaci\u00f3n de un proyecto que inici\u00f3 hace m\u00e1s de tres a\u00f1os: Hermenegildo Lozada - Volcanes","og_description":"Atlautla, Estado de M\u00e9xico.- Hermenegildo Lozada Amaro, candidato de la coalici\u00f3n Juntos Haremos Historia conformada","og_url":"https:\/\/volcanes.net\/?p=12733","og_site_name":"Volcanes","article_publisher":"https:\/\/www.facebook.com\/volcanes.net\/","article_published_time":"2022-04-28T23:18:46+00:00","og_image":[{"width":720,"height":480,"url":"https:\/\/volcanes.net\/wp-content\/uploads\/2022\/04\/IMG-20220428-WA0007.jpg","type":"image\/jpeg"}],"author":"admin","twitter_card":"summary_large_image","twitter_misc":{"Escrito por":"admin","Tiempo de lectura":"3 minutos"},"schema":{"@context":"https:\/\/schema.org","@graph":[{"@type":"Article","@id":"https:\/\/volcanes.net\/?p=12733#article","isPartOf":{"@id":"https:\/\/volcanes.net\/?p=12733"},"author":{"name":"admin","@id":"https:\/\/volcanes.net\/#\/schema\/person\/4bf0f383940966a4abd53f5048c0e6b9"},"headline":"Inicia el proceso de consolidaci\u00f3n de un proyecto que inici\u00f3 hace m\u00e1s de tres a\u00f1os: Hermenegildo Lozada","datePublished":"2022-04-28T23:18:46+00:00","mainEntityOfPage":{"@id":"https:\/\/volcanes.net\/?p=12733"},"wordCount":611,"commentCount":0,"publisher":{"@id":"https:\/\/volcanes.net\/#organization"},"image":{"@id":"https:\/\/volcanes.net\/?p=12733#primaryimage"},"thumbnailUrl":"https:\/\/volcanes.net\/wp-content\/uploads\/2022\/04\/IMG-20220428-WA0007.jpg","keywords":["Atlautla"],"articleSection":["Municipales"],"inLanguage":"es","potentialAction":[{"@type":"CommentAction","name":"Comment","target":["https:\/\/volcanes.net\/?p=12733#respond"]}]},{"@type":"WebPage","@id":"https:\/\/volcanes.net\/?p=12733","url":"https:\/\/volcanes.net\/?p=12733","name":"Inicia el proceso de consolidaci\u00f3n de un proyecto que inici\u00f3 hace m\u00e1s de tres a\u00f1os: Hermenegildo Lozada - Volcanes","isPartOf":{"@id":"https:\/\/volcanes.net\/#website"},"primaryImageOfPage":{"@id":"https:\/\/volcanes.net\/?p=12733#primaryimage"},"image":{"@id":"https:\/\/volcanes.net\/?p=12733#primaryimage"},"thumbnailUrl":"https:\/\/volcanes.net\/wp-content\/uploads\/2022\/04\/IMG-20220428-WA0007.jpg","datePublished":"2022-04-28T23:18:46+00:00","breadcrumb":{"@id":"https:\/\/volcanes.net\/?p=12733#breadcrumb"},"inLanguage":"es","potentialAction":[{"@type":"ReadAction","target":["https:\/\/volcanes.net\/?p=12733"]}]},{"@type":"ImageObject","inLanguage":"es","@id":"https:\/\/volcanes.net\/?p=12733#primaryimage","url":"https:\/\/volcanes.net\/wp-content\/uploads\/2022\/04\/IMG-20220428-WA0007.jpg","contentUrl":"https:\/\/volcanes.net\/wp-content\/uploads\/2022\/04\/IMG-20220428-WA0007.jpg","width":720,"height":480},{"@type":"BreadcrumbList","@id":"https:\/\/volcanes.net\/?p=12733#breadcrumb","itemListElement":[{"@type":"ListItem","position":1,"name":"Portada","item":"https:\/\/volcanes.net\/"},{"@type":"ListItem","position":2,"name":"Inicia el proceso de consolidaci\u00f3n de un proyecto que inici\u00f3 hace m\u00e1s de tres a\u00f1os: Hermenegildo Lozada"}]},{"@type":"WebSite","@id":"https:\/\/volcanes.net\/#website","url":"https:\/\/volcanes.net\/","name":"Volcanes.Net","description":"Periodismo Profesional","publisher":{"@id":"https:\/\/volcanes.net\/#organization"},"potentialAction":[{"@type":"SearchAction","target":{"@type":"EntryPoint","urlTemplate":"https:\/\/volcanes.net\/?s={search_term_string}"},"query-input":{"@type":"PropertyValueSpecification","valueRequired":true,"valueName":"search_term_string"}}],"inLanguage":"es"},{"@type":"Organization","@id":"https:\/\/volcanes.net\/#organization","name":"Grupo Volcanes","url":"https:\/\/volcanes.net\/","logo":{"@type":"ImageObject","inLanguage":"es","@id":"https:\/\/volcanes.net\/#\/schema\/logo\/image\/","url":"http:\/\/volcanes.net\/wp-content\/uploads\/2017\/12\/Avatar2.jpg","contentUrl":"http:\/\/volcanes.net\/wp-content\/uploads\/2017\/12\/Avatar2.jpg","width":378,"height":378,"caption":"Grupo Volcanes"},"image":{"@id":"https:\/\/volcanes.net\/#\/schema\/logo\/image\/"},"sameAs":["https:\/\/www.facebook.com\/volcanes.net\/"]},{"@type":"Person","@id":"https:\/\/volcanes.net\/#\/schema\/person\/4bf0f383940966a4abd53f5048c0e6b9","name":"admin","image":{"@type":"ImageObject","inLanguage":"es","@id":"https:\/\/volcanes.net\/#\/schema\/person\/image\/","url":"https:\/\/secure.gravatar.com\/avatar\/ca004e6cba8462b8cb7abc86e382930c?s=96&d=mm&r=g","contentUrl":"https:\/\/secure.gravatar.com\/avatar\/ca004e6cba8462b8cb7abc86e382930c?s=96&d=mm&r=g","caption":"admin"}}]}},"_links":{"self":[{"href":"https:\/\/volcanes.net\/index.php?rest_route=\/wp\/v2\/posts\/12733"}],"collection":[{"href":"https:\/\/volcanes.net\/index.php?rest_route=\/wp\/v2\/posts"}],"about":[{"href":"https:\/\/volcanes.net\/index.php?rest_route=\/wp\/v2\/types\/post"}],"author":[{"embeddable":true,"href":"https:\/\/volcanes.net\/index.php?rest_route=\/wp\/v2\/users\/1"}],"replies":[{"embeddable":true,"href":"https:\/\/volcanes.net\/index.php?rest_route=%2Fwp%2Fv2%2Fcomments&post=12733"}],"version-history":[{"count":1,"href":"https:\/\/volcanes.net\/index.php?rest_route=\/wp\/v2\/posts\/12733\/revisions"}],"predecessor-version":[{"id":12735,"href":"https:\/\/volcanes.net\/index.php?rest_route=\/wp\/v2\/posts\/12733\/revisions\/12735"}],"wp:featuredmedia":[{"embeddable":true,"href":"https:\/\/volcanes.net\/index.php?rest_route=\/wp\/v2\/media\/12734"}],"wp:attachment":[{"href":"https:\/\/volcanes.net\/index.php?rest_route=%2Fwp%2Fv2%2Fmedia&parent=12733"}],"wp:term":[{"taxonomy":"category","embeddable":true,"href":"https:\/\/volcanes.net\/index.php?rest_route=%2Fwp%2Fv2%2Fcategories&post=12733"},{"taxonomy":"post_tag","embeddable":true,"href":"https:\/\/volcanes.net\/index.php?rest_route=%2Fwp%2Fv2%2Ftags&post=12733"}],"curies":[{"name":"wp","href":"https:\/\/api.w.org\/{rel}","templated":true}]}}